{"id":15835,"date":"2021-08-25T11:44:53","date_gmt":"2021-08-25T09:44:53","guid":{"rendered":"https:\/\/www.caudete.org\/ayuntamiento\/?p=15835"},"modified":"2021-08-25T13:31:09","modified_gmt":"2021-08-25T11:31:09","slug":"abierta-la-convocatoria-de-4-nuevas-plazas-de-policia-local-hasta-el-20-septiembre","status":"publish","type":"post","link":"https:\/\/www.caudete.org\/ayuntamiento\/abierta-la-convocatoria-de-4-nuevas-plazas-de-policia-local-hasta-el-20-septiembre\/","title":{"rendered":"Abierta la Convocatoria de 4 nuevas plazas de POLIC\u00cdA LOCAL hasta el 20 Septiembre"},"content":{"rendered":"<p style=\"text-align: justify;\">El BOE del pasado viernes n\u00ba199 de 20 de Agosto de 2021 publicaba la convocatoria para proveer varias plazas de la plantilla de la polic\u00eda local. As\u00ed lo anunciaban esta ma\u00f1ana en rueda de prensa el Alcalde Mois\u00e9s L\u00f3pez y la Concejal de Interior y Recursos Humanos M\u00aa del Mar Requena.<\/p>\n<p style=\"text-align: justify;\">Las plazas que oferta la convocatoria de este a\u00f1o 2021, permitir\u00e1 completar la plantilla de efectivos hasta llegar a los 17 agentes, objetivo marcado por el Equipo de Gobierno para la presente legislatura, lo que se traduce en una cobertura total del servicio policial, y por ende, en una mejora sustancial para la seguridad ciudadana.<\/p>\n<p style=\"text-align: justify;\">En concreto, las plazas ofertadas, y sus caracter\u00edsticas son las siguientes:<\/p>\n<ul style=\"text-align: justify;\">\n<li><strong>3 plazas de Polic\u00eda Local<\/strong>, pertenecientes a la escala de Administraci\u00f3n Especial, Subgrupo C1, mediante el sistema de oposici\u00f3n, en turno libre.<\/li>\n<li><strong>1 plaza de Oficial Polic\u00eda Local<\/strong>, perteneciente a la escala de Administraci\u00f3n Especial, Subgrupo C1, mediante el sistema de concurso-oposici\u00f3n, en turno libre.<\/li>\n<\/ul>\n<p style=\"text-align: justify;\">El plazo de presentaci\u00f3n de solicitudes ser\u00e1 de veinte d\u00edas h\u00e1biles a contar desde el siguiente al de la publicaci\u00f3n de esta resoluci\u00f3n en el \u00abBolet\u00edn Oficial del Estado\u00bb, finalizando el mismo el 20 de septiembre de 2021 (inclusive).<\/p>\n<p style=\"text-align: justify;\">Las Bases pueden ser consultadas en el propio BOE o bien accediendo al enlace siguiente del Tabl\u00f3n de Anuncios Municipal:&nbsp;<a href=\"https:\/\/caudete.sedipualba.es\/tablondeanuncios\/anuncio.aspx?id=32560\" target=\"_blank\" rel=\"nofollow\">https:\/\/caudete.sedipualba.es\/tablondeanuncios\/anuncio.aspx?id=32560<\/a><\/p>\n<p><a href=\"https:\/\/www.caudete.org\/ayuntamiento\/wp-content\/uploads\/2021\/08\/Instancia-oficial.odt\">Instancia oficial Rellenable<\/a><\/p>\n<p><a href=\"https:\/\/www.caudete.org\/ayuntamiento\/wp-content\/uploads\/2021\/08\/Instancia-oficial.pdf\" class=\"mtli_attachment mtli_pdf\">Instancia oficial<\/a><\/p>\n<p><a href=\"https:\/\/www.caudete.org\/ayuntamiento\/wp-content\/uploads\/2021\/08\/Instancia-policia.odt\">Instancia polic\u00eda Rellenable<\/a><\/p>\n<p><a href=\"https:\/\/www.caudete.org\/ayuntamiento\/wp-content\/uploads\/2021\/08\/Instancia-policia.pdf\" class=\"mtli_attachment mtli_pdf\">Instancia polic\u00eda<\/a><\/p>\n<p><a href=\"https:\/\/www.caudete.org\/ayuntamiento\/wp-content\/uploads\/2021\/08\/Modificacion-bases-policia-y-oficial.pdf\" class=\"mtli_attachment mtli_pdf\">Modificaci\u00f3n bases policia y oficial<\/a><\/p>\n<p><a href=\"https:\/\/www.caudete.org\/ayuntamiento\/wp-content\/uploads\/2021\/08\/Publicacion-extracto-BOE.pdf\" class=\"mtli_attachment mtli_pdf\">Publicaci\u00f3n extracto BOE<\/a><\/p>\n","protected":false},"excerpt":{"rendered":"<p>El BOE del pasado viernes n\u00ba199 de 20 de Agosto de 2021 publicaba la convocatoria para proveer varias plazas de la plantilla de la polic\u00eda local. As\u00ed lo anunciaban esta ma\u00f1ana en rueda de prensa el Alcalde Mois\u00e9s L\u00f3pez y la Concejal de Interior y Recursos Humanos M\u00aa del Mar Requena. Las plazas que oferta &hellip;<\/p>\n","protected":false},"author":3,"featured_media":15652,"comment_status":"closed","ping_status":"open","sticky":false,"template":"","format":"standard","meta":{"ngg_post_thumbnail":0,"footnotes":""},"categories":[35],"tags":[],"class_list":["post-15835","post","type-post","status-publish","format-standard","has-post-thumbnail","hentry","category-policia-local"],"yoast_head":"<!-- This site is optimized with the Yoast SEO plugin v27.5 - https:\/\/yoast.com\/product\/yoast-seo-wordpress\/ -->\n<title>Abierta la Convocatoria de 4 nuevas plazas de POLIC\u00cdA LOCAL hasta el 20 Septiembre - MI Ayuntamiento de Caudete<\/title>\n<meta name=\"description\" content=\"P\u00e1gina Oficial del Ayuntamiento de Caudete (Albacete)\" \/>\n<meta name=\"robots\" content=\"index, follow, max-snippet:-1, max-image-preview:large, max-video-preview:-1\" \/>\n<link rel=\"canonical\" href=\"https:\/\/www.caudete.org\/ayuntamiento\/abierta-la-convocatoria-de-4-nuevas-plazas-de-policia-local-hasta-el-20-septiembre\/\" \/>\n<meta property=\"og:locale\" content=\"es_ES\" \/>\n<meta property=\"og:type\" content=\"article\" \/>\n<meta property=\"og:title\" content=\"Abierta la Convocatoria de 4 nuevas plazas de POLIC\u00cdA LOCAL hasta el 20 Septiembre - MI Ayuntamiento de Caudete\" \/>\n<meta property=\"og:description\" content=\"P\u00e1gina Oficial del Ayuntamiento de Caudete (Albacete)\" \/>\n<meta property=\"og:url\" content=\"https:\/\/www.caudete.org\/ayuntamiento\/abierta-la-convocatoria-de-4-nuevas-plazas-de-policia-local-hasta-el-20-septiembre\/\" \/>\n<meta property=\"og:site_name\" content=\"MI Ayuntamiento de Caudete\" \/>\n<meta property=\"article:publisher\" content=\"https:\/\/www.facebook.com\/ayuntamientocaudete\/\" \/>\n<meta property=\"article:published_time\" content=\"2021-08-25T09:44:53+00:00\" \/>\n<meta property=\"article:modified_time\" content=\"2021-08-25T11:31:09+00:00\" \/>\n<meta property=\"og:image\" content=\"https:\/\/www.caudete.org\/ayuntamiento\/wp-content\/uploads\/2021\/08\/WhatsApp-Image-2021-08-02-at-18.06.17.jpeg\" \/>\n\t<meta property=\"og:image:width\" content=\"1231\" \/>\n\t<meta property=\"og:image:height\" content=\"870\" \/>\n\t<meta property=\"og:image:type\" content=\"image\/jpeg\" \/>\n<meta name=\"author\" content=\"alcalde\" \/>\n<meta name=\"twitter:card\" content=\"summary_large_image\" \/>\n<meta name=\"twitter:label1\" content=\"Escrito por\" \/>\n\t<meta name=\"twitter:data1\" content=\"alcalde\" \/>\n\t<meta name=\"twitter:label2\" content=\"Tiempo de lectura\" \/>\n\t<meta name=\"twitter:data2\" content=\"1 minuto\" \/>\n<script type=\"application\/ld+json\" class=\"yoast-schema-graph\">{\"@context\":\"https:\\\/\\\/schema.org\",\"@graph\":[{\"@type\":\"Article\",\"@id\":\"https:\\\/\\\/www.caudete.org\\\/ayuntamiento\\\/abierta-la-convocatoria-de-4-nuevas-plazas-de-policia-local-hasta-el-20-septiembre\\\/#article\",\"isPartOf\":{\"@id\":\"https:\\\/\\\/www.caudete.org\\\/ayuntamiento\\\/abierta-la-convocatoria-de-4-nuevas-plazas-de-policia-local-hasta-el-20-septiembre\\\/\"},\"author\":{\"name\":\"alcalde\",\"@id\":\"https:\\\/\\\/www.caudete.org\\\/ayuntamiento\\\/#\\\/schema\\\/person\\\/cc646da9133078ee4d8dd47457947253\"},\"headline\":\"Abierta la Convocatoria de 4 nuevas plazas de POLIC\u00cdA LOCAL hasta el 20 Septiembre\",\"datePublished\":\"2021-08-25T09:44:53+00:00\",\"dateModified\":\"2021-08-25T11:31:09+00:00\",\"mainEntityOfPage\":{\"@id\":\"https:\\\/\\\/www.caudete.org\\\/ayuntamiento\\\/abierta-la-convocatoria-de-4-nuevas-plazas-de-policia-local-hasta-el-20-septiembre\\\/\"},\"wordCount\":276,\"image\":{\"@id\":\"https:\\\/\\\/www.caudete.org\\\/ayuntamiento\\\/abierta-la-convocatoria-de-4-nuevas-plazas-de-policia-local-hasta-el-20-septiembre\\\/#primaryimage\"},\"thumbnailUrl\":\"https:\\\/\\\/www.caudete.org\\\/ayuntamiento\\\/wp-content\\\/uploads\\\/2021\\\/08\\\/WhatsApp-Image-2021-08-02-at-18.06.17.jpeg\",\"articleSection\":[\"Polic\u00eda Local\"],\"inLanguage\":\"es\"},{\"@type\":\"WebPage\",\"@id\":\"https:\\\/\\\/www.caudete.org\\\/ayuntamiento\\\/abierta-la-convocatoria-de-4-nuevas-plazas-de-policia-local-hasta-el-20-septiembre\\\/\",\"url\":\"https:\\\/\\\/www.caudete.org\\\/ayuntamiento\\\/abierta-la-convocatoria-de-4-nuevas-plazas-de-policia-local-hasta-el-20-septiembre\\\/\",\"name\":\"Abierta la Convocatoria de 4 nuevas plazas de POLIC\u00cdA LOCAL hasta el 20 Septiembre - MI Ayuntamiento de Caudete\",\"isPartOf\":{\"@id\":\"https:\\\/\\\/www.caudete.org\\\/ayuntamiento\\\/#website\"},\"primaryImageOfPage\":{\"@id\":\"https:\\\/\\\/www.caudete.org\\\/ayuntamiento\\\/abierta-la-convocatoria-de-4-nuevas-plazas-de-policia-local-hasta-el-20-septiembre\\\/#primaryimage\"},\"image\":{\"@id\":\"https:\\\/\\\/www.caudete.org\\\/ayuntamiento\\\/abierta-la-convocatoria-de-4-nuevas-plazas-de-policia-local-hasta-el-20-septiembre\\\/#primaryimage\"},\"thumbnailUrl\":\"https:\\\/\\\/www.caudete.org\\\/ayuntamiento\\\/wp-content\\\/uploads\\\/2021\\\/08\\\/WhatsApp-Image-2021-08-02-at-18.06.17.jpeg\",\"datePublished\":\"2021-08-25T09:44:53+00:00\",\"dateModified\":\"2021-08-25T11:31:09+00:00\",\"author\":{\"@id\":\"https:\\\/\\\/www.caudete.org\\\/ayuntamiento\\\/#\\\/schema\\\/person\\\/cc646da9133078ee4d8dd47457947253\"},\"description\":\"P\u00e1gina Oficial del Ayuntamiento de Caudete (Albacete)\",\"breadcrumb\":{\"@id\":\"https:\\\/\\\/www.caudete.org\\\/ayuntamiento\\\/abierta-la-convocatoria-de-4-nuevas-plazas-de-policia-local-hasta-el-20-septiembre\\\/#breadcrumb\"},\"inLanguage\":\"es\",\"potentialAction\":[{\"@type\":\"ReadAction\",\"target\":[\"https:\\\/\\\/www.caudete.org\\\/ayuntamiento\\\/abierta-la-convocatoria-de-4-nuevas-plazas-de-policia-local-hasta-el-20-septiembre\\\/\"]}]},{\"@type\":\"ImageObject\",\"inLanguage\":\"es\",\"@id\":\"https:\\\/\\\/www.caudete.org\\\/ayuntamiento\\\/abierta-la-convocatoria-de-4-nuevas-plazas-de-policia-local-hasta-el-20-septiembre\\\/#primaryimage\",\"url\":\"https:\\\/\\\/www.caudete.org\\\/ayuntamiento\\\/wp-content\\\/uploads\\\/2021\\\/08\\\/WhatsApp-Image-2021-08-02-at-18.06.17.jpeg\",\"contentUrl\":\"https:\\\/\\\/www.caudete.org\\\/ayuntamiento\\\/wp-content\\\/uploads\\\/2021\\\/08\\\/WhatsApp-Image-2021-08-02-at-18.06.17.jpeg\",\"width\":1231,\"height\":870},{\"@type\":\"BreadcrumbList\",\"@id\":\"https:\\\/\\\/www.caudete.org\\\/ayuntamiento\\\/abierta-la-convocatoria-de-4-nuevas-plazas-de-policia-local-hasta-el-20-septiembre\\\/#breadcrumb\",\"itemListElement\":[{\"@type\":\"ListItem\",\"position\":1,\"name\":\"Inicio\",\"item\":\"https:\\\/\\\/www.caudete.org\\\/ayuntamiento\\\/\"},{\"@type\":\"ListItem\",\"position\":2,\"name\":\"Abierta la Convocatoria de 4 nuevas plazas de POLIC\u00cdA LOCAL hasta el 20 Septiembre\"}]},{\"@type\":\"WebSite\",\"@id\":\"https:\\\/\\\/www.caudete.org\\\/ayuntamiento\\\/#website\",\"url\":\"https:\\\/\\\/www.caudete.org\\\/ayuntamiento\\\/\",\"name\":\"MI Ayuntamiento de Caudete\",\"description\":\"P\u00e1gina Oficial del MI Ayuntamiento de Caudete\",\"potentialAction\":[{\"@type\":\"SearchAction\",\"target\":{\"@type\":\"EntryPoint\",\"urlTemplate\":\"https:\\\/\\\/www.caudete.org\\\/ayuntamiento\\\/?s={search_term_string}\"},\"query-input\":{\"@type\":\"PropertyValueSpecification\",\"valueRequired\":true,\"valueName\":\"search_term_string\"}}],\"inLanguage\":\"es\"},{\"@type\":\"Person\",\"@id\":\"https:\\\/\\\/www.caudete.org\\\/ayuntamiento\\\/#\\\/schema\\\/person\\\/cc646da9133078ee4d8dd47457947253\",\"name\":\"alcalde\",\"image\":{\"@type\":\"ImageObject\",\"inLanguage\":\"es\",\"@id\":\"https:\\\/\\\/secure.gravatar.com\\\/avatar\\\/84a817ba065b29ff08d666b215a215f5c79186a645ccb25b14a663d48a130f77?s=96&d=mm&r=g\",\"url\":\"https:\\\/\\\/secure.gravatar.com\\\/avatar\\\/84a817ba065b29ff08d666b215a215f5c79186a645ccb25b14a663d48a130f77?s=96&d=mm&r=g\",\"contentUrl\":\"https:\\\/\\\/secure.gravatar.com\\\/avatar\\\/84a817ba065b29ff08d666b215a215f5c79186a645ccb25b14a663d48a130f77?s=96&d=mm&r=g\",\"caption\":\"alcalde\"},\"url\":\"https:\\\/\\\/www.caudete.org\\\/ayuntamiento\\\/author\\\/alcalde\\\/\"}]}<\/script>\n<!-- \/ Yoast SEO plugin. -->","yoast_head_json":{"title":"Abierta la Convocatoria de 4 nuevas plazas de POLIC\u00cdA LOCAL hasta el 20 Septiembre - MI Ayuntamiento de Caudete","description":"P\u00e1gina Oficial del Ayuntamiento de Caudete (Albacete)","robots":{"index":"index","follow":"follow","max-snippet":"max-snippet:-1","max-image-preview":"max-image-preview:large","max-video-preview":"max-video-preview:-1"},"canonical":"https:\/\/www.caudete.org\/ayuntamiento\/abierta-la-convocatoria-de-4-nuevas-plazas-de-policia-local-hasta-el-20-septiembre\/","og_locale":"es_ES","og_type":"article","og_title":"Abierta la Convocatoria de 4 nuevas plazas de POLIC\u00cdA LOCAL hasta el 20 Septiembre - MI Ayuntamiento de Caudete","og_description":"P\u00e1gina Oficial del Ayuntamiento de Caudete (Albacete)","og_url":"https:\/\/www.caudete.org\/ayuntamiento\/abierta-la-convocatoria-de-4-nuevas-plazas-de-policia-local-hasta-el-20-septiembre\/","og_site_name":"MI Ayuntamiento de Caudete","article_publisher":"https:\/\/www.facebook.com\/ayuntamientocaudete\/","article_published_time":"2021-08-25T09:44:53+00:00","article_modified_time":"2021-08-25T11:31:09+00:00","og_image":[{"width":1231,"height":870,"url":"https:\/\/www.caudete.org\/ayuntamiento\/wp-content\/uploads\/2021\/08\/WhatsApp-Image-2021-08-02-at-18.06.17.jpeg","type":"image\/jpeg"}],"author":"alcalde","twitter_card":"summary_large_image","twitter_misc":{"Escrito por":"alcalde","Tiempo de lectura":"1 minuto"},"schema":{"@context":"https:\/\/schema.org","@graph":[{"@type":"Article","@id":"https:\/\/www.caudete.org\/ayuntamiento\/abierta-la-convocatoria-de-4-nuevas-plazas-de-policia-local-hasta-el-20-septiembre\/#article","isPartOf":{"@id":"https:\/\/www.caudete.org\/ayuntamiento\/abierta-la-convocatoria-de-4-nuevas-plazas-de-policia-local-hasta-el-20-septiembre\/"},"author":{"name":"alcalde","@id":"https:\/\/www.caudete.org\/ayuntamiento\/#\/schema\/person\/cc646da9133078ee4d8dd47457947253"},"headline":"Abierta la Convocatoria de 4 nuevas plazas de POLIC\u00cdA LOCAL hasta el 20 Septiembre","datePublished":"2021-08-25T09:44:53+00:00","dateModified":"2021-08-25T11:31:09+00:00","mainEntityOfPage":{"@id":"https:\/\/www.caudete.org\/ayuntamiento\/abierta-la-convocatoria-de-4-nuevas-plazas-de-policia-local-hasta-el-20-septiembre\/"},"wordCount":276,"image":{"@id":"https:\/\/www.caudete.org\/ayuntamiento\/abierta-la-convocatoria-de-4-nuevas-plazas-de-policia-local-hasta-el-20-septiembre\/#primaryimage"},"thumbnailUrl":"https:\/\/www.caudete.org\/ayuntamiento\/wp-content\/uploads\/2021\/08\/WhatsApp-Image-2021-08-02-at-18.06.17.jpeg","articleSection":["Polic\u00eda Local"],"inLanguage":"es"},{"@type":"WebPage","@id":"https:\/\/www.caudete.org\/ayuntamiento\/abierta-la-convocatoria-de-4-nuevas-plazas-de-policia-local-hasta-el-20-septiembre\/","url":"https:\/\/www.caudete.org\/ayuntamiento\/abierta-la-convocatoria-de-4-nuevas-plazas-de-policia-local-hasta-el-20-septiembre\/","name":"Abierta la Convocatoria de 4 nuevas plazas de POLIC\u00cdA LOCAL hasta el 20 Septiembre - MI Ayuntamiento de Caudete","isPartOf":{"@id":"https:\/\/www.caudete.org\/ayuntamiento\/#website"},"primaryImageOfPage":{"@id":"https:\/\/www.caudete.org\/ayuntamiento\/abierta-la-convocatoria-de-4-nuevas-plazas-de-policia-local-hasta-el-20-septiembre\/#primaryimage"},"image":{"@id":"https:\/\/www.caudete.org\/ayuntamiento\/abierta-la-convocatoria-de-4-nuevas-plazas-de-policia-local-hasta-el-20-septiembre\/#primaryimage"},"thumbnailUrl":"https:\/\/www.caudete.org\/ayuntamiento\/wp-content\/uploads\/2021\/08\/WhatsApp-Image-2021-08-02-at-18.06.17.jpeg","datePublished":"2021-08-25T09:44:53+00:00","dateModified":"2021-08-25T11:31:09+00:00","author":{"@id":"https:\/\/www.caudete.org\/ayuntamiento\/#\/schema\/person\/cc646da9133078ee4d8dd47457947253"},"description":"P\u00e1gina Oficial del Ayuntamiento de Caudete (Albacete)","breadcrumb":{"@id":"https:\/\/www.caudete.org\/ayuntamiento\/abierta-la-convocatoria-de-4-nuevas-plazas-de-policia-local-hasta-el-20-septiembre\/#breadcrumb"},"inLanguage":"es","potentialAction":[{"@type":"ReadAction","target":["https:\/\/www.caudete.org\/ayuntamiento\/abierta-la-convocatoria-de-4-nuevas-plazas-de-policia-local-hasta-el-20-septiembre\/"]}]},{"@type":"ImageObject","inLanguage":"es","@id":"https:\/\/www.caudete.org\/ayuntamiento\/abierta-la-convocatoria-de-4-nuevas-plazas-de-policia-local-hasta-el-20-septiembre\/#primaryimage","url":"https:\/\/www.caudete.org\/ayuntamiento\/wp-content\/uploads\/2021\/08\/WhatsApp-Image-2021-08-02-at-18.06.17.jpeg","contentUrl":"https:\/\/www.caudete.org\/ayuntamiento\/wp-content\/uploads\/2021\/08\/WhatsApp-Image-2021-08-02-at-18.06.17.jpeg","width":1231,"height":870},{"@type":"BreadcrumbList","@id":"https:\/\/www.caudete.org\/ayuntamiento\/abierta-la-convocatoria-de-4-nuevas-plazas-de-policia-local-hasta-el-20-septiembre\/#breadcrumb","itemListElement":[{"@type":"ListItem","position":1,"name":"Inicio","item":"https:\/\/www.caudete.org\/ayuntamiento\/"},{"@type":"ListItem","position":2,"name":"Abierta la Convocatoria de 4 nuevas plazas de POLIC\u00cdA LOCAL hasta el 20 Septiembre"}]},{"@type":"WebSite","@id":"https:\/\/www.caudete.org\/ayuntamiento\/#website","url":"https:\/\/www.caudete.org\/ayuntamiento\/","name":"MI Ayuntamiento de Caudete","description":"P\u00e1gina Oficial del MI Ayuntamiento de Caudete","potentialAction":[{"@type":"SearchAction","target":{"@type":"EntryPoint","urlTemplate":"https:\/\/www.caudete.org\/ayuntamiento\/?s={search_term_string}"},"query-input":{"@type":"PropertyValueSpecification","valueRequired":true,"valueName":"search_term_string"}}],"inLanguage":"es"},{"@type":"Person","@id":"https:\/\/www.caudete.org\/ayuntamiento\/#\/schema\/person\/cc646da9133078ee4d8dd47457947253","name":"alcalde","image":{"@type":"ImageObject","inLanguage":"es","@id":"https:\/\/secure.gravatar.com\/avatar\/84a817ba065b29ff08d666b215a215f5c79186a645ccb25b14a663d48a130f77?s=96&d=mm&r=g","url":"https:\/\/secure.gravatar.com\/avatar\/84a817ba065b29ff08d666b215a215f5c79186a645ccb25b14a663d48a130f77?s=96&d=mm&r=g","contentUrl":"https:\/\/secure.gravatar.com\/avatar\/84a817ba065b29ff08d666b215a215f5c79186a645ccb25b14a663d48a130f77?s=96&d=mm&r=g","caption":"alcalde"},"url":"https:\/\/www.caudete.org\/ayuntamiento\/author\/alcalde\/"}]}},"_links":{"self":[{"href":"https:\/\/www.caudete.org\/ayuntamiento\/wp-json\/wp\/v2\/posts\/15835","targetHints":{"allow":["GET"]}}],"collection":[{"href":"https:\/\/www.caudete.org\/ayuntamiento\/wp-json\/wp\/v2\/posts"}],"about":[{"href":"https:\/\/www.caudete.org\/ayuntamiento\/wp-json\/wp\/v2\/types\/post"}],"author":[{"embeddable":true,"href":"https:\/\/www.caudete.org\/ayuntamiento\/wp-json\/wp\/v2\/users\/3"}],"replies":[{"embeddable":true,"href":"https:\/\/www.caudete.org\/ayuntamiento\/wp-json\/wp\/v2\/comments?post=15835"}],"version-history":[{"count":5,"href":"https:\/\/www.caudete.org\/ayuntamiento\/wp-json\/wp\/v2\/posts\/15835\/revisions"}],"predecessor-version":[{"id":15849,"href":"https:\/\/www.caudete.org\/ayuntamiento\/wp-json\/wp\/v2\/posts\/15835\/revisions\/15849"}],"wp:featuredmedia":[{"embeddable":true,"href":"https:\/\/www.caudete.org\/ayuntamiento\/wp-json\/wp\/v2\/media\/15652"}],"wp:attachment":[{"href":"https:\/\/www.caudete.org\/ayuntamiento\/wp-json\/wp\/v2\/media?parent=15835"}],"wp:term":[{"taxonomy":"category","embeddable":true,"href":"https:\/\/www.caudete.org\/ayuntamiento\/wp-json\/wp\/v2\/categories?post=15835"},{"taxonomy":"post_tag","embeddable":true,"href":"https:\/\/www.caudete.org\/ayuntamiento\/wp-json\/wp\/v2\/tags?post=15835"}],"curies":[{"name":"wp","href":"https:\/\/api.w.org\/{rel}","templated":true}]}}