{"id":15868,"date":"2021-08-27T18:04:24","date_gmt":"2021-08-27T16:04:24","guid":{"rendered":"https:\/\/www.caudete.org\/ayuntamiento\/?p=15868"},"modified":"2021-08-27T20:39:20","modified_gmt":"2021-08-27T18:39:20","slug":"2-nuevos-positivos-pero-10-casos-activos-y-52-confinados","status":"publish","type":"post","link":"https:\/\/www.caudete.org\/ayuntamiento\/2-nuevos-positivos-pero-10-casos-activos-y-52-confinados\/","title":{"rendered":"2 nuevos positivos, pero 10 casos activos y 52 confinados"},"content":{"rendered":"<p style=\"text-align: justify;\">Esta ma\u00f1ana el Alcalde ha informado de la situaci\u00f3n de la Covid-19 en Caudete, una vez que la Gerencia de Atenci\u00f3n Integrada de Almansa ha hecho p\u00fablicos los datos a fecha de hoy, como cada viernes, y una vez conocidos los datos de la Consejer\u00eda de Sanidad publicados en el d\u00eda de ayer, y fechados en 22 de Agosto.<\/p>\n<p><a href=\"https:\/\/www.caudete.org\/ayuntamiento\/wp-content\/uploads\/2021\/08\/IMG-20210826-WA0009.jpg\" rel='prettyPhoto'><img fetchpriority=\"high\" decoding=\"async\" class=\"aligncenter wp-image-15870 size-medium\" src=\"https:\/\/www.caudete.org\/ayuntamiento\/wp-content\/uploads\/2021\/08\/IMG-20210826-WA0009-300x203.jpg\" alt=\"\" width=\"300\" height=\"203\" srcset=\"https:\/\/www.caudete.org\/ayuntamiento\/wp-content\/uploads\/2021\/08\/IMG-20210826-WA0009-300x203.jpg 300w, https:\/\/www.caudete.org\/ayuntamiento\/wp-content\/uploads\/2021\/08\/IMG-20210826-WA0009-1024x692.jpg 1024w, https:\/\/www.caudete.org\/ayuntamiento\/wp-content\/uploads\/2021\/08\/IMG-20210826-WA0009-768x519.jpg 768w, https:\/\/www.caudete.org\/ayuntamiento\/wp-content\/uploads\/2021\/08\/IMG-20210826-WA0009.jpg 1279w\" sizes=\"(max-width: 300px) 100vw, 300px\" \/><\/a><\/p>\n<p style=\"text-align: justify;\">En general, la situaci\u00f3n mejora tal y como demuestra la gr\u00e1fica de la Incidencia Semanal y Acumula, ya que en la \u00faltima semana la JCCM aporta un total de 2 nuevos casos detectados, lo que supone un nuevo descenso considerable respecto a la semana anterior, que arrojaba un dato de 12 positivos nuevos.<\/p>\n<p style=\"text-align: justify;\">Respecto a la informaci\u00f3n dada por el GAI de Almansa, Caudete pasa de los 6 casos activos del pasado viernes a los 10 del d\u00eda de hoy, con 50 confinados.<\/p>\n<p style=\"text-align: justify;\">El Alcalde incid\u00eda en no confundir las cifras que ofrece la JCCM respecto a las del Hospital de Almansa: Sanidad ofrece los nuevos casos detectados, y el Hospital casos activos con independencia del momento de contagio.<\/p>\n<p style=\"text-align: justify;\">Es evidente que a pesar del descenso de positivos y contactos aislados, la situaci\u00f3n sigue siendo delicada en su conjunto, por lo que se ruega encarecidamente a toda la poblaci\u00f3n, y visitantes, el cumplimiento \u00edntegro de las recomendaciones y medidas sanitarias, as\u00ed como responsabilidad personal y social, para poder frenar la Covid-19.<\/p>\n","protected":false},"excerpt":{"rendered":"<p>Esta ma\u00f1ana el Alcalde ha informado de la situaci\u00f3n de la Covid-19 en Caudete, una vez que la Gerencia de Atenci\u00f3n Integrada de Almansa ha hecho p\u00fablicos los datos a fecha de hoy, como cada viernes, y una vez conocidos los datos de la Consejer\u00eda de Sanidad publicados en el d\u00eda de ayer, y fechados &hellip;<\/p>\n","protected":false},"author":3,"featured_media":15714,"comment_status":"closed","ping_status":"open","sticky":false,"template":"","format":"standard","meta":{"ngg_post_thumbnail":0,"footnotes":""},"categories":[16],"tags":[],"class_list":["post-15868","post","type-post","status-publish","format-standard","has-post-thumbnail","hentry","category-sanidad"],"yoast_head":"<!-- This site is optimized with the Yoast SEO plugin v27.5 - https:\/\/yoast.com\/product\/yoast-seo-wordpress\/ -->\n<title>2 nuevos positivos, pero 10 casos activos y 52 confinados - MI Ayuntamiento de Caudete<\/title>\n<meta name=\"description\" content=\"P\u00e1gina Oficial del Ayuntamiento de Caudete (Albacete)\" \/>\n<meta name=\"robots\" content=\"index, follow, max-snippet:-1, max-image-preview:large, max-video-preview:-1\" \/>\n<link rel=\"canonical\" href=\"https:\/\/www.caudete.org\/ayuntamiento\/2-nuevos-positivos-pero-10-casos-activos-y-52-confinados\/\" \/>\n<meta property=\"og:locale\" content=\"es_ES\" \/>\n<meta property=\"og:type\" content=\"article\" \/>\n<meta property=\"og:title\" content=\"2 nuevos positivos, pero 10 casos activos y 52 confinados - MI Ayuntamiento de Caudete\" \/>\n<meta property=\"og:description\" content=\"P\u00e1gina Oficial del Ayuntamiento de Caudete (Albacete)\" \/>\n<meta property=\"og:url\" content=\"https:\/\/www.caudete.org\/ayuntamiento\/2-nuevos-positivos-pero-10-casos-activos-y-52-confinados\/\" \/>\n<meta property=\"og:site_name\" content=\"MI Ayuntamiento de Caudete\" \/>\n<meta property=\"article:publisher\" content=\"https:\/\/www.facebook.com\/ayuntamientocaudete\/\" \/>\n<meta property=\"article:published_time\" content=\"2021-08-27T16:04:24+00:00\" \/>\n<meta property=\"article:modified_time\" content=\"2021-08-27T18:39:20+00:00\" \/>\n<meta property=\"og:image\" content=\"https:\/\/www.caudete.org\/ayuntamiento\/wp-content\/uploads\/2021\/08\/hospital-almansa-covid-p6h5o91vnegjj86m45mitz2lmbew929lcnhfzddun8.jpg\" \/>\n\t<meta property=\"og:image:width\" content=\"1200\" \/>\n\t<meta property=\"og:image:height\" content=\"650\" \/>\n\t<meta property=\"og:image:type\" content=\"image\/jpeg\" \/>\n<meta name=\"author\" content=\"alcalde\" \/>\n<meta name=\"twitter:card\" content=\"summary_large_image\" \/>\n<meta name=\"twitter:label1\" content=\"Escrito por\" \/>\n\t<meta name=\"twitter:data1\" content=\"alcalde\" \/>\n\t<meta name=\"twitter:label2\" content=\"Tiempo de lectura\" \/>\n\t<meta name=\"twitter:data2\" content=\"2 minutos\" \/>\n<script type=\"application\/ld+json\" class=\"yoast-schema-graph\">{\"@context\":\"https:\\\/\\\/schema.org\",\"@graph\":[{\"@type\":\"Article\",\"@id\":\"https:\\\/\\\/www.caudete.org\\\/ayuntamiento\\\/2-nuevos-positivos-pero-10-casos-activos-y-52-confinados\\\/#article\",\"isPartOf\":{\"@id\":\"https:\\\/\\\/www.caudete.org\\\/ayuntamiento\\\/2-nuevos-positivos-pero-10-casos-activos-y-52-confinados\\\/\"},\"author\":{\"name\":\"alcalde\",\"@id\":\"https:\\\/\\\/www.caudete.org\\\/ayuntamiento\\\/#\\\/schema\\\/person\\\/cc646da9133078ee4d8dd47457947253\"},\"headline\":\"2 nuevos positivos, pero 10 casos activos y 52 confinados\",\"datePublished\":\"2021-08-27T16:04:24+00:00\",\"dateModified\":\"2021-08-27T18:39:20+00:00\",\"mainEntityOfPage\":{\"@id\":\"https:\\\/\\\/www.caudete.org\\\/ayuntamiento\\\/2-nuevos-positivos-pero-10-casos-activos-y-52-confinados\\\/\"},\"wordCount\":244,\"image\":{\"@id\":\"https:\\\/\\\/www.caudete.org\\\/ayuntamiento\\\/2-nuevos-positivos-pero-10-casos-activos-y-52-confinados\\\/#primaryimage\"},\"thumbnailUrl\":\"https:\\\/\\\/www.caudete.org\\\/ayuntamiento\\\/wp-content\\\/uploads\\\/2021\\\/08\\\/hospital-almansa-covid-p6h5o91vnegjj86m45mitz2lmbew929lcnhfzddun8.jpg\",\"articleSection\":[\"Sanidad\"],\"inLanguage\":\"es\"},{\"@type\":\"WebPage\",\"@id\":\"https:\\\/\\\/www.caudete.org\\\/ayuntamiento\\\/2-nuevos-positivos-pero-10-casos-activos-y-52-confinados\\\/\",\"url\":\"https:\\\/\\\/www.caudete.org\\\/ayuntamiento\\\/2-nuevos-positivos-pero-10-casos-activos-y-52-confinados\\\/\",\"name\":\"2 nuevos positivos, pero 10 casos activos y 52 confinados - MI Ayuntamiento de Caudete\",\"isPartOf\":{\"@id\":\"https:\\\/\\\/www.caudete.org\\\/ayuntamiento\\\/#website\"},\"primaryImageOfPage\":{\"@id\":\"https:\\\/\\\/www.caudete.org\\\/ayuntamiento\\\/2-nuevos-positivos-pero-10-casos-activos-y-52-confinados\\\/#primaryimage\"},\"image\":{\"@id\":\"https:\\\/\\\/www.caudete.org\\\/ayuntamiento\\\/2-nuevos-positivos-pero-10-casos-activos-y-52-confinados\\\/#primaryimage\"},\"thumbnailUrl\":\"https:\\\/\\\/www.caudete.org\\\/ayuntamiento\\\/wp-content\\\/uploads\\\/2021\\\/08\\\/hospital-almansa-covid-p6h5o91vnegjj86m45mitz2lmbew929lcnhfzddun8.jpg\",\"datePublished\":\"2021-08-27T16:04:24+00:00\",\"dateModified\":\"2021-08-27T18:39:20+00:00\",\"author\":{\"@id\":\"https:\\\/\\\/www.caudete.org\\\/ayuntamiento\\\/#\\\/schema\\\/person\\\/cc646da9133078ee4d8dd47457947253\"},\"description\":\"P\u00e1gina Oficial del Ayuntamiento de Caudete (Albacete)\",\"breadcrumb\":{\"@id\":\"https:\\\/\\\/www.caudete.org\\\/ayuntamiento\\\/2-nuevos-positivos-pero-10-casos-activos-y-52-confinados\\\/#breadcrumb\"},\"inLanguage\":\"es\",\"potentialAction\":[{\"@type\":\"ReadAction\",\"target\":[\"https:\\\/\\\/www.caudete.org\\\/ayuntamiento\\\/2-nuevos-positivos-pero-10-casos-activos-y-52-confinados\\\/\"]}]},{\"@type\":\"ImageObject\",\"inLanguage\":\"es\",\"@id\":\"https:\\\/\\\/www.caudete.org\\\/ayuntamiento\\\/2-nuevos-positivos-pero-10-casos-activos-y-52-confinados\\\/#primaryimage\",\"url\":\"https:\\\/\\\/www.caudete.org\\\/ayuntamiento\\\/wp-content\\\/uploads\\\/2021\\\/08\\\/hospital-almansa-covid-p6h5o91vnegjj86m45mitz2lmbew929lcnhfzddun8.jpg\",\"contentUrl\":\"https:\\\/\\\/www.caudete.org\\\/ayuntamiento\\\/wp-content\\\/uploads\\\/2021\\\/08\\\/hospital-almansa-covid-p6h5o91vnegjj86m45mitz2lmbew929lcnhfzddun8.jpg\",\"width\":1200,\"height\":650},{\"@type\":\"BreadcrumbList\",\"@id\":\"https:\\\/\\\/www.caudete.org\\\/ayuntamiento\\\/2-nuevos-positivos-pero-10-casos-activos-y-52-confinados\\\/#breadcrumb\",\"itemListElement\":[{\"@type\":\"ListItem\",\"position\":1,\"name\":\"Inicio\",\"item\":\"https:\\\/\\\/www.caudete.org\\\/ayuntamiento\\\/\"},{\"@type\":\"ListItem\",\"position\":2,\"name\":\"2 nuevos positivos, pero 10 casos activos y 52 confinados\"}]},{\"@type\":\"WebSite\",\"@id\":\"https:\\\/\\\/www.caudete.org\\\/ayuntamiento\\\/#website\",\"url\":\"https:\\\/\\\/www.caudete.org\\\/ayuntamiento\\\/\",\"name\":\"MI Ayuntamiento de Caudete\",\"description\":\"P\u00e1gina Oficial del MI Ayuntamiento de Caudete\",\"potentialAction\":[{\"@type\":\"SearchAction\",\"target\":{\"@type\":\"EntryPoint\",\"urlTemplate\":\"https:\\\/\\\/www.caudete.org\\\/ayuntamiento\\\/?s={search_term_string}\"},\"query-input\":{\"@type\":\"PropertyValueSpecification\",\"valueRequired\":true,\"valueName\":\"search_term_string\"}}],\"inLanguage\":\"es\"},{\"@type\":\"Person\",\"@id\":\"https:\\\/\\\/www.caudete.org\\\/ayuntamiento\\\/#\\\/schema\\\/person\\\/cc646da9133078ee4d8dd47457947253\",\"name\":\"alcalde\",\"image\":{\"@type\":\"ImageObject\",\"inLanguage\":\"es\",\"@id\":\"https:\\\/\\\/secure.gravatar.com\\\/avatar\\\/84a817ba065b29ff08d666b215a215f5c79186a645ccb25b14a663d48a130f77?s=96&d=mm&r=g\",\"url\":\"https:\\\/\\\/secure.gravatar.com\\\/avatar\\\/84a817ba065b29ff08d666b215a215f5c79186a645ccb25b14a663d48a130f77?s=96&d=mm&r=g\",\"contentUrl\":\"https:\\\/\\\/secure.gravatar.com\\\/avatar\\\/84a817ba065b29ff08d666b215a215f5c79186a645ccb25b14a663d48a130f77?s=96&d=mm&r=g\",\"caption\":\"alcalde\"},\"url\":\"https:\\\/\\\/www.caudete.org\\\/ayuntamiento\\\/author\\\/alcalde\\\/\"}]}<\/script>\n<!-- \/ Yoast SEO plugin. -->","yoast_head_json":{"title":"2 nuevos positivos, pero 10 casos activos y 52 confinados - MI Ayuntamiento de Caudete","description":"P\u00e1gina Oficial del Ayuntamiento de Caudete (Albacete)","robots":{"index":"index","follow":"follow","max-snippet":"max-snippet:-1","max-image-preview":"max-image-preview:large","max-video-preview":"max-video-preview:-1"},"canonical":"https:\/\/www.caudete.org\/ayuntamiento\/2-nuevos-positivos-pero-10-casos-activos-y-52-confinados\/","og_locale":"es_ES","og_type":"article","og_title":"2 nuevos positivos, pero 10 casos activos y 52 confinados - MI Ayuntamiento de Caudete","og_description":"P\u00e1gina Oficial del Ayuntamiento de Caudete (Albacete)","og_url":"https:\/\/www.caudete.org\/ayuntamiento\/2-nuevos-positivos-pero-10-casos-activos-y-52-confinados\/","og_site_name":"MI Ayuntamiento de Caudete","article_publisher":"https:\/\/www.facebook.com\/ayuntamientocaudete\/","article_published_time":"2021-08-27T16:04:24+00:00","article_modified_time":"2021-08-27T18:39:20+00:00","og_image":[{"width":1200,"height":650,"url":"https:\/\/www.caudete.org\/ayuntamiento\/wp-content\/uploads\/2021\/08\/hospital-almansa-covid-p6h5o91vnegjj86m45mitz2lmbew929lcnhfzddun8.jpg","type":"image\/jpeg"}],"author":"alcalde","twitter_card":"summary_large_image","twitter_misc":{"Escrito por":"alcalde","Tiempo de lectura":"2 minutos"},"schema":{"@context":"https:\/\/schema.org","@graph":[{"@type":"Article","@id":"https:\/\/www.caudete.org\/ayuntamiento\/2-nuevos-positivos-pero-10-casos-activos-y-52-confinados\/#article","isPartOf":{"@id":"https:\/\/www.caudete.org\/ayuntamiento\/2-nuevos-positivos-pero-10-casos-activos-y-52-confinados\/"},"author":{"name":"alcalde","@id":"https:\/\/www.caudete.org\/ayuntamiento\/#\/schema\/person\/cc646da9133078ee4d8dd47457947253"},"headline":"2 nuevos positivos, pero 10 casos activos y 52 confinados","datePublished":"2021-08-27T16:04:24+00:00","dateModified":"2021-08-27T18:39:20+00:00","mainEntityOfPage":{"@id":"https:\/\/www.caudete.org\/ayuntamiento\/2-nuevos-positivos-pero-10-casos-activos-y-52-confinados\/"},"wordCount":244,"image":{"@id":"https:\/\/www.caudete.org\/ayuntamiento\/2-nuevos-positivos-pero-10-casos-activos-y-52-confinados\/#primaryimage"},"thumbnailUrl":"https:\/\/www.caudete.org\/ayuntamiento\/wp-content\/uploads\/2021\/08\/hospital-almansa-covid-p6h5o91vnegjj86m45mitz2lmbew929lcnhfzddun8.jpg","articleSection":["Sanidad"],"inLanguage":"es"},{"@type":"WebPage","@id":"https:\/\/www.caudete.org\/ayuntamiento\/2-nuevos-positivos-pero-10-casos-activos-y-52-confinados\/","url":"https:\/\/www.caudete.org\/ayuntamiento\/2-nuevos-positivos-pero-10-casos-activos-y-52-confinados\/","name":"2 nuevos positivos, pero 10 casos activos y 52 confinados - MI Ayuntamiento de Caudete","isPartOf":{"@id":"https:\/\/www.caudete.org\/ayuntamiento\/#website"},"primaryImageOfPage":{"@id":"https:\/\/www.caudete.org\/ayuntamiento\/2-nuevos-positivos-pero-10-casos-activos-y-52-confinados\/#primaryimage"},"image":{"@id":"https:\/\/www.caudete.org\/ayuntamiento\/2-nuevos-positivos-pero-10-casos-activos-y-52-confinados\/#primaryimage"},"thumbnailUrl":"https:\/\/www.caudete.org\/ayuntamiento\/wp-content\/uploads\/2021\/08\/hospital-almansa-covid-p6h5o91vnegjj86m45mitz2lmbew929lcnhfzddun8.jpg","datePublished":"2021-08-27T16:04:24+00:00","dateModified":"2021-08-27T18:39:20+00:00","author":{"@id":"https:\/\/www.caudete.org\/ayuntamiento\/#\/schema\/person\/cc646da9133078ee4d8dd47457947253"},"description":"P\u00e1gina Oficial del Ayuntamiento de Caudete (Albacete)","breadcrumb":{"@id":"https:\/\/www.caudete.org\/ayuntamiento\/2-nuevos-positivos-pero-10-casos-activos-y-52-confinados\/#breadcrumb"},"inLanguage":"es","potentialAction":[{"@type":"ReadAction","target":["https:\/\/www.caudete.org\/ayuntamiento\/2-nuevos-positivos-pero-10-casos-activos-y-52-confinados\/"]}]},{"@type":"ImageObject","inLanguage":"es","@id":"https:\/\/www.caudete.org\/ayuntamiento\/2-nuevos-positivos-pero-10-casos-activos-y-52-confinados\/#primaryimage","url":"https:\/\/www.caudete.org\/ayuntamiento\/wp-content\/uploads\/2021\/08\/hospital-almansa-covid-p6h5o91vnegjj86m45mitz2lmbew929lcnhfzddun8.jpg","contentUrl":"https:\/\/www.caudete.org\/ayuntamiento\/wp-content\/uploads\/2021\/08\/hospital-almansa-covid-p6h5o91vnegjj86m45mitz2lmbew929lcnhfzddun8.jpg","width":1200,"height":650},{"@type":"BreadcrumbList","@id":"https:\/\/www.caudete.org\/ayuntamiento\/2-nuevos-positivos-pero-10-casos-activos-y-52-confinados\/#breadcrumb","itemListElement":[{"@type":"ListItem","position":1,"name":"Inicio","item":"https:\/\/www.caudete.org\/ayuntamiento\/"},{"@type":"ListItem","position":2,"name":"2 nuevos positivos, pero 10 casos activos y 52 confinados"}]},{"@type":"WebSite","@id":"https:\/\/www.caudete.org\/ayuntamiento\/#website","url":"https:\/\/www.caudete.org\/ayuntamiento\/","name":"MI Ayuntamiento de Caudete","description":"P\u00e1gina Oficial del MI Ayuntamiento de Caudete","potentialAction":[{"@type":"SearchAction","target":{"@type":"EntryPoint","urlTemplate":"https:\/\/www.caudete.org\/ayuntamiento\/?s={search_term_string}"},"query-input":{"@type":"PropertyValueSpecification","valueRequired":true,"valueName":"search_term_string"}}],"inLanguage":"es"},{"@type":"Person","@id":"https:\/\/www.caudete.org\/ayuntamiento\/#\/schema\/person\/cc646da9133078ee4d8dd47457947253","name":"alcalde","image":{"@type":"ImageObject","inLanguage":"es","@id":"https:\/\/secure.gravatar.com\/avatar\/84a817ba065b29ff08d666b215a215f5c79186a645ccb25b14a663d48a130f77?s=96&d=mm&r=g","url":"https:\/\/secure.gravatar.com\/avatar\/84a817ba065b29ff08d666b215a215f5c79186a645ccb25b14a663d48a130f77?s=96&d=mm&r=g","contentUrl":"https:\/\/secure.gravatar.com\/avatar\/84a817ba065b29ff08d666b215a215f5c79186a645ccb25b14a663d48a130f77?s=96&d=mm&r=g","caption":"alcalde"},"url":"https:\/\/www.caudete.org\/ayuntamiento\/author\/alcalde\/"}]}},"_links":{"self":[{"href":"https:\/\/www.caudete.org\/ayuntamiento\/wp-json\/wp\/v2\/posts\/15868","targetHints":{"allow":["GET"]}}],"collection":[{"href":"https:\/\/www.caudete.org\/ayuntamiento\/wp-json\/wp\/v2\/posts"}],"about":[{"href":"https:\/\/www.caudete.org\/ayuntamiento\/wp-json\/wp\/v2\/types\/post"}],"author":[{"embeddable":true,"href":"https:\/\/www.caudete.org\/ayuntamiento\/wp-json\/wp\/v2\/users\/3"}],"replies":[{"embeddable":true,"href":"https:\/\/www.caudete.org\/ayuntamiento\/wp-json\/wp\/v2\/comments?post=15868"}],"version-history":[{"count":4,"href":"https:\/\/www.caudete.org\/ayuntamiento\/wp-json\/wp\/v2\/posts\/15868\/revisions"}],"predecessor-version":[{"id":15879,"href":"https:\/\/www.caudete.org\/ayuntamiento\/wp-json\/wp\/v2\/posts\/15868\/revisions\/15879"}],"wp:featuredmedia":[{"embeddable":true,"href":"https:\/\/www.caudete.org\/ayuntamiento\/wp-json\/wp\/v2\/media\/15714"}],"wp:attachment":[{"href":"https:\/\/www.caudete.org\/ayuntamiento\/wp-json\/wp\/v2\/media?parent=15868"}],"wp:term":[{"taxonomy":"category","embeddable":true,"href":"https:\/\/www.caudete.org\/ayuntamiento\/wp-json\/wp\/v2\/categories?post=15868"},{"taxonomy":"post_tag","embeddable":true,"href":"https:\/\/www.caudete.org\/ayuntamiento\/wp-json\/wp\/v2\/tags?post=15868"}],"curies":[{"name":"wp","href":"https:\/\/api.w.org\/{rel}","templated":true}]}}