{"id":15877,"date":"2021-08-28T11:00:55","date_gmt":"2021-08-28T09:00:55","guid":{"rendered":"https:\/\/www.caudete.org\/ayuntamiento\/?p=15877"},"modified":"2021-08-30T19:49:14","modified_gmt":"2021-08-30T17:49:14","slug":"antonio-selva-director-del-iea-visita-caudete-anunciando-3-800e-de-colaboracion-para-el-castillo","status":"publish","type":"post","link":"https:\/\/www.caudete.org\/ayuntamiento\/antonio-selva-director-del-iea-visita-caudete-anunciando-3-800e-de-colaboracion-para-el-castillo\/","title":{"rendered":"Antonio Selva, Director del IEA, visita Caudete anunciando 3.800\u20ac de colaboraci\u00f3n para el Castillo"},"content":{"rendered":"<p style=\"text-align: justify;\">Antonio Selva, Director del Instituto de Estudios Albacetenses &#8220;Don Juan Manuel&#8221; (IEA), visit\u00f3 en la ma\u00f1ana de ayer Caudete para conocer de primera mano tanto recursos patrimoniales del municipio, como las inversiones que el Gobierno Municipal est\u00e1 emprendiendo en materia de recuperaci\u00f3n y puesta en valor de diferentes hitos.<\/p>\n<p style=\"text-align: justify;\">La misma di\u00f3 comienzo en el propio Consistorio, abordando la colaboraci\u00f3n que tanto Ayuntamiento como Instituto est\u00e1n realizando y pueden seguir planteando para trabajar por el estudio, divulgaci\u00f3n y preservaci\u00f3n del patrimonio local.<\/p>\n<p style=\"text-align: justify;\"><span style=\"text-decoration: underline;\"><strong>El Castillo, objeto de subvenci\u00f3n econ\u00f3mica del IEA<\/strong><\/span><\/p>\n<p style=\"text-align: justify;\">Selva tra\u00eda consigo la noticia de la resoluci\u00f3n favorable para continuar con la excavaci\u00f3n arqueol\u00f3gica del Castillo, siendo este a\u00f1o la ayuda econ\u00f3mica de algo m\u00e1s de 3.800\u20ac, para un proyecto inicial de 9.000\u20ac presentado por el Consistorio caudetano.<\/p>\n<p><a href=\"https:\/\/www.caudete.org\/ayuntamiento\/wp-content\/uploads\/2021\/08\/122856170_1437284976467194_8765210697750127927_n.jpg\" rel='prettyPhoto'><img fetchpriority=\"high\" decoding=\"async\" class=\"aligncenter wp-image-15883 size-medium\" src=\"https:\/\/www.caudete.org\/ayuntamiento\/wp-content\/uploads\/2021\/08\/122856170_1437284976467194_8765210697750127927_n-300x200.jpg\" alt=\"\" width=\"300\" height=\"200\" srcset=\"https:\/\/www.caudete.org\/ayuntamiento\/wp-content\/uploads\/2021\/08\/122856170_1437284976467194_8765210697750127927_n-300x200.jpg 300w, https:\/\/www.caudete.org\/ayuntamiento\/wp-content\/uploads\/2021\/08\/122856170_1437284976467194_8765210697750127927_n-768x513.jpg 768w, https:\/\/www.caudete.org\/ayuntamiento\/wp-content\/uploads\/2021\/08\/122856170_1437284976467194_8765210697750127927_n.jpg 960w\" sizes=\"(max-width: 300px) 100vw, 300px\" \/><\/a><\/p>\n<p style=\"text-align: justify;\">La misma responde a la convocatoria del IEA a los Ayuntamientos para investigar sobre el patrimonio arqueol\u00f3gico local de la provincia, y que el a\u00f1o pasado permiti\u00f3 localizar la cuarta Torre de la fortaleza caudetana, realizar un modelo tridimensional de c\u00f3mo era el Castillo siglos atr\u00e1s.<\/p>\n<p style=\"text-align: justify;\">Este a\u00f1o, la actuaci\u00f3n tratar\u00e1 de desenterrar el pa\u00f1o de muralla primitiva orientada al sureste, empezando as\u00ed a definir con mayor precisi\u00f3n el trazado del edificio del S.XII<\/p>\n<p style=\"text-align: justify;\">Dicha noticia pone de relieve la apuesta de las instituciones provinciales por la pol\u00edtica que sobre patrimonio est\u00e1 realizando el Gobierno Municipal.<\/p>\n<p style=\"text-align: justify;\"><span style=\"text-decoration: underline;\"><strong>Inter\u00e9s provincial por el patrimonio caudetano<\/strong><\/span><\/p>\n<p style=\"text-align: justify;\">Posteriormente han abordado la reciente investigaci\u00f3n que sobre<strong> &#8220;El Real&#8221;<\/strong>, muy pr\u00f3xima al Castillo, el Ayuntamiento ha promovido para poder definir el yacimiento que afloraba, y que en estos momentos se encuentra en fase de estudio por los arque\u00f3logos.<\/p>\n<p style=\"text-align: justify;\">\u00a0A este respecto, Selva felicitaba al Consistorio por invertir recursos en aquellos trabajos profesionales que pueden aportar luz, datos y amplio conocimiento al pasado hist\u00f3rico del pueblo, en este caso permitiendo recuperar parte del Caudete de hace 2.000 a\u00f1os, cuando el Imperio Romano dominaba estas tierras.<\/p>\n<p><a href=\"https:\/\/www.caudete.org\/ayuntamiento\/wp-content\/uploads\/2021\/07\/IMG_20210729_090942-scaled.jpg\" rel='prettyPhoto'><img decoding=\"async\" class=\"aligncenter wp-image-15636 size-medium\" src=\"https:\/\/www.caudete.org\/ayuntamiento\/wp-content\/uploads\/2021\/07\/IMG_20210729_090942-300x225.jpg\" alt=\"\" width=\"300\" height=\"225\" srcset=\"https:\/\/www.caudete.org\/ayuntamiento\/wp-content\/uploads\/2021\/07\/IMG_20210729_090942-300x225.jpg 300w, https:\/\/www.caudete.org\/ayuntamiento\/wp-content\/uploads\/2021\/07\/IMG_20210729_090942-1024x768.jpg 1024w, https:\/\/www.caudete.org\/ayuntamiento\/wp-content\/uploads\/2021\/07\/IMG_20210729_090942-768x576.jpg 768w, https:\/\/www.caudete.org\/ayuntamiento\/wp-content\/uploads\/2021\/07\/IMG_20210729_090942-1536x1152.jpg 1536w, https:\/\/www.caudete.org\/ayuntamiento\/wp-content\/uploads\/2021\/07\/IMG_20210729_090942-2048x1536.jpg 2048w\" sizes=\"(max-width: 300px) 100vw, 300px\" \/><\/a><\/p>\n<p style=\"text-align: justify;\">El Alcalde le ha trasladado las diferentes actuaciones programadas para 2021 y 2022, donde adem\u00e1s del <strong>Castillo<\/strong>, con su Plan Director, figuran para el Gobierno Municipal y la Concejal\u00eda de Patrimonio Hist\u00f3rico, la consolidaci\u00f3n de la <strong>Torre de Bogarra<\/strong>, y la continuidad de recuperar el <strong>Molino de San Ant\u00f3n<\/strong>, inversiones que superar\u00e1n los 60.000\u20ac, a lo que se suma la se\u00f1alizaci\u00f3n de los <strong>refugios antia\u00e9reos<\/strong> ubicados bajo las calles del casco urbano.<\/p>\n<p style=\"text-align: justify;\">El instituto mostraba de parte de su m\u00e1ximo representante su admiraci\u00f3n por el programa de actuaciones plasmado por el Ayuntamiento, cuyo objetivo evidente es no dejar perder lo que Caudete tiene accesible, y dar a conocer aquello que es pr\u00f3ximo a los caudetanos y supone para estos un desconocido total.<\/p>\n<p><a href=\"https:\/\/www.caudete.org\/ayuntamiento\/wp-content\/uploads\/2020\/11\/molino1.jpg\" rel='prettyPhoto'><img decoding=\"async\" class=\"aligncenter wp-image-5760 size-medium\" src=\"https:\/\/www.caudete.org\/ayuntamiento\/wp-content\/uploads\/2020\/11\/molino1-300x225.jpg\" alt=\"\" width=\"300\" height=\"225\" srcset=\"https:\/\/www.caudete.org\/ayuntamiento\/wp-content\/uploads\/2020\/11\/molino1-300x225.jpg 300w, https:\/\/www.caudete.org\/ayuntamiento\/wp-content\/uploads\/2020\/11\/molino1-768x576.jpg 768w, https:\/\/www.caudete.org\/ayuntamiento\/wp-content\/uploads\/2020\/11\/molino1.jpg 800w\" sizes=\"(max-width: 300px) 100vw, 300px\" \/><\/a><\/p>\n<p style=\"text-align: justify;\">El <strong>Yacimiento Paleontol\u00f3gico<\/strong>, y sus restos han sido otro de los temas tratados, donde ambas instituciones est\u00e1n en colaboraci\u00f3n directa con el MUPA y la Delegaci\u00f3n Provincial de Cultura para hacer realidad la divulgaci\u00f3n y conocimiento de los restos hallados entre la ciudadan\u00eda.<\/p>\n<p><a href=\"https:\/\/www.caudete.org\/ayuntamiento\/wp-content\/uploads\/2021\/08\/IMG_0053.jpg\" rel='prettyPhoto'><img loading=\"lazy\" decoding=\"async\" class=\"aligncenter wp-image-15887 size-medium\" src=\"https:\/\/www.caudete.org\/ayuntamiento\/wp-content\/uploads\/2021\/08\/IMG_0053-300x200.jpg\" alt=\"\" width=\"300\" height=\"200\" srcset=\"https:\/\/www.caudete.org\/ayuntamiento\/wp-content\/uploads\/2021\/08\/IMG_0053-300x200.jpg 300w, https:\/\/www.caudete.org\/ayuntamiento\/wp-content\/uploads\/2021\/08\/IMG_0053-1024x683.jpg 1024w, https:\/\/www.caudete.org\/ayuntamiento\/wp-content\/uploads\/2021\/08\/IMG_0053-768x512.jpg 768w, https:\/\/www.caudete.org\/ayuntamiento\/wp-content\/uploads\/2021\/08\/IMG_0053-1536x1024.jpg 1536w, https:\/\/www.caudete.org\/ayuntamiento\/wp-content\/uploads\/2021\/08\/IMG_0053.jpg 2048w\" sizes=\"(max-width: 300px) 100vw, 300px\" \/><\/a><\/p>\n<p style=\"text-align: justify;\">La ma\u00f1ana ha continuado visitando una antigua <strong>Alcoholera<\/strong> local, sobre la que se conoce poco de su construcci\u00f3n y funcionamiento, pero que supone un recurso excepcional de la industria caudetana antigua, y \u00fanica en la provincia.<\/p>\n<p style=\"text-align: justify;\">Antonio Selva trasladan a sus propietarios la predisposici\u00f3n del Instituto para poder estudiar y documentar esta peculiar instalaci\u00f3n, que supone un recurso \u00fanico para la provincia, y que adem\u00e1s, a nivel local sin duda, engrandece el abanico de recursos patrimoniales.<\/p>\n<p><a href=\"https:\/\/www.caudete.org\/ayuntamiento\/wp-content\/uploads\/2021\/08\/WhatsApp-Image-2021-03-08-at-18.33.11-1-864x380-1.jpeg\" rel='prettyPhoto'><img loading=\"lazy\" decoding=\"async\" class=\"aligncenter wp-image-15888 size-medium\" src=\"https:\/\/www.caudete.org\/ayuntamiento\/wp-content\/uploads\/2021\/08\/WhatsApp-Image-2021-03-08-at-18.33.11-1-864x380-1-300x132.jpeg\" alt=\"\" width=\"300\" height=\"132\" srcset=\"https:\/\/www.caudete.org\/ayuntamiento\/wp-content\/uploads\/2021\/08\/WhatsApp-Image-2021-03-08-at-18.33.11-1-864x380-1-300x132.jpeg 300w, https:\/\/www.caudete.org\/ayuntamiento\/wp-content\/uploads\/2021\/08\/WhatsApp-Image-2021-03-08-at-18.33.11-1-864x380-1-768x338.jpeg 768w, https:\/\/www.caudete.org\/ayuntamiento\/wp-content\/uploads\/2021\/08\/WhatsApp-Image-2021-03-08-at-18.33.11-1-864x380-1-411x180.jpeg 411w, https:\/\/www.caudete.org\/ayuntamiento\/wp-content\/uploads\/2021\/08\/WhatsApp-Image-2021-03-08-at-18.33.11-1-864x380-1.jpeg 864w\" sizes=\"(max-width: 300px) 100vw, 300px\" \/><\/a><\/p>\n<p style=\"text-align: justify;\">Tras visitar el <strong>Lavadero de San Ant\u00f3n<\/strong>, con su \u00faltima inversi\u00f3n realizada por el Ayuntamiento y la Mancomunidad Monte Ib\u00e9rico-Corredor de Almansa, el Director del IEA animaba al Consistorio a hacer de \u00e9l un lugar no solamente testimonial del pasado hist\u00f3rico local, sino tambi\u00e9n lugar de uso mediante exposiciones variadas.<\/p>\n<p style=\"text-align: justify;\">Completaba la jornada con la visita a la emblem\u00e1tica <strong><em>Plaza de Toros<\/em><\/strong> para conocer de primera mano el estado de la misma y las actuaciones de consolidaci\u00f3n, iluminaci\u00f3n y accesibilidad realizada en los \u00faltimos 4 a\u00f1os, con cerca de 100.000\u20ac invertidos, y la pr\u00f3xima instalaci\u00f3n de alumbrado ornamental que se situar\u00e1 en los m\u00e1s de 230 arcos de herradura.<\/p>\n<p><a href=\"https:\/\/www.caudete.org\/ayuntamiento\/wp-content\/uploads\/2021\/07\/WhatsApp-Image-2021-07-12-at-13.11.13.jpeg\" rel='prettyPhoto'><img loading=\"lazy\" decoding=\"async\" class=\"aligncenter wp-image-15311 size-medium\" src=\"https:\/\/www.caudete.org\/ayuntamiento\/wp-content\/uploads\/2021\/07\/WhatsApp-Image-2021-07-12-at-13.11.13-300x225.jpeg\" alt=\"\" width=\"300\" height=\"225\" srcset=\"https:\/\/www.caudete.org\/ayuntamiento\/wp-content\/uploads\/2021\/07\/WhatsApp-Image-2021-07-12-at-13.11.13-300x225.jpeg 300w, https:\/\/www.caudete.org\/ayuntamiento\/wp-content\/uploads\/2021\/07\/WhatsApp-Image-2021-07-12-at-13.11.13-1024x768.jpeg 1024w, https:\/\/www.caudete.org\/ayuntamiento\/wp-content\/uploads\/2021\/07\/WhatsApp-Image-2021-07-12-at-13.11.13-768x576.jpeg 768w, https:\/\/www.caudete.org\/ayuntamiento\/wp-content\/uploads\/2021\/07\/WhatsApp-Image-2021-07-12-at-13.11.13-1536x1152.jpeg 1536w, https:\/\/www.caudete.org\/ayuntamiento\/wp-content\/uploads\/2021\/07\/WhatsApp-Image-2021-07-12-at-13.11.13.jpeg 1600w\" sizes=\"(max-width: 300px) 100vw, 300px\" \/><\/a><\/p>\n<p>&nbsp;<\/p>\n<p style=\"text-align: justify;\">Sin duda, el broche final era la visita a la <strong>Finca &#8220;La Corbellana&#8221;<\/strong> donde Selva ha podido conocer en persona un edificio que resulta \u00fanico y peculiar en la provincia, que agoniza d\u00eda tras d\u00eda debido al estado avanzado de conservaci\u00f3n, en el que los \u00faltimos acontecimientos de sismo y meteorol\u00f3gicos han acelerado su deterioro.<\/p>\n<p><a href=\"https:\/\/www.caudete.org\/ayuntamiento\/wp-content\/uploads\/2021\/08\/paso.jpg\" rel='prettyPhoto'><img loading=\"lazy\" decoding=\"async\" class=\"aligncenter wp-image-15889 size-medium\" src=\"https:\/\/www.caudete.org\/ayuntamiento\/wp-content\/uploads\/2021\/08\/paso-300x214.jpg\" alt=\"\" width=\"300\" height=\"214\" srcset=\"https:\/\/www.caudete.org\/ayuntamiento\/wp-content\/uploads\/2021\/08\/paso-300x214.jpg 300w, https:\/\/www.caudete.org\/ayuntamiento\/wp-content\/uploads\/2021\/08\/paso.jpg 500w\" sizes=\"(max-width: 300px) 100vw, 300px\" \/><\/a><\/p>\n<p style=\"text-align: justify;\">\u00c9ste, entraba en la Lista Roja del Patrimonio de <em>Hispania Nostra<\/em> hace unas semanas, de lo cual se hac\u00eda eco tanto la prensa provincial, como el propio Instituto, qui\u00e9n se interes\u00f3 por conocer su estado.<\/p>\n<p style=\"text-align: justify;\">En la visita, Selva se ofrec\u00eda a colaborar en cuanto pudiese desde la instituci\u00f3n provincial, tanto con el edificio de recreo del Conde de San Carlos c\u00f3mo con el resto de monumentos e inmuebles visitados en la ma\u00f1ana de ayer.<\/p>\n","protected":false},"excerpt":{"rendered":"<p>Antonio Selva, Director del Instituto de Estudios Albacetenses &#8220;Don Juan Manuel&#8221; (IEA), visit\u00f3 en la ma\u00f1ana de ayer Caudete para conocer de primera mano tanto recursos patrimoniales del municipio, como las inversiones que el Gobierno Municipal est\u00e1 emprendiendo en materia de recuperaci\u00f3n y puesta en valor de diferentes hitos. La misma di\u00f3 comienzo en el &hellip;<\/p>\n","protected":false},"author":3,"featured_media":15883,"comment_status":"closed","ping_status":"open","sticky":false,"template":"","format":"standard","meta":{"ngg_post_thumbnail":0,"footnotes":""},"categories":[45],"tags":[],"class_list":["post-15877","post","type-post","status-publish","format-standard","has-post-thumbnail","hentry","category-patrimonio"],"yoast_head":"<!-- This site is optimized with the Yoast SEO plugin v27.5 - https:\/\/yoast.com\/product\/yoast-seo-wordpress\/ -->\n<title>Antonio Selva, Director del IEA, visita Caudete anunciando 3.800\u20ac de colaboraci\u00f3n para el Castillo - MI Ayuntamiento de Caudete<\/title>\n<meta name=\"description\" content=\"P\u00e1gina Oficial del Ayuntamiento de Caudete (Albacete)\" \/>\n<meta name=\"robots\" content=\"index, follow, max-snippet:-1, max-image-preview:large, max-video-preview:-1\" \/>\n<link rel=\"canonical\" href=\"https:\/\/www.caudete.org\/ayuntamiento\/antonio-selva-director-del-iea-visita-caudete-anunciando-3-800e-de-colaboracion-para-el-castillo\/\" \/>\n<meta property=\"og:locale\" content=\"es_ES\" \/>\n<meta property=\"og:type\" content=\"article\" \/>\n<meta property=\"og:title\" content=\"Antonio Selva, Director del IEA, visita Caudete anunciando 3.800\u20ac de colaboraci\u00f3n para el Castillo - MI Ayuntamiento de Caudete\" \/>\n<meta property=\"og:description\" content=\"P\u00e1gina Oficial del Ayuntamiento de Caudete (Albacete)\" \/>\n<meta property=\"og:url\" content=\"https:\/\/www.caudete.org\/ayuntamiento\/antonio-selva-director-del-iea-visita-caudete-anunciando-3-800e-de-colaboracion-para-el-castillo\/\" \/>\n<meta property=\"og:site_name\" content=\"MI Ayuntamiento de Caudete\" \/>\n<meta property=\"article:publisher\" content=\"https:\/\/www.facebook.com\/ayuntamientocaudete\/\" \/>\n<meta property=\"article:published_time\" content=\"2021-08-28T09:00:55+00:00\" \/>\n<meta property=\"article:modified_time\" content=\"2021-08-30T17:49:14+00:00\" \/>\n<meta property=\"og:image\" content=\"https:\/\/www.caudete.org\/ayuntamiento\/wp-content\/uploads\/2021\/08\/122856170_1437284976467194_8765210697750127927_n.jpg\" \/>\n\t<meta property=\"og:image:width\" content=\"960\" \/>\n\t<meta property=\"og:image:height\" content=\"641\" \/>\n\t<meta property=\"og:image:type\" content=\"image\/jpeg\" \/>\n<meta name=\"author\" content=\"alcalde\" \/>\n<meta name=\"twitter:card\" content=\"summary_large_image\" \/>\n<meta name=\"twitter:label1\" content=\"Escrito por\" \/>\n\t<meta name=\"twitter:data1\" content=\"alcalde\" \/>\n\t<meta name=\"twitter:label2\" content=\"Tiempo de lectura\" \/>\n\t<meta name=\"twitter:data2\" content=\"5 minutos\" \/>\n<script type=\"application\/ld+json\" class=\"yoast-schema-graph\">{\"@context\":\"https:\\\/\\\/schema.org\",\"@graph\":[{\"@type\":\"Article\",\"@id\":\"https:\\\/\\\/www.caudete.org\\\/ayuntamiento\\\/antonio-selva-director-del-iea-visita-caudete-anunciando-3-800e-de-colaboracion-para-el-castillo\\\/#article\",\"isPartOf\":{\"@id\":\"https:\\\/\\\/www.caudete.org\\\/ayuntamiento\\\/antonio-selva-director-del-iea-visita-caudete-anunciando-3-800e-de-colaboracion-para-el-castillo\\\/\"},\"author\":{\"name\":\"alcalde\",\"@id\":\"https:\\\/\\\/www.caudete.org\\\/ayuntamiento\\\/#\\\/schema\\\/person\\\/cc646da9133078ee4d8dd47457947253\"},\"headline\":\"Antonio Selva, Director del IEA, visita Caudete anunciando 3.800\u20ac de colaboraci\u00f3n para el Castillo\",\"datePublished\":\"2021-08-28T09:00:55+00:00\",\"dateModified\":\"2021-08-30T17:49:14+00:00\",\"mainEntityOfPage\":{\"@id\":\"https:\\\/\\\/www.caudete.org\\\/ayuntamiento\\\/antonio-selva-director-del-iea-visita-caudete-anunciando-3-800e-de-colaboracion-para-el-castillo\\\/\"},\"wordCount\":878,\"image\":{\"@id\":\"https:\\\/\\\/www.caudete.org\\\/ayuntamiento\\\/antonio-selva-director-del-iea-visita-caudete-anunciando-3-800e-de-colaboracion-para-el-castillo\\\/#primaryimage\"},\"thumbnailUrl\":\"https:\\\/\\\/www.caudete.org\\\/ayuntamiento\\\/wp-content\\\/uploads\\\/2021\\\/08\\\/122856170_1437284976467194_8765210697750127927_n.jpg\",\"articleSection\":[\"Patrimonio\"],\"inLanguage\":\"es\"},{\"@type\":\"WebPage\",\"@id\":\"https:\\\/\\\/www.caudete.org\\\/ayuntamiento\\\/antonio-selva-director-del-iea-visita-caudete-anunciando-3-800e-de-colaboracion-para-el-castillo\\\/\",\"url\":\"https:\\\/\\\/www.caudete.org\\\/ayuntamiento\\\/antonio-selva-director-del-iea-visita-caudete-anunciando-3-800e-de-colaboracion-para-el-castillo\\\/\",\"name\":\"Antonio Selva, Director del IEA, visita Caudete anunciando 3.800\u20ac de colaboraci\u00f3n para el Castillo - MI Ayuntamiento de Caudete\",\"isPartOf\":{\"@id\":\"https:\\\/\\\/www.caudete.org\\\/ayuntamiento\\\/#website\"},\"primaryImageOfPage\":{\"@id\":\"https:\\\/\\\/www.caudete.org\\\/ayuntamiento\\\/antonio-selva-director-del-iea-visita-caudete-anunciando-3-800e-de-colaboracion-para-el-castillo\\\/#primaryimage\"},\"image\":{\"@id\":\"https:\\\/\\\/www.caudete.org\\\/ayuntamiento\\\/antonio-selva-director-del-iea-visita-caudete-anunciando-3-800e-de-colaboracion-para-el-castillo\\\/#primaryimage\"},\"thumbnailUrl\":\"https:\\\/\\\/www.caudete.org\\\/ayuntamiento\\\/wp-content\\\/uploads\\\/2021\\\/08\\\/122856170_1437284976467194_8765210697750127927_n.jpg\",\"datePublished\":\"2021-08-28T09:00:55+00:00\",\"dateModified\":\"2021-08-30T17:49:14+00:00\",\"author\":{\"@id\":\"https:\\\/\\\/www.caudete.org\\\/ayuntamiento\\\/#\\\/schema\\\/person\\\/cc646da9133078ee4d8dd47457947253\"},\"description\":\"P\u00e1gina Oficial del Ayuntamiento de Caudete (Albacete)\",\"breadcrumb\":{\"@id\":\"https:\\\/\\\/www.caudete.org\\\/ayuntamiento\\\/antonio-selva-director-del-iea-visita-caudete-anunciando-3-800e-de-colaboracion-para-el-castillo\\\/#breadcrumb\"},\"inLanguage\":\"es\",\"potentialAction\":[{\"@type\":\"ReadAction\",\"target\":[\"https:\\\/\\\/www.caudete.org\\\/ayuntamiento\\\/antonio-selva-director-del-iea-visita-caudete-anunciando-3-800e-de-colaboracion-para-el-castillo\\\/\"]}]},{\"@type\":\"ImageObject\",\"inLanguage\":\"es\",\"@id\":\"https:\\\/\\\/www.caudete.org\\\/ayuntamiento\\\/antonio-selva-director-del-iea-visita-caudete-anunciando-3-800e-de-colaboracion-para-el-castillo\\\/#primaryimage\",\"url\":\"https:\\\/\\\/www.caudete.org\\\/ayuntamiento\\\/wp-content\\\/uploads\\\/2021\\\/08\\\/122856170_1437284976467194_8765210697750127927_n.jpg\",\"contentUrl\":\"https:\\\/\\\/www.caudete.org\\\/ayuntamiento\\\/wp-content\\\/uploads\\\/2021\\\/08\\\/122856170_1437284976467194_8765210697750127927_n.jpg\",\"width\":960,\"height\":641},{\"@type\":\"BreadcrumbList\",\"@id\":\"https:\\\/\\\/www.caudete.org\\\/ayuntamiento\\\/antonio-selva-director-del-iea-visita-caudete-anunciando-3-800e-de-colaboracion-para-el-castillo\\\/#breadcrumb\",\"itemListElement\":[{\"@type\":\"ListItem\",\"position\":1,\"name\":\"Inicio\",\"item\":\"https:\\\/\\\/www.caudete.org\\\/ayuntamiento\\\/\"},{\"@type\":\"ListItem\",\"position\":2,\"name\":\"Antonio Selva, Director del IEA, visita Caudete anunciando 3.800\u20ac de colaboraci\u00f3n para el Castillo\"}]},{\"@type\":\"WebSite\",\"@id\":\"https:\\\/\\\/www.caudete.org\\\/ayuntamiento\\\/#website\",\"url\":\"https:\\\/\\\/www.caudete.org\\\/ayuntamiento\\\/\",\"name\":\"MI Ayuntamiento de Caudete\",\"description\":\"P\u00e1gina Oficial del MI Ayuntamiento de Caudete\",\"potentialAction\":[{\"@type\":\"SearchAction\",\"target\":{\"@type\":\"EntryPoint\",\"urlTemplate\":\"https:\\\/\\\/www.caudete.org\\\/ayuntamiento\\\/?s={search_term_string}\"},\"query-input\":{\"@type\":\"PropertyValueSpecification\",\"valueRequired\":true,\"valueName\":\"search_term_string\"}}],\"inLanguage\":\"es\"},{\"@type\":\"Person\",\"@id\":\"https:\\\/\\\/www.caudete.org\\\/ayuntamiento\\\/#\\\/schema\\\/person\\\/cc646da9133078ee4d8dd47457947253\",\"name\":\"alcalde\",\"image\":{\"@type\":\"ImageObject\",\"inLanguage\":\"es\",\"@id\":\"https:\\\/\\\/secure.gravatar.com\\\/avatar\\\/84a817ba065b29ff08d666b215a215f5c79186a645ccb25b14a663d48a130f77?s=96&d=mm&r=g\",\"url\":\"https:\\\/\\\/secure.gravatar.com\\\/avatar\\\/84a817ba065b29ff08d666b215a215f5c79186a645ccb25b14a663d48a130f77?s=96&d=mm&r=g\",\"contentUrl\":\"https:\\\/\\\/secure.gravatar.com\\\/avatar\\\/84a817ba065b29ff08d666b215a215f5c79186a645ccb25b14a663d48a130f77?s=96&d=mm&r=g\",\"caption\":\"alcalde\"},\"url\":\"https:\\\/\\\/www.caudete.org\\\/ayuntamiento\\\/author\\\/alcalde\\\/\"}]}<\/script>\n<!-- \/ Yoast SEO plugin. -->","yoast_head_json":{"title":"Antonio Selva, Director del IEA, visita Caudete anunciando 3.800\u20ac de colaboraci\u00f3n para el Castillo - MI Ayuntamiento de Caudete","description":"P\u00e1gina Oficial del Ayuntamiento de Caudete (Albacete)","robots":{"index":"index","follow":"follow","max-snippet":"max-snippet:-1","max-image-preview":"max-image-preview:large","max-video-preview":"max-video-preview:-1"},"canonical":"https:\/\/www.caudete.org\/ayuntamiento\/antonio-selva-director-del-iea-visita-caudete-anunciando-3-800e-de-colaboracion-para-el-castillo\/","og_locale":"es_ES","og_type":"article","og_title":"Antonio Selva, Director del IEA, visita Caudete anunciando 3.800\u20ac de colaboraci\u00f3n para el Castillo - MI Ayuntamiento de Caudete","og_description":"P\u00e1gina Oficial del Ayuntamiento de Caudete (Albacete)","og_url":"https:\/\/www.caudete.org\/ayuntamiento\/antonio-selva-director-del-iea-visita-caudete-anunciando-3-800e-de-colaboracion-para-el-castillo\/","og_site_name":"MI Ayuntamiento de Caudete","article_publisher":"https:\/\/www.facebook.com\/ayuntamientocaudete\/","article_published_time":"2021-08-28T09:00:55+00:00","article_modified_time":"2021-08-30T17:49:14+00:00","og_image":[{"width":960,"height":641,"url":"https:\/\/www.caudete.org\/ayuntamiento\/wp-content\/uploads\/2021\/08\/122856170_1437284976467194_8765210697750127927_n.jpg","type":"image\/jpeg"}],"author":"alcalde","twitter_card":"summary_large_image","twitter_misc":{"Escrito por":"alcalde","Tiempo de lectura":"5 minutos"},"schema":{"@context":"https:\/\/schema.org","@graph":[{"@type":"Article","@id":"https:\/\/www.caudete.org\/ayuntamiento\/antonio-selva-director-del-iea-visita-caudete-anunciando-3-800e-de-colaboracion-para-el-castillo\/#article","isPartOf":{"@id":"https:\/\/www.caudete.org\/ayuntamiento\/antonio-selva-director-del-iea-visita-caudete-anunciando-3-800e-de-colaboracion-para-el-castillo\/"},"author":{"name":"alcalde","@id":"https:\/\/www.caudete.org\/ayuntamiento\/#\/schema\/person\/cc646da9133078ee4d8dd47457947253"},"headline":"Antonio Selva, Director del IEA, visita Caudete anunciando 3.800\u20ac de colaboraci\u00f3n para el Castillo","datePublished":"2021-08-28T09:00:55+00:00","dateModified":"2021-08-30T17:49:14+00:00","mainEntityOfPage":{"@id":"https:\/\/www.caudete.org\/ayuntamiento\/antonio-selva-director-del-iea-visita-caudete-anunciando-3-800e-de-colaboracion-para-el-castillo\/"},"wordCount":878,"image":{"@id":"https:\/\/www.caudete.org\/ayuntamiento\/antonio-selva-director-del-iea-visita-caudete-anunciando-3-800e-de-colaboracion-para-el-castillo\/#primaryimage"},"thumbnailUrl":"https:\/\/www.caudete.org\/ayuntamiento\/wp-content\/uploads\/2021\/08\/122856170_1437284976467194_8765210697750127927_n.jpg","articleSection":["Patrimonio"],"inLanguage":"es"},{"@type":"WebPage","@id":"https:\/\/www.caudete.org\/ayuntamiento\/antonio-selva-director-del-iea-visita-caudete-anunciando-3-800e-de-colaboracion-para-el-castillo\/","url":"https:\/\/www.caudete.org\/ayuntamiento\/antonio-selva-director-del-iea-visita-caudete-anunciando-3-800e-de-colaboracion-para-el-castillo\/","name":"Antonio Selva, Director del IEA, visita Caudete anunciando 3.800\u20ac de colaboraci\u00f3n para el Castillo - MI Ayuntamiento de Caudete","isPartOf":{"@id":"https:\/\/www.caudete.org\/ayuntamiento\/#website"},"primaryImageOfPage":{"@id":"https:\/\/www.caudete.org\/ayuntamiento\/antonio-selva-director-del-iea-visita-caudete-anunciando-3-800e-de-colaboracion-para-el-castillo\/#primaryimage"},"image":{"@id":"https:\/\/www.caudete.org\/ayuntamiento\/antonio-selva-director-del-iea-visita-caudete-anunciando-3-800e-de-colaboracion-para-el-castillo\/#primaryimage"},"thumbnailUrl":"https:\/\/www.caudete.org\/ayuntamiento\/wp-content\/uploads\/2021\/08\/122856170_1437284976467194_8765210697750127927_n.jpg","datePublished":"2021-08-28T09:00:55+00:00","dateModified":"2021-08-30T17:49:14+00:00","author":{"@id":"https:\/\/www.caudete.org\/ayuntamiento\/#\/schema\/person\/cc646da9133078ee4d8dd47457947253"},"description":"P\u00e1gina Oficial del Ayuntamiento de Caudete (Albacete)","breadcrumb":{"@id":"https:\/\/www.caudete.org\/ayuntamiento\/antonio-selva-director-del-iea-visita-caudete-anunciando-3-800e-de-colaboracion-para-el-castillo\/#breadcrumb"},"inLanguage":"es","potentialAction":[{"@type":"ReadAction","target":["https:\/\/www.caudete.org\/ayuntamiento\/antonio-selva-director-del-iea-visita-caudete-anunciando-3-800e-de-colaboracion-para-el-castillo\/"]}]},{"@type":"ImageObject","inLanguage":"es","@id":"https:\/\/www.caudete.org\/ayuntamiento\/antonio-selva-director-del-iea-visita-caudete-anunciando-3-800e-de-colaboracion-para-el-castillo\/#primaryimage","url":"https:\/\/www.caudete.org\/ayuntamiento\/wp-content\/uploads\/2021\/08\/122856170_1437284976467194_8765210697750127927_n.jpg","contentUrl":"https:\/\/www.caudete.org\/ayuntamiento\/wp-content\/uploads\/2021\/08\/122856170_1437284976467194_8765210697750127927_n.jpg","width":960,"height":641},{"@type":"BreadcrumbList","@id":"https:\/\/www.caudete.org\/ayuntamiento\/antonio-selva-director-del-iea-visita-caudete-anunciando-3-800e-de-colaboracion-para-el-castillo\/#breadcrumb","itemListElement":[{"@type":"ListItem","position":1,"name":"Inicio","item":"https:\/\/www.caudete.org\/ayuntamiento\/"},{"@type":"ListItem","position":2,"name":"Antonio Selva, Director del IEA, visita Caudete anunciando 3.800\u20ac de colaboraci\u00f3n para el Castillo"}]},{"@type":"WebSite","@id":"https:\/\/www.caudete.org\/ayuntamiento\/#website","url":"https:\/\/www.caudete.org\/ayuntamiento\/","name":"MI Ayuntamiento de Caudete","description":"P\u00e1gina Oficial del MI Ayuntamiento de Caudete","potentialAction":[{"@type":"SearchAction","target":{"@type":"EntryPoint","urlTemplate":"https:\/\/www.caudete.org\/ayuntamiento\/?s={search_term_string}"},"query-input":{"@type":"PropertyValueSpecification","valueRequired":true,"valueName":"search_term_string"}}],"inLanguage":"es"},{"@type":"Person","@id":"https:\/\/www.caudete.org\/ayuntamiento\/#\/schema\/person\/cc646da9133078ee4d8dd47457947253","name":"alcalde","image":{"@type":"ImageObject","inLanguage":"es","@id":"https:\/\/secure.gravatar.com\/avatar\/84a817ba065b29ff08d666b215a215f5c79186a645ccb25b14a663d48a130f77?s=96&d=mm&r=g","url":"https:\/\/secure.gravatar.com\/avatar\/84a817ba065b29ff08d666b215a215f5c79186a645ccb25b14a663d48a130f77?s=96&d=mm&r=g","contentUrl":"https:\/\/secure.gravatar.com\/avatar\/84a817ba065b29ff08d666b215a215f5c79186a645ccb25b14a663d48a130f77?s=96&d=mm&r=g","caption":"alcalde"},"url":"https:\/\/www.caudete.org\/ayuntamiento\/author\/alcalde\/"}]}},"_links":{"self":[{"href":"https:\/\/www.caudete.org\/ayuntamiento\/wp-json\/wp\/v2\/posts\/15877","targetHints":{"allow":["GET"]}}],"collection":[{"href":"https:\/\/www.caudete.org\/ayuntamiento\/wp-json\/wp\/v2\/posts"}],"about":[{"href":"https:\/\/www.caudete.org\/ayuntamiento\/wp-json\/wp\/v2\/types\/post"}],"author":[{"embeddable":true,"href":"https:\/\/www.caudete.org\/ayuntamiento\/wp-json\/wp\/v2\/users\/3"}],"replies":[{"embeddable":true,"href":"https:\/\/www.caudete.org\/ayuntamiento\/wp-json\/wp\/v2\/comments?post=15877"}],"version-history":[{"count":8,"href":"https:\/\/www.caudete.org\/ayuntamiento\/wp-json\/wp\/v2\/posts\/15877\/revisions"}],"predecessor-version":[{"id":15893,"href":"https:\/\/www.caudete.org\/ayuntamiento\/wp-json\/wp\/v2\/posts\/15877\/revisions\/15893"}],"wp:featuredmedia":[{"embeddable":true,"href":"https:\/\/www.caudete.org\/ayuntamiento\/wp-json\/wp\/v2\/media\/15883"}],"wp:attachment":[{"href":"https:\/\/www.caudete.org\/ayuntamiento\/wp-json\/wp\/v2\/media?parent=15877"}],"wp:term":[{"taxonomy":"category","embeddable":true,"href":"https:\/\/www.caudete.org\/ayuntamiento\/wp-json\/wp\/v2\/categories?post=15877"},{"taxonomy":"post_tag","embeddable":true,"href":"https:\/\/www.caudete.org\/ayuntamiento\/wp-json\/wp\/v2\/tags?post=15877"}],"curies":[{"name":"wp","href":"https:\/\/api.w.org\/{rel}","templated":true}]}}