{"id":15974,"date":"2021-09-02T17:53:16","date_gmt":"2021-09-02T15:53:16","guid":{"rendered":"https:\/\/www.caudete.org\/ayuntamiento\/?p=15974"},"modified":"2021-09-03T10:00:12","modified_gmt":"2021-09-03T08:00:12","slug":"nueva-temporada-de-los-clubes-de-lectura-y-la-universidad-popular-en-caudete","status":"publish","type":"post","link":"https:\/\/www.caudete.org\/ayuntamiento\/nueva-temporada-de-los-clubes-de-lectura-y-la-universidad-popular-en-caudete\/","title":{"rendered":"Nueva temporada de los \u00a0CLUBES DE LECTURA y LA UNIVERSIDAD POPULAR en Caudete"},"content":{"rendered":"<p>Desde el M.I. Ayuntamiento de Caudete y en concreto desde la Concejal\u00eda de Cultura, se han organizado los nuevos cursos de la <strong>Universidad Popular<\/strong> y de los <strong>Clubes de Lectura<\/strong> de la Biblioteca P\u00fablica Municipal Ana Mar\u00eda Matute para el curso 2021\/2022.<\/p>\n<p>Desde el <strong>20 y hasta el 22 de septiembre<\/strong>, en horario de <strong>9.30 -14.00 y de 17.00-20.00 horas<\/strong>, se abre el plazo <strong>en la Casa de Cultura de Caudete<\/strong> para la <strong>inscripci\u00f3n<\/strong> en los diferentes cursos y clubes de lectura.<\/p>\n<p>Durante la primera semana de septiembre se ha realizado un buzoneo en el municipio de Caudete, a fin de difundir la nueva convocatoria de cursos 2021\/2022, en un \u00fanico folleto donde se ofertan los cursos municipales de la Universidad Popular y Clubes de Lectura. Adem\u00e1s esta informaci\u00f3n tambi\u00e9n est\u00e1 disponible en la web municipal www.caudete.es<\/p>\n<p>En lo que respecta al \u00e1rea de Casa de Cultura, en la Universidad Popular para este curso 2021\/2022 se mantienen los mismos cursos que el pasado a\u00f1o, dada la gran aceptaci\u00f3n que tienen. Muchos de los cuales, est\u00e1n divididos en niveles de iniciaci\u00f3n y perfeccionamiento. Los cursos de la Universidad Popular ofertados para este a\u00f1o son: Acuarela: iniciaci\u00f3n y perfeccionamiento; <strong>Bailes de Sal\u00f3n<\/strong>: iniciaci\u00f3n y perfeccionamiento; <strong>Bordado<\/strong>; <strong>Corte y Confecci\u00f3n<\/strong>; <strong>Inform\u00e1tica<\/strong>; <strong>Restauraci\u00f3n de Muebles<\/strong>: turno de ma\u00f1ana y de noche;<strong> Yoga y Yoga Hatha:<\/strong> turno de ma\u00f1ana y de tarde.<\/p>\n<p>Adem\u00e1s dado el \u00e9xito del pasado curso, se repiten talleres breves variados como <strong>Cocina de Navidad<\/strong>; <strong>Cocina Vegetariana<\/strong>; <strong>Cata de cerveza<\/strong>; Taller infantil \u201c<strong>Bailes del ni\u00f1os<\/strong>\u201d, Taller de <strong>Cosm\u00e9tica Natura<\/strong>l, <strong>Taller de Maquillaje; Imagen Personal; Taller de Grabado; Taller de Cianotipia y Taller de Teatro<\/strong>. Todos ellos de un mes de duraci\u00f3n, con cuatro sesiones y un precio \u00fanico de 22 euros. Adem\u00e1s se programan de forma bimestral cursos de <strong>Cata de vinos<\/strong>, con un precio igual de 22 euros.<\/p>\n<p>En cuanto a la programaci\u00f3n de la Biblioteca P\u00fablica Municipal Ana Mar\u00eda Matute de Caudete, para este curso se abre tambi\u00e9n el periodo de inscripci\u00f3n en sus variados Clubes de Lectura. Gracias a los clubes de lectura se aumenta el rendimiento escolar, la imaginaci\u00f3n, el vocabulario, la comprensi\u00f3n lectora, y la memoria, adem\u00e1s de ayudar a la integraci\u00f3n y socializaci\u00f3n de sus miembros, entre otras cualidades.<\/p>\n<p>En total son dieciocho los clubes de lectura que inician el curso 2021\/2022, de octubre a mayo.<\/p>\n<p><strong>Clubes de lectura infantiles: <\/strong>Nemo: 1\u00ba y 2\u00ba de Primaria ; Los Simpsons: 3\u00ba y 4\u00ba de Primaria y El Gr\u00fafalo: 5\u00ba y 6\u00ba de Primaria.<\/p>\n<p><strong>Club de lectura Juvenil Lectibe Amor de Dios<\/strong>, concertado con el Centro Educativo Amor de Dios, con participaci\u00f3n de escolares de 3\u00ba de la ESO. Con lecturas en formato digital.<\/p>\n<p><strong>Clubes para Adultos: <\/strong>Palabras Compartidas, La Olma, Leer te da m\u00e1s y Nunca es tarde.<\/p>\n<p><strong>Clubes tem\u00e1ticos: <\/strong>Olvidado Rey Gud\u00fa (Literatura Infantil y Juvenil); 27 de marzo (Teatro); Miguel Servet (Novela hist\u00f3rica), Leer para crecer (Lectura f\u00e1cil), The Chatterboxes (en ingl\u00e9s y modalidad online) y Fous de lire (en franc\u00e9s).<\/p>\n<p><strong>Clubes concertado con Asociaciones y Entidades: <\/strong>ACAFEM, ASPRONA, Asociaci\u00f3n de Mujeres Santa B\u00e1rbara y Acaluca (Asociaci\u00f3n caudetana de lucha contra el c\u00e1ncer).<\/p>\n<p>Todos estos clubes abrir\u00e1n tambi\u00e9n su periodo de inscripci\u00f3n el pr\u00f3ximo lunes 20 de septiembre en la Casa de Cultura de 9:30 a 14:00 horas y de 17:00 a 20:00 horas. Para inscribirse en ellos, solo ser\u00e1 necesaria rellenar una ficha de inscripci\u00f3n con los datos del interesado\/a, y posteriormente se le confirmar\u00e1 su plaza. Cualquier duda pueden consultar en la Casa de Cultura, en el tel\u00e9fono 965 82 81 30\/32 o bien en la Biblioteca y en el tel\u00e9fono 965 82 81 30\/31.<\/p>\n<p style=\"text-align: center;\"><span style=\"font-size: 14pt;\"><strong>Clic abajo para descargar:<\/strong><\/span><\/p>\n<p style=\"text-align: center;\"><a href=\"https:\/\/www.caudete.org\/ayuntamiento\/universidas-popular-y-clubes-2021-2022\/\"><strong>FOLLETO DE ACTIVIDADES UP Y CLUBES LECTURA<\/strong><\/a><\/p>\n<p style=\"text-align: center;\"><strong><a href=\"https:\/\/www.caudete.org\/ayuntamiento\/boletin-de-inscripcion-universidad-popular\/\">BOLETIN DE INSCRIPCI\u00d3N UNIVERSIDAD POPULAR<\/a>\u00a0<\/strong><\/p>\n<p style=\"text-align: center;\"><a href=\"https:\/\/www.caudete.org\/ayuntamiento\/boletin-de-inscripcion-clubes-de-lectura\/\"><strong>BOLETIN DE INSCRIPCI\u00d3N CLUBES DE LECTURA<\/strong><\/a><\/p>\n<p>&nbsp;<\/p>\n<p>&nbsp;<\/p>\n<p><a href=\"https:\/\/www.caudete.org\/ayuntamiento\/wp-content\/uploads\/2021\/09\/CARTEL-UP-Y-CLUBES-WEB.png\" rel='prettyPhoto'><img fetchpriority=\"high\" decoding=\"async\" class=\"aligncenter wp-image-15984\" src=\"https:\/\/www.caudete.org\/ayuntamiento\/wp-content\/uploads\/2021\/09\/CARTEL-UP-Y-CLUBES-WEB.png\" alt=\"\" width=\"608\" height=\"1080\" \/><\/a><\/p>\n","protected":false},"excerpt":{"rendered":"<p>Desde el M.I. Ayuntamiento de Caudete y en concreto desde la Concejal\u00eda de Cultura, se han organizado los nuevos cursos de la Universidad Popular y de los Clubes de Lectura de la Biblioteca P\u00fablica Municipal Ana Mar\u00eda Matute para el curso 2021\/2022. Desde el 20 y hasta el 22 de septiembre, en horario de 9.30 &hellip;<\/p>\n","protected":false},"author":2,"featured_media":15972,"comment_status":"closed","ping_status":"open","sticky":false,"template":"","format":"standard","meta":{"ngg_post_thumbnail":0,"footnotes":""},"categories":[14],"tags":[662,495],"class_list":["post-15974","post","type-post","status-publish","format-standard","has-post-thumbnail","hentry","category-cultura","tag-clubes-de-lectura","tag-universidad-popular"],"yoast_head":"<!-- This site is optimized with the Yoast SEO plugin v27.4 - https:\/\/yoast.com\/product\/yoast-seo-wordpress\/ -->\n<title>Nueva temporada de los \u00a0CLUBES DE LECTURA y LA UNIVERSIDAD POPULAR en Caudete - MI Ayuntamiento de Caudete<\/title>\n<meta name=\"description\" content=\"P\u00e1gina Oficial del Ayuntamiento de Caudete (Albacete)\" \/>\n<meta name=\"robots\" content=\"index, follow, max-snippet:-1, max-image-preview:large, max-video-preview:-1\" \/>\n<link rel=\"canonical\" href=\"https:\/\/www.caudete.org\/ayuntamiento\/nueva-temporada-de-los-clubes-de-lectura-y-la-universidad-popular-en-caudete\/\" \/>\n<meta property=\"og:locale\" content=\"es_ES\" \/>\n<meta property=\"og:type\" content=\"article\" \/>\n<meta property=\"og:title\" content=\"Nueva temporada de los \u00a0CLUBES DE LECTURA y LA UNIVERSIDAD POPULAR en Caudete - MI Ayuntamiento de Caudete\" \/>\n<meta property=\"og:description\" content=\"P\u00e1gina Oficial del Ayuntamiento de Caudete (Albacete)\" \/>\n<meta property=\"og:url\" content=\"https:\/\/www.caudete.org\/ayuntamiento\/nueva-temporada-de-los-clubes-de-lectura-y-la-universidad-popular-en-caudete\/\" \/>\n<meta property=\"og:site_name\" content=\"MI Ayuntamiento de Caudete\" \/>\n<meta property=\"article:publisher\" content=\"https:\/\/www.facebook.com\/ayuntamientocaudete\/\" \/>\n<meta property=\"article:published_time\" content=\"2021-09-02T15:53:16+00:00\" \/>\n<meta property=\"article:modified_time\" content=\"2021-09-03T08:00:12+00:00\" \/>\n<meta property=\"og:image\" content=\"https:\/\/www.caudete.org\/ayuntamiento\/wp-content\/uploads\/2021\/09\/Matricula-UP-y-Clubes.jpg\" \/>\n\t<meta property=\"og:image:width\" content=\"864\" \/>\n\t<meta property=\"og:image:height\" content=\"380\" \/>\n\t<meta property=\"og:image:type\" content=\"image\/jpeg\" \/>\n<meta name=\"author\" content=\"Juan\" \/>\n<meta name=\"twitter:card\" content=\"summary_large_image\" \/>\n<meta name=\"twitter:label1\" content=\"Escrito por\" \/>\n\t<meta name=\"twitter:data1\" content=\"Juan\" \/>\n\t<meta name=\"twitter:label2\" content=\"Tiempo de lectura\" \/>\n\t<meta name=\"twitter:data2\" content=\"3 minutos\" \/>\n<script type=\"application\/ld+json\" class=\"yoast-schema-graph\">{\"@context\":\"https:\\\/\\\/schema.org\",\"@graph\":[{\"@type\":\"Article\",\"@id\":\"https:\\\/\\\/www.caudete.org\\\/ayuntamiento\\\/nueva-temporada-de-los-clubes-de-lectura-y-la-universidad-popular-en-caudete\\\/#article\",\"isPartOf\":{\"@id\":\"https:\\\/\\\/www.caudete.org\\\/ayuntamiento\\\/nueva-temporada-de-los-clubes-de-lectura-y-la-universidad-popular-en-caudete\\\/\"},\"author\":{\"name\":\"Juan\",\"@id\":\"https:\\\/\\\/www.caudete.org\\\/ayuntamiento\\\/#\\\/schema\\\/person\\\/7656a5bb58fca95b9814e940de0fda63\"},\"headline\":\"Nueva temporada de los \u00a0CLUBES DE LECTURA y LA UNIVERSIDAD POPULAR en Caudete\",\"datePublished\":\"2021-09-02T15:53:16+00:00\",\"dateModified\":\"2021-09-03T08:00:12+00:00\",\"mainEntityOfPage\":{\"@id\":\"https:\\\/\\\/www.caudete.org\\\/ayuntamiento\\\/nueva-temporada-de-los-clubes-de-lectura-y-la-universidad-popular-en-caudete\\\/\"},\"wordCount\":668,\"publisher\":{\"@id\":\"https:\\\/\\\/www.caudete.org\\\/ayuntamiento\\\/#organization\"},\"image\":{\"@id\":\"https:\\\/\\\/www.caudete.org\\\/ayuntamiento\\\/nueva-temporada-de-los-clubes-de-lectura-y-la-universidad-popular-en-caudete\\\/#primaryimage\"},\"thumbnailUrl\":\"https:\\\/\\\/www.caudete.org\\\/ayuntamiento\\\/wp-content\\\/uploads\\\/2021\\\/09\\\/Matricula-UP-y-Clubes.jpg\",\"keywords\":[\"Clubes de Lectura\",\"Universidad Popular\"],\"articleSection\":[\"Cultura\"],\"inLanguage\":\"es\"},{\"@type\":\"WebPage\",\"@id\":\"https:\\\/\\\/www.caudete.org\\\/ayuntamiento\\\/nueva-temporada-de-los-clubes-de-lectura-y-la-universidad-popular-en-caudete\\\/\",\"url\":\"https:\\\/\\\/www.caudete.org\\\/ayuntamiento\\\/nueva-temporada-de-los-clubes-de-lectura-y-la-universidad-popular-en-caudete\\\/\",\"name\":\"Nueva temporada de los \u00a0CLUBES DE LECTURA y LA UNIVERSIDAD POPULAR en Caudete - MI Ayuntamiento de Caudete\",\"isPartOf\":{\"@id\":\"https:\\\/\\\/www.caudete.org\\\/ayuntamiento\\\/#website\"},\"primaryImageOfPage\":{\"@id\":\"https:\\\/\\\/www.caudete.org\\\/ayuntamiento\\\/nueva-temporada-de-los-clubes-de-lectura-y-la-universidad-popular-en-caudete\\\/#primaryimage\"},\"image\":{\"@id\":\"https:\\\/\\\/www.caudete.org\\\/ayuntamiento\\\/nueva-temporada-de-los-clubes-de-lectura-y-la-universidad-popular-en-caudete\\\/#primaryimage\"},\"thumbnailUrl\":\"https:\\\/\\\/www.caudete.org\\\/ayuntamiento\\\/wp-content\\\/uploads\\\/2021\\\/09\\\/Matricula-UP-y-Clubes.jpg\",\"datePublished\":\"2021-09-02T15:53:16+00:00\",\"dateModified\":\"2021-09-03T08:00:12+00:00\",\"description\":\"P\u00e1gina Oficial del Ayuntamiento de Caudete (Albacete)\",\"breadcrumb\":{\"@id\":\"https:\\\/\\\/www.caudete.org\\\/ayuntamiento\\\/nueva-temporada-de-los-clubes-de-lectura-y-la-universidad-popular-en-caudete\\\/#breadcrumb\"},\"inLanguage\":\"es\",\"potentialAction\":[{\"@type\":\"ReadAction\",\"target\":[\"https:\\\/\\\/www.caudete.org\\\/ayuntamiento\\\/nueva-temporada-de-los-clubes-de-lectura-y-la-universidad-popular-en-caudete\\\/\"]}]},{\"@type\":\"ImageObject\",\"inLanguage\":\"es\",\"@id\":\"https:\\\/\\\/www.caudete.org\\\/ayuntamiento\\\/nueva-temporada-de-los-clubes-de-lectura-y-la-universidad-popular-en-caudete\\\/#primaryimage\",\"url\":\"https:\\\/\\\/www.caudete.org\\\/ayuntamiento\\\/wp-content\\\/uploads\\\/2021\\\/09\\\/Matricula-UP-y-Clubes.jpg\",\"contentUrl\":\"https:\\\/\\\/www.caudete.org\\\/ayuntamiento\\\/wp-content\\\/uploads\\\/2021\\\/09\\\/Matricula-UP-y-Clubes.jpg\",\"width\":864,\"height\":380},{\"@type\":\"BreadcrumbList\",\"@id\":\"https:\\\/\\\/www.caudete.org\\\/ayuntamiento\\\/nueva-temporada-de-los-clubes-de-lectura-y-la-universidad-popular-en-caudete\\\/#breadcrumb\",\"itemListElement\":[{\"@type\":\"ListItem\",\"position\":1,\"name\":\"Inicio\",\"item\":\"https:\\\/\\\/www.caudete.org\\\/ayuntamiento\\\/\"},{\"@type\":\"ListItem\",\"position\":2,\"name\":\"Nueva temporada de los \u00a0CLUBES DE LECTURA y LA UNIVERSIDAD POPULAR en Caudete\"}]},{\"@type\":\"WebSite\",\"@id\":\"https:\\\/\\\/www.caudete.org\\\/ayuntamiento\\\/#website\",\"url\":\"https:\\\/\\\/www.caudete.org\\\/ayuntamiento\\\/\",\"name\":\"MI Ayuntamiento de Caudete\",\"description\":\"P\u00e1gina Oficial del MI Ayuntamiento de Caudete\",\"publisher\":{\"@id\":\"https:\\\/\\\/www.caudete.org\\\/ayuntamiento\\\/#organization\"},\"potentialAction\":[{\"@type\":\"SearchAction\",\"target\":{\"@type\":\"EntryPoint\",\"urlTemplate\":\"https:\\\/\\\/www.caudete.org\\\/ayuntamiento\\\/?s={search_term_string}\"},\"query-input\":{\"@type\":\"PropertyValueSpecification\",\"valueRequired\":true,\"valueName\":\"search_term_string\"}}],\"inLanguage\":\"es\"},{\"@type\":\"Organization\",\"@id\":\"https:\\\/\\\/www.caudete.org\\\/ayuntamiento\\\/#organization\",\"name\":\"Ayuntamiento de Caudete\",\"url\":\"https:\\\/\\\/www.caudete.org\\\/ayuntamiento\\\/\",\"logo\":{\"@type\":\"ImageObject\",\"inLanguage\":\"es\",\"@id\":\"https:\\\/\\\/www.caudete.org\\\/ayuntamiento\\\/#\\\/schema\\\/logo\\\/image\\\/\",\"url\":\"https:\\\/\\\/www.caudete.org\\\/ayuntamiento\\\/wp-content\\\/uploads\\\/2020\\\/11\\\/logo_ayuntamiento_caudete.jpg\",\"contentUrl\":\"https:\\\/\\\/www.caudete.org\\\/ayuntamiento\\\/wp-content\\\/uploads\\\/2020\\\/11\\\/logo_ayuntamiento_caudete.jpg\",\"width\":600,\"height\":150,\"caption\":\"Ayuntamiento de Caudete\"},\"image\":{\"@id\":\"https:\\\/\\\/www.caudete.org\\\/ayuntamiento\\\/#\\\/schema\\\/logo\\\/image\\\/\"},\"sameAs\":[\"https:\\\/\\\/www.facebook.com\\\/ayuntamientocaudete\\\/\",\"https:\\\/\\\/www.youtube.com\\\/channel\\\/UC6VztHaooNsGpw-tNoBEFnQ\"]},{\"@type\":\"Person\",\"@id\":\"https:\\\/\\\/www.caudete.org\\\/ayuntamiento\\\/#\\\/schema\\\/person\\\/7656a5bb58fca95b9814e940de0fda63\",\"name\":\"Juan\",\"image\":{\"@type\":\"ImageObject\",\"inLanguage\":\"es\",\"@id\":\"https:\\\/\\\/secure.gravatar.com\\\/avatar\\\/dd53e51c0cd6ab23f52d4f3e4f1c59730240727763de3dbbf26750b079a2c292?s=96&d=mm&r=g\",\"url\":\"https:\\\/\\\/secure.gravatar.com\\\/avatar\\\/dd53e51c0cd6ab23f52d4f3e4f1c59730240727763de3dbbf26750b079a2c292?s=96&d=mm&r=g\",\"contentUrl\":\"https:\\\/\\\/secure.gravatar.com\\\/avatar\\\/dd53e51c0cd6ab23f52d4f3e4f1c59730240727763de3dbbf26750b079a2c292?s=96&d=mm&r=g\",\"caption\":\"Juan\"},\"url\":\"https:\\\/\\\/www.caudete.org\\\/ayuntamiento\\\/author\\\/centrodeinternet\\\/\"}]}<\/script>\n<!-- \/ Yoast SEO plugin. -->","yoast_head_json":{"title":"Nueva temporada de los \u00a0CLUBES DE LECTURA y LA UNIVERSIDAD POPULAR en Caudete - MI Ayuntamiento de Caudete","description":"P\u00e1gina Oficial del Ayuntamiento de Caudete (Albacete)","robots":{"index":"index","follow":"follow","max-snippet":"max-snippet:-1","max-image-preview":"max-image-preview:large","max-video-preview":"max-video-preview:-1"},"canonical":"https:\/\/www.caudete.org\/ayuntamiento\/nueva-temporada-de-los-clubes-de-lectura-y-la-universidad-popular-en-caudete\/","og_locale":"es_ES","og_type":"article","og_title":"Nueva temporada de los \u00a0CLUBES DE LECTURA y LA UNIVERSIDAD POPULAR en Caudete - MI Ayuntamiento de Caudete","og_description":"P\u00e1gina Oficial del Ayuntamiento de Caudete (Albacete)","og_url":"https:\/\/www.caudete.org\/ayuntamiento\/nueva-temporada-de-los-clubes-de-lectura-y-la-universidad-popular-en-caudete\/","og_site_name":"MI Ayuntamiento de Caudete","article_publisher":"https:\/\/www.facebook.com\/ayuntamientocaudete\/","article_published_time":"2021-09-02T15:53:16+00:00","article_modified_time":"2021-09-03T08:00:12+00:00","og_image":[{"width":864,"height":380,"url":"https:\/\/www.caudete.org\/ayuntamiento\/wp-content\/uploads\/2021\/09\/Matricula-UP-y-Clubes.jpg","type":"image\/jpeg"}],"author":"Juan","twitter_card":"summary_large_image","twitter_misc":{"Escrito por":"Juan","Tiempo de lectura":"3 minutos"},"schema":{"@context":"https:\/\/schema.org","@graph":[{"@type":"Article","@id":"https:\/\/www.caudete.org\/ayuntamiento\/nueva-temporada-de-los-clubes-de-lectura-y-la-universidad-popular-en-caudete\/#article","isPartOf":{"@id":"https:\/\/www.caudete.org\/ayuntamiento\/nueva-temporada-de-los-clubes-de-lectura-y-la-universidad-popular-en-caudete\/"},"author":{"name":"Juan","@id":"https:\/\/www.caudete.org\/ayuntamiento\/#\/schema\/person\/7656a5bb58fca95b9814e940de0fda63"},"headline":"Nueva temporada de los \u00a0CLUBES DE LECTURA y LA UNIVERSIDAD POPULAR en Caudete","datePublished":"2021-09-02T15:53:16+00:00","dateModified":"2021-09-03T08:00:12+00:00","mainEntityOfPage":{"@id":"https:\/\/www.caudete.org\/ayuntamiento\/nueva-temporada-de-los-clubes-de-lectura-y-la-universidad-popular-en-caudete\/"},"wordCount":668,"publisher":{"@id":"https:\/\/www.caudete.org\/ayuntamiento\/#organization"},"image":{"@id":"https:\/\/www.caudete.org\/ayuntamiento\/nueva-temporada-de-los-clubes-de-lectura-y-la-universidad-popular-en-caudete\/#primaryimage"},"thumbnailUrl":"https:\/\/www.caudete.org\/ayuntamiento\/wp-content\/uploads\/2021\/09\/Matricula-UP-y-Clubes.jpg","keywords":["Clubes de Lectura","Universidad Popular"],"articleSection":["Cultura"],"inLanguage":"es"},{"@type":"WebPage","@id":"https:\/\/www.caudete.org\/ayuntamiento\/nueva-temporada-de-los-clubes-de-lectura-y-la-universidad-popular-en-caudete\/","url":"https:\/\/www.caudete.org\/ayuntamiento\/nueva-temporada-de-los-clubes-de-lectura-y-la-universidad-popular-en-caudete\/","name":"Nueva temporada de los \u00a0CLUBES DE LECTURA y LA UNIVERSIDAD POPULAR en Caudete - MI Ayuntamiento de Caudete","isPartOf":{"@id":"https:\/\/www.caudete.org\/ayuntamiento\/#website"},"primaryImageOfPage":{"@id":"https:\/\/www.caudete.org\/ayuntamiento\/nueva-temporada-de-los-clubes-de-lectura-y-la-universidad-popular-en-caudete\/#primaryimage"},"image":{"@id":"https:\/\/www.caudete.org\/ayuntamiento\/nueva-temporada-de-los-clubes-de-lectura-y-la-universidad-popular-en-caudete\/#primaryimage"},"thumbnailUrl":"https:\/\/www.caudete.org\/ayuntamiento\/wp-content\/uploads\/2021\/09\/Matricula-UP-y-Clubes.jpg","datePublished":"2021-09-02T15:53:16+00:00","dateModified":"2021-09-03T08:00:12+00:00","description":"P\u00e1gina Oficial del Ayuntamiento de Caudete (Albacete)","breadcrumb":{"@id":"https:\/\/www.caudete.org\/ayuntamiento\/nueva-temporada-de-los-clubes-de-lectura-y-la-universidad-popular-en-caudete\/#breadcrumb"},"inLanguage":"es","potentialAction":[{"@type":"ReadAction","target":["https:\/\/www.caudete.org\/ayuntamiento\/nueva-temporada-de-los-clubes-de-lectura-y-la-universidad-popular-en-caudete\/"]}]},{"@type":"ImageObject","inLanguage":"es","@id":"https:\/\/www.caudete.org\/ayuntamiento\/nueva-temporada-de-los-clubes-de-lectura-y-la-universidad-popular-en-caudete\/#primaryimage","url":"https:\/\/www.caudete.org\/ayuntamiento\/wp-content\/uploads\/2021\/09\/Matricula-UP-y-Clubes.jpg","contentUrl":"https:\/\/www.caudete.org\/ayuntamiento\/wp-content\/uploads\/2021\/09\/Matricula-UP-y-Clubes.jpg","width":864,"height":380},{"@type":"BreadcrumbList","@id":"https:\/\/www.caudete.org\/ayuntamiento\/nueva-temporada-de-los-clubes-de-lectura-y-la-universidad-popular-en-caudete\/#breadcrumb","itemListElement":[{"@type":"ListItem","position":1,"name":"Inicio","item":"https:\/\/www.caudete.org\/ayuntamiento\/"},{"@type":"ListItem","position":2,"name":"Nueva temporada de los \u00a0CLUBES DE LECTURA y LA UNIVERSIDAD POPULAR en Caudete"}]},{"@type":"WebSite","@id":"https:\/\/www.caudete.org\/ayuntamiento\/#website","url":"https:\/\/www.caudete.org\/ayuntamiento\/","name":"MI Ayuntamiento de Caudete","description":"P\u00e1gina Oficial del MI Ayuntamiento de Caudete","publisher":{"@id":"https:\/\/www.caudete.org\/ayuntamiento\/#organization"},"potentialAction":[{"@type":"SearchAction","target":{"@type":"EntryPoint","urlTemplate":"https:\/\/www.caudete.org\/ayuntamiento\/?s={search_term_string}"},"query-input":{"@type":"PropertyValueSpecification","valueRequired":true,"valueName":"search_term_string"}}],"inLanguage":"es"},{"@type":"Organization","@id":"https:\/\/www.caudete.org\/ayuntamiento\/#organization","name":"Ayuntamiento de Caudete","url":"https:\/\/www.caudete.org\/ayuntamiento\/","logo":{"@type":"ImageObject","inLanguage":"es","@id":"https:\/\/www.caudete.org\/ayuntamiento\/#\/schema\/logo\/image\/","url":"https:\/\/www.caudete.org\/ayuntamiento\/wp-content\/uploads\/2020\/11\/logo_ayuntamiento_caudete.jpg","contentUrl":"https:\/\/www.caudete.org\/ayuntamiento\/wp-content\/uploads\/2020\/11\/logo_ayuntamiento_caudete.jpg","width":600,"height":150,"caption":"Ayuntamiento de Caudete"},"image":{"@id":"https:\/\/www.caudete.org\/ayuntamiento\/#\/schema\/logo\/image\/"},"sameAs":["https:\/\/www.facebook.com\/ayuntamientocaudete\/","https:\/\/www.youtube.com\/channel\/UC6VztHaooNsGpw-tNoBEFnQ"]},{"@type":"Person","@id":"https:\/\/www.caudete.org\/ayuntamiento\/#\/schema\/person\/7656a5bb58fca95b9814e940de0fda63","name":"Juan","image":{"@type":"ImageObject","inLanguage":"es","@id":"https:\/\/secure.gravatar.com\/avatar\/dd53e51c0cd6ab23f52d4f3e4f1c59730240727763de3dbbf26750b079a2c292?s=96&d=mm&r=g","url":"https:\/\/secure.gravatar.com\/avatar\/dd53e51c0cd6ab23f52d4f3e4f1c59730240727763de3dbbf26750b079a2c292?s=96&d=mm&r=g","contentUrl":"https:\/\/secure.gravatar.com\/avatar\/dd53e51c0cd6ab23f52d4f3e4f1c59730240727763de3dbbf26750b079a2c292?s=96&d=mm&r=g","caption":"Juan"},"url":"https:\/\/www.caudete.org\/ayuntamiento\/author\/centrodeinternet\/"}]}},"_links":{"self":[{"href":"https:\/\/www.caudete.org\/ayuntamiento\/wp-json\/wp\/v2\/posts\/15974","targetHints":{"allow":["GET"]}}],"collection":[{"href":"https:\/\/www.caudete.org\/ayuntamiento\/wp-json\/wp\/v2\/posts"}],"about":[{"href":"https:\/\/www.caudete.org\/ayuntamiento\/wp-json\/wp\/v2\/types\/post"}],"author":[{"embeddable":true,"href":"https:\/\/www.caudete.org\/ayuntamiento\/wp-json\/wp\/v2\/users\/2"}],"replies":[{"embeddable":true,"href":"https:\/\/www.caudete.org\/ayuntamiento\/wp-json\/wp\/v2\/comments?post=15974"}],"version-history":[{"count":14,"href":"https:\/\/www.caudete.org\/ayuntamiento\/wp-json\/wp\/v2\/posts\/15974\/revisions"}],"predecessor-version":[{"id":15999,"href":"https:\/\/www.caudete.org\/ayuntamiento\/wp-json\/wp\/v2\/posts\/15974\/revisions\/15999"}],"wp:featuredmedia":[{"embeddable":true,"href":"https:\/\/www.caudete.org\/ayuntamiento\/wp-json\/wp\/v2\/media\/15972"}],"wp:attachment":[{"href":"https:\/\/www.caudete.org\/ayuntamiento\/wp-json\/wp\/v2\/media?parent=15974"}],"wp:term":[{"taxonomy":"category","embeddable":true,"href":"https:\/\/www.caudete.org\/ayuntamiento\/wp-json\/wp\/v2\/categories?post=15974"},{"taxonomy":"post_tag","embeddable":true,"href":"https:\/\/www.caudete.org\/ayuntamiento\/wp-json\/wp\/v2\/tags?post=15974"}],"curies":[{"name":"wp","href":"https:\/\/api.w.org\/{rel}","templated":true}]}}