{"id":16001,"date":"2021-09-05T12:34:41","date_gmt":"2021-09-05T10:34:41","guid":{"rendered":"https:\/\/www.caudete.org\/ayuntamiento\/?p=16001"},"modified":"2021-09-05T21:58:00","modified_gmt":"2021-09-05T19:58:00","slug":"hoy-dia-5-a-las-2330-h-comienza-la-emision-de-radio-otras-fiestas-ficccionadas","status":"publish","type":"post","link":"https:\/\/www.caudete.org\/ayuntamiento\/hoy-dia-5-a-las-2330-h-comienza-la-emision-de-radio-otras-fiestas-ficccionadas\/","title":{"rendered":"Hoy d\u00eda 5 a las 23:30 h. comienza la emisi\u00f3n de radio \u201cOTRAS FIESTAS 2021\u201d"},"content":{"rendered":"<p>Tras la exitosa experiencia del a\u00f1o 2020, la <strong>Asociaci\u00f3n de Comparsas<\/strong> ha decidido ofrecer de nuevo, en toda su integridad, los contenidos de la ficci\u00f3n radiof\u00f3nica que acompa\u00f1\u00f3 a los caudetanos entre los d\u00edas 6 y 10 de septiembre, cuando la epidemia COVID-19 oblig\u00f3 a suspender las Fiestas del pasado a\u00f1o.<\/p>\n<p><strong>En esta edici\u00f3n de 2021<\/strong>, con las Fiestas de nuevo suspendidas por la misma raz\u00f3n, la iniciativa,<strong> patrocinada por el M.I. Ayuntamiento de Caudete<\/strong>, permitir\u00e1 que todos aquellos que lo deseen puedan seguir en tiempo real el curso de los actos y celebraciones que en un a\u00f1o normal hubieran marcado el paso de los d\u00edas de Fiestas.<\/p>\n<p><strong>Cada emisi\u00f3n se podr\u00e1 escuchar a la hora prevista en los guiones de actos de los \u00faltimos a\u00f1os, si bien en algunos casos su duraci\u00f3n ser\u00e1 inferior a la habitual, debido a las limitaciones que impone la realizaci\u00f3n t\u00e9cnica.<\/strong><\/p>\n<p>Hemos tenido presente@, se\u00f1ala la Presidenta de la Asociaci\u00f3n de Comparsas, Isabel \u00dabeda, Aque el a\u00f1o pasado fueron muchos los caudetanos que nos agradecieron que, al menos, las Fiestas pudieran revivirse a trav\u00e9s de los o\u00eddos, retumbando en los corazones, pero tambi\u00e9n que hubo muchos otros que por unas u otras razones no lograron escuchar estas emisiones.<\/p>\n<p>Hemos recibido, a lo largo del a\u00f1o, bastantes solicitudes para que estos contenidos pudieran retransmitirse otra vez. Ha llegado un nuevo septiembre y, como en 2020, no tenemos Fiestas: era el momento de recuperar y hacer llegar a los caudetanos estas <strong><em>otras Fiestas<\/em> ficcionadas<\/strong><strong>@<\/strong><strong>.<\/strong><\/p>\n<p>Esta iniciativa se suma a otras impulsadas conjuntamente por la Asociaci\u00f3n de Comparas y el M.I. Ayuntamiento que intentan evocar las Fiestas, no s\u00f3lo a trav\u00e9s del sonido, sino tambi\u00e9n de la imagen: se trata, dicen en la Asociaci\u00f3n, de que nadie olvide, que todos tengan presente lo que deber\u00eda estar ocurriendo cada minuto y cada hora de estos d\u00edas.<\/p>\n<p><strong>Las emisiones pueden escucharse, a partir de las 23:30 horas de este domingo, en <a href=\"http:\/\/fiestascaudete.org\" target=\"_blank\" rel=\"nofollow\">http:\/\/fiestascaudete.org<\/a>.<\/strong><\/p>\n<p><a href=\"https:\/\/www.caudete.org\/ayuntamiento\/wp-content\/uploads\/2021\/09\/PROGRAMACION-OTRAS-FIESTAS-2021.jpg\" rel='prettyPhoto'><img fetchpriority=\"high\" decoding=\"async\" class=\"aligncenter wp-image-16022 \" src=\"https:\/\/www.caudete.org\/ayuntamiento\/wp-content\/uploads\/2021\/09\/PROGRAMACION-OTRAS-FIESTAS-2021-280x300.jpg\" alt=\"\" width=\"808\" height=\"866\" srcset=\"https:\/\/www.caudete.org\/ayuntamiento\/wp-content\/uploads\/2021\/09\/PROGRAMACION-OTRAS-FIESTAS-2021-280x300.jpg 280w, https:\/\/www.caudete.org\/ayuntamiento\/wp-content\/uploads\/2021\/09\/PROGRAMACION-OTRAS-FIESTAS-2021.jpg 739w\" sizes=\"(max-width: 808px) 100vw, 808px\" \/><\/a><\/p>\n","protected":false},"excerpt":{"rendered":"<p>Tras la exitosa experiencia del a\u00f1o 2020, la Asociaci\u00f3n de Comparsas ha decidido ofrecer de nuevo, en toda su integridad, los contenidos de la ficci\u00f3n radiof\u00f3nica que acompa\u00f1\u00f3 a los caudetanos entre los d\u00edas 6 y 10 de septiembre, cuando la epidemia COVID-19 oblig\u00f3 a suspender las Fiestas del pasado a\u00f1o. En esta edici\u00f3n de &hellip;<\/p>\n","protected":false},"author":2,"featured_media":16021,"comment_status":"closed","ping_status":"open","sticky":false,"template":"","format":"standard","meta":{"ngg_post_thumbnail":0,"footnotes":""},"categories":[31],"tags":[696,697],"class_list":["post-16001","post","type-post","status-publish","format-standard","has-post-thumbnail","hentry","category-fiestas","tag-moros-y-cristianos","tag-otras-fiestas-ficcionadas"],"yoast_head":"<!-- This site is optimized with the Yoast SEO plugin v27.5 - https:\/\/yoast.com\/product\/yoast-seo-wordpress\/ -->\n<title>Hoy d\u00eda 5 a las 23:30 h. comienza la emisi\u00f3n de radio \u201cOTRAS FIESTAS 2021\u201d - MI Ayuntamiento de Caudete<\/title>\n<meta name=\"description\" content=\"P\u00e1gina Oficial del Ayuntamiento de Caudete (Albacete)\" \/>\n<meta name=\"robots\" content=\"index, follow, max-snippet:-1, max-image-preview:large, max-video-preview:-1\" \/>\n<link rel=\"canonical\" href=\"https:\/\/www.caudete.org\/ayuntamiento\/hoy-dia-5-a-las-2330-h-comienza-la-emision-de-radio-otras-fiestas-ficccionadas\/\" \/>\n<meta property=\"og:locale\" content=\"es_ES\" \/>\n<meta property=\"og:type\" content=\"article\" \/>\n<meta property=\"og:title\" content=\"Hoy d\u00eda 5 a las 23:30 h. comienza la emisi\u00f3n de radio \u201cOTRAS FIESTAS 2021\u201d - MI Ayuntamiento de Caudete\" \/>\n<meta property=\"og:description\" content=\"P\u00e1gina Oficial del Ayuntamiento de Caudete (Albacete)\" \/>\n<meta property=\"og:url\" content=\"https:\/\/www.caudete.org\/ayuntamiento\/hoy-dia-5-a-las-2330-h-comienza-la-emision-de-radio-otras-fiestas-ficccionadas\/\" \/>\n<meta property=\"og:site_name\" content=\"MI Ayuntamiento de Caudete\" \/>\n<meta property=\"article:publisher\" content=\"https:\/\/www.facebook.com\/ayuntamientocaudete\/\" \/>\n<meta property=\"article:published_time\" content=\"2021-09-05T10:34:41+00:00\" \/>\n<meta property=\"article:modified_time\" content=\"2021-09-05T19:58:00+00:00\" \/>\n<meta property=\"og:image\" content=\"https:\/\/www.caudete.org\/ayuntamiento\/wp-content\/uploads\/2021\/09\/Otras-Fiestas-2021WEB.jpg\" \/>\n\t<meta property=\"og:image:width\" content=\"864\" \/>\n\t<meta property=\"og:image:height\" content=\"380\" \/>\n\t<meta property=\"og:image:type\" content=\"image\/jpeg\" \/>\n<meta name=\"author\" content=\"Juan\" \/>\n<meta name=\"twitter:card\" content=\"summary_large_image\" \/>\n<meta name=\"twitter:label1\" content=\"Escrito por\" \/>\n\t<meta name=\"twitter:data1\" content=\"Juan\" \/>\n\t<meta name=\"twitter:label2\" content=\"Tiempo de lectura\" \/>\n\t<meta name=\"twitter:data2\" content=\"2 minutos\" \/>\n<script type=\"application\/ld+json\" class=\"yoast-schema-graph\">{\"@context\":\"https:\\\/\\\/schema.org\",\"@graph\":[{\"@type\":\"Article\",\"@id\":\"https:\\\/\\\/www.caudete.org\\\/ayuntamiento\\\/hoy-dia-5-a-las-2330-h-comienza-la-emision-de-radio-otras-fiestas-ficccionadas\\\/#article\",\"isPartOf\":{\"@id\":\"https:\\\/\\\/www.caudete.org\\\/ayuntamiento\\\/hoy-dia-5-a-las-2330-h-comienza-la-emision-de-radio-otras-fiestas-ficccionadas\\\/\"},\"author\":{\"name\":\"Juan\",\"@id\":\"https:\\\/\\\/www.caudete.org\\\/ayuntamiento\\\/#\\\/schema\\\/person\\\/7656a5bb58fca95b9814e940de0fda63\"},\"headline\":\"Hoy d\u00eda 5 a las 23:30 h. comienza la emisi\u00f3n de radio \u201cOTRAS FIESTAS 2021\u201d\",\"datePublished\":\"2021-09-05T10:34:41+00:00\",\"dateModified\":\"2021-09-05T19:58:00+00:00\",\"mainEntityOfPage\":{\"@id\":\"https:\\\/\\\/www.caudete.org\\\/ayuntamiento\\\/hoy-dia-5-a-las-2330-h-comienza-la-emision-de-radio-otras-fiestas-ficccionadas\\\/\"},\"wordCount\":364,\"image\":{\"@id\":\"https:\\\/\\\/www.caudete.org\\\/ayuntamiento\\\/hoy-dia-5-a-las-2330-h-comienza-la-emision-de-radio-otras-fiestas-ficccionadas\\\/#primaryimage\"},\"thumbnailUrl\":\"https:\\\/\\\/www.caudete.org\\\/ayuntamiento\\\/wp-content\\\/uploads\\\/2021\\\/09\\\/Otras-Fiestas-2021WEB.jpg\",\"keywords\":[\"Moros y Cristianos\",\"Otras fiestas ficcionadas\"],\"articleSection\":[\"Fiestas\"],\"inLanguage\":\"es\"},{\"@type\":\"WebPage\",\"@id\":\"https:\\\/\\\/www.caudete.org\\\/ayuntamiento\\\/hoy-dia-5-a-las-2330-h-comienza-la-emision-de-radio-otras-fiestas-ficccionadas\\\/\",\"url\":\"https:\\\/\\\/www.caudete.org\\\/ayuntamiento\\\/hoy-dia-5-a-las-2330-h-comienza-la-emision-de-radio-otras-fiestas-ficccionadas\\\/\",\"name\":\"Hoy d\u00eda 5 a las 23:30 h. comienza la emisi\u00f3n de radio \u201cOTRAS FIESTAS 2021\u201d - MI Ayuntamiento de Caudete\",\"isPartOf\":{\"@id\":\"https:\\\/\\\/www.caudete.org\\\/ayuntamiento\\\/#website\"},\"primaryImageOfPage\":{\"@id\":\"https:\\\/\\\/www.caudete.org\\\/ayuntamiento\\\/hoy-dia-5-a-las-2330-h-comienza-la-emision-de-radio-otras-fiestas-ficccionadas\\\/#primaryimage\"},\"image\":{\"@id\":\"https:\\\/\\\/www.caudete.org\\\/ayuntamiento\\\/hoy-dia-5-a-las-2330-h-comienza-la-emision-de-radio-otras-fiestas-ficccionadas\\\/#primaryimage\"},\"thumbnailUrl\":\"https:\\\/\\\/www.caudete.org\\\/ayuntamiento\\\/wp-content\\\/uploads\\\/2021\\\/09\\\/Otras-Fiestas-2021WEB.jpg\",\"datePublished\":\"2021-09-05T10:34:41+00:00\",\"dateModified\":\"2021-09-05T19:58:00+00:00\",\"author\":{\"@id\":\"https:\\\/\\\/www.caudete.org\\\/ayuntamiento\\\/#\\\/schema\\\/person\\\/7656a5bb58fca95b9814e940de0fda63\"},\"description\":\"P\u00e1gina Oficial del Ayuntamiento de Caudete (Albacete)\",\"breadcrumb\":{\"@id\":\"https:\\\/\\\/www.caudete.org\\\/ayuntamiento\\\/hoy-dia-5-a-las-2330-h-comienza-la-emision-de-radio-otras-fiestas-ficccionadas\\\/#breadcrumb\"},\"inLanguage\":\"es\",\"potentialAction\":[{\"@type\":\"ReadAction\",\"target\":[\"https:\\\/\\\/www.caudete.org\\\/ayuntamiento\\\/hoy-dia-5-a-las-2330-h-comienza-la-emision-de-radio-otras-fiestas-ficccionadas\\\/\"]}]},{\"@type\":\"ImageObject\",\"inLanguage\":\"es\",\"@id\":\"https:\\\/\\\/www.caudete.org\\\/ayuntamiento\\\/hoy-dia-5-a-las-2330-h-comienza-la-emision-de-radio-otras-fiestas-ficccionadas\\\/#primaryimage\",\"url\":\"https:\\\/\\\/www.caudete.org\\\/ayuntamiento\\\/wp-content\\\/uploads\\\/2021\\\/09\\\/Otras-Fiestas-2021WEB.jpg\",\"contentUrl\":\"https:\\\/\\\/www.caudete.org\\\/ayuntamiento\\\/wp-content\\\/uploads\\\/2021\\\/09\\\/Otras-Fiestas-2021WEB.jpg\",\"width\":864,\"height\":380},{\"@type\":\"BreadcrumbList\",\"@id\":\"https:\\\/\\\/www.caudete.org\\\/ayuntamiento\\\/hoy-dia-5-a-las-2330-h-comienza-la-emision-de-radio-otras-fiestas-ficccionadas\\\/#breadcrumb\",\"itemListElement\":[{\"@type\":\"ListItem\",\"position\":1,\"name\":\"Inicio\",\"item\":\"https:\\\/\\\/www.caudete.org\\\/ayuntamiento\\\/\"},{\"@type\":\"ListItem\",\"position\":2,\"name\":\"Hoy d\u00eda 5 a las 23:30 h. comienza la emisi\u00f3n de radio \u201cOTRAS FIESTAS 2021\u201d\"}]},{\"@type\":\"WebSite\",\"@id\":\"https:\\\/\\\/www.caudete.org\\\/ayuntamiento\\\/#website\",\"url\":\"https:\\\/\\\/www.caudete.org\\\/ayuntamiento\\\/\",\"name\":\"MI Ayuntamiento de Caudete\",\"description\":\"P\u00e1gina Oficial del MI Ayuntamiento de Caudete\",\"potentialAction\":[{\"@type\":\"SearchAction\",\"target\":{\"@type\":\"EntryPoint\",\"urlTemplate\":\"https:\\\/\\\/www.caudete.org\\\/ayuntamiento\\\/?s={search_term_string}\"},\"query-input\":{\"@type\":\"PropertyValueSpecification\",\"valueRequired\":true,\"valueName\":\"search_term_string\"}}],\"inLanguage\":\"es\"},{\"@type\":\"Person\",\"@id\":\"https:\\\/\\\/www.caudete.org\\\/ayuntamiento\\\/#\\\/schema\\\/person\\\/7656a5bb58fca95b9814e940de0fda63\",\"name\":\"Juan\",\"image\":{\"@type\":\"ImageObject\",\"inLanguage\":\"es\",\"@id\":\"https:\\\/\\\/secure.gravatar.com\\\/avatar\\\/dd53e51c0cd6ab23f52d4f3e4f1c59730240727763de3dbbf26750b079a2c292?s=96&d=mm&r=g\",\"url\":\"https:\\\/\\\/secure.gravatar.com\\\/avatar\\\/dd53e51c0cd6ab23f52d4f3e4f1c59730240727763de3dbbf26750b079a2c292?s=96&d=mm&r=g\",\"contentUrl\":\"https:\\\/\\\/secure.gravatar.com\\\/avatar\\\/dd53e51c0cd6ab23f52d4f3e4f1c59730240727763de3dbbf26750b079a2c292?s=96&d=mm&r=g\",\"caption\":\"Juan\"},\"url\":\"https:\\\/\\\/www.caudete.org\\\/ayuntamiento\\\/author\\\/centrodeinternet\\\/\"}]}<\/script>\n<!-- \/ Yoast SEO plugin. -->","yoast_head_json":{"title":"Hoy d\u00eda 5 a las 23:30 h. comienza la emisi\u00f3n de radio \u201cOTRAS FIESTAS 2021\u201d - MI Ayuntamiento de Caudete","description":"P\u00e1gina Oficial del Ayuntamiento de Caudete (Albacete)","robots":{"index":"index","follow":"follow","max-snippet":"max-snippet:-1","max-image-preview":"max-image-preview:large","max-video-preview":"max-video-preview:-1"},"canonical":"https:\/\/www.caudete.org\/ayuntamiento\/hoy-dia-5-a-las-2330-h-comienza-la-emision-de-radio-otras-fiestas-ficccionadas\/","og_locale":"es_ES","og_type":"article","og_title":"Hoy d\u00eda 5 a las 23:30 h. comienza la emisi\u00f3n de radio \u201cOTRAS FIESTAS 2021\u201d - MI Ayuntamiento de Caudete","og_description":"P\u00e1gina Oficial del Ayuntamiento de Caudete (Albacete)","og_url":"https:\/\/www.caudete.org\/ayuntamiento\/hoy-dia-5-a-las-2330-h-comienza-la-emision-de-radio-otras-fiestas-ficccionadas\/","og_site_name":"MI Ayuntamiento de Caudete","article_publisher":"https:\/\/www.facebook.com\/ayuntamientocaudete\/","article_published_time":"2021-09-05T10:34:41+00:00","article_modified_time":"2021-09-05T19:58:00+00:00","og_image":[{"width":864,"height":380,"url":"https:\/\/www.caudete.org\/ayuntamiento\/wp-content\/uploads\/2021\/09\/Otras-Fiestas-2021WEB.jpg","type":"image\/jpeg"}],"author":"Juan","twitter_card":"summary_large_image","twitter_misc":{"Escrito por":"Juan","Tiempo de lectura":"2 minutos"},"schema":{"@context":"https:\/\/schema.org","@graph":[{"@type":"Article","@id":"https:\/\/www.caudete.org\/ayuntamiento\/hoy-dia-5-a-las-2330-h-comienza-la-emision-de-radio-otras-fiestas-ficccionadas\/#article","isPartOf":{"@id":"https:\/\/www.caudete.org\/ayuntamiento\/hoy-dia-5-a-las-2330-h-comienza-la-emision-de-radio-otras-fiestas-ficccionadas\/"},"author":{"name":"Juan","@id":"https:\/\/www.caudete.org\/ayuntamiento\/#\/schema\/person\/7656a5bb58fca95b9814e940de0fda63"},"headline":"Hoy d\u00eda 5 a las 23:30 h. comienza la emisi\u00f3n de radio \u201cOTRAS FIESTAS 2021\u201d","datePublished":"2021-09-05T10:34:41+00:00","dateModified":"2021-09-05T19:58:00+00:00","mainEntityOfPage":{"@id":"https:\/\/www.caudete.org\/ayuntamiento\/hoy-dia-5-a-las-2330-h-comienza-la-emision-de-radio-otras-fiestas-ficccionadas\/"},"wordCount":364,"image":{"@id":"https:\/\/www.caudete.org\/ayuntamiento\/hoy-dia-5-a-las-2330-h-comienza-la-emision-de-radio-otras-fiestas-ficccionadas\/#primaryimage"},"thumbnailUrl":"https:\/\/www.caudete.org\/ayuntamiento\/wp-content\/uploads\/2021\/09\/Otras-Fiestas-2021WEB.jpg","keywords":["Moros y Cristianos","Otras fiestas ficcionadas"],"articleSection":["Fiestas"],"inLanguage":"es"},{"@type":"WebPage","@id":"https:\/\/www.caudete.org\/ayuntamiento\/hoy-dia-5-a-las-2330-h-comienza-la-emision-de-radio-otras-fiestas-ficccionadas\/","url":"https:\/\/www.caudete.org\/ayuntamiento\/hoy-dia-5-a-las-2330-h-comienza-la-emision-de-radio-otras-fiestas-ficccionadas\/","name":"Hoy d\u00eda 5 a las 23:30 h. comienza la emisi\u00f3n de radio \u201cOTRAS FIESTAS 2021\u201d - MI Ayuntamiento de Caudete","isPartOf":{"@id":"https:\/\/www.caudete.org\/ayuntamiento\/#website"},"primaryImageOfPage":{"@id":"https:\/\/www.caudete.org\/ayuntamiento\/hoy-dia-5-a-las-2330-h-comienza-la-emision-de-radio-otras-fiestas-ficccionadas\/#primaryimage"},"image":{"@id":"https:\/\/www.caudete.org\/ayuntamiento\/hoy-dia-5-a-las-2330-h-comienza-la-emision-de-radio-otras-fiestas-ficccionadas\/#primaryimage"},"thumbnailUrl":"https:\/\/www.caudete.org\/ayuntamiento\/wp-content\/uploads\/2021\/09\/Otras-Fiestas-2021WEB.jpg","datePublished":"2021-09-05T10:34:41+00:00","dateModified":"2021-09-05T19:58:00+00:00","author":{"@id":"https:\/\/www.caudete.org\/ayuntamiento\/#\/schema\/person\/7656a5bb58fca95b9814e940de0fda63"},"description":"P\u00e1gina Oficial del Ayuntamiento de Caudete (Albacete)","breadcrumb":{"@id":"https:\/\/www.caudete.org\/ayuntamiento\/hoy-dia-5-a-las-2330-h-comienza-la-emision-de-radio-otras-fiestas-ficccionadas\/#breadcrumb"},"inLanguage":"es","potentialAction":[{"@type":"ReadAction","target":["https:\/\/www.caudete.org\/ayuntamiento\/hoy-dia-5-a-las-2330-h-comienza-la-emision-de-radio-otras-fiestas-ficccionadas\/"]}]},{"@type":"ImageObject","inLanguage":"es","@id":"https:\/\/www.caudete.org\/ayuntamiento\/hoy-dia-5-a-las-2330-h-comienza-la-emision-de-radio-otras-fiestas-ficccionadas\/#primaryimage","url":"https:\/\/www.caudete.org\/ayuntamiento\/wp-content\/uploads\/2021\/09\/Otras-Fiestas-2021WEB.jpg","contentUrl":"https:\/\/www.caudete.org\/ayuntamiento\/wp-content\/uploads\/2021\/09\/Otras-Fiestas-2021WEB.jpg","width":864,"height":380},{"@type":"BreadcrumbList","@id":"https:\/\/www.caudete.org\/ayuntamiento\/hoy-dia-5-a-las-2330-h-comienza-la-emision-de-radio-otras-fiestas-ficccionadas\/#breadcrumb","itemListElement":[{"@type":"ListItem","position":1,"name":"Inicio","item":"https:\/\/www.caudete.org\/ayuntamiento\/"},{"@type":"ListItem","position":2,"name":"Hoy d\u00eda 5 a las 23:30 h. comienza la emisi\u00f3n de radio \u201cOTRAS FIESTAS 2021\u201d"}]},{"@type":"WebSite","@id":"https:\/\/www.caudete.org\/ayuntamiento\/#website","url":"https:\/\/www.caudete.org\/ayuntamiento\/","name":"MI Ayuntamiento de Caudete","description":"P\u00e1gina Oficial del MI Ayuntamiento de Caudete","potentialAction":[{"@type":"SearchAction","target":{"@type":"EntryPoint","urlTemplate":"https:\/\/www.caudete.org\/ayuntamiento\/?s={search_term_string}"},"query-input":{"@type":"PropertyValueSpecification","valueRequired":true,"valueName":"search_term_string"}}],"inLanguage":"es"},{"@type":"Person","@id":"https:\/\/www.caudete.org\/ayuntamiento\/#\/schema\/person\/7656a5bb58fca95b9814e940de0fda63","name":"Juan","image":{"@type":"ImageObject","inLanguage":"es","@id":"https:\/\/secure.gravatar.com\/avatar\/dd53e51c0cd6ab23f52d4f3e4f1c59730240727763de3dbbf26750b079a2c292?s=96&d=mm&r=g","url":"https:\/\/secure.gravatar.com\/avatar\/dd53e51c0cd6ab23f52d4f3e4f1c59730240727763de3dbbf26750b079a2c292?s=96&d=mm&r=g","contentUrl":"https:\/\/secure.gravatar.com\/avatar\/dd53e51c0cd6ab23f52d4f3e4f1c59730240727763de3dbbf26750b079a2c292?s=96&d=mm&r=g","caption":"Juan"},"url":"https:\/\/www.caudete.org\/ayuntamiento\/author\/centrodeinternet\/"}]}},"_links":{"self":[{"href":"https:\/\/www.caudete.org\/ayuntamiento\/wp-json\/wp\/v2\/posts\/16001","targetHints":{"allow":["GET"]}}],"collection":[{"href":"https:\/\/www.caudete.org\/ayuntamiento\/wp-json\/wp\/v2\/posts"}],"about":[{"href":"https:\/\/www.caudete.org\/ayuntamiento\/wp-json\/wp\/v2\/types\/post"}],"author":[{"embeddable":true,"href":"https:\/\/www.caudete.org\/ayuntamiento\/wp-json\/wp\/v2\/users\/2"}],"replies":[{"embeddable":true,"href":"https:\/\/www.caudete.org\/ayuntamiento\/wp-json\/wp\/v2\/comments?post=16001"}],"version-history":[{"count":16,"href":"https:\/\/www.caudete.org\/ayuntamiento\/wp-json\/wp\/v2\/posts\/16001\/revisions"}],"predecessor-version":[{"id":16024,"href":"https:\/\/www.caudete.org\/ayuntamiento\/wp-json\/wp\/v2\/posts\/16001\/revisions\/16024"}],"wp:featuredmedia":[{"embeddable":true,"href":"https:\/\/www.caudete.org\/ayuntamiento\/wp-json\/wp\/v2\/media\/16021"}],"wp:attachment":[{"href":"https:\/\/www.caudete.org\/ayuntamiento\/wp-json\/wp\/v2\/media?parent=16001"}],"wp:term":[{"taxonomy":"category","embeddable":true,"href":"https:\/\/www.caudete.org\/ayuntamiento\/wp-json\/wp\/v2\/categories?post=16001"},{"taxonomy":"post_tag","embeddable":true,"href":"https:\/\/www.caudete.org\/ayuntamiento\/wp-json\/wp\/v2\/tags?post=16001"}],"curies":[{"name":"wp","href":"https:\/\/api.w.org\/{rel}","templated":true}]}}