{"id":16025,"date":"2021-09-07T08:01:34","date_gmt":"2021-09-07T06:01:34","guid":{"rendered":"https:\/\/www.caudete.org\/ayuntamiento\/?p=16025"},"modified":"2021-09-07T08:02:08","modified_gmt":"2021-09-07T06:02:08","slug":"caudete-rendira-homenaje-esta-tarde-a-sus-caudetanos-centenarios","status":"publish","type":"post","link":"https:\/\/www.caudete.org\/ayuntamiento\/caudete-rendira-homenaje-esta-tarde-a-sus-caudetanos-centenarios\/","title":{"rendered":"Caudete rendir\u00e1 homenaje esta tarde a sus caudetanos centenarios"},"content":{"rendered":"<p style=\"text-align: justify;\">La Junta de Gobierno Local celebrada el pasado viernes respaldaba la propuesta de Alcald\u00eda de realizar homenaje y reconocimiento p\u00fablico a aquellos caudetanos que celebran su 100 cumplea\u00f1os.<\/p>\n<p style=\"text-align: justify;\">Estos se realizar\u00e1n a los pies de Nuestra Patrona, la Virgen de Gracia, una vez haya finalizado la Novena y Misa programada para est tarde, 7 de septiembre, en la Iglesia Parroquial de Santa Catalina a las 19:30h.<\/p>\n<p style=\"text-align: justify;\">Habitualmente, este tipo de reconocimiento se ha estado englobando en el marco de las Fiestas Patronales, siendo la ma\u00f1ana del 6 de septiembre y a las puertas del Ayuntamiento el d\u00eda y lugar escogidos.<\/p>\n<p style=\"text-align: justify;\">Ante la suspensi\u00f3n de Fiestas el pasado a\u00f1o, y debido a la delicada situaci\u00f3n, el acto qued\u00f3 pospuesto, y este a\u00f1o, a pesar de no celebrarse las Fiestas, el Gobierno Municipal ha estimado oportuno proceder a realizar este merecido reconocimiento y felicitaci\u00f3n del pueblo caudetano a sus ciudadanos m\u00e1s longevos.<\/p>\n","protected":false},"excerpt":{"rendered":"<p>La Junta de Gobierno Local celebrada el pasado viernes respaldaba la propuesta de Alcald\u00eda de realizar homenaje y reconocimiento p\u00fablico a aquellos caudetanos que celebran su 100 cumplea\u00f1os. Estos se realizar\u00e1n a los pies de Nuestra Patrona, la Virgen de Gracia, una vez haya finalizado la Novena y Misa programada para est tarde, 7 de &hellip;<\/p>\n","protected":false},"author":3,"featured_media":16026,"comment_status":"closed","ping_status":"open","sticky":false,"template":"","format":"standard","meta":{"ngg_post_thumbnail":0,"footnotes":""},"categories":[20],"tags":[],"class_list":["post-16025","post","type-post","status-publish","format-standard","has-post-thumbnail","hentry","category-ayuntamiento"],"yoast_head":"<!-- This site is optimized with the Yoast SEO plugin v27.5 - https:\/\/yoast.com\/product\/yoast-seo-wordpress\/ -->\n<title>Caudete rendir\u00e1 homenaje esta tarde a sus caudetanos centenarios - MI Ayuntamiento de Caudete<\/title>\n<meta name=\"description\" content=\"P\u00e1gina Oficial del Ayuntamiento de Caudete (Albacete)\" \/>\n<meta name=\"robots\" content=\"index, follow, max-snippet:-1, max-image-preview:large, max-video-preview:-1\" \/>\n<link rel=\"canonical\" href=\"https:\/\/www.caudete.org\/ayuntamiento\/caudete-rendira-homenaje-esta-tarde-a-sus-caudetanos-centenarios\/\" \/>\n<meta property=\"og:locale\" content=\"es_ES\" \/>\n<meta property=\"og:type\" content=\"article\" \/>\n<meta property=\"og:title\" content=\"Caudete rendir\u00e1 homenaje esta tarde a sus caudetanos centenarios - MI Ayuntamiento de Caudete\" \/>\n<meta property=\"og:description\" content=\"P\u00e1gina Oficial del Ayuntamiento de Caudete (Albacete)\" \/>\n<meta property=\"og:url\" content=\"https:\/\/www.caudete.org\/ayuntamiento\/caudete-rendira-homenaje-esta-tarde-a-sus-caudetanos-centenarios\/\" \/>\n<meta property=\"og:site_name\" content=\"MI Ayuntamiento de Caudete\" \/>\n<meta property=\"article:publisher\" content=\"https:\/\/www.facebook.com\/ayuntamientocaudete\/\" \/>\n<meta property=\"article:published_time\" content=\"2021-09-07T06:01:34+00:00\" \/>\n<meta property=\"article:modified_time\" content=\"2021-09-07T06:02:08+00:00\" \/>\n<meta property=\"og:image\" content=\"https:\/\/www.caudete.org\/ayuntamiento\/wp-content\/uploads\/2021\/09\/IMG_20210907_074545.jpg\" \/>\n\t<meta property=\"og:image:width\" content=\"732\" \/>\n\t<meta property=\"og:image:height\" content=\"496\" \/>\n\t<meta property=\"og:image:type\" content=\"image\/jpeg\" \/>\n<meta name=\"author\" content=\"alcalde\" \/>\n<meta name=\"twitter:card\" content=\"summary_large_image\" \/>\n<meta name=\"twitter:label1\" content=\"Escrito por\" \/>\n\t<meta name=\"twitter:data1\" content=\"alcalde\" \/>\n\t<meta name=\"twitter:label2\" content=\"Tiempo de lectura\" \/>\n\t<meta name=\"twitter:data2\" content=\"1 minuto\" \/>\n<script type=\"application\/ld+json\" class=\"yoast-schema-graph\">{\"@context\":\"https:\\\/\\\/schema.org\",\"@graph\":[{\"@type\":\"Article\",\"@id\":\"https:\\\/\\\/www.caudete.org\\\/ayuntamiento\\\/caudete-rendira-homenaje-esta-tarde-a-sus-caudetanos-centenarios\\\/#article\",\"isPartOf\":{\"@id\":\"https:\\\/\\\/www.caudete.org\\\/ayuntamiento\\\/caudete-rendira-homenaje-esta-tarde-a-sus-caudetanos-centenarios\\\/\"},\"author\":{\"name\":\"alcalde\",\"@id\":\"https:\\\/\\\/www.caudete.org\\\/ayuntamiento\\\/#\\\/schema\\\/person\\\/cc646da9133078ee4d8dd47457947253\"},\"headline\":\"Caudete rendir\u00e1 homenaje esta tarde a sus caudetanos centenarios\",\"datePublished\":\"2021-09-07T06:01:34+00:00\",\"dateModified\":\"2021-09-07T06:02:08+00:00\",\"mainEntityOfPage\":{\"@id\":\"https:\\\/\\\/www.caudete.org\\\/ayuntamiento\\\/caudete-rendira-homenaje-esta-tarde-a-sus-caudetanos-centenarios\\\/\"},\"wordCount\":168,\"image\":{\"@id\":\"https:\\\/\\\/www.caudete.org\\\/ayuntamiento\\\/caudete-rendira-homenaje-esta-tarde-a-sus-caudetanos-centenarios\\\/#primaryimage\"},\"thumbnailUrl\":\"https:\\\/\\\/www.caudete.org\\\/ayuntamiento\\\/wp-content\\\/uploads\\\/2021\\\/09\\\/IMG_20210907_074545.jpg\",\"articleSection\":[\"Ayuntamiento\"],\"inLanguage\":\"es\"},{\"@type\":\"WebPage\",\"@id\":\"https:\\\/\\\/www.caudete.org\\\/ayuntamiento\\\/caudete-rendira-homenaje-esta-tarde-a-sus-caudetanos-centenarios\\\/\",\"url\":\"https:\\\/\\\/www.caudete.org\\\/ayuntamiento\\\/caudete-rendira-homenaje-esta-tarde-a-sus-caudetanos-centenarios\\\/\",\"name\":\"Caudete rendir\u00e1 homenaje esta tarde a sus caudetanos centenarios - MI Ayuntamiento de Caudete\",\"isPartOf\":{\"@id\":\"https:\\\/\\\/www.caudete.org\\\/ayuntamiento\\\/#website\"},\"primaryImageOfPage\":{\"@id\":\"https:\\\/\\\/www.caudete.org\\\/ayuntamiento\\\/caudete-rendira-homenaje-esta-tarde-a-sus-caudetanos-centenarios\\\/#primaryimage\"},\"image\":{\"@id\":\"https:\\\/\\\/www.caudete.org\\\/ayuntamiento\\\/caudete-rendira-homenaje-esta-tarde-a-sus-caudetanos-centenarios\\\/#primaryimage\"},\"thumbnailUrl\":\"https:\\\/\\\/www.caudete.org\\\/ayuntamiento\\\/wp-content\\\/uploads\\\/2021\\\/09\\\/IMG_20210907_074545.jpg\",\"datePublished\":\"2021-09-07T06:01:34+00:00\",\"dateModified\":\"2021-09-07T06:02:08+00:00\",\"author\":{\"@id\":\"https:\\\/\\\/www.caudete.org\\\/ayuntamiento\\\/#\\\/schema\\\/person\\\/cc646da9133078ee4d8dd47457947253\"},\"description\":\"P\u00e1gina Oficial del Ayuntamiento de Caudete (Albacete)\",\"breadcrumb\":{\"@id\":\"https:\\\/\\\/www.caudete.org\\\/ayuntamiento\\\/caudete-rendira-homenaje-esta-tarde-a-sus-caudetanos-centenarios\\\/#breadcrumb\"},\"inLanguage\":\"es\",\"potentialAction\":[{\"@type\":\"ReadAction\",\"target\":[\"https:\\\/\\\/www.caudete.org\\\/ayuntamiento\\\/caudete-rendira-homenaje-esta-tarde-a-sus-caudetanos-centenarios\\\/\"]}]},{\"@type\":\"ImageObject\",\"inLanguage\":\"es\",\"@id\":\"https:\\\/\\\/www.caudete.org\\\/ayuntamiento\\\/caudete-rendira-homenaje-esta-tarde-a-sus-caudetanos-centenarios\\\/#primaryimage\",\"url\":\"https:\\\/\\\/www.caudete.org\\\/ayuntamiento\\\/wp-content\\\/uploads\\\/2021\\\/09\\\/IMG_20210907_074545.jpg\",\"contentUrl\":\"https:\\\/\\\/www.caudete.org\\\/ayuntamiento\\\/wp-content\\\/uploads\\\/2021\\\/09\\\/IMG_20210907_074545.jpg\",\"width\":732,\"height\":496},{\"@type\":\"BreadcrumbList\",\"@id\":\"https:\\\/\\\/www.caudete.org\\\/ayuntamiento\\\/caudete-rendira-homenaje-esta-tarde-a-sus-caudetanos-centenarios\\\/#breadcrumb\",\"itemListElement\":[{\"@type\":\"ListItem\",\"position\":1,\"name\":\"Inicio\",\"item\":\"https:\\\/\\\/www.caudete.org\\\/ayuntamiento\\\/\"},{\"@type\":\"ListItem\",\"position\":2,\"name\":\"Caudete rendir\u00e1 homenaje esta tarde a sus caudetanos centenarios\"}]},{\"@type\":\"WebSite\",\"@id\":\"https:\\\/\\\/www.caudete.org\\\/ayuntamiento\\\/#website\",\"url\":\"https:\\\/\\\/www.caudete.org\\\/ayuntamiento\\\/\",\"name\":\"MI Ayuntamiento de Caudete\",\"description\":\"P\u00e1gina Oficial del MI Ayuntamiento de Caudete\",\"potentialAction\":[{\"@type\":\"SearchAction\",\"target\":{\"@type\":\"EntryPoint\",\"urlTemplate\":\"https:\\\/\\\/www.caudete.org\\\/ayuntamiento\\\/?s={search_term_string}\"},\"query-input\":{\"@type\":\"PropertyValueSpecification\",\"valueRequired\":true,\"valueName\":\"search_term_string\"}}],\"inLanguage\":\"es\"},{\"@type\":\"Person\",\"@id\":\"https:\\\/\\\/www.caudete.org\\\/ayuntamiento\\\/#\\\/schema\\\/person\\\/cc646da9133078ee4d8dd47457947253\",\"name\":\"alcalde\",\"image\":{\"@type\":\"ImageObject\",\"inLanguage\":\"es\",\"@id\":\"https:\\\/\\\/secure.gravatar.com\\\/avatar\\\/84a817ba065b29ff08d666b215a215f5c79186a645ccb25b14a663d48a130f77?s=96&d=mm&r=g\",\"url\":\"https:\\\/\\\/secure.gravatar.com\\\/avatar\\\/84a817ba065b29ff08d666b215a215f5c79186a645ccb25b14a663d48a130f77?s=96&d=mm&r=g\",\"contentUrl\":\"https:\\\/\\\/secure.gravatar.com\\\/avatar\\\/84a817ba065b29ff08d666b215a215f5c79186a645ccb25b14a663d48a130f77?s=96&d=mm&r=g\",\"caption\":\"alcalde\"},\"url\":\"https:\\\/\\\/www.caudete.org\\\/ayuntamiento\\\/author\\\/alcalde\\\/\"}]}<\/script>\n<!-- \/ Yoast SEO plugin. -->","yoast_head_json":{"title":"Caudete rendir\u00e1 homenaje esta tarde a sus caudetanos centenarios - MI Ayuntamiento de Caudete","description":"P\u00e1gina Oficial del Ayuntamiento de Caudete (Albacete)","robots":{"index":"index","follow":"follow","max-snippet":"max-snippet:-1","max-image-preview":"max-image-preview:large","max-video-preview":"max-video-preview:-1"},"canonical":"https:\/\/www.caudete.org\/ayuntamiento\/caudete-rendira-homenaje-esta-tarde-a-sus-caudetanos-centenarios\/","og_locale":"es_ES","og_type":"article","og_title":"Caudete rendir\u00e1 homenaje esta tarde a sus caudetanos centenarios - MI Ayuntamiento de Caudete","og_description":"P\u00e1gina Oficial del Ayuntamiento de Caudete (Albacete)","og_url":"https:\/\/www.caudete.org\/ayuntamiento\/caudete-rendira-homenaje-esta-tarde-a-sus-caudetanos-centenarios\/","og_site_name":"MI Ayuntamiento de Caudete","article_publisher":"https:\/\/www.facebook.com\/ayuntamientocaudete\/","article_published_time":"2021-09-07T06:01:34+00:00","article_modified_time":"2021-09-07T06:02:08+00:00","og_image":[{"width":732,"height":496,"url":"https:\/\/www.caudete.org\/ayuntamiento\/wp-content\/uploads\/2021\/09\/IMG_20210907_074545.jpg","type":"image\/jpeg"}],"author":"alcalde","twitter_card":"summary_large_image","twitter_misc":{"Escrito por":"alcalde","Tiempo de lectura":"1 minuto"},"schema":{"@context":"https:\/\/schema.org","@graph":[{"@type":"Article","@id":"https:\/\/www.caudete.org\/ayuntamiento\/caudete-rendira-homenaje-esta-tarde-a-sus-caudetanos-centenarios\/#article","isPartOf":{"@id":"https:\/\/www.caudete.org\/ayuntamiento\/caudete-rendira-homenaje-esta-tarde-a-sus-caudetanos-centenarios\/"},"author":{"name":"alcalde","@id":"https:\/\/www.caudete.org\/ayuntamiento\/#\/schema\/person\/cc646da9133078ee4d8dd47457947253"},"headline":"Caudete rendir\u00e1 homenaje esta tarde a sus caudetanos centenarios","datePublished":"2021-09-07T06:01:34+00:00","dateModified":"2021-09-07T06:02:08+00:00","mainEntityOfPage":{"@id":"https:\/\/www.caudete.org\/ayuntamiento\/caudete-rendira-homenaje-esta-tarde-a-sus-caudetanos-centenarios\/"},"wordCount":168,"image":{"@id":"https:\/\/www.caudete.org\/ayuntamiento\/caudete-rendira-homenaje-esta-tarde-a-sus-caudetanos-centenarios\/#primaryimage"},"thumbnailUrl":"https:\/\/www.caudete.org\/ayuntamiento\/wp-content\/uploads\/2021\/09\/IMG_20210907_074545.jpg","articleSection":["Ayuntamiento"],"inLanguage":"es"},{"@type":"WebPage","@id":"https:\/\/www.caudete.org\/ayuntamiento\/caudete-rendira-homenaje-esta-tarde-a-sus-caudetanos-centenarios\/","url":"https:\/\/www.caudete.org\/ayuntamiento\/caudete-rendira-homenaje-esta-tarde-a-sus-caudetanos-centenarios\/","name":"Caudete rendir\u00e1 homenaje esta tarde a sus caudetanos centenarios - MI Ayuntamiento de Caudete","isPartOf":{"@id":"https:\/\/www.caudete.org\/ayuntamiento\/#website"},"primaryImageOfPage":{"@id":"https:\/\/www.caudete.org\/ayuntamiento\/caudete-rendira-homenaje-esta-tarde-a-sus-caudetanos-centenarios\/#primaryimage"},"image":{"@id":"https:\/\/www.caudete.org\/ayuntamiento\/caudete-rendira-homenaje-esta-tarde-a-sus-caudetanos-centenarios\/#primaryimage"},"thumbnailUrl":"https:\/\/www.caudete.org\/ayuntamiento\/wp-content\/uploads\/2021\/09\/IMG_20210907_074545.jpg","datePublished":"2021-09-07T06:01:34+00:00","dateModified":"2021-09-07T06:02:08+00:00","author":{"@id":"https:\/\/www.caudete.org\/ayuntamiento\/#\/schema\/person\/cc646da9133078ee4d8dd47457947253"},"description":"P\u00e1gina Oficial del Ayuntamiento de Caudete (Albacete)","breadcrumb":{"@id":"https:\/\/www.caudete.org\/ayuntamiento\/caudete-rendira-homenaje-esta-tarde-a-sus-caudetanos-centenarios\/#breadcrumb"},"inLanguage":"es","potentialAction":[{"@type":"ReadAction","target":["https:\/\/www.caudete.org\/ayuntamiento\/caudete-rendira-homenaje-esta-tarde-a-sus-caudetanos-centenarios\/"]}]},{"@type":"ImageObject","inLanguage":"es","@id":"https:\/\/www.caudete.org\/ayuntamiento\/caudete-rendira-homenaje-esta-tarde-a-sus-caudetanos-centenarios\/#primaryimage","url":"https:\/\/www.caudete.org\/ayuntamiento\/wp-content\/uploads\/2021\/09\/IMG_20210907_074545.jpg","contentUrl":"https:\/\/www.caudete.org\/ayuntamiento\/wp-content\/uploads\/2021\/09\/IMG_20210907_074545.jpg","width":732,"height":496},{"@type":"BreadcrumbList","@id":"https:\/\/www.caudete.org\/ayuntamiento\/caudete-rendira-homenaje-esta-tarde-a-sus-caudetanos-centenarios\/#breadcrumb","itemListElement":[{"@type":"ListItem","position":1,"name":"Inicio","item":"https:\/\/www.caudete.org\/ayuntamiento\/"},{"@type":"ListItem","position":2,"name":"Caudete rendir\u00e1 homenaje esta tarde a sus caudetanos centenarios"}]},{"@type":"WebSite","@id":"https:\/\/www.caudete.org\/ayuntamiento\/#website","url":"https:\/\/www.caudete.org\/ayuntamiento\/","name":"MI Ayuntamiento de Caudete","description":"P\u00e1gina Oficial del MI Ayuntamiento de Caudete","potentialAction":[{"@type":"SearchAction","target":{"@type":"EntryPoint","urlTemplate":"https:\/\/www.caudete.org\/ayuntamiento\/?s={search_term_string}"},"query-input":{"@type":"PropertyValueSpecification","valueRequired":true,"valueName":"search_term_string"}}],"inLanguage":"es"},{"@type":"Person","@id":"https:\/\/www.caudete.org\/ayuntamiento\/#\/schema\/person\/cc646da9133078ee4d8dd47457947253","name":"alcalde","image":{"@type":"ImageObject","inLanguage":"es","@id":"https:\/\/secure.gravatar.com\/avatar\/84a817ba065b29ff08d666b215a215f5c79186a645ccb25b14a663d48a130f77?s=96&d=mm&r=g","url":"https:\/\/secure.gravatar.com\/avatar\/84a817ba065b29ff08d666b215a215f5c79186a645ccb25b14a663d48a130f77?s=96&d=mm&r=g","contentUrl":"https:\/\/secure.gravatar.com\/avatar\/84a817ba065b29ff08d666b215a215f5c79186a645ccb25b14a663d48a130f77?s=96&d=mm&r=g","caption":"alcalde"},"url":"https:\/\/www.caudete.org\/ayuntamiento\/author\/alcalde\/"}]}},"_links":{"self":[{"href":"https:\/\/www.caudete.org\/ayuntamiento\/wp-json\/wp\/v2\/posts\/16025","targetHints":{"allow":["GET"]}}],"collection":[{"href":"https:\/\/www.caudete.org\/ayuntamiento\/wp-json\/wp\/v2\/posts"}],"about":[{"href":"https:\/\/www.caudete.org\/ayuntamiento\/wp-json\/wp\/v2\/types\/post"}],"author":[{"embeddable":true,"href":"https:\/\/www.caudete.org\/ayuntamiento\/wp-json\/wp\/v2\/users\/3"}],"replies":[{"embeddable":true,"href":"https:\/\/www.caudete.org\/ayuntamiento\/wp-json\/wp\/v2\/comments?post=16025"}],"version-history":[{"count":2,"href":"https:\/\/www.caudete.org\/ayuntamiento\/wp-json\/wp\/v2\/posts\/16025\/revisions"}],"predecessor-version":[{"id":29902,"href":"https:\/\/www.caudete.org\/ayuntamiento\/wp-json\/wp\/v2\/posts\/16025\/revisions\/29902"}],"wp:featuredmedia":[{"embeddable":true,"href":"https:\/\/www.caudete.org\/ayuntamiento\/wp-json\/wp\/v2\/media\/16026"}],"wp:attachment":[{"href":"https:\/\/www.caudete.org\/ayuntamiento\/wp-json\/wp\/v2\/media?parent=16025"}],"wp:term":[{"taxonomy":"category","embeddable":true,"href":"https:\/\/www.caudete.org\/ayuntamiento\/wp-json\/wp\/v2\/categories?post=16025"},{"taxonomy":"post_tag","embeddable":true,"href":"https:\/\/www.caudete.org\/ayuntamiento\/wp-json\/wp\/v2\/tags?post=16025"}],"curies":[{"name":"wp","href":"https:\/\/api.w.org\/{rel}","templated":true}]}}