{"id":16034,"date":"2021-09-07T09:59:46","date_gmt":"2021-09-07T07:59:46","guid":{"rendered":"https:\/\/www.caudete.org\/ayuntamiento\/?p=16034"},"modified":"2021-09-07T09:59:46","modified_gmt":"2021-09-07T07:59:46","slug":"diana-musical-misa-mascleta-y-fuegos-artificiales-para-celebrar-el-dia-de-la-virgen","status":"publish","type":"post","link":"https:\/\/www.caudete.org\/ayuntamiento\/diana-musical-misa-mascleta-y-fuegos-artificiales-para-celebrar-el-dia-de-la-virgen\/","title":{"rendered":"Diana Musical, Misa, Masclet\u00e1 y Fuegos Artificiales para celebrar el d\u00eda de la Virgen"},"content":{"rendered":"<p style=\"text-align: justify;\">En esta at\u00edpica ma\u00f1ana del 7 de Septiembre, la Sala de Prensa del Ayuntamiento de Caudete acog\u00eda las declaraciones del Alcalde Mois\u00e9s L\u00f3pez y de la Concejal de Fiestas, M\u00aa del Mar Requena, para anunciar los actos preparados para ma\u00f1ana 8 de Septiembre, festividad de Ntra.Sra.de Gracia, Patrona de la Villa de Caudete.<\/p>\n<p style=\"text-align: justify;\">El d\u00eda arrancar\u00e1 con una <strong>Diana Musical<\/strong> por diversas calles del municipio, a cargo de las 3 Bandas de M\u00fasica con las que cuenta Caudete (<em>S.U.M. Santa Cecilia, A.M. Viirgen de Gracia, A.C.Amigos de la M\u00fasica<\/em>), dando color al d\u00eda de Nuestra Patrona.<\/p>\n<p style=\"text-align: justify;\">A las 12.00h se celebrar\u00e1 la <strong>Misa Mayor<\/strong> a la que asistir\u00e1n Autoridades junto al protocolo municipal, y a la finalizaci\u00f3n de \u00e9sta, y en la zona del recinto ferial (Plaza Caudetanos Ilustres), se disparar\u00e1 a las 13.30h una <strong>Masclet\u00e1<\/strong> en su Honor.<\/p>\n<p style=\"text-align: justify;\">Cerrar\u00e1 el d\u00eda 8 un Castillo de <strong>Fuegos Artificiales<\/strong>, disparado a las 21.30h desde el lugar habitual, en recuerdo a todas las personas que han sufrido las consecuencias de la pandemia.<\/p>\n<p style=\"text-align: justify;\">Desde el Ayuntamiento se pide a los caudetanos la m\u00e1xima colaboraci\u00f3n, prudencia y respeto por el cumplimiento de las recomendaciones sanitarias, para disfrutar del un d\u00eda 8 seguro.<\/p>\n","protected":false},"excerpt":{"rendered":"<p>En esta at\u00edpica ma\u00f1ana del 7 de Septiembre, la Sala de Prensa del Ayuntamiento de Caudete acog\u00eda las declaraciones del Alcalde Mois\u00e9s L\u00f3pez y de la Concejal de Fiestas, M\u00aa del Mar Requena, para anunciar los actos preparados para ma\u00f1ana 8 de Septiembre, festividad de Ntra.Sra.de Gracia, Patrona de la Villa de Caudete. El d\u00eda &hellip;<\/p>\n","protected":false},"author":3,"featured_media":16035,"comment_status":"closed","ping_status":"open","sticky":false,"template":"","format":"standard","meta":{"ngg_post_thumbnail":0,"footnotes":""},"categories":[20],"tags":[],"class_list":["post-16034","post","type-post","status-publish","format-standard","has-post-thumbnail","hentry","category-ayuntamiento"],"yoast_head":"<!-- This site is optimized with the Yoast SEO plugin v27.5 - https:\/\/yoast.com\/product\/yoast-seo-wordpress\/ -->\n<title>Diana Musical, Misa, Masclet\u00e1 y Fuegos Artificiales para celebrar el d\u00eda de la Virgen - MI Ayuntamiento de Caudete<\/title>\n<meta name=\"description\" content=\"P\u00e1gina Oficial del Ayuntamiento de Caudete (Albacete)\" \/>\n<meta name=\"robots\" content=\"index, follow, max-snippet:-1, max-image-preview:large, max-video-preview:-1\" \/>\n<link rel=\"canonical\" href=\"https:\/\/www.caudete.org\/ayuntamiento\/diana-musical-misa-mascleta-y-fuegos-artificiales-para-celebrar-el-dia-de-la-virgen\/\" \/>\n<meta property=\"og:locale\" content=\"es_ES\" \/>\n<meta property=\"og:type\" content=\"article\" \/>\n<meta property=\"og:title\" content=\"Diana Musical, Misa, Masclet\u00e1 y Fuegos Artificiales para celebrar el d\u00eda de la Virgen - MI Ayuntamiento de Caudete\" \/>\n<meta property=\"og:description\" content=\"P\u00e1gina Oficial del Ayuntamiento de Caudete (Albacete)\" \/>\n<meta property=\"og:url\" content=\"https:\/\/www.caudete.org\/ayuntamiento\/diana-musical-misa-mascleta-y-fuegos-artificiales-para-celebrar-el-dia-de-la-virgen\/\" \/>\n<meta property=\"og:site_name\" content=\"MI Ayuntamiento de Caudete\" \/>\n<meta property=\"article:publisher\" content=\"https:\/\/www.facebook.com\/ayuntamientocaudete\/\" \/>\n<meta property=\"article:published_time\" content=\"2021-09-07T07:59:46+00:00\" \/>\n<meta property=\"og:image\" content=\"https:\/\/www.caudete.org\/ayuntamiento\/wp-content\/uploads\/2021\/09\/WhatsApp-Image-2021-09-07-at-09.27.50.jpeg\" \/>\n\t<meta property=\"og:image:width\" content=\"1229\" \/>\n\t<meta property=\"og:image:height\" content=\"620\" \/>\n\t<meta property=\"og:image:type\" content=\"image\/jpeg\" \/>\n<meta name=\"author\" content=\"alcalde\" \/>\n<meta name=\"twitter:card\" content=\"summary_large_image\" \/>\n<meta name=\"twitter:label1\" content=\"Escrito por\" \/>\n\t<meta name=\"twitter:data1\" content=\"alcalde\" \/>\n\t<meta name=\"twitter:label2\" content=\"Tiempo de lectura\" \/>\n\t<meta name=\"twitter:data2\" content=\"1 minuto\" \/>\n<script type=\"application\/ld+json\" class=\"yoast-schema-graph\">{\"@context\":\"https:\\\/\\\/schema.org\",\"@graph\":[{\"@type\":\"Article\",\"@id\":\"https:\\\/\\\/www.caudete.org\\\/ayuntamiento\\\/diana-musical-misa-mascleta-y-fuegos-artificiales-para-celebrar-el-dia-de-la-virgen\\\/#article\",\"isPartOf\":{\"@id\":\"https:\\\/\\\/www.caudete.org\\\/ayuntamiento\\\/diana-musical-misa-mascleta-y-fuegos-artificiales-para-celebrar-el-dia-de-la-virgen\\\/\"},\"author\":{\"name\":\"alcalde\",\"@id\":\"https:\\\/\\\/www.caudete.org\\\/ayuntamiento\\\/#\\\/schema\\\/person\\\/cc646da9133078ee4d8dd47457947253\"},\"headline\":\"Diana Musical, Misa, Masclet\u00e1 y Fuegos Artificiales para celebrar el d\u00eda de la Virgen\",\"datePublished\":\"2021-09-07T07:59:46+00:00\",\"mainEntityOfPage\":{\"@id\":\"https:\\\/\\\/www.caudete.org\\\/ayuntamiento\\\/diana-musical-misa-mascleta-y-fuegos-artificiales-para-celebrar-el-dia-de-la-virgen\\\/\"},\"wordCount\":231,\"image\":{\"@id\":\"https:\\\/\\\/www.caudete.org\\\/ayuntamiento\\\/diana-musical-misa-mascleta-y-fuegos-artificiales-para-celebrar-el-dia-de-la-virgen\\\/#primaryimage\"},\"thumbnailUrl\":\"https:\\\/\\\/www.caudete.org\\\/ayuntamiento\\\/wp-content\\\/uploads\\\/2021\\\/09\\\/WhatsApp-Image-2021-09-07-at-09.27.50.jpeg\",\"articleSection\":[\"Ayuntamiento\"],\"inLanguage\":\"es\"},{\"@type\":\"WebPage\",\"@id\":\"https:\\\/\\\/www.caudete.org\\\/ayuntamiento\\\/diana-musical-misa-mascleta-y-fuegos-artificiales-para-celebrar-el-dia-de-la-virgen\\\/\",\"url\":\"https:\\\/\\\/www.caudete.org\\\/ayuntamiento\\\/diana-musical-misa-mascleta-y-fuegos-artificiales-para-celebrar-el-dia-de-la-virgen\\\/\",\"name\":\"Diana Musical, Misa, Masclet\u00e1 y Fuegos Artificiales para celebrar el d\u00eda de la Virgen - MI Ayuntamiento de Caudete\",\"isPartOf\":{\"@id\":\"https:\\\/\\\/www.caudete.org\\\/ayuntamiento\\\/#website\"},\"primaryImageOfPage\":{\"@id\":\"https:\\\/\\\/www.caudete.org\\\/ayuntamiento\\\/diana-musical-misa-mascleta-y-fuegos-artificiales-para-celebrar-el-dia-de-la-virgen\\\/#primaryimage\"},\"image\":{\"@id\":\"https:\\\/\\\/www.caudete.org\\\/ayuntamiento\\\/diana-musical-misa-mascleta-y-fuegos-artificiales-para-celebrar-el-dia-de-la-virgen\\\/#primaryimage\"},\"thumbnailUrl\":\"https:\\\/\\\/www.caudete.org\\\/ayuntamiento\\\/wp-content\\\/uploads\\\/2021\\\/09\\\/WhatsApp-Image-2021-09-07-at-09.27.50.jpeg\",\"datePublished\":\"2021-09-07T07:59:46+00:00\",\"author\":{\"@id\":\"https:\\\/\\\/www.caudete.org\\\/ayuntamiento\\\/#\\\/schema\\\/person\\\/cc646da9133078ee4d8dd47457947253\"},\"description\":\"P\u00e1gina Oficial del Ayuntamiento de Caudete (Albacete)\",\"breadcrumb\":{\"@id\":\"https:\\\/\\\/www.caudete.org\\\/ayuntamiento\\\/diana-musical-misa-mascleta-y-fuegos-artificiales-para-celebrar-el-dia-de-la-virgen\\\/#breadcrumb\"},\"inLanguage\":\"es\",\"potentialAction\":[{\"@type\":\"ReadAction\",\"target\":[\"https:\\\/\\\/www.caudete.org\\\/ayuntamiento\\\/diana-musical-misa-mascleta-y-fuegos-artificiales-para-celebrar-el-dia-de-la-virgen\\\/\"]}]},{\"@type\":\"ImageObject\",\"inLanguage\":\"es\",\"@id\":\"https:\\\/\\\/www.caudete.org\\\/ayuntamiento\\\/diana-musical-misa-mascleta-y-fuegos-artificiales-para-celebrar-el-dia-de-la-virgen\\\/#primaryimage\",\"url\":\"https:\\\/\\\/www.caudete.org\\\/ayuntamiento\\\/wp-content\\\/uploads\\\/2021\\\/09\\\/WhatsApp-Image-2021-09-07-at-09.27.50.jpeg\",\"contentUrl\":\"https:\\\/\\\/www.caudete.org\\\/ayuntamiento\\\/wp-content\\\/uploads\\\/2021\\\/09\\\/WhatsApp-Image-2021-09-07-at-09.27.50.jpeg\",\"width\":1229,\"height\":620},{\"@type\":\"BreadcrumbList\",\"@id\":\"https:\\\/\\\/www.caudete.org\\\/ayuntamiento\\\/diana-musical-misa-mascleta-y-fuegos-artificiales-para-celebrar-el-dia-de-la-virgen\\\/#breadcrumb\",\"itemListElement\":[{\"@type\":\"ListItem\",\"position\":1,\"name\":\"Inicio\",\"item\":\"https:\\\/\\\/www.caudete.org\\\/ayuntamiento\\\/\"},{\"@type\":\"ListItem\",\"position\":2,\"name\":\"Diana Musical, Misa, Masclet\u00e1 y Fuegos Artificiales para celebrar el d\u00eda de la Virgen\"}]},{\"@type\":\"WebSite\",\"@id\":\"https:\\\/\\\/www.caudete.org\\\/ayuntamiento\\\/#website\",\"url\":\"https:\\\/\\\/www.caudete.org\\\/ayuntamiento\\\/\",\"name\":\"MI Ayuntamiento de Caudete\",\"description\":\"P\u00e1gina Oficial del MI Ayuntamiento de Caudete\",\"potentialAction\":[{\"@type\":\"SearchAction\",\"target\":{\"@type\":\"EntryPoint\",\"urlTemplate\":\"https:\\\/\\\/www.caudete.org\\\/ayuntamiento\\\/?s={search_term_string}\"},\"query-input\":{\"@type\":\"PropertyValueSpecification\",\"valueRequired\":true,\"valueName\":\"search_term_string\"}}],\"inLanguage\":\"es\"},{\"@type\":\"Person\",\"@id\":\"https:\\\/\\\/www.caudete.org\\\/ayuntamiento\\\/#\\\/schema\\\/person\\\/cc646da9133078ee4d8dd47457947253\",\"name\":\"alcalde\",\"image\":{\"@type\":\"ImageObject\",\"inLanguage\":\"es\",\"@id\":\"https:\\\/\\\/secure.gravatar.com\\\/avatar\\\/84a817ba065b29ff08d666b215a215f5c79186a645ccb25b14a663d48a130f77?s=96&d=mm&r=g\",\"url\":\"https:\\\/\\\/secure.gravatar.com\\\/avatar\\\/84a817ba065b29ff08d666b215a215f5c79186a645ccb25b14a663d48a130f77?s=96&d=mm&r=g\",\"contentUrl\":\"https:\\\/\\\/secure.gravatar.com\\\/avatar\\\/84a817ba065b29ff08d666b215a215f5c79186a645ccb25b14a663d48a130f77?s=96&d=mm&r=g\",\"caption\":\"alcalde\"},\"url\":\"https:\\\/\\\/www.caudete.org\\\/ayuntamiento\\\/author\\\/alcalde\\\/\"}]}<\/script>\n<!-- \/ Yoast SEO plugin. -->","yoast_head_json":{"title":"Diana Musical, Misa, Masclet\u00e1 y Fuegos Artificiales para celebrar el d\u00eda de la Virgen - MI Ayuntamiento de Caudete","description":"P\u00e1gina Oficial del Ayuntamiento de Caudete (Albacete)","robots":{"index":"index","follow":"follow","max-snippet":"max-snippet:-1","max-image-preview":"max-image-preview:large","max-video-preview":"max-video-preview:-1"},"canonical":"https:\/\/www.caudete.org\/ayuntamiento\/diana-musical-misa-mascleta-y-fuegos-artificiales-para-celebrar-el-dia-de-la-virgen\/","og_locale":"es_ES","og_type":"article","og_title":"Diana Musical, Misa, Masclet\u00e1 y Fuegos Artificiales para celebrar el d\u00eda de la Virgen - MI Ayuntamiento de Caudete","og_description":"P\u00e1gina Oficial del Ayuntamiento de Caudete (Albacete)","og_url":"https:\/\/www.caudete.org\/ayuntamiento\/diana-musical-misa-mascleta-y-fuegos-artificiales-para-celebrar-el-dia-de-la-virgen\/","og_site_name":"MI Ayuntamiento de Caudete","article_publisher":"https:\/\/www.facebook.com\/ayuntamientocaudete\/","article_published_time":"2021-09-07T07:59:46+00:00","og_image":[{"width":1229,"height":620,"url":"https:\/\/www.caudete.org\/ayuntamiento\/wp-content\/uploads\/2021\/09\/WhatsApp-Image-2021-09-07-at-09.27.50.jpeg","type":"image\/jpeg"}],"author":"alcalde","twitter_card":"summary_large_image","twitter_misc":{"Escrito por":"alcalde","Tiempo de lectura":"1 minuto"},"schema":{"@context":"https:\/\/schema.org","@graph":[{"@type":"Article","@id":"https:\/\/www.caudete.org\/ayuntamiento\/diana-musical-misa-mascleta-y-fuegos-artificiales-para-celebrar-el-dia-de-la-virgen\/#article","isPartOf":{"@id":"https:\/\/www.caudete.org\/ayuntamiento\/diana-musical-misa-mascleta-y-fuegos-artificiales-para-celebrar-el-dia-de-la-virgen\/"},"author":{"name":"alcalde","@id":"https:\/\/www.caudete.org\/ayuntamiento\/#\/schema\/person\/cc646da9133078ee4d8dd47457947253"},"headline":"Diana Musical, Misa, Masclet\u00e1 y Fuegos Artificiales para celebrar el d\u00eda de la Virgen","datePublished":"2021-09-07T07:59:46+00:00","mainEntityOfPage":{"@id":"https:\/\/www.caudete.org\/ayuntamiento\/diana-musical-misa-mascleta-y-fuegos-artificiales-para-celebrar-el-dia-de-la-virgen\/"},"wordCount":231,"image":{"@id":"https:\/\/www.caudete.org\/ayuntamiento\/diana-musical-misa-mascleta-y-fuegos-artificiales-para-celebrar-el-dia-de-la-virgen\/#primaryimage"},"thumbnailUrl":"https:\/\/www.caudete.org\/ayuntamiento\/wp-content\/uploads\/2021\/09\/WhatsApp-Image-2021-09-07-at-09.27.50.jpeg","articleSection":["Ayuntamiento"],"inLanguage":"es"},{"@type":"WebPage","@id":"https:\/\/www.caudete.org\/ayuntamiento\/diana-musical-misa-mascleta-y-fuegos-artificiales-para-celebrar-el-dia-de-la-virgen\/","url":"https:\/\/www.caudete.org\/ayuntamiento\/diana-musical-misa-mascleta-y-fuegos-artificiales-para-celebrar-el-dia-de-la-virgen\/","name":"Diana Musical, Misa, Masclet\u00e1 y Fuegos Artificiales para celebrar el d\u00eda de la Virgen - MI Ayuntamiento de Caudete","isPartOf":{"@id":"https:\/\/www.caudete.org\/ayuntamiento\/#website"},"primaryImageOfPage":{"@id":"https:\/\/www.caudete.org\/ayuntamiento\/diana-musical-misa-mascleta-y-fuegos-artificiales-para-celebrar-el-dia-de-la-virgen\/#primaryimage"},"image":{"@id":"https:\/\/www.caudete.org\/ayuntamiento\/diana-musical-misa-mascleta-y-fuegos-artificiales-para-celebrar-el-dia-de-la-virgen\/#primaryimage"},"thumbnailUrl":"https:\/\/www.caudete.org\/ayuntamiento\/wp-content\/uploads\/2021\/09\/WhatsApp-Image-2021-09-07-at-09.27.50.jpeg","datePublished":"2021-09-07T07:59:46+00:00","author":{"@id":"https:\/\/www.caudete.org\/ayuntamiento\/#\/schema\/person\/cc646da9133078ee4d8dd47457947253"},"description":"P\u00e1gina Oficial del Ayuntamiento de Caudete (Albacete)","breadcrumb":{"@id":"https:\/\/www.caudete.org\/ayuntamiento\/diana-musical-misa-mascleta-y-fuegos-artificiales-para-celebrar-el-dia-de-la-virgen\/#breadcrumb"},"inLanguage":"es","potentialAction":[{"@type":"ReadAction","target":["https:\/\/www.caudete.org\/ayuntamiento\/diana-musical-misa-mascleta-y-fuegos-artificiales-para-celebrar-el-dia-de-la-virgen\/"]}]},{"@type":"ImageObject","inLanguage":"es","@id":"https:\/\/www.caudete.org\/ayuntamiento\/diana-musical-misa-mascleta-y-fuegos-artificiales-para-celebrar-el-dia-de-la-virgen\/#primaryimage","url":"https:\/\/www.caudete.org\/ayuntamiento\/wp-content\/uploads\/2021\/09\/WhatsApp-Image-2021-09-07-at-09.27.50.jpeg","contentUrl":"https:\/\/www.caudete.org\/ayuntamiento\/wp-content\/uploads\/2021\/09\/WhatsApp-Image-2021-09-07-at-09.27.50.jpeg","width":1229,"height":620},{"@type":"BreadcrumbList","@id":"https:\/\/www.caudete.org\/ayuntamiento\/diana-musical-misa-mascleta-y-fuegos-artificiales-para-celebrar-el-dia-de-la-virgen\/#breadcrumb","itemListElement":[{"@type":"ListItem","position":1,"name":"Inicio","item":"https:\/\/www.caudete.org\/ayuntamiento\/"},{"@type":"ListItem","position":2,"name":"Diana Musical, Misa, Masclet\u00e1 y Fuegos Artificiales para celebrar el d\u00eda de la Virgen"}]},{"@type":"WebSite","@id":"https:\/\/www.caudete.org\/ayuntamiento\/#website","url":"https:\/\/www.caudete.org\/ayuntamiento\/","name":"MI Ayuntamiento de Caudete","description":"P\u00e1gina Oficial del MI Ayuntamiento de Caudete","potentialAction":[{"@type":"SearchAction","target":{"@type":"EntryPoint","urlTemplate":"https:\/\/www.caudete.org\/ayuntamiento\/?s={search_term_string}"},"query-input":{"@type":"PropertyValueSpecification","valueRequired":true,"valueName":"search_term_string"}}],"inLanguage":"es"},{"@type":"Person","@id":"https:\/\/www.caudete.org\/ayuntamiento\/#\/schema\/person\/cc646da9133078ee4d8dd47457947253","name":"alcalde","image":{"@type":"ImageObject","inLanguage":"es","@id":"https:\/\/secure.gravatar.com\/avatar\/84a817ba065b29ff08d666b215a215f5c79186a645ccb25b14a663d48a130f77?s=96&d=mm&r=g","url":"https:\/\/secure.gravatar.com\/avatar\/84a817ba065b29ff08d666b215a215f5c79186a645ccb25b14a663d48a130f77?s=96&d=mm&r=g","contentUrl":"https:\/\/secure.gravatar.com\/avatar\/84a817ba065b29ff08d666b215a215f5c79186a645ccb25b14a663d48a130f77?s=96&d=mm&r=g","caption":"alcalde"},"url":"https:\/\/www.caudete.org\/ayuntamiento\/author\/alcalde\/"}]}},"_links":{"self":[{"href":"https:\/\/www.caudete.org\/ayuntamiento\/wp-json\/wp\/v2\/posts\/16034","targetHints":{"allow":["GET"]}}],"collection":[{"href":"https:\/\/www.caudete.org\/ayuntamiento\/wp-json\/wp\/v2\/posts"}],"about":[{"href":"https:\/\/www.caudete.org\/ayuntamiento\/wp-json\/wp\/v2\/types\/post"}],"author":[{"embeddable":true,"href":"https:\/\/www.caudete.org\/ayuntamiento\/wp-json\/wp\/v2\/users\/3"}],"replies":[{"embeddable":true,"href":"https:\/\/www.caudete.org\/ayuntamiento\/wp-json\/wp\/v2\/comments?post=16034"}],"version-history":[{"count":1,"href":"https:\/\/www.caudete.org\/ayuntamiento\/wp-json\/wp\/v2\/posts\/16034\/revisions"}],"predecessor-version":[{"id":16036,"href":"https:\/\/www.caudete.org\/ayuntamiento\/wp-json\/wp\/v2\/posts\/16034\/revisions\/16036"}],"wp:featuredmedia":[{"embeddable":true,"href":"https:\/\/www.caudete.org\/ayuntamiento\/wp-json\/wp\/v2\/media\/16035"}],"wp:attachment":[{"href":"https:\/\/www.caudete.org\/ayuntamiento\/wp-json\/wp\/v2\/media?parent=16034"}],"wp:term":[{"taxonomy":"category","embeddable":true,"href":"https:\/\/www.caudete.org\/ayuntamiento\/wp-json\/wp\/v2\/categories?post=16034"},{"taxonomy":"post_tag","embeddable":true,"href":"https:\/\/www.caudete.org\/ayuntamiento\/wp-json\/wp\/v2\/tags?post=16034"}],"curies":[{"name":"wp","href":"https:\/\/api.w.org\/{rel}","templated":true}]}}