{"id":16038,"date":"2021-09-07T17:41:29","date_gmt":"2021-09-07T15:41:29","guid":{"rendered":"https:\/\/www.caudete.org\/ayuntamiento\/?p=16038"},"modified":"2021-09-07T17:41:29","modified_gmt":"2021-09-07T15:41:29","slug":"mejora-de-la-accesibilidad-de-las-infraestructuras-del-colegio-publico-alcazar-y-serrano-de-caudete","status":"publish","type":"post","link":"https:\/\/www.caudete.org\/ayuntamiento\/mejora-de-la-accesibilidad-de-las-infraestructuras-del-colegio-publico-alcazar-y-serrano-de-caudete\/","title":{"rendered":"Mejora de la accesibilidad de las infraestructuras del Colegio P\u00fablico Alc\u00e1zar y Serrano de Caudete"},"content":{"rendered":"<p><a href=\"https:\/\/www.caudete.org\/ayuntamiento\/wp-content\/uploads\/2021\/09\/Los-tres-logos-WEB.jpg\" rel='prettyPhoto'><img fetchpriority=\"high\" decoding=\"async\" class=\"aligncenter wp-image-16047 \" src=\"https:\/\/www.caudete.org\/ayuntamiento\/wp-content\/uploads\/2021\/09\/Los-tres-logos-WEB-300x132.jpg\" alt=\"\" width=\"640\" height=\"281\" srcset=\"https:\/\/www.caudete.org\/ayuntamiento\/wp-content\/uploads\/2021\/09\/Los-tres-logos-WEB-300x132.jpg 300w, https:\/\/www.caudete.org\/ayuntamiento\/wp-content\/uploads\/2021\/09\/Los-tres-logos-WEB-768x338.jpg 768w, https:\/\/www.caudete.org\/ayuntamiento\/wp-content\/uploads\/2021\/09\/Los-tres-logos-WEB-411x180.jpg 411w, https:\/\/www.caudete.org\/ayuntamiento\/wp-content\/uploads\/2021\/09\/Los-tres-logos-WEB.jpg 864w\" sizes=\"(max-width: 640px) 100vw, 640px\" \/><\/a><\/p>\n<p style=\"text-align: center;\">Las obras de mejora de la accesibilidad a la primera planta del edificio del Colegio Alc\u00e1zar y Serrano han contado con financiaci\u00f3n del Fondo Europeo de Desarrollo Regional (FEDER), m\u00e1s una aportaci\u00f3n municipal de 19.000 euros.<\/p>\n<p style=\"text-align: center;\"><strong>Mejora de la accesibilidad de las infraestructuras del Colegio P\u00fablico Alc\u00e1zar y Serrano de Caudete <\/strong><\/p>\n<p style=\"text-align: center;\"><strong>OT10: Conseguir una educaci\u00f3n de calidad<\/strong><\/p>\n<p style=\"text-align: center;\"><em>Una manera de hacer Europa<\/em><\/p>\n<p>&nbsp;<\/p>\n<p><a href=\"https:\/\/www.caudete.org\/ayuntamiento\/wp-content\/uploads\/2021\/09\/ESCALERA-ACCESIBILIDAD-COLEGIO-ALCAZAR.png\" rel='prettyPhoto'><img decoding=\"async\" class=\"aligncenter wp-image-16041 \" src=\"https:\/\/www.caudete.org\/ayuntamiento\/wp-content\/uploads\/2021\/09\/ESCALERA-ACCESIBILIDAD-COLEGIO-ALCAZAR-300x160.png\" alt=\"\" width=\"712\" height=\"380\" srcset=\"https:\/\/www.caudete.org\/ayuntamiento\/wp-content\/uploads\/2021\/09\/ESCALERA-ACCESIBILIDAD-COLEGIO-ALCAZAR-300x160.png 300w, https:\/\/www.caudete.org\/ayuntamiento\/wp-content\/uploads\/2021\/09\/ESCALERA-ACCESIBILIDAD-COLEGIO-ALCAZAR-768x410.png 768w, https:\/\/www.caudete.org\/ayuntamiento\/wp-content\/uploads\/2021\/09\/ESCALERA-ACCESIBILIDAD-COLEGIO-ALCAZAR.png 800w\" sizes=\"(max-width: 712px) 100vw, 712px\" \/><\/a><\/p>\n","protected":false},"excerpt":{"rendered":"<p>Las obras de mejora de la accesibilidad a la primera planta del edificio del Colegio Alc\u00e1zar y Serrano han contado con financiaci\u00f3n del Fondo Europeo de Desarrollo Regional (FEDER), m\u00e1s una aportaci\u00f3n municipal de 19.000 euros. Mejora de la accesibilidad de las infraestructuras del Colegio P\u00fablico Alc\u00e1zar y Serrano de Caudete OT10: Conseguir una educaci\u00f3n &hellip;<\/p>\n","protected":false},"author":2,"featured_media":16041,"comment_status":"closed","ping_status":"open","sticky":false,"template":"","format":"standard","meta":{"ngg_post_thumbnail":0,"footnotes":""},"categories":[90],"tags":[182,698],"class_list":["post-16038","post","type-post","status-publish","format-standard","has-post-thumbnail","hentry","category-tablon-informativo-desarrollo-local","tag-accesibilidad","tag-colegio-publico-alcazar-y-serrano"],"yoast_head":"<!-- This site is optimized with the Yoast SEO plugin v27.4 - https:\/\/yoast.com\/product\/yoast-seo-wordpress\/ -->\n<title>Mejora de la accesibilidad de las infraestructuras del Colegio P\u00fablico Alc\u00e1zar y Serrano de Caudete - MI Ayuntamiento de Caudete<\/title>\n<meta name=\"description\" content=\"P\u00e1gina Oficial del Ayuntamiento de Caudete (Albacete)\" \/>\n<meta name=\"robots\" content=\"index, follow, max-snippet:-1, max-image-preview:large, max-video-preview:-1\" \/>\n<link rel=\"canonical\" href=\"https:\/\/www.caudete.org\/ayuntamiento\/mejora-de-la-accesibilidad-de-las-infraestructuras-del-colegio-publico-alcazar-y-serrano-de-caudete\/\" \/>\n<meta property=\"og:locale\" content=\"es_ES\" \/>\n<meta property=\"og:type\" content=\"article\" \/>\n<meta property=\"og:title\" content=\"Mejora de la accesibilidad de las infraestructuras del Colegio P\u00fablico Alc\u00e1zar y Serrano de Caudete - MI Ayuntamiento de Caudete\" \/>\n<meta property=\"og:description\" content=\"P\u00e1gina Oficial del Ayuntamiento de Caudete (Albacete)\" \/>\n<meta property=\"og:url\" content=\"https:\/\/www.caudete.org\/ayuntamiento\/mejora-de-la-accesibilidad-de-las-infraestructuras-del-colegio-publico-alcazar-y-serrano-de-caudete\/\" \/>\n<meta property=\"og:site_name\" content=\"MI Ayuntamiento de Caudete\" \/>\n<meta property=\"article:publisher\" content=\"https:\/\/www.facebook.com\/ayuntamientocaudete\/\" \/>\n<meta property=\"article:published_time\" content=\"2021-09-07T15:41:29+00:00\" \/>\n<meta property=\"og:image\" content=\"https:\/\/www.caudete.org\/ayuntamiento\/wp-content\/uploads\/2021\/09\/ESCALERA-ACCESIBILIDAD-COLEGIO-ALCAZAR.png\" \/>\n\t<meta property=\"og:image:width\" content=\"800\" \/>\n\t<meta property=\"og:image:height\" content=\"427\" \/>\n\t<meta property=\"og:image:type\" content=\"image\/png\" \/>\n<meta name=\"author\" content=\"Juan\" \/>\n<meta name=\"twitter:card\" content=\"summary_large_image\" \/>\n<meta name=\"twitter:label1\" content=\"Escrito por\" \/>\n\t<meta name=\"twitter:data1\" content=\"Juan\" \/>\n<script type=\"application\/ld+json\" class=\"yoast-schema-graph\">{\"@context\":\"https:\\\/\\\/schema.org\",\"@graph\":[{\"@type\":\"Article\",\"@id\":\"https:\\\/\\\/www.caudete.org\\\/ayuntamiento\\\/mejora-de-la-accesibilidad-de-las-infraestructuras-del-colegio-publico-alcazar-y-serrano-de-caudete\\\/#article\",\"isPartOf\":{\"@id\":\"https:\\\/\\\/www.caudete.org\\\/ayuntamiento\\\/mejora-de-la-accesibilidad-de-las-infraestructuras-del-colegio-publico-alcazar-y-serrano-de-caudete\\\/\"},\"author\":{\"name\":\"Juan\",\"@id\":\"https:\\\/\\\/www.caudete.org\\\/ayuntamiento\\\/#\\\/schema\\\/person\\\/7656a5bb58fca95b9814e940de0fda63\"},\"headline\":\"Mejora de la accesibilidad de las infraestructuras del Colegio P\u00fablico Alc\u00e1zar y Serrano de Caudete\",\"datePublished\":\"2021-09-07T15:41:29+00:00\",\"mainEntityOfPage\":{\"@id\":\"https:\\\/\\\/www.caudete.org\\\/ayuntamiento\\\/mejora-de-la-accesibilidad-de-las-infraestructuras-del-colegio-publico-alcazar-y-serrano-de-caudete\\\/\"},\"wordCount\":86,\"publisher\":{\"@id\":\"https:\\\/\\\/www.caudete.org\\\/ayuntamiento\\\/#organization\"},\"image\":{\"@id\":\"https:\\\/\\\/www.caudete.org\\\/ayuntamiento\\\/mejora-de-la-accesibilidad-de-las-infraestructuras-del-colegio-publico-alcazar-y-serrano-de-caudete\\\/#primaryimage\"},\"thumbnailUrl\":\"https:\\\/\\\/www.caudete.org\\\/ayuntamiento\\\/wp-content\\\/uploads\\\/2021\\\/09\\\/ESCALERA-ACCESIBILIDAD-COLEGIO-ALCAZAR.png\",\"keywords\":[\"Accesibilidad\",\"Colegio P\u00fablico Alc\u00e1zar y Serrano\"],\"articleSection\":[\"Tabl\u00f3n informativo (Desarrollo local)\"],\"inLanguage\":\"es\"},{\"@type\":\"WebPage\",\"@id\":\"https:\\\/\\\/www.caudete.org\\\/ayuntamiento\\\/mejora-de-la-accesibilidad-de-las-infraestructuras-del-colegio-publico-alcazar-y-serrano-de-caudete\\\/\",\"url\":\"https:\\\/\\\/www.caudete.org\\\/ayuntamiento\\\/mejora-de-la-accesibilidad-de-las-infraestructuras-del-colegio-publico-alcazar-y-serrano-de-caudete\\\/\",\"name\":\"Mejora de la accesibilidad de las infraestructuras del Colegio P\u00fablico Alc\u00e1zar y Serrano de Caudete - MI Ayuntamiento de Caudete\",\"isPartOf\":{\"@id\":\"https:\\\/\\\/www.caudete.org\\\/ayuntamiento\\\/#website\"},\"primaryImageOfPage\":{\"@id\":\"https:\\\/\\\/www.caudete.org\\\/ayuntamiento\\\/mejora-de-la-accesibilidad-de-las-infraestructuras-del-colegio-publico-alcazar-y-serrano-de-caudete\\\/#primaryimage\"},\"image\":{\"@id\":\"https:\\\/\\\/www.caudete.org\\\/ayuntamiento\\\/mejora-de-la-accesibilidad-de-las-infraestructuras-del-colegio-publico-alcazar-y-serrano-de-caudete\\\/#primaryimage\"},\"thumbnailUrl\":\"https:\\\/\\\/www.caudete.org\\\/ayuntamiento\\\/wp-content\\\/uploads\\\/2021\\\/09\\\/ESCALERA-ACCESIBILIDAD-COLEGIO-ALCAZAR.png\",\"datePublished\":\"2021-09-07T15:41:29+00:00\",\"description\":\"P\u00e1gina Oficial del Ayuntamiento de Caudete (Albacete)\",\"breadcrumb\":{\"@id\":\"https:\\\/\\\/www.caudete.org\\\/ayuntamiento\\\/mejora-de-la-accesibilidad-de-las-infraestructuras-del-colegio-publico-alcazar-y-serrano-de-caudete\\\/#breadcrumb\"},\"inLanguage\":\"es\",\"potentialAction\":[{\"@type\":\"ReadAction\",\"target\":[\"https:\\\/\\\/www.caudete.org\\\/ayuntamiento\\\/mejora-de-la-accesibilidad-de-las-infraestructuras-del-colegio-publico-alcazar-y-serrano-de-caudete\\\/\"]}]},{\"@type\":\"ImageObject\",\"inLanguage\":\"es\",\"@id\":\"https:\\\/\\\/www.caudete.org\\\/ayuntamiento\\\/mejora-de-la-accesibilidad-de-las-infraestructuras-del-colegio-publico-alcazar-y-serrano-de-caudete\\\/#primaryimage\",\"url\":\"https:\\\/\\\/www.caudete.org\\\/ayuntamiento\\\/wp-content\\\/uploads\\\/2021\\\/09\\\/ESCALERA-ACCESIBILIDAD-COLEGIO-ALCAZAR.png\",\"contentUrl\":\"https:\\\/\\\/www.caudete.org\\\/ayuntamiento\\\/wp-content\\\/uploads\\\/2021\\\/09\\\/ESCALERA-ACCESIBILIDAD-COLEGIO-ALCAZAR.png\",\"width\":800,\"height\":427},{\"@type\":\"BreadcrumbList\",\"@id\":\"https:\\\/\\\/www.caudete.org\\\/ayuntamiento\\\/mejora-de-la-accesibilidad-de-las-infraestructuras-del-colegio-publico-alcazar-y-serrano-de-caudete\\\/#breadcrumb\",\"itemListElement\":[{\"@type\":\"ListItem\",\"position\":1,\"name\":\"Inicio\",\"item\":\"https:\\\/\\\/www.caudete.org\\\/ayuntamiento\\\/\"},{\"@type\":\"ListItem\",\"position\":2,\"name\":\"Mejora de la accesibilidad de las infraestructuras del Colegio P\u00fablico Alc\u00e1zar y Serrano de Caudete\"}]},{\"@type\":\"WebSite\",\"@id\":\"https:\\\/\\\/www.caudete.org\\\/ayuntamiento\\\/#website\",\"url\":\"https:\\\/\\\/www.caudete.org\\\/ayuntamiento\\\/\",\"name\":\"MI Ayuntamiento de Caudete\",\"description\":\"P\u00e1gina Oficial del MI Ayuntamiento de Caudete\",\"publisher\":{\"@id\":\"https:\\\/\\\/www.caudete.org\\\/ayuntamiento\\\/#organization\"},\"potentialAction\":[{\"@type\":\"SearchAction\",\"target\":{\"@type\":\"EntryPoint\",\"urlTemplate\":\"https:\\\/\\\/www.caudete.org\\\/ayuntamiento\\\/?s={search_term_string}\"},\"query-input\":{\"@type\":\"PropertyValueSpecification\",\"valueRequired\":true,\"valueName\":\"search_term_string\"}}],\"inLanguage\":\"es\"},{\"@type\":\"Organization\",\"@id\":\"https:\\\/\\\/www.caudete.org\\\/ayuntamiento\\\/#organization\",\"name\":\"Ayuntamiento de Caudete\",\"url\":\"https:\\\/\\\/www.caudete.org\\\/ayuntamiento\\\/\",\"logo\":{\"@type\":\"ImageObject\",\"inLanguage\":\"es\",\"@id\":\"https:\\\/\\\/www.caudete.org\\\/ayuntamiento\\\/#\\\/schema\\\/logo\\\/image\\\/\",\"url\":\"https:\\\/\\\/www.caudete.org\\\/ayuntamiento\\\/wp-content\\\/uploads\\\/2020\\\/11\\\/logo_ayuntamiento_caudete.jpg\",\"contentUrl\":\"https:\\\/\\\/www.caudete.org\\\/ayuntamiento\\\/wp-content\\\/uploads\\\/2020\\\/11\\\/logo_ayuntamiento_caudete.jpg\",\"width\":600,\"height\":150,\"caption\":\"Ayuntamiento de Caudete\"},\"image\":{\"@id\":\"https:\\\/\\\/www.caudete.org\\\/ayuntamiento\\\/#\\\/schema\\\/logo\\\/image\\\/\"},\"sameAs\":[\"https:\\\/\\\/www.facebook.com\\\/ayuntamientocaudete\\\/\",\"https:\\\/\\\/www.youtube.com\\\/channel\\\/UC6VztHaooNsGpw-tNoBEFnQ\"]},{\"@type\":\"Person\",\"@id\":\"https:\\\/\\\/www.caudete.org\\\/ayuntamiento\\\/#\\\/schema\\\/person\\\/7656a5bb58fca95b9814e940de0fda63\",\"name\":\"Juan\",\"image\":{\"@type\":\"ImageObject\",\"inLanguage\":\"es\",\"@id\":\"https:\\\/\\\/secure.gravatar.com\\\/avatar\\\/dd53e51c0cd6ab23f52d4f3e4f1c59730240727763de3dbbf26750b079a2c292?s=96&d=mm&r=g\",\"url\":\"https:\\\/\\\/secure.gravatar.com\\\/avatar\\\/dd53e51c0cd6ab23f52d4f3e4f1c59730240727763de3dbbf26750b079a2c292?s=96&d=mm&r=g\",\"contentUrl\":\"https:\\\/\\\/secure.gravatar.com\\\/avatar\\\/dd53e51c0cd6ab23f52d4f3e4f1c59730240727763de3dbbf26750b079a2c292?s=96&d=mm&r=g\",\"caption\":\"Juan\"},\"url\":\"https:\\\/\\\/www.caudete.org\\\/ayuntamiento\\\/author\\\/centrodeinternet\\\/\"}]}<\/script>\n<!-- \/ Yoast SEO plugin. -->","yoast_head_json":{"title":"Mejora de la accesibilidad de las infraestructuras del Colegio P\u00fablico Alc\u00e1zar y Serrano de Caudete - MI Ayuntamiento de Caudete","description":"P\u00e1gina Oficial del Ayuntamiento de Caudete (Albacete)","robots":{"index":"index","follow":"follow","max-snippet":"max-snippet:-1","max-image-preview":"max-image-preview:large","max-video-preview":"max-video-preview:-1"},"canonical":"https:\/\/www.caudete.org\/ayuntamiento\/mejora-de-la-accesibilidad-de-las-infraestructuras-del-colegio-publico-alcazar-y-serrano-de-caudete\/","og_locale":"es_ES","og_type":"article","og_title":"Mejora de la accesibilidad de las infraestructuras del Colegio P\u00fablico Alc\u00e1zar y Serrano de Caudete - MI Ayuntamiento de Caudete","og_description":"P\u00e1gina Oficial del Ayuntamiento de Caudete (Albacete)","og_url":"https:\/\/www.caudete.org\/ayuntamiento\/mejora-de-la-accesibilidad-de-las-infraestructuras-del-colegio-publico-alcazar-y-serrano-de-caudete\/","og_site_name":"MI Ayuntamiento de Caudete","article_publisher":"https:\/\/www.facebook.com\/ayuntamientocaudete\/","article_published_time":"2021-09-07T15:41:29+00:00","og_image":[{"width":800,"height":427,"url":"https:\/\/www.caudete.org\/ayuntamiento\/wp-content\/uploads\/2021\/09\/ESCALERA-ACCESIBILIDAD-COLEGIO-ALCAZAR.png","type":"image\/png"}],"author":"Juan","twitter_card":"summary_large_image","twitter_misc":{"Escrito por":"Juan"},"schema":{"@context":"https:\/\/schema.org","@graph":[{"@type":"Article","@id":"https:\/\/www.caudete.org\/ayuntamiento\/mejora-de-la-accesibilidad-de-las-infraestructuras-del-colegio-publico-alcazar-y-serrano-de-caudete\/#article","isPartOf":{"@id":"https:\/\/www.caudete.org\/ayuntamiento\/mejora-de-la-accesibilidad-de-las-infraestructuras-del-colegio-publico-alcazar-y-serrano-de-caudete\/"},"author":{"name":"Juan","@id":"https:\/\/www.caudete.org\/ayuntamiento\/#\/schema\/person\/7656a5bb58fca95b9814e940de0fda63"},"headline":"Mejora de la accesibilidad de las infraestructuras del Colegio P\u00fablico Alc\u00e1zar y Serrano de Caudete","datePublished":"2021-09-07T15:41:29+00:00","mainEntityOfPage":{"@id":"https:\/\/www.caudete.org\/ayuntamiento\/mejora-de-la-accesibilidad-de-las-infraestructuras-del-colegio-publico-alcazar-y-serrano-de-caudete\/"},"wordCount":86,"publisher":{"@id":"https:\/\/www.caudete.org\/ayuntamiento\/#organization"},"image":{"@id":"https:\/\/www.caudete.org\/ayuntamiento\/mejora-de-la-accesibilidad-de-las-infraestructuras-del-colegio-publico-alcazar-y-serrano-de-caudete\/#primaryimage"},"thumbnailUrl":"https:\/\/www.caudete.org\/ayuntamiento\/wp-content\/uploads\/2021\/09\/ESCALERA-ACCESIBILIDAD-COLEGIO-ALCAZAR.png","keywords":["Accesibilidad","Colegio P\u00fablico Alc\u00e1zar y Serrano"],"articleSection":["Tabl\u00f3n informativo (Desarrollo local)"],"inLanguage":"es"},{"@type":"WebPage","@id":"https:\/\/www.caudete.org\/ayuntamiento\/mejora-de-la-accesibilidad-de-las-infraestructuras-del-colegio-publico-alcazar-y-serrano-de-caudete\/","url":"https:\/\/www.caudete.org\/ayuntamiento\/mejora-de-la-accesibilidad-de-las-infraestructuras-del-colegio-publico-alcazar-y-serrano-de-caudete\/","name":"Mejora de la accesibilidad de las infraestructuras del Colegio P\u00fablico Alc\u00e1zar y Serrano de Caudete - MI Ayuntamiento de Caudete","isPartOf":{"@id":"https:\/\/www.caudete.org\/ayuntamiento\/#website"},"primaryImageOfPage":{"@id":"https:\/\/www.caudete.org\/ayuntamiento\/mejora-de-la-accesibilidad-de-las-infraestructuras-del-colegio-publico-alcazar-y-serrano-de-caudete\/#primaryimage"},"image":{"@id":"https:\/\/www.caudete.org\/ayuntamiento\/mejora-de-la-accesibilidad-de-las-infraestructuras-del-colegio-publico-alcazar-y-serrano-de-caudete\/#primaryimage"},"thumbnailUrl":"https:\/\/www.caudete.org\/ayuntamiento\/wp-content\/uploads\/2021\/09\/ESCALERA-ACCESIBILIDAD-COLEGIO-ALCAZAR.png","datePublished":"2021-09-07T15:41:29+00:00","description":"P\u00e1gina Oficial del Ayuntamiento de Caudete (Albacete)","breadcrumb":{"@id":"https:\/\/www.caudete.org\/ayuntamiento\/mejora-de-la-accesibilidad-de-las-infraestructuras-del-colegio-publico-alcazar-y-serrano-de-caudete\/#breadcrumb"},"inLanguage":"es","potentialAction":[{"@type":"ReadAction","target":["https:\/\/www.caudete.org\/ayuntamiento\/mejora-de-la-accesibilidad-de-las-infraestructuras-del-colegio-publico-alcazar-y-serrano-de-caudete\/"]}]},{"@type":"ImageObject","inLanguage":"es","@id":"https:\/\/www.caudete.org\/ayuntamiento\/mejora-de-la-accesibilidad-de-las-infraestructuras-del-colegio-publico-alcazar-y-serrano-de-caudete\/#primaryimage","url":"https:\/\/www.caudete.org\/ayuntamiento\/wp-content\/uploads\/2021\/09\/ESCALERA-ACCESIBILIDAD-COLEGIO-ALCAZAR.png","contentUrl":"https:\/\/www.caudete.org\/ayuntamiento\/wp-content\/uploads\/2021\/09\/ESCALERA-ACCESIBILIDAD-COLEGIO-ALCAZAR.png","width":800,"height":427},{"@type":"BreadcrumbList","@id":"https:\/\/www.caudete.org\/ayuntamiento\/mejora-de-la-accesibilidad-de-las-infraestructuras-del-colegio-publico-alcazar-y-serrano-de-caudete\/#breadcrumb","itemListElement":[{"@type":"ListItem","position":1,"name":"Inicio","item":"https:\/\/www.caudete.org\/ayuntamiento\/"},{"@type":"ListItem","position":2,"name":"Mejora de la accesibilidad de las infraestructuras del Colegio P\u00fablico Alc\u00e1zar y Serrano de Caudete"}]},{"@type":"WebSite","@id":"https:\/\/www.caudete.org\/ayuntamiento\/#website","url":"https:\/\/www.caudete.org\/ayuntamiento\/","name":"MI Ayuntamiento de Caudete","description":"P\u00e1gina Oficial del MI Ayuntamiento de Caudete","publisher":{"@id":"https:\/\/www.caudete.org\/ayuntamiento\/#organization"},"potentialAction":[{"@type":"SearchAction","target":{"@type":"EntryPoint","urlTemplate":"https:\/\/www.caudete.org\/ayuntamiento\/?s={search_term_string}"},"query-input":{"@type":"PropertyValueSpecification","valueRequired":true,"valueName":"search_term_string"}}],"inLanguage":"es"},{"@type":"Organization","@id":"https:\/\/www.caudete.org\/ayuntamiento\/#organization","name":"Ayuntamiento de Caudete","url":"https:\/\/www.caudete.org\/ayuntamiento\/","logo":{"@type":"ImageObject","inLanguage":"es","@id":"https:\/\/www.caudete.org\/ayuntamiento\/#\/schema\/logo\/image\/","url":"https:\/\/www.caudete.org\/ayuntamiento\/wp-content\/uploads\/2020\/11\/logo_ayuntamiento_caudete.jpg","contentUrl":"https:\/\/www.caudete.org\/ayuntamiento\/wp-content\/uploads\/2020\/11\/logo_ayuntamiento_caudete.jpg","width":600,"height":150,"caption":"Ayuntamiento de Caudete"},"image":{"@id":"https:\/\/www.caudete.org\/ayuntamiento\/#\/schema\/logo\/image\/"},"sameAs":["https:\/\/www.facebook.com\/ayuntamientocaudete\/","https:\/\/www.youtube.com\/channel\/UC6VztHaooNsGpw-tNoBEFnQ"]},{"@type":"Person","@id":"https:\/\/www.caudete.org\/ayuntamiento\/#\/schema\/person\/7656a5bb58fca95b9814e940de0fda63","name":"Juan","image":{"@type":"ImageObject","inLanguage":"es","@id":"https:\/\/secure.gravatar.com\/avatar\/dd53e51c0cd6ab23f52d4f3e4f1c59730240727763de3dbbf26750b079a2c292?s=96&d=mm&r=g","url":"https:\/\/secure.gravatar.com\/avatar\/dd53e51c0cd6ab23f52d4f3e4f1c59730240727763de3dbbf26750b079a2c292?s=96&d=mm&r=g","contentUrl":"https:\/\/secure.gravatar.com\/avatar\/dd53e51c0cd6ab23f52d4f3e4f1c59730240727763de3dbbf26750b079a2c292?s=96&d=mm&r=g","caption":"Juan"},"url":"https:\/\/www.caudete.org\/ayuntamiento\/author\/centrodeinternet\/"}]}},"_links":{"self":[{"href":"https:\/\/www.caudete.org\/ayuntamiento\/wp-json\/wp\/v2\/posts\/16038","targetHints":{"allow":["GET"]}}],"collection":[{"href":"https:\/\/www.caudete.org\/ayuntamiento\/wp-json\/wp\/v2\/posts"}],"about":[{"href":"https:\/\/www.caudete.org\/ayuntamiento\/wp-json\/wp\/v2\/types\/post"}],"author":[{"embeddable":true,"href":"https:\/\/www.caudete.org\/ayuntamiento\/wp-json\/wp\/v2\/users\/2"}],"replies":[{"embeddable":true,"href":"https:\/\/www.caudete.org\/ayuntamiento\/wp-json\/wp\/v2\/comments?post=16038"}],"version-history":[{"count":5,"href":"https:\/\/www.caudete.org\/ayuntamiento\/wp-json\/wp\/v2\/posts\/16038\/revisions"}],"predecessor-version":[{"id":16049,"href":"https:\/\/www.caudete.org\/ayuntamiento\/wp-json\/wp\/v2\/posts\/16038\/revisions\/16049"}],"wp:featuredmedia":[{"embeddable":true,"href":"https:\/\/www.caudete.org\/ayuntamiento\/wp-json\/wp\/v2\/media\/16041"}],"wp:attachment":[{"href":"https:\/\/www.caudete.org\/ayuntamiento\/wp-json\/wp\/v2\/media?parent=16038"}],"wp:term":[{"taxonomy":"category","embeddable":true,"href":"https:\/\/www.caudete.org\/ayuntamiento\/wp-json\/wp\/v2\/categories?post=16038"},{"taxonomy":"post_tag","embeddable":true,"href":"https:\/\/www.caudete.org\/ayuntamiento\/wp-json\/wp\/v2\/tags?post=16038"}],"curies":[{"name":"wp","href":"https:\/\/api.w.org\/{rel}","templated":true}]}}