{"id":16056,"date":"2021-09-09T20:34:02","date_gmt":"2021-09-09T18:34:02","guid":{"rendered":"https:\/\/www.caudete.org\/ayuntamiento\/?p=16056"},"modified":"2021-09-09T22:10:29","modified_gmt":"2021-09-09T20:10:29","slug":"nueva-apertura-de-dam-studio-en-calle-del-mercado-5","status":"publish","type":"post","link":"https:\/\/www.caudete.org\/ayuntamiento\/nueva-apertura-de-dam-studio-en-calle-del-mercado-5\/","title":{"rendered":"CaudeteEMPRENDE: abre en C\/El Mercado \u201cDAM STUDIO\u201d"},"content":{"rendered":"<p style=\"text-align: justify;\">Dentro de la campa\u00f1a <strong>CaudeteEMPRENDE<\/strong>, el Concejal de Comercio Diego Cuenca,\u00a0 ha visitado esta\u00a0 ma\u00f1ana a <strong>Alejandro Albertos D\u00e1maso<\/strong> en su estudio <strong>&#8220;DAM Studio&#8221;<\/strong> en C\/El Mercado.<\/p>\n<p style=\"text-align: justify;\">Alejandro, su titular nos comentaba qu\u00e9 le ha motivado a crear este estudio y centro de <em>coworking<\/em> y los servicios que su empresa ofrece.<\/p>\n<p style=\"text-align: justify;\">&#8220;<em>El nombre del estudio surge en primer lugar de mi apellido, como homenaje a mi abuelo, figura que siempre me acompa\u00f1ar\u00e1 y de la que he aprendido los valores del trabajo desde la humildad y el esfuerzo.<\/em><\/p>\n<p style=\"text-align: justify;\"><em><strong>DAM Studio<\/strong> hace referencia adem\u00e1s a los tres pilares en los que se basa,\u00a0Dise\u00f1o, Arquitectura y Mobiliario. Desde DAM studio ofrecemos trabajos de arquitectura personalizados, desde la idea o concepto del proyecto teniendo en cuenta las necesidades y el programa de nuestros clientes hasta llegar a un resultado final que a\u00fane nuestro visi\u00f3n de la arquitectura con las necesidades y gustos de nuestros clientes. Tambi\u00e9n trabajamos certificaciones energ\u00e9ticas, licencias y tr\u00e1mites administrativos de arquitectura.<\/em><\/p>\n<p style=\"text-align: justify;\"><em>Adem\u00e1s realizamos\u00a0proyectos de interiorismo y mobiliario, llevamos a\u00f1os trabajando con firmas de mobiliario nacional que aportar\u00e1n el broche final para tu vivienda, oficina, cafeter\u00eda, etc.<\/em><\/p>\n<p style=\"text-align: justify;\"><em>Por otro lado, creamos im\u00e1genes en 3D, herramienta que utilizamos para mostrar a nuestros clientes los proyectos como si estuvieran dentro antes de realizarse y as\u00ed aportar una visi\u00f3n 360 de estos.<\/em><\/p>\n<p style=\"text-align: justify;\"><em>Tambi\u00e9n dise\u00f1amos escenas 3D para crear cualquier cat\u00e1logo para empresas de mobiliario, celos\u00edas, carpinter\u00edas y lo que puedas imaginar.<\/em><\/p>\n<p style=\"text-align: justify;\"><em>Nos gustar\u00eda adem\u00e1s crear cursos de modelado 3D y renderizado de escenas para todo aquel que quiera adentrarse en el mundo del dise\u00f1o 3D, tanto para interiorismo o arquitectura como para videojuegos, realidad virtual etc.<\/em><\/p>\n<p style=\"text-align: justify;\"><em>El estudio est\u00e1 afincado en la<strong> C\/ El Mercado n\u00b05<\/strong>, en pleno centro de Caudete.<\/em><\/p>\n<p style=\"text-align: justify;\"><em>Cuando me lanc\u00e9 a crear mi propia marca trabajaba desde casa y me di cuenta de que no exist\u00eda un espacio donde poder emprender sin la necesidad de alquilar un local propio con los gastos que supone. Por lo tanto el estudio surge de la necesidad de poder trabajar en un espacio colaborativo, crear un espacio coworking en el que gente aut\u00f3noma como yo que quiera emprender y necesita un espacio f\u00edsico donde poder recibir clientes. Tambi\u00e9n para gente que teletrabaja y necesita salir de casa, compartir el espacio para motivarse y poder trabajar de una forma m\u00e1s eficiente&#8221;, <\/em>explicaba Alejandro<em>.<\/em><\/p>\n<p style=\"text-align: justify;\">\n<p style=\"text-align: justify;\"><strong>El <em>coworking<\/em> incluye los siguientes espacios:\u00a0<\/strong><\/p>\n<p style=\"text-align: justify;\">-Puestos de trabajo en espacio compartido.<\/p>\n<p style=\"text-align: justify;\">-Almacenamiento para tu documentaci\u00f3n.<\/p>\n<p style=\"text-align: justify;\">-Zona de reuniones.<\/p>\n<p style=\"text-align: justify;\">-Zona de espera y relax.<\/p>\n<p style=\"text-align: justify;\">-Zona Office (peque\u00f1a cocina).<\/p>\n<p style=\"text-align: justify;\">\n<p style=\"text-align: justify;\"><strong>Dispondr\u00e1s de los siguientes servicios:<\/strong><\/p>\n<p style=\"text-align: justify;\">-Internet alta velocidad.<\/p>\n<p style=\"text-align: justify;\">-Acceso 24h\/365 d\u00edas.<\/p>\n<p style=\"text-align: justify;\">-Impresora\/Fotocopiadora\/Esc\u00e1ner.<\/p>\n<p style=\"text-align: justify;\">-Limpieza, climatizaci\u00f3n y gastos comunes.<\/p>\n<p style=\"text-align: justify;\">-Gesti\u00f3n de correspondencia y paqueter\u00eda.<\/p>\n<p style=\"text-align: justify;\">-Domicilio social, legal y comercial.<\/p>\n<p style=\"text-align: justify;\">El Concejal de Comercio ha agradecido a Alejandro su implicaci\u00f3n con Caudete, por decidir abrir aqu\u00ed su estudio de trabajo, adem\u00e1s de aportar algo nuevo como es una zona <em>coworking<\/em>.<\/p>\n<p style=\"text-align: justify;\"><strong>CaudeteEMPRENDE<\/strong> es una campa\u00f1a creada desde la Concejal\u00eda de Comercio con el objetivo\u00a0 de dar visibilidad y apoyo a los nuevos comercios\u00a0 la localidad, acerc\u00e1ndolos a la ciudadan\u00eda a trav\u00e9s de las redes sociales del M.I. Ayuntamiento y la TV.<\/p>\n<p><a href=\"https:\/\/www.caudete.org\/ayuntamiento\/wp-content\/uploads\/2021\/09\/logotipo-Dam-Studio.jpg\" rel='prettyPhoto'><img decoding=\"async\" class=\"aligncenter wp-image-16059 size-medium\" src=\"https:\/\/www.caudete.org\/ayuntamiento\/wp-content\/uploads\/2021\/09\/logotipo-Dam-Studio-164x300.jpg\" alt=\"\" width=\"164\" height=\"300\" srcset=\"https:\/\/www.caudete.org\/ayuntamiento\/wp-content\/uploads\/2021\/09\/logotipo-Dam-Studio-164x300.jpg 164w, https:\/\/www.caudete.org\/ayuntamiento\/wp-content\/uploads\/2021\/09\/logotipo-Dam-Studio.jpg 561w\" sizes=\"(max-width: 164px) 100vw, 164px\" \/><\/a><\/p>\n","protected":false},"excerpt":{"rendered":"<p>Dentro de la campa\u00f1a CaudeteEMPRENDE, el Concejal de Comercio Diego Cuenca,\u00a0 ha visitado esta\u00a0 ma\u00f1ana a Alejandro Albertos D\u00e1maso en su estudio &#8220;DAM Studio&#8221; en C\/El Mercado. Alejandro, su titular nos comentaba qu\u00e9 le ha motivado a crear este estudio y centro de coworking y los servicios que su empresa ofrece. &#8220;El nombre del estudio &hellip;<\/p>\n","protected":false},"author":2,"featured_media":16058,"comment_status":"closed","ping_status":"open","sticky":false,"template":"","format":"standard","meta":{"ngg_post_thumbnail":0,"footnotes":""},"categories":[42],"tags":[655,699],"class_list":["post-16056","post","type-post","status-publish","format-standard","has-post-thumbnail","hentry","category-comercio","tag-caudeteemprende","tag-dam-studio"],"yoast_head":"<!-- This site is optimized with the Yoast SEO plugin v27.5 - https:\/\/yoast.com\/product\/yoast-seo-wordpress\/ -->\n<title>CaudeteEMPRENDE: abre en C\/El Mercado \u201cDAM STUDIO\u201d - MI Ayuntamiento de Caudete<\/title>\n<meta name=\"description\" content=\"P\u00e1gina Oficial del Ayuntamiento de Caudete (Albacete)\" \/>\n<meta name=\"robots\" content=\"index, follow, max-snippet:-1, max-image-preview:large, max-video-preview:-1\" \/>\n<link rel=\"canonical\" href=\"https:\/\/www.caudete.org\/ayuntamiento\/nueva-apertura-de-dam-studio-en-calle-del-mercado-5\/\" \/>\n<meta property=\"og:locale\" content=\"es_ES\" \/>\n<meta property=\"og:type\" content=\"article\" \/>\n<meta property=\"og:title\" content=\"CaudeteEMPRENDE: abre en C\/El Mercado \u201cDAM STUDIO\u201d - MI Ayuntamiento de Caudete\" \/>\n<meta property=\"og:description\" content=\"P\u00e1gina Oficial del Ayuntamiento de Caudete (Albacete)\" \/>\n<meta property=\"og:url\" content=\"https:\/\/www.caudete.org\/ayuntamiento\/nueva-apertura-de-dam-studio-en-calle-del-mercado-5\/\" \/>\n<meta property=\"og:site_name\" content=\"MI Ayuntamiento de Caudete\" \/>\n<meta property=\"article:publisher\" content=\"https:\/\/www.facebook.com\/ayuntamientocaudete\/\" \/>\n<meta property=\"article:published_time\" content=\"2021-09-09T18:34:02+00:00\" \/>\n<meta property=\"article:modified_time\" content=\"2021-09-09T20:10:29+00:00\" \/>\n<meta property=\"og:image\" content=\"https:\/\/www.caudete.org\/ayuntamiento\/wp-content\/uploads\/2021\/09\/Dam-StudioWEB.jpg\" \/>\n\t<meta property=\"og:image:width\" content=\"864\" \/>\n\t<meta property=\"og:image:height\" content=\"380\" \/>\n\t<meta property=\"og:image:type\" content=\"image\/jpeg\" \/>\n<meta name=\"author\" content=\"Juan\" \/>\n<meta name=\"twitter:card\" content=\"summary_large_image\" \/>\n<meta name=\"twitter:label1\" content=\"Escrito por\" \/>\n\t<meta name=\"twitter:data1\" content=\"Juan\" \/>\n\t<meta name=\"twitter:label2\" content=\"Tiempo de lectura\" \/>\n\t<meta name=\"twitter:data2\" content=\"3 minutos\" \/>\n<script type=\"application\/ld+json\" class=\"yoast-schema-graph\">{\"@context\":\"https:\\\/\\\/schema.org\",\"@graph\":[{\"@type\":\"Article\",\"@id\":\"https:\\\/\\\/www.caudete.org\\\/ayuntamiento\\\/nueva-apertura-de-dam-studio-en-calle-del-mercado-5\\\/#article\",\"isPartOf\":{\"@id\":\"https:\\\/\\\/www.caudete.org\\\/ayuntamiento\\\/nueva-apertura-de-dam-studio-en-calle-del-mercado-5\\\/\"},\"author\":{\"name\":\"Juan\",\"@id\":\"https:\\\/\\\/www.caudete.org\\\/ayuntamiento\\\/#\\\/schema\\\/person\\\/7656a5bb58fca95b9814e940de0fda63\"},\"headline\":\"CaudeteEMPRENDE: abre en C\\\/El Mercado \u201cDAM STUDIO\u201d\",\"datePublished\":\"2021-09-09T18:34:02+00:00\",\"dateModified\":\"2021-09-09T20:10:29+00:00\",\"mainEntityOfPage\":{\"@id\":\"https:\\\/\\\/www.caudete.org\\\/ayuntamiento\\\/nueva-apertura-de-dam-studio-en-calle-del-mercado-5\\\/\"},\"wordCount\":572,\"image\":{\"@id\":\"https:\\\/\\\/www.caudete.org\\\/ayuntamiento\\\/nueva-apertura-de-dam-studio-en-calle-del-mercado-5\\\/#primaryimage\"},\"thumbnailUrl\":\"https:\\\/\\\/www.caudete.org\\\/ayuntamiento\\\/wp-content\\\/uploads\\\/2021\\\/09\\\/Dam-StudioWEB.jpg\",\"keywords\":[\"CaudeteEMPRENDE\",\"DAM Studio\"],\"articleSection\":[\"Comercio\"],\"inLanguage\":\"es\"},{\"@type\":\"WebPage\",\"@id\":\"https:\\\/\\\/www.caudete.org\\\/ayuntamiento\\\/nueva-apertura-de-dam-studio-en-calle-del-mercado-5\\\/\",\"url\":\"https:\\\/\\\/www.caudete.org\\\/ayuntamiento\\\/nueva-apertura-de-dam-studio-en-calle-del-mercado-5\\\/\",\"name\":\"CaudeteEMPRENDE: abre en C\\\/El Mercado \u201cDAM STUDIO\u201d - MI Ayuntamiento de Caudete\",\"isPartOf\":{\"@id\":\"https:\\\/\\\/www.caudete.org\\\/ayuntamiento\\\/#website\"},\"primaryImageOfPage\":{\"@id\":\"https:\\\/\\\/www.caudete.org\\\/ayuntamiento\\\/nueva-apertura-de-dam-studio-en-calle-del-mercado-5\\\/#primaryimage\"},\"image\":{\"@id\":\"https:\\\/\\\/www.caudete.org\\\/ayuntamiento\\\/nueva-apertura-de-dam-studio-en-calle-del-mercado-5\\\/#primaryimage\"},\"thumbnailUrl\":\"https:\\\/\\\/www.caudete.org\\\/ayuntamiento\\\/wp-content\\\/uploads\\\/2021\\\/09\\\/Dam-StudioWEB.jpg\",\"datePublished\":\"2021-09-09T18:34:02+00:00\",\"dateModified\":\"2021-09-09T20:10:29+00:00\",\"author\":{\"@id\":\"https:\\\/\\\/www.caudete.org\\\/ayuntamiento\\\/#\\\/schema\\\/person\\\/7656a5bb58fca95b9814e940de0fda63\"},\"description\":\"P\u00e1gina Oficial del Ayuntamiento de Caudete (Albacete)\",\"breadcrumb\":{\"@id\":\"https:\\\/\\\/www.caudete.org\\\/ayuntamiento\\\/nueva-apertura-de-dam-studio-en-calle-del-mercado-5\\\/#breadcrumb\"},\"inLanguage\":\"es\",\"potentialAction\":[{\"@type\":\"ReadAction\",\"target\":[\"https:\\\/\\\/www.caudete.org\\\/ayuntamiento\\\/nueva-apertura-de-dam-studio-en-calle-del-mercado-5\\\/\"]}]},{\"@type\":\"ImageObject\",\"inLanguage\":\"es\",\"@id\":\"https:\\\/\\\/www.caudete.org\\\/ayuntamiento\\\/nueva-apertura-de-dam-studio-en-calle-del-mercado-5\\\/#primaryimage\",\"url\":\"https:\\\/\\\/www.caudete.org\\\/ayuntamiento\\\/wp-content\\\/uploads\\\/2021\\\/09\\\/Dam-StudioWEB.jpg\",\"contentUrl\":\"https:\\\/\\\/www.caudete.org\\\/ayuntamiento\\\/wp-content\\\/uploads\\\/2021\\\/09\\\/Dam-StudioWEB.jpg\",\"width\":864,\"height\":380},{\"@type\":\"BreadcrumbList\",\"@id\":\"https:\\\/\\\/www.caudete.org\\\/ayuntamiento\\\/nueva-apertura-de-dam-studio-en-calle-del-mercado-5\\\/#breadcrumb\",\"itemListElement\":[{\"@type\":\"ListItem\",\"position\":1,\"name\":\"Inicio\",\"item\":\"https:\\\/\\\/www.caudete.org\\\/ayuntamiento\\\/\"},{\"@type\":\"ListItem\",\"position\":2,\"name\":\"CaudeteEMPRENDE: abre en C\\\/El Mercado \u201cDAM STUDIO\u201d\"}]},{\"@type\":\"WebSite\",\"@id\":\"https:\\\/\\\/www.caudete.org\\\/ayuntamiento\\\/#website\",\"url\":\"https:\\\/\\\/www.caudete.org\\\/ayuntamiento\\\/\",\"name\":\"MI Ayuntamiento de Caudete\",\"description\":\"P\u00e1gina Oficial del MI Ayuntamiento de Caudete\",\"potentialAction\":[{\"@type\":\"SearchAction\",\"target\":{\"@type\":\"EntryPoint\",\"urlTemplate\":\"https:\\\/\\\/www.caudete.org\\\/ayuntamiento\\\/?s={search_term_string}\"},\"query-input\":{\"@type\":\"PropertyValueSpecification\",\"valueRequired\":true,\"valueName\":\"search_term_string\"}}],\"inLanguage\":\"es\"},{\"@type\":\"Person\",\"@id\":\"https:\\\/\\\/www.caudete.org\\\/ayuntamiento\\\/#\\\/schema\\\/person\\\/7656a5bb58fca95b9814e940de0fda63\",\"name\":\"Juan\",\"image\":{\"@type\":\"ImageObject\",\"inLanguage\":\"es\",\"@id\":\"https:\\\/\\\/secure.gravatar.com\\\/avatar\\\/dd53e51c0cd6ab23f52d4f3e4f1c59730240727763de3dbbf26750b079a2c292?s=96&d=mm&r=g\",\"url\":\"https:\\\/\\\/secure.gravatar.com\\\/avatar\\\/dd53e51c0cd6ab23f52d4f3e4f1c59730240727763de3dbbf26750b079a2c292?s=96&d=mm&r=g\",\"contentUrl\":\"https:\\\/\\\/secure.gravatar.com\\\/avatar\\\/dd53e51c0cd6ab23f52d4f3e4f1c59730240727763de3dbbf26750b079a2c292?s=96&d=mm&r=g\",\"caption\":\"Juan\"},\"url\":\"https:\\\/\\\/www.caudete.org\\\/ayuntamiento\\\/author\\\/centrodeinternet\\\/\"}]}<\/script>\n<!-- \/ Yoast SEO plugin. -->","yoast_head_json":{"title":"CaudeteEMPRENDE: abre en C\/El Mercado \u201cDAM STUDIO\u201d - MI Ayuntamiento de Caudete","description":"P\u00e1gina Oficial del Ayuntamiento de Caudete (Albacete)","robots":{"index":"index","follow":"follow","max-snippet":"max-snippet:-1","max-image-preview":"max-image-preview:large","max-video-preview":"max-video-preview:-1"},"canonical":"https:\/\/www.caudete.org\/ayuntamiento\/nueva-apertura-de-dam-studio-en-calle-del-mercado-5\/","og_locale":"es_ES","og_type":"article","og_title":"CaudeteEMPRENDE: abre en C\/El Mercado \u201cDAM STUDIO\u201d - MI Ayuntamiento de Caudete","og_description":"P\u00e1gina Oficial del Ayuntamiento de Caudete (Albacete)","og_url":"https:\/\/www.caudete.org\/ayuntamiento\/nueva-apertura-de-dam-studio-en-calle-del-mercado-5\/","og_site_name":"MI Ayuntamiento de Caudete","article_publisher":"https:\/\/www.facebook.com\/ayuntamientocaudete\/","article_published_time":"2021-09-09T18:34:02+00:00","article_modified_time":"2021-09-09T20:10:29+00:00","og_image":[{"width":864,"height":380,"url":"https:\/\/www.caudete.org\/ayuntamiento\/wp-content\/uploads\/2021\/09\/Dam-StudioWEB.jpg","type":"image\/jpeg"}],"author":"Juan","twitter_card":"summary_large_image","twitter_misc":{"Escrito por":"Juan","Tiempo de lectura":"3 minutos"},"schema":{"@context":"https:\/\/schema.org","@graph":[{"@type":"Article","@id":"https:\/\/www.caudete.org\/ayuntamiento\/nueva-apertura-de-dam-studio-en-calle-del-mercado-5\/#article","isPartOf":{"@id":"https:\/\/www.caudete.org\/ayuntamiento\/nueva-apertura-de-dam-studio-en-calle-del-mercado-5\/"},"author":{"name":"Juan","@id":"https:\/\/www.caudete.org\/ayuntamiento\/#\/schema\/person\/7656a5bb58fca95b9814e940de0fda63"},"headline":"CaudeteEMPRENDE: abre en C\/El Mercado \u201cDAM STUDIO\u201d","datePublished":"2021-09-09T18:34:02+00:00","dateModified":"2021-09-09T20:10:29+00:00","mainEntityOfPage":{"@id":"https:\/\/www.caudete.org\/ayuntamiento\/nueva-apertura-de-dam-studio-en-calle-del-mercado-5\/"},"wordCount":572,"image":{"@id":"https:\/\/www.caudete.org\/ayuntamiento\/nueva-apertura-de-dam-studio-en-calle-del-mercado-5\/#primaryimage"},"thumbnailUrl":"https:\/\/www.caudete.org\/ayuntamiento\/wp-content\/uploads\/2021\/09\/Dam-StudioWEB.jpg","keywords":["CaudeteEMPRENDE","DAM Studio"],"articleSection":["Comercio"],"inLanguage":"es"},{"@type":"WebPage","@id":"https:\/\/www.caudete.org\/ayuntamiento\/nueva-apertura-de-dam-studio-en-calle-del-mercado-5\/","url":"https:\/\/www.caudete.org\/ayuntamiento\/nueva-apertura-de-dam-studio-en-calle-del-mercado-5\/","name":"CaudeteEMPRENDE: abre en C\/El Mercado \u201cDAM STUDIO\u201d - MI Ayuntamiento de Caudete","isPartOf":{"@id":"https:\/\/www.caudete.org\/ayuntamiento\/#website"},"primaryImageOfPage":{"@id":"https:\/\/www.caudete.org\/ayuntamiento\/nueva-apertura-de-dam-studio-en-calle-del-mercado-5\/#primaryimage"},"image":{"@id":"https:\/\/www.caudete.org\/ayuntamiento\/nueva-apertura-de-dam-studio-en-calle-del-mercado-5\/#primaryimage"},"thumbnailUrl":"https:\/\/www.caudete.org\/ayuntamiento\/wp-content\/uploads\/2021\/09\/Dam-StudioWEB.jpg","datePublished":"2021-09-09T18:34:02+00:00","dateModified":"2021-09-09T20:10:29+00:00","author":{"@id":"https:\/\/www.caudete.org\/ayuntamiento\/#\/schema\/person\/7656a5bb58fca95b9814e940de0fda63"},"description":"P\u00e1gina Oficial del Ayuntamiento de Caudete (Albacete)","breadcrumb":{"@id":"https:\/\/www.caudete.org\/ayuntamiento\/nueva-apertura-de-dam-studio-en-calle-del-mercado-5\/#breadcrumb"},"inLanguage":"es","potentialAction":[{"@type":"ReadAction","target":["https:\/\/www.caudete.org\/ayuntamiento\/nueva-apertura-de-dam-studio-en-calle-del-mercado-5\/"]}]},{"@type":"ImageObject","inLanguage":"es","@id":"https:\/\/www.caudete.org\/ayuntamiento\/nueva-apertura-de-dam-studio-en-calle-del-mercado-5\/#primaryimage","url":"https:\/\/www.caudete.org\/ayuntamiento\/wp-content\/uploads\/2021\/09\/Dam-StudioWEB.jpg","contentUrl":"https:\/\/www.caudete.org\/ayuntamiento\/wp-content\/uploads\/2021\/09\/Dam-StudioWEB.jpg","width":864,"height":380},{"@type":"BreadcrumbList","@id":"https:\/\/www.caudete.org\/ayuntamiento\/nueva-apertura-de-dam-studio-en-calle-del-mercado-5\/#breadcrumb","itemListElement":[{"@type":"ListItem","position":1,"name":"Inicio","item":"https:\/\/www.caudete.org\/ayuntamiento\/"},{"@type":"ListItem","position":2,"name":"CaudeteEMPRENDE: abre en C\/El Mercado \u201cDAM STUDIO\u201d"}]},{"@type":"WebSite","@id":"https:\/\/www.caudete.org\/ayuntamiento\/#website","url":"https:\/\/www.caudete.org\/ayuntamiento\/","name":"MI Ayuntamiento de Caudete","description":"P\u00e1gina Oficial del MI Ayuntamiento de Caudete","potentialAction":[{"@type":"SearchAction","target":{"@type":"EntryPoint","urlTemplate":"https:\/\/www.caudete.org\/ayuntamiento\/?s={search_term_string}"},"query-input":{"@type":"PropertyValueSpecification","valueRequired":true,"valueName":"search_term_string"}}],"inLanguage":"es"},{"@type":"Person","@id":"https:\/\/www.caudete.org\/ayuntamiento\/#\/schema\/person\/7656a5bb58fca95b9814e940de0fda63","name":"Juan","image":{"@type":"ImageObject","inLanguage":"es","@id":"https:\/\/secure.gravatar.com\/avatar\/dd53e51c0cd6ab23f52d4f3e4f1c59730240727763de3dbbf26750b079a2c292?s=96&d=mm&r=g","url":"https:\/\/secure.gravatar.com\/avatar\/dd53e51c0cd6ab23f52d4f3e4f1c59730240727763de3dbbf26750b079a2c292?s=96&d=mm&r=g","contentUrl":"https:\/\/secure.gravatar.com\/avatar\/dd53e51c0cd6ab23f52d4f3e4f1c59730240727763de3dbbf26750b079a2c292?s=96&d=mm&r=g","caption":"Juan"},"url":"https:\/\/www.caudete.org\/ayuntamiento\/author\/centrodeinternet\/"}]}},"_links":{"self":[{"href":"https:\/\/www.caudete.org\/ayuntamiento\/wp-json\/wp\/v2\/posts\/16056","targetHints":{"allow":["GET"]}}],"collection":[{"href":"https:\/\/www.caudete.org\/ayuntamiento\/wp-json\/wp\/v2\/posts"}],"about":[{"href":"https:\/\/www.caudete.org\/ayuntamiento\/wp-json\/wp\/v2\/types\/post"}],"author":[{"embeddable":true,"href":"https:\/\/www.caudete.org\/ayuntamiento\/wp-json\/wp\/v2\/users\/2"}],"replies":[{"embeddable":true,"href":"https:\/\/www.caudete.org\/ayuntamiento\/wp-json\/wp\/v2\/comments?post=16056"}],"version-history":[{"count":5,"href":"https:\/\/www.caudete.org\/ayuntamiento\/wp-json\/wp\/v2\/posts\/16056\/revisions"}],"predecessor-version":[{"id":16063,"href":"https:\/\/www.caudete.org\/ayuntamiento\/wp-json\/wp\/v2\/posts\/16056\/revisions\/16063"}],"wp:featuredmedia":[{"embeddable":true,"href":"https:\/\/www.caudete.org\/ayuntamiento\/wp-json\/wp\/v2\/media\/16058"}],"wp:attachment":[{"href":"https:\/\/www.caudete.org\/ayuntamiento\/wp-json\/wp\/v2\/media?parent=16056"}],"wp:term":[{"taxonomy":"category","embeddable":true,"href":"https:\/\/www.caudete.org\/ayuntamiento\/wp-json\/wp\/v2\/categories?post=16056"},{"taxonomy":"post_tag","embeddable":true,"href":"https:\/\/www.caudete.org\/ayuntamiento\/wp-json\/wp\/v2\/tags?post=16056"}],"curies":[{"name":"wp","href":"https:\/\/api.w.org\/{rel}","templated":true}]}}