{"id":16087,"date":"2021-09-13T09:00:18","date_gmt":"2021-09-13T07:00:18","guid":{"rendered":"https:\/\/www.caudete.org\/ayuntamiento\/?p=16087"},"modified":"2021-09-13T10:51:49","modified_gmt":"2021-09-13T08:51:49","slug":"solicitados-83-09346e-para-luchar-contra-el-cambio-climatico-en-la-avenida-de-valencia","status":"publish","type":"post","link":"https:\/\/www.caudete.org\/ayuntamiento\/solicitados-83-09346e-para-luchar-contra-el-cambio-climatico-en-la-avenida-de-valencia\/","title":{"rendered":"Solicitados 83.093&#8217;46\u20ac para luchar contra el Cambio Clim\u00e1tico en la Avenida de Valencia"},"content":{"rendered":"<p style=\"text-align: justify;\">Esta ma\u00f1ana, el Alcalde Mois\u00e9s L\u00f3pez y el Concejal de Medio Ambiente Joaqu\u00edn Pag\u00e1n informaban de la nueva solicitud de ayuda solicitada por el consistorio.<\/p>\n<p style=\"text-align: justify;\">La Junta de Gobierno Local del pasado 3 de Septiembre daba luz verde a la solicitud en la que el Departamento de Medio junto al de Urbanismo han estado trabajando en el marco de la Convocatoria de Concesi\u00f3n de Ayudas que la JCCM ha lanzado para la lucha del cambio clim\u00e1tico por parte de municipios con una poblaci\u00f3n inferior a los 100.000 habitantes.<\/p>\n<p style=\"text-align: justify;\">La Resoluci\u00f3n que aprobaba la convocatoria fue emitida el 30\/06\/2021 y publicada en el DOCM el 08\/07\/2021, y viene especificada en como la Convocatoria de Ayudas contempladas en los Planes de Impulso al Medio Ambiente-Cambio Clim\u00e1tico (PIMA-CC) para la puesta en marcha de acciones de lucha contra el cambio clim\u00e1tico, que integran a su vez, la pol\u00edtica de cambio con las pol\u00edticas de calidad ambiental, consistentes en actuaciones piloto de car\u00e1cter innovador para la adaptaci\u00f3n al cambio clim\u00e1tico de espacios urbanos y periurbanos.<\/p>\n<p style=\"text-align: justify;\"><span style=\"text-decoration: underline;\"><strong>La Avenida de Valencia, lugar elegido para el proyecto planteado.<\/strong><\/span><\/p>\n<p style=\"text-align: justify;\">Seg\u00fan la memoria t\u00e9cnica presentada, el Gobierno Municipal plantea una actuaci\u00f3n en la Avenida de Valencia entre las intersecciones de C\/Pr\u00edncipe de los Ingenios y la Vereda de Santa Ana, ocupando una superficie pr\u00f3xima\u00a0 a los 4.500m<sup>2,\u00a0<\/sup>con un presupuesto total de 83.093&#8217;46\u20ac<\/p>\n<p style=\"text-align: justify;\"><span style=\"text-decoration: underline;\"><strong>Cord\u00f3n Verde, y Carril Bici, la soluci\u00f3n planteada.<\/strong><\/span><\/p>\n<p style=\"text-align: justify;\">Con un ancho de 26m, se plantea en dicha Avenida y a modo de resumen, la implantaci\u00f3n de un cord\u00f3n verde creado con arbolado y arbustos en ambos lados de la v\u00eda, la construcci\u00f3n de un carril bici en el lateral sentido Murcia y zona de tr\u00e1nsito peatonal, mientras que el sentido Valencia (donde se localizan la mayor\u00eda de las edificaciones) se plantea una secci\u00f3n en la que incluye zona peatonal y zona para estacionar veh\u00edculos (adem\u00e1s del cord\u00f3n verde).<\/p>\n<p style=\"text-align: justify;\">Tal y como informaban, una vez se resuelva la convocatoria, y en caso de ser valorada positivamente nuestra propuesta, se proceder\u00e1 a la redacci\u00f3n del pertinente proyecto estudiando la ubicaci\u00f3n concreta de los 130 \u00e1rboles para que no supongan impedimento u obst\u00e1culo frente a los vecinos y negocios que en la zona se concentran.<\/p>\n<p style=\"text-align: justify;\">Recalcaba igualmente el Alcalde la importancia del proyecto en t\u00e9rminos medioambientales, urban\u00edsticos y paisaj\u00edsticos, ya que con la actuaci\u00f3n planteada generaremos un importante cord\u00f3n verde que permitir\u00e1 establecer las bases para ordenar y acondicionar una de las principales v\u00edas de entrada al municipio, imprimi\u00e9ndole un importante cambio, con fuertes valores medioambientales y en el que se implementar\u00e1 el carril bici en una de las zonas m\u00e1s transitadas de la localidad, al ser lugar de paso obligado para la inmensa mayor\u00eda de segundas residencias, y rutas deportivas.<\/p>\n<p style=\"text-align: justify;\">Por su parte, el Edil de Medio Ambiente destacaba los valores que aporta nuestro municipio con este proyecto en la lucha contra el cambio clim\u00e1tico, y que son:<\/p>\n<ul style=\"text-align: justify;\">\n<li>Aumento biodiversidad<\/li>\n<li>Zona de sombra<\/li>\n<li>Absorci\u00f3n CO2<\/li>\n<li>Reducci\u00f3n de CO2<\/li>\n<li>Urbanismo saludable<\/li>\n<\/ul>\n<p style=\"text-align: justify;\"><span style=\"text-decoration: underline;\"><strong>\u00bfCu\u00e1les son los porcentajes de cofinanciaci\u00f3n? \u00bfQu\u00e9 cantidad aportar\u00eda el Ayuntamiento?<\/strong><\/span><\/p>\n<p style=\"text-align: justify;\">La ayuda puede alcanzar hasta el 90% del coste del proyecto, con 75.000\u20ac m\u00e1ximo, siempre que el proyecto contemple la totalidad de acciones de la convocatoria. En este caso el Ayuntamiento aportar\u00eda, con el proyecto presentado y optando al m\u00e1ximo de subvenci\u00f3n, un total de 8.093&#8217;46\u20ac.<\/p>\n<p style=\"text-align: justify;\"><span style=\"text-decoration: underline;\"><b style=\"text-decoration-line: underline;\">Pero, <\/b><b><u>\u00bfCu\u00e1les<\/u><\/b><b style=\"text-decoration-line: underline;\"> son las actuaciones que engloba la convocatoria?<\/b><\/span><\/p>\n<p style=\"text-align: justify;\">a) Aplicaci\u00f3n de soluciones basadas en la naturaleza orientadas a la prevenci\u00f3n de riesgos asociados al cambio clim\u00e1tico en espacios urbanos y periurbanos: riesgos por altas temperaturas, riesgo de incendios en el espacio urbano-forestal, inundaciones, sequ\u00edas, etc.<\/p>\n<p style=\"text-align: justify;\">b) Intervenciones en espacios p\u00fablicos orientadas a atenuar el efecto isla de calor urbana (sombreado natural o artificial de calles y plazas, reducci\u00f3n de la impermeabilidad del suelo, captaci\u00f3n de aguas pluviales, creaci\u00f3n de microclimas con l\u00e1minas de agua, aplicaci\u00f3n de soluciones bioclim\u00e1ticas, etc.).<\/p>\n<p style=\"text-align: justify;\">c) Incremento de la biodiversidad y de la infraestructura urbana verde y azul: aumento y naturalizaci\u00f3n de zonas verdes urbanas y mejora de h\u00e1bitats, protecci\u00f3n de fauna y flora silvestre, procesos ecol\u00f3gicos clave, jardines verticales, tejados verdes, restauraci\u00f3n o rehabilitaci\u00f3n de zonas h\u00famedas, presencia de vegetaci\u00f3n adecuada en parques y jardines, restauraci\u00f3n de tramos urbanos de r\u00edos, zonas inundables, mejora de la conectividad natural entre el medio urbano y periurbano, etc.<\/p>\n<p style=\"text-align: justify;\"><span style=\"text-decoration: underline;\"><b style=\"text-decoration-line: underline;\">Y, \u00bf<\/b><b><u>cu\u00e1l<\/u><\/b><b style=\"text-decoration-line: underline;\"> es la finalidad de la subvenci\u00f3n?<\/b><\/span><\/p>\n<p style=\"text-align: justify;\">&#8211; Reducci\u00f3n del efecto isla calor, con atemperaci\u00f3n del clima urbano y mejora del confort ambiental.<br \/>\n&#8211; Integraci\u00f3n del cambio clim\u00e1tico y la infraestructura verde en la planificaci\u00f3n y gesti\u00f3n urban\u00edstica e intervenciones en el espacio urbano.<br \/>\n&#8211; Mejora de la calidad ambiental del municipio, con mejora de la calidad del aire urbano y reducci\u00f3n de la contaminaci\u00f3n.<br \/>\n&#8211; Prevenci\u00f3n de riesgos asociados al cambio clim\u00e1tico en espacios urbanos y periurbanos tales como riesgos por altas temperaturas, riesgo de incendios en el espacio urbano-forestal, inundaciones, sequ\u00edas, etc.<br \/>\n&#8211; Aumento de la capacidad de infiltraci\u00f3n del suelo.<br \/>\n&#8211; Mejora de la capacidad urbana de infiltraci\u00f3n de aguas pluviales.<br \/>\n&#8211; La naturalizaci\u00f3n del entorno y el aumento de la biodiversidad urbana.<br \/>\n&#8211; La conectividad del ecosistema urbano.<\/p>\n<p style=\"text-align: justify;\">\n","protected":false},"excerpt":{"rendered":"<p>Esta ma\u00f1ana, el Alcalde Mois\u00e9s L\u00f3pez y el Concejal de Medio Ambiente Joaqu\u00edn Pag\u00e1n informaban de la nueva solicitud de ayuda solicitada por el consistorio. La Junta de Gobierno Local del pasado 3 de Septiembre daba luz verde a la solicitud en la que el Departamento de Medio junto al de Urbanismo han estado trabajando &hellip;<\/p>\n","protected":false},"author":3,"featured_media":16089,"comment_status":"closed","ping_status":"open","sticky":false,"template":"","format":"standard","meta":{"ngg_post_thumbnail":0,"footnotes":""},"categories":[29],"tags":[],"class_list":["post-16087","post","type-post","status-publish","format-standard","has-post-thumbnail","hentry","category-medio-ambiente"],"yoast_head":"<!-- This site is optimized with the Yoast SEO plugin v27.5 - https:\/\/yoast.com\/product\/yoast-seo-wordpress\/ -->\n<title>Solicitados 83.093&#039;46\u20ac para luchar contra el Cambio Clim\u00e1tico en la Avenida de Valencia - MI Ayuntamiento de Caudete<\/title>\n<meta name=\"description\" content=\"P\u00e1gina Oficial del Ayuntamiento de Caudete (Albacete)\" \/>\n<meta name=\"robots\" content=\"index, follow, max-snippet:-1, max-image-preview:large, max-video-preview:-1\" \/>\n<link rel=\"canonical\" href=\"https:\/\/www.caudete.org\/ayuntamiento\/solicitados-83-09346e-para-luchar-contra-el-cambio-climatico-en-la-avenida-de-valencia\/\" \/>\n<meta property=\"og:locale\" content=\"es_ES\" \/>\n<meta property=\"og:type\" content=\"article\" \/>\n<meta property=\"og:title\" content=\"Solicitados 83.093&#039;46\u20ac para luchar contra el Cambio Clim\u00e1tico en la Avenida de Valencia - MI Ayuntamiento de Caudete\" \/>\n<meta property=\"og:description\" content=\"P\u00e1gina Oficial del Ayuntamiento de Caudete (Albacete)\" \/>\n<meta property=\"og:url\" content=\"https:\/\/www.caudete.org\/ayuntamiento\/solicitados-83-09346e-para-luchar-contra-el-cambio-climatico-en-la-avenida-de-valencia\/\" \/>\n<meta property=\"og:site_name\" content=\"MI Ayuntamiento de Caudete\" \/>\n<meta property=\"article:publisher\" content=\"https:\/\/www.facebook.com\/ayuntamientocaudete\/\" \/>\n<meta property=\"article:published_time\" content=\"2021-09-13T07:00:18+00:00\" \/>\n<meta property=\"article:modified_time\" content=\"2021-09-13T08:51:49+00:00\" \/>\n<meta property=\"og:image\" content=\"https:\/\/www.caudete.org\/ayuntamiento\/wp-content\/uploads\/2021\/09\/WhatsApp-Image-2021-09-13-at-00.28.26.jpeg\" \/>\n\t<meta property=\"og:image:width\" content=\"772\" \/>\n\t<meta property=\"og:image:height\" content=\"489\" \/>\n\t<meta property=\"og:image:type\" content=\"image\/jpeg\" \/>\n<meta name=\"author\" content=\"alcalde\" \/>\n<meta name=\"twitter:card\" content=\"summary_large_image\" \/>\n<meta name=\"twitter:label1\" content=\"Escrito por\" \/>\n\t<meta name=\"twitter:data1\" content=\"alcalde\" \/>\n\t<meta name=\"twitter:label2\" content=\"Tiempo de lectura\" \/>\n\t<meta name=\"twitter:data2\" content=\"4 minutos\" \/>\n<script type=\"application\/ld+json\" class=\"yoast-schema-graph\">{\"@context\":\"https:\\\/\\\/schema.org\",\"@graph\":[{\"@type\":\"Article\",\"@id\":\"https:\\\/\\\/www.caudete.org\\\/ayuntamiento\\\/solicitados-83-09346e-para-luchar-contra-el-cambio-climatico-en-la-avenida-de-valencia\\\/#article\",\"isPartOf\":{\"@id\":\"https:\\\/\\\/www.caudete.org\\\/ayuntamiento\\\/solicitados-83-09346e-para-luchar-contra-el-cambio-climatico-en-la-avenida-de-valencia\\\/\"},\"author\":{\"name\":\"alcalde\",\"@id\":\"https:\\\/\\\/www.caudete.org\\\/ayuntamiento\\\/#\\\/schema\\\/person\\\/cc646da9133078ee4d8dd47457947253\"},\"headline\":\"Solicitados 83.093&#8217;46\u20ac para luchar contra el Cambio Clim\u00e1tico en la Avenida de Valencia\",\"datePublished\":\"2021-09-13T07:00:18+00:00\",\"dateModified\":\"2021-09-13T08:51:49+00:00\",\"mainEntityOfPage\":{\"@id\":\"https:\\\/\\\/www.caudete.org\\\/ayuntamiento\\\/solicitados-83-09346e-para-luchar-contra-el-cambio-climatico-en-la-avenida-de-valencia\\\/\"},\"wordCount\":942,\"image\":{\"@id\":\"https:\\\/\\\/www.caudete.org\\\/ayuntamiento\\\/solicitados-83-09346e-para-luchar-contra-el-cambio-climatico-en-la-avenida-de-valencia\\\/#primaryimage\"},\"thumbnailUrl\":\"https:\\\/\\\/www.caudete.org\\\/ayuntamiento\\\/wp-content\\\/uploads\\\/2021\\\/09\\\/WhatsApp-Image-2021-09-13-at-00.28.26.jpeg\",\"articleSection\":[\"Medio Ambiente\"],\"inLanguage\":\"es\"},{\"@type\":\"WebPage\",\"@id\":\"https:\\\/\\\/www.caudete.org\\\/ayuntamiento\\\/solicitados-83-09346e-para-luchar-contra-el-cambio-climatico-en-la-avenida-de-valencia\\\/\",\"url\":\"https:\\\/\\\/www.caudete.org\\\/ayuntamiento\\\/solicitados-83-09346e-para-luchar-contra-el-cambio-climatico-en-la-avenida-de-valencia\\\/\",\"name\":\"Solicitados 83.093'46\u20ac para luchar contra el Cambio Clim\u00e1tico en la Avenida de Valencia - MI Ayuntamiento de Caudete\",\"isPartOf\":{\"@id\":\"https:\\\/\\\/www.caudete.org\\\/ayuntamiento\\\/#website\"},\"primaryImageOfPage\":{\"@id\":\"https:\\\/\\\/www.caudete.org\\\/ayuntamiento\\\/solicitados-83-09346e-para-luchar-contra-el-cambio-climatico-en-la-avenida-de-valencia\\\/#primaryimage\"},\"image\":{\"@id\":\"https:\\\/\\\/www.caudete.org\\\/ayuntamiento\\\/solicitados-83-09346e-para-luchar-contra-el-cambio-climatico-en-la-avenida-de-valencia\\\/#primaryimage\"},\"thumbnailUrl\":\"https:\\\/\\\/www.caudete.org\\\/ayuntamiento\\\/wp-content\\\/uploads\\\/2021\\\/09\\\/WhatsApp-Image-2021-09-13-at-00.28.26.jpeg\",\"datePublished\":\"2021-09-13T07:00:18+00:00\",\"dateModified\":\"2021-09-13T08:51:49+00:00\",\"author\":{\"@id\":\"https:\\\/\\\/www.caudete.org\\\/ayuntamiento\\\/#\\\/schema\\\/person\\\/cc646da9133078ee4d8dd47457947253\"},\"description\":\"P\u00e1gina Oficial del Ayuntamiento de Caudete (Albacete)\",\"breadcrumb\":{\"@id\":\"https:\\\/\\\/www.caudete.org\\\/ayuntamiento\\\/solicitados-83-09346e-para-luchar-contra-el-cambio-climatico-en-la-avenida-de-valencia\\\/#breadcrumb\"},\"inLanguage\":\"es\",\"potentialAction\":[{\"@type\":\"ReadAction\",\"target\":[\"https:\\\/\\\/www.caudete.org\\\/ayuntamiento\\\/solicitados-83-09346e-para-luchar-contra-el-cambio-climatico-en-la-avenida-de-valencia\\\/\"]}]},{\"@type\":\"ImageObject\",\"inLanguage\":\"es\",\"@id\":\"https:\\\/\\\/www.caudete.org\\\/ayuntamiento\\\/solicitados-83-09346e-para-luchar-contra-el-cambio-climatico-en-la-avenida-de-valencia\\\/#primaryimage\",\"url\":\"https:\\\/\\\/www.caudete.org\\\/ayuntamiento\\\/wp-content\\\/uploads\\\/2021\\\/09\\\/WhatsApp-Image-2021-09-13-at-00.28.26.jpeg\",\"contentUrl\":\"https:\\\/\\\/www.caudete.org\\\/ayuntamiento\\\/wp-content\\\/uploads\\\/2021\\\/09\\\/WhatsApp-Image-2021-09-13-at-00.28.26.jpeg\",\"width\":772,\"height\":489},{\"@type\":\"BreadcrumbList\",\"@id\":\"https:\\\/\\\/www.caudete.org\\\/ayuntamiento\\\/solicitados-83-09346e-para-luchar-contra-el-cambio-climatico-en-la-avenida-de-valencia\\\/#breadcrumb\",\"itemListElement\":[{\"@type\":\"ListItem\",\"position\":1,\"name\":\"Inicio\",\"item\":\"https:\\\/\\\/www.caudete.org\\\/ayuntamiento\\\/\"},{\"@type\":\"ListItem\",\"position\":2,\"name\":\"Solicitados 83.093&#8217;46\u20ac para luchar contra el Cambio Clim\u00e1tico en la Avenida de Valencia\"}]},{\"@type\":\"WebSite\",\"@id\":\"https:\\\/\\\/www.caudete.org\\\/ayuntamiento\\\/#website\",\"url\":\"https:\\\/\\\/www.caudete.org\\\/ayuntamiento\\\/\",\"name\":\"MI Ayuntamiento de Caudete\",\"description\":\"P\u00e1gina Oficial del MI Ayuntamiento de Caudete\",\"potentialAction\":[{\"@type\":\"SearchAction\",\"target\":{\"@type\":\"EntryPoint\",\"urlTemplate\":\"https:\\\/\\\/www.caudete.org\\\/ayuntamiento\\\/?s={search_term_string}\"},\"query-input\":{\"@type\":\"PropertyValueSpecification\",\"valueRequired\":true,\"valueName\":\"search_term_string\"}}],\"inLanguage\":\"es\"},{\"@type\":\"Person\",\"@id\":\"https:\\\/\\\/www.caudete.org\\\/ayuntamiento\\\/#\\\/schema\\\/person\\\/cc646da9133078ee4d8dd47457947253\",\"name\":\"alcalde\",\"image\":{\"@type\":\"ImageObject\",\"inLanguage\":\"es\",\"@id\":\"https:\\\/\\\/secure.gravatar.com\\\/avatar\\\/84a817ba065b29ff08d666b215a215f5c79186a645ccb25b14a663d48a130f77?s=96&d=mm&r=g\",\"url\":\"https:\\\/\\\/secure.gravatar.com\\\/avatar\\\/84a817ba065b29ff08d666b215a215f5c79186a645ccb25b14a663d48a130f77?s=96&d=mm&r=g\",\"contentUrl\":\"https:\\\/\\\/secure.gravatar.com\\\/avatar\\\/84a817ba065b29ff08d666b215a215f5c79186a645ccb25b14a663d48a130f77?s=96&d=mm&r=g\",\"caption\":\"alcalde\"},\"url\":\"https:\\\/\\\/www.caudete.org\\\/ayuntamiento\\\/author\\\/alcalde\\\/\"}]}<\/script>\n<!-- \/ Yoast SEO plugin. -->","yoast_head_json":{"title":"Solicitados 83.093'46\u20ac para luchar contra el Cambio Clim\u00e1tico en la Avenida de Valencia - MI Ayuntamiento de Caudete","description":"P\u00e1gina Oficial del Ayuntamiento de Caudete (Albacete)","robots":{"index":"index","follow":"follow","max-snippet":"max-snippet:-1","max-image-preview":"max-image-preview:large","max-video-preview":"max-video-preview:-1"},"canonical":"https:\/\/www.caudete.org\/ayuntamiento\/solicitados-83-09346e-para-luchar-contra-el-cambio-climatico-en-la-avenida-de-valencia\/","og_locale":"es_ES","og_type":"article","og_title":"Solicitados 83.093'46\u20ac para luchar contra el Cambio Clim\u00e1tico en la Avenida de Valencia - MI Ayuntamiento de Caudete","og_description":"P\u00e1gina Oficial del Ayuntamiento de Caudete (Albacete)","og_url":"https:\/\/www.caudete.org\/ayuntamiento\/solicitados-83-09346e-para-luchar-contra-el-cambio-climatico-en-la-avenida-de-valencia\/","og_site_name":"MI Ayuntamiento de Caudete","article_publisher":"https:\/\/www.facebook.com\/ayuntamientocaudete\/","article_published_time":"2021-09-13T07:00:18+00:00","article_modified_time":"2021-09-13T08:51:49+00:00","og_image":[{"width":772,"height":489,"url":"https:\/\/www.caudete.org\/ayuntamiento\/wp-content\/uploads\/2021\/09\/WhatsApp-Image-2021-09-13-at-00.28.26.jpeg","type":"image\/jpeg"}],"author":"alcalde","twitter_card":"summary_large_image","twitter_misc":{"Escrito por":"alcalde","Tiempo de lectura":"4 minutos"},"schema":{"@context":"https:\/\/schema.org","@graph":[{"@type":"Article","@id":"https:\/\/www.caudete.org\/ayuntamiento\/solicitados-83-09346e-para-luchar-contra-el-cambio-climatico-en-la-avenida-de-valencia\/#article","isPartOf":{"@id":"https:\/\/www.caudete.org\/ayuntamiento\/solicitados-83-09346e-para-luchar-contra-el-cambio-climatico-en-la-avenida-de-valencia\/"},"author":{"name":"alcalde","@id":"https:\/\/www.caudete.org\/ayuntamiento\/#\/schema\/person\/cc646da9133078ee4d8dd47457947253"},"headline":"Solicitados 83.093&#8217;46\u20ac para luchar contra el Cambio Clim\u00e1tico en la Avenida de Valencia","datePublished":"2021-09-13T07:00:18+00:00","dateModified":"2021-09-13T08:51:49+00:00","mainEntityOfPage":{"@id":"https:\/\/www.caudete.org\/ayuntamiento\/solicitados-83-09346e-para-luchar-contra-el-cambio-climatico-en-la-avenida-de-valencia\/"},"wordCount":942,"image":{"@id":"https:\/\/www.caudete.org\/ayuntamiento\/solicitados-83-09346e-para-luchar-contra-el-cambio-climatico-en-la-avenida-de-valencia\/#primaryimage"},"thumbnailUrl":"https:\/\/www.caudete.org\/ayuntamiento\/wp-content\/uploads\/2021\/09\/WhatsApp-Image-2021-09-13-at-00.28.26.jpeg","articleSection":["Medio Ambiente"],"inLanguage":"es"},{"@type":"WebPage","@id":"https:\/\/www.caudete.org\/ayuntamiento\/solicitados-83-09346e-para-luchar-contra-el-cambio-climatico-en-la-avenida-de-valencia\/","url":"https:\/\/www.caudete.org\/ayuntamiento\/solicitados-83-09346e-para-luchar-contra-el-cambio-climatico-en-la-avenida-de-valencia\/","name":"Solicitados 83.093'46\u20ac para luchar contra el Cambio Clim\u00e1tico en la Avenida de Valencia - MI Ayuntamiento de Caudete","isPartOf":{"@id":"https:\/\/www.caudete.org\/ayuntamiento\/#website"},"primaryImageOfPage":{"@id":"https:\/\/www.caudete.org\/ayuntamiento\/solicitados-83-09346e-para-luchar-contra-el-cambio-climatico-en-la-avenida-de-valencia\/#primaryimage"},"image":{"@id":"https:\/\/www.caudete.org\/ayuntamiento\/solicitados-83-09346e-para-luchar-contra-el-cambio-climatico-en-la-avenida-de-valencia\/#primaryimage"},"thumbnailUrl":"https:\/\/www.caudete.org\/ayuntamiento\/wp-content\/uploads\/2021\/09\/WhatsApp-Image-2021-09-13-at-00.28.26.jpeg","datePublished":"2021-09-13T07:00:18+00:00","dateModified":"2021-09-13T08:51:49+00:00","author":{"@id":"https:\/\/www.caudete.org\/ayuntamiento\/#\/schema\/person\/cc646da9133078ee4d8dd47457947253"},"description":"P\u00e1gina Oficial del Ayuntamiento de Caudete (Albacete)","breadcrumb":{"@id":"https:\/\/www.caudete.org\/ayuntamiento\/solicitados-83-09346e-para-luchar-contra-el-cambio-climatico-en-la-avenida-de-valencia\/#breadcrumb"},"inLanguage":"es","potentialAction":[{"@type":"ReadAction","target":["https:\/\/www.caudete.org\/ayuntamiento\/solicitados-83-09346e-para-luchar-contra-el-cambio-climatico-en-la-avenida-de-valencia\/"]}]},{"@type":"ImageObject","inLanguage":"es","@id":"https:\/\/www.caudete.org\/ayuntamiento\/solicitados-83-09346e-para-luchar-contra-el-cambio-climatico-en-la-avenida-de-valencia\/#primaryimage","url":"https:\/\/www.caudete.org\/ayuntamiento\/wp-content\/uploads\/2021\/09\/WhatsApp-Image-2021-09-13-at-00.28.26.jpeg","contentUrl":"https:\/\/www.caudete.org\/ayuntamiento\/wp-content\/uploads\/2021\/09\/WhatsApp-Image-2021-09-13-at-00.28.26.jpeg","width":772,"height":489},{"@type":"BreadcrumbList","@id":"https:\/\/www.caudete.org\/ayuntamiento\/solicitados-83-09346e-para-luchar-contra-el-cambio-climatico-en-la-avenida-de-valencia\/#breadcrumb","itemListElement":[{"@type":"ListItem","position":1,"name":"Inicio","item":"https:\/\/www.caudete.org\/ayuntamiento\/"},{"@type":"ListItem","position":2,"name":"Solicitados 83.093&#8217;46\u20ac para luchar contra el Cambio Clim\u00e1tico en la Avenida de Valencia"}]},{"@type":"WebSite","@id":"https:\/\/www.caudete.org\/ayuntamiento\/#website","url":"https:\/\/www.caudete.org\/ayuntamiento\/","name":"MI Ayuntamiento de Caudete","description":"P\u00e1gina Oficial del MI Ayuntamiento de Caudete","potentialAction":[{"@type":"SearchAction","target":{"@type":"EntryPoint","urlTemplate":"https:\/\/www.caudete.org\/ayuntamiento\/?s={search_term_string}"},"query-input":{"@type":"PropertyValueSpecification","valueRequired":true,"valueName":"search_term_string"}}],"inLanguage":"es"},{"@type":"Person","@id":"https:\/\/www.caudete.org\/ayuntamiento\/#\/schema\/person\/cc646da9133078ee4d8dd47457947253","name":"alcalde","image":{"@type":"ImageObject","inLanguage":"es","@id":"https:\/\/secure.gravatar.com\/avatar\/84a817ba065b29ff08d666b215a215f5c79186a645ccb25b14a663d48a130f77?s=96&d=mm&r=g","url":"https:\/\/secure.gravatar.com\/avatar\/84a817ba065b29ff08d666b215a215f5c79186a645ccb25b14a663d48a130f77?s=96&d=mm&r=g","contentUrl":"https:\/\/secure.gravatar.com\/avatar\/84a817ba065b29ff08d666b215a215f5c79186a645ccb25b14a663d48a130f77?s=96&d=mm&r=g","caption":"alcalde"},"url":"https:\/\/www.caudete.org\/ayuntamiento\/author\/alcalde\/"}]}},"_links":{"self":[{"href":"https:\/\/www.caudete.org\/ayuntamiento\/wp-json\/wp\/v2\/posts\/16087","targetHints":{"allow":["GET"]}}],"collection":[{"href":"https:\/\/www.caudete.org\/ayuntamiento\/wp-json\/wp\/v2\/posts"}],"about":[{"href":"https:\/\/www.caudete.org\/ayuntamiento\/wp-json\/wp\/v2\/types\/post"}],"author":[{"embeddable":true,"href":"https:\/\/www.caudete.org\/ayuntamiento\/wp-json\/wp\/v2\/users\/3"}],"replies":[{"embeddable":true,"href":"https:\/\/www.caudete.org\/ayuntamiento\/wp-json\/wp\/v2\/comments?post=16087"}],"version-history":[{"count":3,"href":"https:\/\/www.caudete.org\/ayuntamiento\/wp-json\/wp\/v2\/posts\/16087\/revisions"}],"predecessor-version":[{"id":16091,"href":"https:\/\/www.caudete.org\/ayuntamiento\/wp-json\/wp\/v2\/posts\/16087\/revisions\/16091"}],"wp:featuredmedia":[{"embeddable":true,"href":"https:\/\/www.caudete.org\/ayuntamiento\/wp-json\/wp\/v2\/media\/16089"}],"wp:attachment":[{"href":"https:\/\/www.caudete.org\/ayuntamiento\/wp-json\/wp\/v2\/media?parent=16087"}],"wp:term":[{"taxonomy":"category","embeddable":true,"href":"https:\/\/www.caudete.org\/ayuntamiento\/wp-json\/wp\/v2\/categories?post=16087"},{"taxonomy":"post_tag","embeddable":true,"href":"https:\/\/www.caudete.org\/ayuntamiento\/wp-json\/wp\/v2\/tags?post=16087"}],"curies":[{"name":"wp","href":"https:\/\/api.w.org\/{rel}","templated":true}]}}