{"id":16092,"date":"2021-09-15T19:30:08","date_gmt":"2021-09-15T17:30:08","guid":{"rendered":"https:\/\/www.caudete.org\/ayuntamiento\/?p=16092"},"modified":"2021-09-16T10:37:20","modified_gmt":"2021-09-16T08:37:20","slug":"caudete-solicita-sumarse-al-nuevo-modelo-del-aula-mentor","status":"publish","type":"post","link":"https:\/\/www.caudete.org\/ayuntamiento\/caudete-solicita-sumarse-al-nuevo-modelo-del-aula-mentor\/","title":{"rendered":"Caudete solicita sumarse al nuevo modelo del AULA MENTOR"},"content":{"rendered":"<p style=\"text-align: justify;\">En la tarde de hoy, martes 15 de Septiembre, el Alcalde Mois\u00e9s L\u00f3pez y la Concejal de Educaci\u00f3n Natalia Ba\u00f1\u00f3n explicaban ante los medios la solicitud que el Consistorio caudetano ha solicitado al Ministerio de Educaci\u00f3n para <strong>sumarse al nuevo modelo del Aula Mentor<\/strong>.<\/p>\n<p style=\"text-align: justify;\">Tras ser renovado el pasado 2020, el Convenio para el Aula Mentor entre la JCCM y el Ayuntamiento, la aplicaci\u00f3n de la Ley 40\/2015 de 1 de Octubre tuvo que resolverse el mismo al ser competencia exclusiva del Ministerio de Educaci\u00f3n la r\u00fabrica de los citados convenios con las entidades locales interesadas.<\/p>\n<p style=\"text-align: justify;\">Dicha situaci\u00f3n ha permitido que el Gobierno Municipal presente solicitud a la <em>Convocatoria de ayudas a entidades locales territoriales y entidades p\u00fablicas dependientes de las entidades locales territoriales para la creaci\u00f3n de aulas de formaci\u00f3n abierta, flexible y a distancia mediante tecnolog\u00edas de la informaci\u00f3n y la comunicaci\u00f3n a trav\u00e9s de Aula Mentor<\/em>; posibilitando adaptar este servicio al nuevo modelo dise\u00f1ado por el Ministerio.<\/p>\n<p style=\"text-align: justify;\"><strong>Las ayudas a las que opta el Consistorio<\/strong> se conceder\u00e1n por el Ministerio por el sistema de concurrencia competitiva, ofert\u00e1ndose un total de 505 m\u00f3dulos formativos, con una subvenci\u00f3n asignada de <strong>4000\u20ac por m\u00f3dulo<\/strong>. La valoraci\u00f3n, entre otras cuestiones objetivas, tendr\u00e1 en cuenta la poblaci\u00f3n del municipio, el \u00edndice de poblaci\u00f3n entre 30 y 55 a\u00f1os, la poblaci\u00f3n adulta entre 25 y 64 a\u00f1os con nivel formativo inferior a 3\u00ba y 4\u00ba ESO, la tasa de parto en el 4\u00ba trimestre de 2020, o la renta media por hogar.<\/p>\n<p style=\"text-align: justify;\">La Edil ha querido remarcar que, en caso de resultar beneficiario Caudete de esta ayuda, tras obtener nuestro municipio la\u00a0<strong>Acreditaci\u00f3n Erasmus+ Educaci\u00f3n Adultos en 2020<\/strong>, <strong>el alumnado<\/strong> matriculado en Aula Mentor <strong>podr\u00eda realizar movilidades<\/strong> con fines de formaci\u00f3n <strong>a otros pa\u00edses europeos en el periodo 2021-2027<\/strong>.<\/p>\n<p>&nbsp;<\/p>\n<p style=\"text-align: justify;\"><span style=\"text-decoration: underline;\"><strong>\u00bfQu\u00e9 es el Aula Mentor?<\/strong><\/span><\/p>\n<p style=\"text-align: justify;\">\u2192 Las Aulas Mentor son los <strong>espacios f\u00edsicos para facilitar el acceso a esta oferta formativa<\/strong>, y particularmente, a las tecnolog\u00edas de informaci\u00f3n y comunicaci\u00f3n a aquellas personas con dificultades en el acceso a equipos y redes telem\u00e1ticas. En las aulas:<\/p>\n<p style=\"padding-left: 40px; text-align: justify;\">1. Se informa de la oferta formativa<br \/>\n2. Se presta apoyo al proceso de matriculaci\u00f3n<br \/>\n3. Se orienta en el uso de la plataforma para el aprendizaje a distancia.<\/p>\n<p style=\"text-align: justify;\">\u2192 El Programa Aula Mentor tiene como objetivo <strong>mejorar la cualificaci\u00f3n de las personas adultas, ampliar su cultura y promover el desarrollo de sus capacidades y competencias,<\/strong> utilizando entornos de formaci\u00f3n apoyados en las tecnolog\u00edas de la informaci\u00f3n y de la comunicaci\u00f3n.<\/p>\n<p style=\"text-align: justify;\">\u2192 Se trata de una <strong>oferta formativa no reglada a distancia<\/strong> que se caracteriza por su <strong>flexibilidad y adaptaci\u00f3n<\/strong> a las exigencias de <strong>conciliaci\u00f3n de la vida personal y profesional<\/strong>, que constituye una estrategia que facilita itinerarios de mejora de capacidades, y que hace posible la validaci\u00f3n y reconocimiento, en l\u00ednea con la recomendaci\u00f3n del Consejo Europeo sobre \u201cItinerarios de mejora de competencias\u201d y la \u201cNueva Agenda Europea de Capacidades para al competitividad sostenible, la equidad social y la resiliencia\u201d, para convertir en realidad el aprendizaje a lo largo de la vida e implementar el principio 1 del Pilar Europeo de Derechos Sociales referido a educaci\u00f3n, formaci\u00f3n y aprendizaje permanente.<\/p>\n<p style=\"text-align: justify;\">\u2192 El alumnado Aula Mentor deber\u00e1 superar un examen final de car\u00e1cter presencial en el aula, obteniendo un <strong>certificado del aprendizaje realizado emitido por el Ministerio de Educaci\u00f3n y Formaci\u00f3n Profesional<\/strong>.<\/p>\n","protected":false},"excerpt":{"rendered":"<p>En la tarde de hoy, martes 15 de Septiembre, el Alcalde Mois\u00e9s L\u00f3pez y la Concejal de Educaci\u00f3n Natalia Ba\u00f1\u00f3n explicaban ante los medios la solicitud que el Consistorio caudetano ha solicitado al Ministerio de Educaci\u00f3n para sumarse al nuevo modelo del Aula Mentor. Tras ser renovado el pasado 2020, el Convenio para el Aula &hellip;<\/p>\n","protected":false},"author":3,"featured_media":16142,"comment_status":"closed","ping_status":"open","sticky":false,"template":"","format":"standard","meta":{"ngg_post_thumbnail":0,"footnotes":""},"categories":[25],"tags":[],"class_list":["post-16092","post","type-post","status-publish","format-standard","has-post-thumbnail","hentry","category-educacion"],"yoast_head":"<!-- This site is optimized with the Yoast SEO plugin v27.4 - https:\/\/yoast.com\/product\/yoast-seo-wordpress\/ -->\n<title>Caudete solicita sumarse al nuevo modelo del AULA MENTOR - MI Ayuntamiento de Caudete<\/title>\n<meta name=\"description\" content=\"P\u00e1gina Oficial del Ayuntamiento de Caudete (Albacete)\" \/>\n<meta name=\"robots\" content=\"index, follow, max-snippet:-1, max-image-preview:large, max-video-preview:-1\" \/>\n<link rel=\"canonical\" href=\"https:\/\/www.caudete.org\/ayuntamiento\/caudete-solicita-sumarse-al-nuevo-modelo-del-aula-mentor\/\" \/>\n<meta property=\"og:locale\" content=\"es_ES\" \/>\n<meta property=\"og:type\" content=\"article\" \/>\n<meta property=\"og:title\" content=\"Caudete solicita sumarse al nuevo modelo del AULA MENTOR - MI Ayuntamiento de Caudete\" \/>\n<meta property=\"og:description\" content=\"P\u00e1gina Oficial del Ayuntamiento de Caudete (Albacete)\" \/>\n<meta property=\"og:url\" content=\"https:\/\/www.caudete.org\/ayuntamiento\/caudete-solicita-sumarse-al-nuevo-modelo-del-aula-mentor\/\" \/>\n<meta property=\"og:site_name\" content=\"MI Ayuntamiento de Caudete\" \/>\n<meta property=\"article:publisher\" content=\"https:\/\/www.facebook.com\/ayuntamientocaudete\/\" \/>\n<meta property=\"article:published_time\" content=\"2021-09-15T17:30:08+00:00\" \/>\n<meta property=\"article:modified_time\" content=\"2021-09-16T08:37:20+00:00\" \/>\n<meta property=\"og:image\" content=\"https:\/\/www.caudete.org\/ayuntamiento\/wp-content\/uploads\/2021\/09\/Aula-Mentor-WEB.jpg\" \/>\n\t<meta property=\"og:image:width\" content=\"864\" \/>\n\t<meta property=\"og:image:height\" content=\"380\" \/>\n\t<meta property=\"og:image:type\" content=\"image\/jpeg\" \/>\n<meta name=\"author\" content=\"alcalde\" \/>\n<meta name=\"twitter:card\" content=\"summary_large_image\" \/>\n<meta name=\"twitter:label1\" content=\"Escrito por\" \/>\n\t<meta name=\"twitter:data1\" content=\"alcalde\" \/>\n\t<meta name=\"twitter:label2\" content=\"Tiempo de lectura\" \/>\n\t<meta name=\"twitter:data2\" content=\"3 minutos\" \/>\n<script type=\"application\/ld+json\" class=\"yoast-schema-graph\">{\"@context\":\"https:\\\/\\\/schema.org\",\"@graph\":[{\"@type\":\"Article\",\"@id\":\"https:\\\/\\\/www.caudete.org\\\/ayuntamiento\\\/caudete-solicita-sumarse-al-nuevo-modelo-del-aula-mentor\\\/#article\",\"isPartOf\":{\"@id\":\"https:\\\/\\\/www.caudete.org\\\/ayuntamiento\\\/caudete-solicita-sumarse-al-nuevo-modelo-del-aula-mentor\\\/\"},\"author\":{\"name\":\"alcalde\",\"@id\":\"https:\\\/\\\/www.caudete.org\\\/ayuntamiento\\\/#\\\/schema\\\/person\\\/cc646da9133078ee4d8dd47457947253\"},\"headline\":\"Caudete solicita sumarse al nuevo modelo del AULA MENTOR\",\"datePublished\":\"2021-09-15T17:30:08+00:00\",\"dateModified\":\"2021-09-16T08:37:20+00:00\",\"mainEntityOfPage\":{\"@id\":\"https:\\\/\\\/www.caudete.org\\\/ayuntamiento\\\/caudete-solicita-sumarse-al-nuevo-modelo-del-aula-mentor\\\/\"},\"wordCount\":595,\"publisher\":{\"@id\":\"https:\\\/\\\/www.caudete.org\\\/ayuntamiento\\\/#organization\"},\"image\":{\"@id\":\"https:\\\/\\\/www.caudete.org\\\/ayuntamiento\\\/caudete-solicita-sumarse-al-nuevo-modelo-del-aula-mentor\\\/#primaryimage\"},\"thumbnailUrl\":\"https:\\\/\\\/www.caudete.org\\\/ayuntamiento\\\/wp-content\\\/uploads\\\/2021\\\/09\\\/Aula-Mentor-WEB.jpg\",\"articleSection\":[\"Educaci\u00f3n\"],\"inLanguage\":\"es\"},{\"@type\":\"WebPage\",\"@id\":\"https:\\\/\\\/www.caudete.org\\\/ayuntamiento\\\/caudete-solicita-sumarse-al-nuevo-modelo-del-aula-mentor\\\/\",\"url\":\"https:\\\/\\\/www.caudete.org\\\/ayuntamiento\\\/caudete-solicita-sumarse-al-nuevo-modelo-del-aula-mentor\\\/\",\"name\":\"Caudete solicita sumarse al nuevo modelo del AULA MENTOR - MI Ayuntamiento de Caudete\",\"isPartOf\":{\"@id\":\"https:\\\/\\\/www.caudete.org\\\/ayuntamiento\\\/#website\"},\"primaryImageOfPage\":{\"@id\":\"https:\\\/\\\/www.caudete.org\\\/ayuntamiento\\\/caudete-solicita-sumarse-al-nuevo-modelo-del-aula-mentor\\\/#primaryimage\"},\"image\":{\"@id\":\"https:\\\/\\\/www.caudete.org\\\/ayuntamiento\\\/caudete-solicita-sumarse-al-nuevo-modelo-del-aula-mentor\\\/#primaryimage\"},\"thumbnailUrl\":\"https:\\\/\\\/www.caudete.org\\\/ayuntamiento\\\/wp-content\\\/uploads\\\/2021\\\/09\\\/Aula-Mentor-WEB.jpg\",\"datePublished\":\"2021-09-15T17:30:08+00:00\",\"dateModified\":\"2021-09-16T08:37:20+00:00\",\"description\":\"P\u00e1gina Oficial del Ayuntamiento de Caudete (Albacete)\",\"breadcrumb\":{\"@id\":\"https:\\\/\\\/www.caudete.org\\\/ayuntamiento\\\/caudete-solicita-sumarse-al-nuevo-modelo-del-aula-mentor\\\/#breadcrumb\"},\"inLanguage\":\"es\",\"potentialAction\":[{\"@type\":\"ReadAction\",\"target\":[\"https:\\\/\\\/www.caudete.org\\\/ayuntamiento\\\/caudete-solicita-sumarse-al-nuevo-modelo-del-aula-mentor\\\/\"]}]},{\"@type\":\"ImageObject\",\"inLanguage\":\"es\",\"@id\":\"https:\\\/\\\/www.caudete.org\\\/ayuntamiento\\\/caudete-solicita-sumarse-al-nuevo-modelo-del-aula-mentor\\\/#primaryimage\",\"url\":\"https:\\\/\\\/www.caudete.org\\\/ayuntamiento\\\/wp-content\\\/uploads\\\/2021\\\/09\\\/Aula-Mentor-WEB.jpg\",\"contentUrl\":\"https:\\\/\\\/www.caudete.org\\\/ayuntamiento\\\/wp-content\\\/uploads\\\/2021\\\/09\\\/Aula-Mentor-WEB.jpg\",\"width\":864,\"height\":380},{\"@type\":\"BreadcrumbList\",\"@id\":\"https:\\\/\\\/www.caudete.org\\\/ayuntamiento\\\/caudete-solicita-sumarse-al-nuevo-modelo-del-aula-mentor\\\/#breadcrumb\",\"itemListElement\":[{\"@type\":\"ListItem\",\"position\":1,\"name\":\"Inicio\",\"item\":\"https:\\\/\\\/www.caudete.org\\\/ayuntamiento\\\/\"},{\"@type\":\"ListItem\",\"position\":2,\"name\":\"Caudete solicita sumarse al nuevo modelo del AULA MENTOR\"}]},{\"@type\":\"WebSite\",\"@id\":\"https:\\\/\\\/www.caudete.org\\\/ayuntamiento\\\/#website\",\"url\":\"https:\\\/\\\/www.caudete.org\\\/ayuntamiento\\\/\",\"name\":\"MI Ayuntamiento de Caudete\",\"description\":\"P\u00e1gina Oficial del MI Ayuntamiento de Caudete\",\"publisher\":{\"@id\":\"https:\\\/\\\/www.caudete.org\\\/ayuntamiento\\\/#organization\"},\"potentialAction\":[{\"@type\":\"SearchAction\",\"target\":{\"@type\":\"EntryPoint\",\"urlTemplate\":\"https:\\\/\\\/www.caudete.org\\\/ayuntamiento\\\/?s={search_term_string}\"},\"query-input\":{\"@type\":\"PropertyValueSpecification\",\"valueRequired\":true,\"valueName\":\"search_term_string\"}}],\"inLanguage\":\"es\"},{\"@type\":\"Organization\",\"@id\":\"https:\\\/\\\/www.caudete.org\\\/ayuntamiento\\\/#organization\",\"name\":\"Ayuntamiento de Caudete\",\"url\":\"https:\\\/\\\/www.caudete.org\\\/ayuntamiento\\\/\",\"logo\":{\"@type\":\"ImageObject\",\"inLanguage\":\"es\",\"@id\":\"https:\\\/\\\/www.caudete.org\\\/ayuntamiento\\\/#\\\/schema\\\/logo\\\/image\\\/\",\"url\":\"https:\\\/\\\/www.caudete.org\\\/ayuntamiento\\\/wp-content\\\/uploads\\\/2020\\\/11\\\/logo_ayuntamiento_caudete.jpg\",\"contentUrl\":\"https:\\\/\\\/www.caudete.org\\\/ayuntamiento\\\/wp-content\\\/uploads\\\/2020\\\/11\\\/logo_ayuntamiento_caudete.jpg\",\"width\":600,\"height\":150,\"caption\":\"Ayuntamiento de Caudete\"},\"image\":{\"@id\":\"https:\\\/\\\/www.caudete.org\\\/ayuntamiento\\\/#\\\/schema\\\/logo\\\/image\\\/\"},\"sameAs\":[\"https:\\\/\\\/www.facebook.com\\\/ayuntamientocaudete\\\/\",\"https:\\\/\\\/www.youtube.com\\\/channel\\\/UC6VztHaooNsGpw-tNoBEFnQ\"]},{\"@type\":\"Person\",\"@id\":\"https:\\\/\\\/www.caudete.org\\\/ayuntamiento\\\/#\\\/schema\\\/person\\\/cc646da9133078ee4d8dd47457947253\",\"name\":\"alcalde\",\"image\":{\"@type\":\"ImageObject\",\"inLanguage\":\"es\",\"@id\":\"https:\\\/\\\/secure.gravatar.com\\\/avatar\\\/84a817ba065b29ff08d666b215a215f5c79186a645ccb25b14a663d48a130f77?s=96&d=mm&r=g\",\"url\":\"https:\\\/\\\/secure.gravatar.com\\\/avatar\\\/84a817ba065b29ff08d666b215a215f5c79186a645ccb25b14a663d48a130f77?s=96&d=mm&r=g\",\"contentUrl\":\"https:\\\/\\\/secure.gravatar.com\\\/avatar\\\/84a817ba065b29ff08d666b215a215f5c79186a645ccb25b14a663d48a130f77?s=96&d=mm&r=g\",\"caption\":\"alcalde\"},\"url\":\"https:\\\/\\\/www.caudete.org\\\/ayuntamiento\\\/author\\\/alcalde\\\/\"}]}<\/script>\n<!-- \/ Yoast SEO plugin. -->","yoast_head_json":{"title":"Caudete solicita sumarse al nuevo modelo del AULA MENTOR - MI Ayuntamiento de Caudete","description":"P\u00e1gina Oficial del Ayuntamiento de Caudete (Albacete)","robots":{"index":"index","follow":"follow","max-snippet":"max-snippet:-1","max-image-preview":"max-image-preview:large","max-video-preview":"max-video-preview:-1"},"canonical":"https:\/\/www.caudete.org\/ayuntamiento\/caudete-solicita-sumarse-al-nuevo-modelo-del-aula-mentor\/","og_locale":"es_ES","og_type":"article","og_title":"Caudete solicita sumarse al nuevo modelo del AULA MENTOR - MI Ayuntamiento de Caudete","og_description":"P\u00e1gina Oficial del Ayuntamiento de Caudete (Albacete)","og_url":"https:\/\/www.caudete.org\/ayuntamiento\/caudete-solicita-sumarse-al-nuevo-modelo-del-aula-mentor\/","og_site_name":"MI Ayuntamiento de Caudete","article_publisher":"https:\/\/www.facebook.com\/ayuntamientocaudete\/","article_published_time":"2021-09-15T17:30:08+00:00","article_modified_time":"2021-09-16T08:37:20+00:00","og_image":[{"width":864,"height":380,"url":"https:\/\/www.caudete.org\/ayuntamiento\/wp-content\/uploads\/2021\/09\/Aula-Mentor-WEB.jpg","type":"image\/jpeg"}],"author":"alcalde","twitter_card":"summary_large_image","twitter_misc":{"Escrito por":"alcalde","Tiempo de lectura":"3 minutos"},"schema":{"@context":"https:\/\/schema.org","@graph":[{"@type":"Article","@id":"https:\/\/www.caudete.org\/ayuntamiento\/caudete-solicita-sumarse-al-nuevo-modelo-del-aula-mentor\/#article","isPartOf":{"@id":"https:\/\/www.caudete.org\/ayuntamiento\/caudete-solicita-sumarse-al-nuevo-modelo-del-aula-mentor\/"},"author":{"name":"alcalde","@id":"https:\/\/www.caudete.org\/ayuntamiento\/#\/schema\/person\/cc646da9133078ee4d8dd47457947253"},"headline":"Caudete solicita sumarse al nuevo modelo del AULA MENTOR","datePublished":"2021-09-15T17:30:08+00:00","dateModified":"2021-09-16T08:37:20+00:00","mainEntityOfPage":{"@id":"https:\/\/www.caudete.org\/ayuntamiento\/caudete-solicita-sumarse-al-nuevo-modelo-del-aula-mentor\/"},"wordCount":595,"publisher":{"@id":"https:\/\/www.caudete.org\/ayuntamiento\/#organization"},"image":{"@id":"https:\/\/www.caudete.org\/ayuntamiento\/caudete-solicita-sumarse-al-nuevo-modelo-del-aula-mentor\/#primaryimage"},"thumbnailUrl":"https:\/\/www.caudete.org\/ayuntamiento\/wp-content\/uploads\/2021\/09\/Aula-Mentor-WEB.jpg","articleSection":["Educaci\u00f3n"],"inLanguage":"es"},{"@type":"WebPage","@id":"https:\/\/www.caudete.org\/ayuntamiento\/caudete-solicita-sumarse-al-nuevo-modelo-del-aula-mentor\/","url":"https:\/\/www.caudete.org\/ayuntamiento\/caudete-solicita-sumarse-al-nuevo-modelo-del-aula-mentor\/","name":"Caudete solicita sumarse al nuevo modelo del AULA MENTOR - MI Ayuntamiento de Caudete","isPartOf":{"@id":"https:\/\/www.caudete.org\/ayuntamiento\/#website"},"primaryImageOfPage":{"@id":"https:\/\/www.caudete.org\/ayuntamiento\/caudete-solicita-sumarse-al-nuevo-modelo-del-aula-mentor\/#primaryimage"},"image":{"@id":"https:\/\/www.caudete.org\/ayuntamiento\/caudete-solicita-sumarse-al-nuevo-modelo-del-aula-mentor\/#primaryimage"},"thumbnailUrl":"https:\/\/www.caudete.org\/ayuntamiento\/wp-content\/uploads\/2021\/09\/Aula-Mentor-WEB.jpg","datePublished":"2021-09-15T17:30:08+00:00","dateModified":"2021-09-16T08:37:20+00:00","description":"P\u00e1gina Oficial del Ayuntamiento de Caudete (Albacete)","breadcrumb":{"@id":"https:\/\/www.caudete.org\/ayuntamiento\/caudete-solicita-sumarse-al-nuevo-modelo-del-aula-mentor\/#breadcrumb"},"inLanguage":"es","potentialAction":[{"@type":"ReadAction","target":["https:\/\/www.caudete.org\/ayuntamiento\/caudete-solicita-sumarse-al-nuevo-modelo-del-aula-mentor\/"]}]},{"@type":"ImageObject","inLanguage":"es","@id":"https:\/\/www.caudete.org\/ayuntamiento\/caudete-solicita-sumarse-al-nuevo-modelo-del-aula-mentor\/#primaryimage","url":"https:\/\/www.caudete.org\/ayuntamiento\/wp-content\/uploads\/2021\/09\/Aula-Mentor-WEB.jpg","contentUrl":"https:\/\/www.caudete.org\/ayuntamiento\/wp-content\/uploads\/2021\/09\/Aula-Mentor-WEB.jpg","width":864,"height":380},{"@type":"BreadcrumbList","@id":"https:\/\/www.caudete.org\/ayuntamiento\/caudete-solicita-sumarse-al-nuevo-modelo-del-aula-mentor\/#breadcrumb","itemListElement":[{"@type":"ListItem","position":1,"name":"Inicio","item":"https:\/\/www.caudete.org\/ayuntamiento\/"},{"@type":"ListItem","position":2,"name":"Caudete solicita sumarse al nuevo modelo del AULA MENTOR"}]},{"@type":"WebSite","@id":"https:\/\/www.caudete.org\/ayuntamiento\/#website","url":"https:\/\/www.caudete.org\/ayuntamiento\/","name":"MI Ayuntamiento de Caudete","description":"P\u00e1gina Oficial del MI Ayuntamiento de Caudete","publisher":{"@id":"https:\/\/www.caudete.org\/ayuntamiento\/#organization"},"potentialAction":[{"@type":"SearchAction","target":{"@type":"EntryPoint","urlTemplate":"https:\/\/www.caudete.org\/ayuntamiento\/?s={search_term_string}"},"query-input":{"@type":"PropertyValueSpecification","valueRequired":true,"valueName":"search_term_string"}}],"inLanguage":"es"},{"@type":"Organization","@id":"https:\/\/www.caudete.org\/ayuntamiento\/#organization","name":"Ayuntamiento de Caudete","url":"https:\/\/www.caudete.org\/ayuntamiento\/","logo":{"@type":"ImageObject","inLanguage":"es","@id":"https:\/\/www.caudete.org\/ayuntamiento\/#\/schema\/logo\/image\/","url":"https:\/\/www.caudete.org\/ayuntamiento\/wp-content\/uploads\/2020\/11\/logo_ayuntamiento_caudete.jpg","contentUrl":"https:\/\/www.caudete.org\/ayuntamiento\/wp-content\/uploads\/2020\/11\/logo_ayuntamiento_caudete.jpg","width":600,"height":150,"caption":"Ayuntamiento de Caudete"},"image":{"@id":"https:\/\/www.caudete.org\/ayuntamiento\/#\/schema\/logo\/image\/"},"sameAs":["https:\/\/www.facebook.com\/ayuntamientocaudete\/","https:\/\/www.youtube.com\/channel\/UC6VztHaooNsGpw-tNoBEFnQ"]},{"@type":"Person","@id":"https:\/\/www.caudete.org\/ayuntamiento\/#\/schema\/person\/cc646da9133078ee4d8dd47457947253","name":"alcalde","image":{"@type":"ImageObject","inLanguage":"es","@id":"https:\/\/secure.gravatar.com\/avatar\/84a817ba065b29ff08d666b215a215f5c79186a645ccb25b14a663d48a130f77?s=96&d=mm&r=g","url":"https:\/\/secure.gravatar.com\/avatar\/84a817ba065b29ff08d666b215a215f5c79186a645ccb25b14a663d48a130f77?s=96&d=mm&r=g","contentUrl":"https:\/\/secure.gravatar.com\/avatar\/84a817ba065b29ff08d666b215a215f5c79186a645ccb25b14a663d48a130f77?s=96&d=mm&r=g","caption":"alcalde"},"url":"https:\/\/www.caudete.org\/ayuntamiento\/author\/alcalde\/"}]}},"_links":{"self":[{"href":"https:\/\/www.caudete.org\/ayuntamiento\/wp-json\/wp\/v2\/posts\/16092","targetHints":{"allow":["GET"]}}],"collection":[{"href":"https:\/\/www.caudete.org\/ayuntamiento\/wp-json\/wp\/v2\/posts"}],"about":[{"href":"https:\/\/www.caudete.org\/ayuntamiento\/wp-json\/wp\/v2\/types\/post"}],"author":[{"embeddable":true,"href":"https:\/\/www.caudete.org\/ayuntamiento\/wp-json\/wp\/v2\/users\/3"}],"replies":[{"embeddable":true,"href":"https:\/\/www.caudete.org\/ayuntamiento\/wp-json\/wp\/v2\/comments?post=16092"}],"version-history":[{"count":4,"href":"https:\/\/www.caudete.org\/ayuntamiento\/wp-json\/wp\/v2\/posts\/16092\/revisions"}],"predecessor-version":[{"id":16157,"href":"https:\/\/www.caudete.org\/ayuntamiento\/wp-json\/wp\/v2\/posts\/16092\/revisions\/16157"}],"wp:featuredmedia":[{"embeddable":true,"href":"https:\/\/www.caudete.org\/ayuntamiento\/wp-json\/wp\/v2\/media\/16142"}],"wp:attachment":[{"href":"https:\/\/www.caudete.org\/ayuntamiento\/wp-json\/wp\/v2\/media?parent=16092"}],"wp:term":[{"taxonomy":"category","embeddable":true,"href":"https:\/\/www.caudete.org\/ayuntamiento\/wp-json\/wp\/v2\/categories?post=16092"},{"taxonomy":"post_tag","embeddable":true,"href":"https:\/\/www.caudete.org\/ayuntamiento\/wp-json\/wp\/v2\/tags?post=16092"}],"curies":[{"name":"wp","href":"https:\/\/api.w.org\/{rel}","templated":true}]}}