{"id":16144,"date":"2021-09-15T19:00:01","date_gmt":"2021-09-15T17:00:01","guid":{"rendered":"https:\/\/www.caudete.org\/ayuntamiento\/?p=16144"},"modified":"2021-09-16T10:23:09","modified_gmt":"2021-09-16T08:23:09","slug":"el-ayuntamiento-solicita-mejoras-en-la-carteleria-de-la-a-31-y-a-33","status":"publish","type":"post","link":"https:\/\/www.caudete.org\/ayuntamiento\/el-ayuntamiento-solicita-mejoras-en-la-carteleria-de-la-a-31-y-a-33\/","title":{"rendered":"El Ayuntamiento solicita mejoras en la carteler\u00eda de la A-31 y A-33"},"content":{"rendered":"<p style=\"text-align: justify;\">Hace unas semanas, el Ayuntamiento por medio del Alcalde y del Concejal de Movilidad trasladaron en una reuni\u00f3n a la Demarcaci\u00f3n de Carreteras de Murcia la petici\u00f3n de mejoras en la carteler\u00eda de la A-31 y A-33<\/p>\n<p style=\"text-align: justify;\">La misma se debe a una carencia de informaci\u00f3n sustancial en los diferentes paneles que contemplan ambas v\u00edas tras las obras que se han ejecutado en ellas.<\/p>\n<p style=\"text-align: justify;\">Por un lado, en el sentido Valencia Murcia (A-33), y Alicante-Madrid (A-31) no aparece &#8220;Caudete&#8221; reflejado en la paneler\u00eda propia con la antelaci\u00f3n de 1000m, 750m y 500m, haci\u00e9ndolo directamente en la salida propia, lo que supone un perjuicio evidente a los conductores que requieren optar por dicha salida.<\/p>\n<p style=\"text-align: justify;\">En la A-33, se da la circunstancia que por un lado se se\u00f1ala Yecla-Murcia y Villena-Alicante antes de la bifurcaci\u00f3n, obviando que para ir hacia Caudete es necesario optar por &#8220;Yecla-Murcia&#8221;. Tan solo aparece Caudete en la Salida 81, y que obliga por tanto a coger el desv\u00edo hacia una carretera nacional.<\/p>\n<p style=\"text-align: justify;\">En la A-31, se da similar circunstancia. La salida hacia Caudete omite nuestro pueblo en la paneler\u00eda de aviso, figurando tan solo &#8220;Yecla-Murcia&#8221;, y mencionando Caudete directamente en la propia salida.<\/p>\n<p style=\"text-align: justify;\">Por otro lado, se ha detectado la inexistencia de informaci\u00f3n relativa a &#8220;\u00c1rea de Servicio&#8221; para indicar los diferentes servicios existentes en el Cruce, as\u00ed como la indicaci\u00f3n de &#8220;todas las direcciones&#8221; para facilitar a quienes transitan y optan por hacer uso de dicha \u00e1rea de servicio. Esta petici\u00f3n &#8220;<em>nos fue trasladada al Consistorio por parte de los diferentes empresarios ubicados en el cruce<\/em>&#8221; matizaba el Alcalde &#8220;<em>a lo cual el Ministerio debe de dar respuesta, y el Ayuntamiento el apoyo y la lucha para conseguirlo<\/em>&#8220;. Este tipo de carteler\u00eda tambi\u00e9n se ha solicitado que sea ubicada en la Salida 75 de ambos sentidos de la A-33 y en la rotonda a la que da acceso dicha salida.<\/p>\n<p style=\"text-align: justify;\">Finalmente, se ha solicitado tambi\u00e9n que la Demarcaci\u00f3n de Carreteras traslade al Ministerio la petici\u00f3n del Ayuntamiento de Caudete de ubicar un panel informativo que indique la existencia del yacimiento paleontol\u00f3gico aflorado en la ejecuci\u00f3n de la A-33, a fin de que quede patente su existencia, y pueda ser ubicado f\u00e1cilmente por quienes transitan dicha v\u00eda.<\/p>\n","protected":false},"excerpt":{"rendered":"<p>Hace unas semanas, el Ayuntamiento por medio del Alcalde y del Concejal de Movilidad trasladaron en una reuni\u00f3n a la Demarcaci\u00f3n de Carreteras de Murcia la petici\u00f3n de mejoras en la carteler\u00eda de la A-31 y A-33 La misma se debe a una carencia de informaci\u00f3n sustancial en los diferentes paneles que contemplan ambas v\u00edas &hellip;<\/p>\n","protected":false},"author":3,"featured_media":16145,"comment_status":"closed","ping_status":"open","sticky":false,"template":"","format":"standard","meta":{"ngg_post_thumbnail":0,"footnotes":""},"categories":[46],"tags":[],"class_list":["post-16144","post","type-post","status-publish","format-standard","has-post-thumbnail","hentry","category-movilidad-urbana"],"yoast_head":"<!-- This site is optimized with the Yoast SEO plugin v27.5 - https:\/\/yoast.com\/product\/yoast-seo-wordpress\/ -->\n<title>El Ayuntamiento solicita mejoras en la carteler\u00eda de la A-31 y A-33 - MI Ayuntamiento de Caudete<\/title>\n<meta name=\"description\" content=\"P\u00e1gina Oficial del Ayuntamiento de Caudete (Albacete)\" \/>\n<meta name=\"robots\" content=\"index, follow, max-snippet:-1, max-image-preview:large, max-video-preview:-1\" \/>\n<link rel=\"canonical\" href=\"https:\/\/www.caudete.org\/ayuntamiento\/el-ayuntamiento-solicita-mejoras-en-la-carteleria-de-la-a-31-y-a-33\/\" \/>\n<meta property=\"og:locale\" content=\"es_ES\" \/>\n<meta property=\"og:type\" content=\"article\" \/>\n<meta property=\"og:title\" content=\"El Ayuntamiento solicita mejoras en la carteler\u00eda de la A-31 y A-33 - MI Ayuntamiento de Caudete\" \/>\n<meta property=\"og:description\" content=\"P\u00e1gina Oficial del Ayuntamiento de Caudete (Albacete)\" \/>\n<meta property=\"og:url\" content=\"https:\/\/www.caudete.org\/ayuntamiento\/el-ayuntamiento-solicita-mejoras-en-la-carteleria-de-la-a-31-y-a-33\/\" \/>\n<meta property=\"og:site_name\" content=\"MI Ayuntamiento de Caudete\" \/>\n<meta property=\"article:publisher\" content=\"https:\/\/www.facebook.com\/ayuntamientocaudete\/\" \/>\n<meta property=\"article:published_time\" content=\"2021-09-15T17:00:01+00:00\" \/>\n<meta property=\"article:modified_time\" content=\"2021-09-16T08:23:09+00:00\" \/>\n<meta property=\"og:image\" content=\"https:\/\/www.caudete.org\/ayuntamiento\/wp-content\/uploads\/2021\/09\/IMG_20210810_120552-scaled.jpg\" \/>\n\t<meta property=\"og:image:width\" content=\"2560\" \/>\n\t<meta property=\"og:image:height\" content=\"1920\" \/>\n\t<meta property=\"og:image:type\" content=\"image\/jpeg\" \/>\n<meta name=\"author\" content=\"alcalde\" \/>\n<meta name=\"twitter:card\" content=\"summary_large_image\" \/>\n<meta name=\"twitter:label1\" content=\"Escrito por\" \/>\n\t<meta name=\"twitter:data1\" content=\"alcalde\" \/>\n\t<meta name=\"twitter:label2\" content=\"Tiempo de lectura\" \/>\n\t<meta name=\"twitter:data2\" content=\"2 minutos\" \/>\n<script type=\"application\/ld+json\" class=\"yoast-schema-graph\">{\"@context\":\"https:\\\/\\\/schema.org\",\"@graph\":[{\"@type\":\"Article\",\"@id\":\"https:\\\/\\\/www.caudete.org\\\/ayuntamiento\\\/el-ayuntamiento-solicita-mejoras-en-la-carteleria-de-la-a-31-y-a-33\\\/#article\",\"isPartOf\":{\"@id\":\"https:\\\/\\\/www.caudete.org\\\/ayuntamiento\\\/el-ayuntamiento-solicita-mejoras-en-la-carteleria-de-la-a-31-y-a-33\\\/\"},\"author\":{\"name\":\"alcalde\",\"@id\":\"https:\\\/\\\/www.caudete.org\\\/ayuntamiento\\\/#\\\/schema\\\/person\\\/cc646da9133078ee4d8dd47457947253\"},\"headline\":\"El Ayuntamiento solicita mejoras en la carteler\u00eda de la A-31 y A-33\",\"datePublished\":\"2021-09-15T17:00:01+00:00\",\"dateModified\":\"2021-09-16T08:23:09+00:00\",\"mainEntityOfPage\":{\"@id\":\"https:\\\/\\\/www.caudete.org\\\/ayuntamiento\\\/el-ayuntamiento-solicita-mejoras-en-la-carteleria-de-la-a-31-y-a-33\\\/\"},\"wordCount\":406,\"image\":{\"@id\":\"https:\\\/\\\/www.caudete.org\\\/ayuntamiento\\\/el-ayuntamiento-solicita-mejoras-en-la-carteleria-de-la-a-31-y-a-33\\\/#primaryimage\"},\"thumbnailUrl\":\"https:\\\/\\\/www.caudete.org\\\/ayuntamiento\\\/wp-content\\\/uploads\\\/2021\\\/09\\\/IMG_20210810_120552-scaled.jpg\",\"articleSection\":[\"Movilidad Urbana\"],\"inLanguage\":\"es\"},{\"@type\":\"WebPage\",\"@id\":\"https:\\\/\\\/www.caudete.org\\\/ayuntamiento\\\/el-ayuntamiento-solicita-mejoras-en-la-carteleria-de-la-a-31-y-a-33\\\/\",\"url\":\"https:\\\/\\\/www.caudete.org\\\/ayuntamiento\\\/el-ayuntamiento-solicita-mejoras-en-la-carteleria-de-la-a-31-y-a-33\\\/\",\"name\":\"El Ayuntamiento solicita mejoras en la carteler\u00eda de la A-31 y A-33 - MI Ayuntamiento de Caudete\",\"isPartOf\":{\"@id\":\"https:\\\/\\\/www.caudete.org\\\/ayuntamiento\\\/#website\"},\"primaryImageOfPage\":{\"@id\":\"https:\\\/\\\/www.caudete.org\\\/ayuntamiento\\\/el-ayuntamiento-solicita-mejoras-en-la-carteleria-de-la-a-31-y-a-33\\\/#primaryimage\"},\"image\":{\"@id\":\"https:\\\/\\\/www.caudete.org\\\/ayuntamiento\\\/el-ayuntamiento-solicita-mejoras-en-la-carteleria-de-la-a-31-y-a-33\\\/#primaryimage\"},\"thumbnailUrl\":\"https:\\\/\\\/www.caudete.org\\\/ayuntamiento\\\/wp-content\\\/uploads\\\/2021\\\/09\\\/IMG_20210810_120552-scaled.jpg\",\"datePublished\":\"2021-09-15T17:00:01+00:00\",\"dateModified\":\"2021-09-16T08:23:09+00:00\",\"author\":{\"@id\":\"https:\\\/\\\/www.caudete.org\\\/ayuntamiento\\\/#\\\/schema\\\/person\\\/cc646da9133078ee4d8dd47457947253\"},\"description\":\"P\u00e1gina Oficial del Ayuntamiento de Caudete (Albacete)\",\"breadcrumb\":{\"@id\":\"https:\\\/\\\/www.caudete.org\\\/ayuntamiento\\\/el-ayuntamiento-solicita-mejoras-en-la-carteleria-de-la-a-31-y-a-33\\\/#breadcrumb\"},\"inLanguage\":\"es\",\"potentialAction\":[{\"@type\":\"ReadAction\",\"target\":[\"https:\\\/\\\/www.caudete.org\\\/ayuntamiento\\\/el-ayuntamiento-solicita-mejoras-en-la-carteleria-de-la-a-31-y-a-33\\\/\"]}]},{\"@type\":\"ImageObject\",\"inLanguage\":\"es\",\"@id\":\"https:\\\/\\\/www.caudete.org\\\/ayuntamiento\\\/el-ayuntamiento-solicita-mejoras-en-la-carteleria-de-la-a-31-y-a-33\\\/#primaryimage\",\"url\":\"https:\\\/\\\/www.caudete.org\\\/ayuntamiento\\\/wp-content\\\/uploads\\\/2021\\\/09\\\/IMG_20210810_120552-scaled.jpg\",\"contentUrl\":\"https:\\\/\\\/www.caudete.org\\\/ayuntamiento\\\/wp-content\\\/uploads\\\/2021\\\/09\\\/IMG_20210810_120552-scaled.jpg\",\"width\":2560,\"height\":1920},{\"@type\":\"BreadcrumbList\",\"@id\":\"https:\\\/\\\/www.caudete.org\\\/ayuntamiento\\\/el-ayuntamiento-solicita-mejoras-en-la-carteleria-de-la-a-31-y-a-33\\\/#breadcrumb\",\"itemListElement\":[{\"@type\":\"ListItem\",\"position\":1,\"name\":\"Inicio\",\"item\":\"https:\\\/\\\/www.caudete.org\\\/ayuntamiento\\\/\"},{\"@type\":\"ListItem\",\"position\":2,\"name\":\"El Ayuntamiento solicita mejoras en la carteler\u00eda de la A-31 y A-33\"}]},{\"@type\":\"WebSite\",\"@id\":\"https:\\\/\\\/www.caudete.org\\\/ayuntamiento\\\/#website\",\"url\":\"https:\\\/\\\/www.caudete.org\\\/ayuntamiento\\\/\",\"name\":\"MI Ayuntamiento de Caudete\",\"description\":\"P\u00e1gina Oficial del MI Ayuntamiento de Caudete\",\"potentialAction\":[{\"@type\":\"SearchAction\",\"target\":{\"@type\":\"EntryPoint\",\"urlTemplate\":\"https:\\\/\\\/www.caudete.org\\\/ayuntamiento\\\/?s={search_term_string}\"},\"query-input\":{\"@type\":\"PropertyValueSpecification\",\"valueRequired\":true,\"valueName\":\"search_term_string\"}}],\"inLanguage\":\"es\"},{\"@type\":\"Person\",\"@id\":\"https:\\\/\\\/www.caudete.org\\\/ayuntamiento\\\/#\\\/schema\\\/person\\\/cc646da9133078ee4d8dd47457947253\",\"name\":\"alcalde\",\"image\":{\"@type\":\"ImageObject\",\"inLanguage\":\"es\",\"@id\":\"https:\\\/\\\/secure.gravatar.com\\\/avatar\\\/84a817ba065b29ff08d666b215a215f5c79186a645ccb25b14a663d48a130f77?s=96&d=mm&r=g\",\"url\":\"https:\\\/\\\/secure.gravatar.com\\\/avatar\\\/84a817ba065b29ff08d666b215a215f5c79186a645ccb25b14a663d48a130f77?s=96&d=mm&r=g\",\"contentUrl\":\"https:\\\/\\\/secure.gravatar.com\\\/avatar\\\/84a817ba065b29ff08d666b215a215f5c79186a645ccb25b14a663d48a130f77?s=96&d=mm&r=g\",\"caption\":\"alcalde\"},\"url\":\"https:\\\/\\\/www.caudete.org\\\/ayuntamiento\\\/author\\\/alcalde\\\/\"}]}<\/script>\n<!-- \/ Yoast SEO plugin. -->","yoast_head_json":{"title":"El Ayuntamiento solicita mejoras en la carteler\u00eda de la A-31 y A-33 - MI Ayuntamiento de Caudete","description":"P\u00e1gina Oficial del Ayuntamiento de Caudete (Albacete)","robots":{"index":"index","follow":"follow","max-snippet":"max-snippet:-1","max-image-preview":"max-image-preview:large","max-video-preview":"max-video-preview:-1"},"canonical":"https:\/\/www.caudete.org\/ayuntamiento\/el-ayuntamiento-solicita-mejoras-en-la-carteleria-de-la-a-31-y-a-33\/","og_locale":"es_ES","og_type":"article","og_title":"El Ayuntamiento solicita mejoras en la carteler\u00eda de la A-31 y A-33 - MI Ayuntamiento de Caudete","og_description":"P\u00e1gina Oficial del Ayuntamiento de Caudete (Albacete)","og_url":"https:\/\/www.caudete.org\/ayuntamiento\/el-ayuntamiento-solicita-mejoras-en-la-carteleria-de-la-a-31-y-a-33\/","og_site_name":"MI Ayuntamiento de Caudete","article_publisher":"https:\/\/www.facebook.com\/ayuntamientocaudete\/","article_published_time":"2021-09-15T17:00:01+00:00","article_modified_time":"2021-09-16T08:23:09+00:00","og_image":[{"width":2560,"height":1920,"url":"https:\/\/www.caudete.org\/ayuntamiento\/wp-content\/uploads\/2021\/09\/IMG_20210810_120552-scaled.jpg","type":"image\/jpeg"}],"author":"alcalde","twitter_card":"summary_large_image","twitter_misc":{"Escrito por":"alcalde","Tiempo de lectura":"2 minutos"},"schema":{"@context":"https:\/\/schema.org","@graph":[{"@type":"Article","@id":"https:\/\/www.caudete.org\/ayuntamiento\/el-ayuntamiento-solicita-mejoras-en-la-carteleria-de-la-a-31-y-a-33\/#article","isPartOf":{"@id":"https:\/\/www.caudete.org\/ayuntamiento\/el-ayuntamiento-solicita-mejoras-en-la-carteleria-de-la-a-31-y-a-33\/"},"author":{"name":"alcalde","@id":"https:\/\/www.caudete.org\/ayuntamiento\/#\/schema\/person\/cc646da9133078ee4d8dd47457947253"},"headline":"El Ayuntamiento solicita mejoras en la carteler\u00eda de la A-31 y A-33","datePublished":"2021-09-15T17:00:01+00:00","dateModified":"2021-09-16T08:23:09+00:00","mainEntityOfPage":{"@id":"https:\/\/www.caudete.org\/ayuntamiento\/el-ayuntamiento-solicita-mejoras-en-la-carteleria-de-la-a-31-y-a-33\/"},"wordCount":406,"image":{"@id":"https:\/\/www.caudete.org\/ayuntamiento\/el-ayuntamiento-solicita-mejoras-en-la-carteleria-de-la-a-31-y-a-33\/#primaryimage"},"thumbnailUrl":"https:\/\/www.caudete.org\/ayuntamiento\/wp-content\/uploads\/2021\/09\/IMG_20210810_120552-scaled.jpg","articleSection":["Movilidad Urbana"],"inLanguage":"es"},{"@type":"WebPage","@id":"https:\/\/www.caudete.org\/ayuntamiento\/el-ayuntamiento-solicita-mejoras-en-la-carteleria-de-la-a-31-y-a-33\/","url":"https:\/\/www.caudete.org\/ayuntamiento\/el-ayuntamiento-solicita-mejoras-en-la-carteleria-de-la-a-31-y-a-33\/","name":"El Ayuntamiento solicita mejoras en la carteler\u00eda de la A-31 y A-33 - MI Ayuntamiento de Caudete","isPartOf":{"@id":"https:\/\/www.caudete.org\/ayuntamiento\/#website"},"primaryImageOfPage":{"@id":"https:\/\/www.caudete.org\/ayuntamiento\/el-ayuntamiento-solicita-mejoras-en-la-carteleria-de-la-a-31-y-a-33\/#primaryimage"},"image":{"@id":"https:\/\/www.caudete.org\/ayuntamiento\/el-ayuntamiento-solicita-mejoras-en-la-carteleria-de-la-a-31-y-a-33\/#primaryimage"},"thumbnailUrl":"https:\/\/www.caudete.org\/ayuntamiento\/wp-content\/uploads\/2021\/09\/IMG_20210810_120552-scaled.jpg","datePublished":"2021-09-15T17:00:01+00:00","dateModified":"2021-09-16T08:23:09+00:00","author":{"@id":"https:\/\/www.caudete.org\/ayuntamiento\/#\/schema\/person\/cc646da9133078ee4d8dd47457947253"},"description":"P\u00e1gina Oficial del Ayuntamiento de Caudete (Albacete)","breadcrumb":{"@id":"https:\/\/www.caudete.org\/ayuntamiento\/el-ayuntamiento-solicita-mejoras-en-la-carteleria-de-la-a-31-y-a-33\/#breadcrumb"},"inLanguage":"es","potentialAction":[{"@type":"ReadAction","target":["https:\/\/www.caudete.org\/ayuntamiento\/el-ayuntamiento-solicita-mejoras-en-la-carteleria-de-la-a-31-y-a-33\/"]}]},{"@type":"ImageObject","inLanguage":"es","@id":"https:\/\/www.caudete.org\/ayuntamiento\/el-ayuntamiento-solicita-mejoras-en-la-carteleria-de-la-a-31-y-a-33\/#primaryimage","url":"https:\/\/www.caudete.org\/ayuntamiento\/wp-content\/uploads\/2021\/09\/IMG_20210810_120552-scaled.jpg","contentUrl":"https:\/\/www.caudete.org\/ayuntamiento\/wp-content\/uploads\/2021\/09\/IMG_20210810_120552-scaled.jpg","width":2560,"height":1920},{"@type":"BreadcrumbList","@id":"https:\/\/www.caudete.org\/ayuntamiento\/el-ayuntamiento-solicita-mejoras-en-la-carteleria-de-la-a-31-y-a-33\/#breadcrumb","itemListElement":[{"@type":"ListItem","position":1,"name":"Inicio","item":"https:\/\/www.caudete.org\/ayuntamiento\/"},{"@type":"ListItem","position":2,"name":"El Ayuntamiento solicita mejoras en la carteler\u00eda de la A-31 y A-33"}]},{"@type":"WebSite","@id":"https:\/\/www.caudete.org\/ayuntamiento\/#website","url":"https:\/\/www.caudete.org\/ayuntamiento\/","name":"MI Ayuntamiento de Caudete","description":"P\u00e1gina Oficial del MI Ayuntamiento de Caudete","potentialAction":[{"@type":"SearchAction","target":{"@type":"EntryPoint","urlTemplate":"https:\/\/www.caudete.org\/ayuntamiento\/?s={search_term_string}"},"query-input":{"@type":"PropertyValueSpecification","valueRequired":true,"valueName":"search_term_string"}}],"inLanguage":"es"},{"@type":"Person","@id":"https:\/\/www.caudete.org\/ayuntamiento\/#\/schema\/person\/cc646da9133078ee4d8dd47457947253","name":"alcalde","image":{"@type":"ImageObject","inLanguage":"es","@id":"https:\/\/secure.gravatar.com\/avatar\/84a817ba065b29ff08d666b215a215f5c79186a645ccb25b14a663d48a130f77?s=96&d=mm&r=g","url":"https:\/\/secure.gravatar.com\/avatar\/84a817ba065b29ff08d666b215a215f5c79186a645ccb25b14a663d48a130f77?s=96&d=mm&r=g","contentUrl":"https:\/\/secure.gravatar.com\/avatar\/84a817ba065b29ff08d666b215a215f5c79186a645ccb25b14a663d48a130f77?s=96&d=mm&r=g","caption":"alcalde"},"url":"https:\/\/www.caudete.org\/ayuntamiento\/author\/alcalde\/"}]}},"_links":{"self":[{"href":"https:\/\/www.caudete.org\/ayuntamiento\/wp-json\/wp\/v2\/posts\/16144","targetHints":{"allow":["GET"]}}],"collection":[{"href":"https:\/\/www.caudete.org\/ayuntamiento\/wp-json\/wp\/v2\/posts"}],"about":[{"href":"https:\/\/www.caudete.org\/ayuntamiento\/wp-json\/wp\/v2\/types\/post"}],"author":[{"embeddable":true,"href":"https:\/\/www.caudete.org\/ayuntamiento\/wp-json\/wp\/v2\/users\/3"}],"replies":[{"embeddable":true,"href":"https:\/\/www.caudete.org\/ayuntamiento\/wp-json\/wp\/v2\/comments?post=16144"}],"version-history":[{"count":3,"href":"https:\/\/www.caudete.org\/ayuntamiento\/wp-json\/wp\/v2\/posts\/16144\/revisions"}],"predecessor-version":[{"id":16147,"href":"https:\/\/www.caudete.org\/ayuntamiento\/wp-json\/wp\/v2\/posts\/16144\/revisions\/16147"}],"wp:featuredmedia":[{"embeddable":true,"href":"https:\/\/www.caudete.org\/ayuntamiento\/wp-json\/wp\/v2\/media\/16145"}],"wp:attachment":[{"href":"https:\/\/www.caudete.org\/ayuntamiento\/wp-json\/wp\/v2\/media?parent=16144"}],"wp:term":[{"taxonomy":"category","embeddable":true,"href":"https:\/\/www.caudete.org\/ayuntamiento\/wp-json\/wp\/v2\/categories?post=16144"},{"taxonomy":"post_tag","embeddable":true,"href":"https:\/\/www.caudete.org\/ayuntamiento\/wp-json\/wp\/v2\/tags?post=16144"}],"curies":[{"name":"wp","href":"https:\/\/api.w.org\/{rel}","templated":true}]}}