{"id":16182,"date":"2021-09-17T08:00:37","date_gmt":"2021-09-17T06:00:37","guid":{"rendered":"https:\/\/www.caudete.org\/ayuntamiento\/?p=16182"},"modified":"2021-09-17T06:16:23","modified_gmt":"2021-09-17T04:16:23","slug":"invertidos-9-16212e-para-la-fase-de-estudio-del-recien-adquirido-pozo-de-agua","status":"publish","type":"post","link":"https:\/\/www.caudete.org\/ayuntamiento\/invertidos-9-16212e-para-la-fase-de-estudio-del-recien-adquirido-pozo-de-agua\/","title":{"rendered":"Invertidos 9.162&#8217;12\u20ac para la fase de estudio del reci\u00e9n adquirido Pozo de Agua"},"content":{"rendered":"<p style=\"text-align: justify;\">Durante el a\u00f1o 2020 el Gobierno Municipal, con su Alcalde al frente tuvo que lidiar con una Sentencia Judicial que inexplicablemente pon\u00eda en riesgo la prestaci\u00f3n del suministro de agua potable, tras las gestiones err\u00f3neas llevadas a cabo hace 15 a\u00f1os (aproximadamente) al realizar el actual pozo de agua en una parcela que no result\u00f3 ser municipal.<\/p>\n<p style=\"text-align: justify;\">La Sentencia obligaba al Ayuntamiento a desmontar el Pozo y restituir la parcela a su estado original. No obstante, una larga pero exitosa negociaci\u00f3n permiti\u00f3 la adquisici\u00f3n de dicha parcela a sus propietarios por un valor de 200.000\u20ac<\/p>\n<p style=\"text-align: justify;\">En dicha parcela se encuentra un pozo que en su momento ejecut\u00f3 su propietario dando unos valores de caudal y calidad de aguas \u00f3ptimas, pero que por circunstancias ajenas finalmente no se explot\u00f3.<\/p>\n<p style=\"text-align: justify;\">Ahora que dicha parcela y pozo es de propiedad municipal, la Concejal\u00eda de Ciclo Integral del Agua ha proyectado su estudio y aforamiento en caso de ser viable, para as\u00ed proceder al estudio de sus aguas y caudal, y poder sumar esta captaci\u00f3n a la red de h\u00eddrica municipal.<\/p>\n<p style=\"text-align: justify;\">Para ello, ha sido necesario realizar una serie de actuaciones que han sido costeadas por el Presupuesto Municipal 2021 gracias a la previsi\u00f3n del Gobierno Municipal en dicha materia.<\/p>\n<p style=\"text-align: justify;\">Tal y como detalla la Edil responsable del \u00e1rea, Marian Ballester &#8220;<em>inicialmente se realiz\u00f3 la redacci\u00f3n del oportuno proyecto t\u00e9cnico para el desv\u00edo de la l\u00ednea de media tensi\u00f3n<\/em>&#8221; que discurr\u00eda justo por la vertical del pozo, y que imposibilitaba, por cuestiones de seguridad, el estudio del mismo. Estos trabajos fueron adjudicados por un total de 1.149&#8217;50 \u20ac a <em>Rodes Ingenier\u00eda de Recursos Naturales<\/em>.<\/p>\n<p style=\"text-align: justify;\">Continuaba detallando que los trabajos consistentes en el desv\u00edo de l\u00ednea de media tensi\u00f3n supusieron una inversi\u00f3n de 4.176&#8217;92\u20ac, realizada por la empresa local <em>Tebagar S.L<\/em>. Y finalmente la testificaci\u00f3n geof\u00edsica fue efectuada por la mercantil <em>Sondeos Mart\u00ednez S.L<\/em>. por un valor de 3.835&#8217;70\u20ac<\/p>\n<p style=\"text-align: justify;\">Tras esta primera fase, que suma una cantidad total de 9.162&#8217;12\u20ac &#8220;<em>se pudo conocer el estado real del Pozo y las diferentes acciones a acometer en \u00e9l para dar continuidad al objetivo del estudio piezom\u00e9trico y caudal\u00edmetro, as\u00ed como de calidad de sus aguas, y poder ser puesto en funcionamiento como pozo de alivio<\/em>&#8221; al que actualmente sirve de abastecimiento a la poblaci\u00f3n.<\/p>\n<p style=\"text-align: justify;\">En el mes de Julio, tuvo entrada en el Registro Municipal la aprobaci\u00f3n del Proyecto de Alumbramiento de aguas subterr\u00e1neas por medio del Servicio de Minas dependiente de la Consejer\u00eda de Desarrollo Sostenible, para llevar a cabo la extinci\u00f3n de tuber\u00eda, reentubaci\u00f3n y limpieza del sondeo denominado Santa Ana n\u00ba 2<\/p>\n<p style=\"text-align: justify;\">Esta segunda fase ha sido calculada por los T\u00e9cnicos Municipales en una inversi\u00f3n algo superior a los 164.000\u20ac y que previsiblemente se ejecutar\u00e1 en lo que queda de a\u00f1o.<\/p>\n<p style=\"text-align: justify;\">Por su parte, el Alcalde Mois\u00e9s L\u00f3pez, expresaba &#8220;<em>el compromiso de todo el Equipo de Gobierno<\/em>&#8221; con los ciudadanos &#8220;<em>en un tema tan sensible como es asegurar la captaci\u00f3n de agua para consumo humano, y hacerlo con garant\u00edas a medio plazo<\/em>&#8220;.<\/p>\n<p style=\"text-align: justify;\">De hecho, remarcaba que &#8220;<em>en el programa electoral figuraba en materia de aguas ejecutar un pozo de alivio que pudiese hacer frente a diferentes circunstancias<\/em>&#8220;, ya que en los \u00faltimos a\u00f1os los niveles de agua estaban bajando de forma considerable. No obstante, lejos de estudiar detenidamente la ubicaci\u00f3n id\u00f3nea de ese proyectado pozo de alivio, &#8220;<em>nos encontramos con el riesgo de cerrar el pozo que suministraba, por imposici\u00f3n de una sentencia judicial y gracias a una mala gesti\u00f3n pol\u00edtica de hace m\u00e1s de una d\u00e9cada<\/em>&#8220;.<\/p>\n<p style=\"text-align: justify;\">Adelantaba que &#8220;<em>conf\u00eda en los buenos resultados que pueda dar el pozo en estudio, permitiendo asegurar el suministro h\u00eddrico a la poblaci\u00f3n<\/em>&#8220;.<\/p>\n<p>&nbsp;<\/p>\n","protected":false},"excerpt":{"rendered":"<p>Durante el a\u00f1o 2020 el Gobierno Municipal, con su Alcalde al frente tuvo que lidiar con una Sentencia Judicial que inexplicablemente pon\u00eda en riesgo la prestaci\u00f3n del suministro de agua potable, tras las gestiones err\u00f3neas llevadas a cabo hace 15 a\u00f1os (aproximadamente) al realizar el actual pozo de agua en una parcela que no result\u00f3 &hellip;<\/p>\n","protected":false},"author":3,"featured_media":16183,"comment_status":"closed","ping_status":"open","sticky":false,"template":"","format":"standard","meta":{"ngg_post_thumbnail":0,"footnotes":""},"categories":[49],"tags":[],"class_list":["post-16182","post","type-post","status-publish","format-standard","has-post-thumbnail","hentry","category-ciclo-integral-del-agua"],"yoast_head":"<!-- This site is optimized with the Yoast SEO plugin v27.5 - https:\/\/yoast.com\/product\/yoast-seo-wordpress\/ -->\n<title>Invertidos 9.162&#039;12\u20ac para la fase de estudio del reci\u00e9n adquirido Pozo de Agua - MI Ayuntamiento de Caudete<\/title>\n<meta name=\"description\" content=\"P\u00e1gina Oficial del Ayuntamiento de Caudete (Albacete)\" \/>\n<meta name=\"robots\" content=\"index, follow, max-snippet:-1, max-image-preview:large, max-video-preview:-1\" \/>\n<link rel=\"canonical\" href=\"https:\/\/www.caudete.org\/ayuntamiento\/invertidos-9-16212e-para-la-fase-de-estudio-del-recien-adquirido-pozo-de-agua\/\" \/>\n<meta property=\"og:locale\" content=\"es_ES\" \/>\n<meta property=\"og:type\" content=\"article\" \/>\n<meta property=\"og:title\" content=\"Invertidos 9.162&#039;12\u20ac para la fase de estudio del reci\u00e9n adquirido Pozo de Agua - MI Ayuntamiento de Caudete\" \/>\n<meta property=\"og:description\" content=\"P\u00e1gina Oficial del Ayuntamiento de Caudete (Albacete)\" \/>\n<meta property=\"og:url\" content=\"https:\/\/www.caudete.org\/ayuntamiento\/invertidos-9-16212e-para-la-fase-de-estudio-del-recien-adquirido-pozo-de-agua\/\" \/>\n<meta property=\"og:site_name\" content=\"MI Ayuntamiento de Caudete\" \/>\n<meta property=\"article:publisher\" content=\"https:\/\/www.facebook.com\/ayuntamientocaudete\/\" \/>\n<meta property=\"article:published_time\" content=\"2021-09-17T06:00:37+00:00\" \/>\n<meta property=\"og:image\" content=\"https:\/\/www.caudete.org\/ayuntamiento\/wp-content\/uploads\/2021\/09\/pozo-agua.jpg\" \/>\n\t<meta property=\"og:image:width\" content=\"500\" \/>\n\t<meta property=\"og:image:height\" content=\"333\" \/>\n\t<meta property=\"og:image:type\" content=\"image\/jpeg\" \/>\n<meta name=\"author\" content=\"alcalde\" \/>\n<meta name=\"twitter:card\" content=\"summary_large_image\" \/>\n<meta name=\"twitter:label1\" content=\"Escrito por\" \/>\n\t<meta name=\"twitter:data1\" content=\"alcalde\" \/>\n\t<meta name=\"twitter:label2\" content=\"Tiempo de lectura\" \/>\n\t<meta name=\"twitter:data2\" content=\"3 minutos\" \/>\n<script type=\"application\/ld+json\" class=\"yoast-schema-graph\">{\"@context\":\"https:\\\/\\\/schema.org\",\"@graph\":[{\"@type\":\"Article\",\"@id\":\"https:\\\/\\\/www.caudete.org\\\/ayuntamiento\\\/invertidos-9-16212e-para-la-fase-de-estudio-del-recien-adquirido-pozo-de-agua\\\/#article\",\"isPartOf\":{\"@id\":\"https:\\\/\\\/www.caudete.org\\\/ayuntamiento\\\/invertidos-9-16212e-para-la-fase-de-estudio-del-recien-adquirido-pozo-de-agua\\\/\"},\"author\":{\"name\":\"alcalde\",\"@id\":\"https:\\\/\\\/www.caudete.org\\\/ayuntamiento\\\/#\\\/schema\\\/person\\\/cc646da9133078ee4d8dd47457947253\"},\"headline\":\"Invertidos 9.162&#8217;12\u20ac para la fase de estudio del reci\u00e9n adquirido Pozo de Agua\",\"datePublished\":\"2021-09-17T06:00:37+00:00\",\"mainEntityOfPage\":{\"@id\":\"https:\\\/\\\/www.caudete.org\\\/ayuntamiento\\\/invertidos-9-16212e-para-la-fase-de-estudio-del-recien-adquirido-pozo-de-agua\\\/\"},\"wordCount\":662,\"publisher\":{\"@id\":\"https:\\\/\\\/www.caudete.org\\\/ayuntamiento\\\/#organization\"},\"image\":{\"@id\":\"https:\\\/\\\/www.caudete.org\\\/ayuntamiento\\\/invertidos-9-16212e-para-la-fase-de-estudio-del-recien-adquirido-pozo-de-agua\\\/#primaryimage\"},\"thumbnailUrl\":\"https:\\\/\\\/www.caudete.org\\\/ayuntamiento\\\/wp-content\\\/uploads\\\/2021\\\/09\\\/pozo-agua.jpg\",\"articleSection\":[\"Ciclo Integral del Agua\"],\"inLanguage\":\"es\"},{\"@type\":\"WebPage\",\"@id\":\"https:\\\/\\\/www.caudete.org\\\/ayuntamiento\\\/invertidos-9-16212e-para-la-fase-de-estudio-del-recien-adquirido-pozo-de-agua\\\/\",\"url\":\"https:\\\/\\\/www.caudete.org\\\/ayuntamiento\\\/invertidos-9-16212e-para-la-fase-de-estudio-del-recien-adquirido-pozo-de-agua\\\/\",\"name\":\"Invertidos 9.162'12\u20ac para la fase de estudio del reci\u00e9n adquirido Pozo de Agua - MI Ayuntamiento de Caudete\",\"isPartOf\":{\"@id\":\"https:\\\/\\\/www.caudete.org\\\/ayuntamiento\\\/#website\"},\"primaryImageOfPage\":{\"@id\":\"https:\\\/\\\/www.caudete.org\\\/ayuntamiento\\\/invertidos-9-16212e-para-la-fase-de-estudio-del-recien-adquirido-pozo-de-agua\\\/#primaryimage\"},\"image\":{\"@id\":\"https:\\\/\\\/www.caudete.org\\\/ayuntamiento\\\/invertidos-9-16212e-para-la-fase-de-estudio-del-recien-adquirido-pozo-de-agua\\\/#primaryimage\"},\"thumbnailUrl\":\"https:\\\/\\\/www.caudete.org\\\/ayuntamiento\\\/wp-content\\\/uploads\\\/2021\\\/09\\\/pozo-agua.jpg\",\"datePublished\":\"2021-09-17T06:00:37+00:00\",\"description\":\"P\u00e1gina Oficial del Ayuntamiento de Caudete (Albacete)\",\"breadcrumb\":{\"@id\":\"https:\\\/\\\/www.caudete.org\\\/ayuntamiento\\\/invertidos-9-16212e-para-la-fase-de-estudio-del-recien-adquirido-pozo-de-agua\\\/#breadcrumb\"},\"inLanguage\":\"es\",\"potentialAction\":[{\"@type\":\"ReadAction\",\"target\":[\"https:\\\/\\\/www.caudete.org\\\/ayuntamiento\\\/invertidos-9-16212e-para-la-fase-de-estudio-del-recien-adquirido-pozo-de-agua\\\/\"]}]},{\"@type\":\"ImageObject\",\"inLanguage\":\"es\",\"@id\":\"https:\\\/\\\/www.caudete.org\\\/ayuntamiento\\\/invertidos-9-16212e-para-la-fase-de-estudio-del-recien-adquirido-pozo-de-agua\\\/#primaryimage\",\"url\":\"https:\\\/\\\/www.caudete.org\\\/ayuntamiento\\\/wp-content\\\/uploads\\\/2021\\\/09\\\/pozo-agua.jpg\",\"contentUrl\":\"https:\\\/\\\/www.caudete.org\\\/ayuntamiento\\\/wp-content\\\/uploads\\\/2021\\\/09\\\/pozo-agua.jpg\",\"width\":500,\"height\":333},{\"@type\":\"BreadcrumbList\",\"@id\":\"https:\\\/\\\/www.caudete.org\\\/ayuntamiento\\\/invertidos-9-16212e-para-la-fase-de-estudio-del-recien-adquirido-pozo-de-agua\\\/#breadcrumb\",\"itemListElement\":[{\"@type\":\"ListItem\",\"position\":1,\"name\":\"Inicio\",\"item\":\"https:\\\/\\\/www.caudete.org\\\/ayuntamiento\\\/\"},{\"@type\":\"ListItem\",\"position\":2,\"name\":\"Invertidos 9.162&#8217;12\u20ac para la fase de estudio del reci\u00e9n adquirido Pozo de Agua\"}]},{\"@type\":\"WebSite\",\"@id\":\"https:\\\/\\\/www.caudete.org\\\/ayuntamiento\\\/#website\",\"url\":\"https:\\\/\\\/www.caudete.org\\\/ayuntamiento\\\/\",\"name\":\"MI Ayuntamiento de Caudete\",\"description\":\"P\u00e1gina Oficial del MI Ayuntamiento de Caudete\",\"publisher\":{\"@id\":\"https:\\\/\\\/www.caudete.org\\\/ayuntamiento\\\/#organization\"},\"potentialAction\":[{\"@type\":\"SearchAction\",\"target\":{\"@type\":\"EntryPoint\",\"urlTemplate\":\"https:\\\/\\\/www.caudete.org\\\/ayuntamiento\\\/?s={search_term_string}\"},\"query-input\":{\"@type\":\"PropertyValueSpecification\",\"valueRequired\":true,\"valueName\":\"search_term_string\"}}],\"inLanguage\":\"es\"},{\"@type\":\"Organization\",\"@id\":\"https:\\\/\\\/www.caudete.org\\\/ayuntamiento\\\/#organization\",\"name\":\"Ayuntamiento de Caudete\",\"url\":\"https:\\\/\\\/www.caudete.org\\\/ayuntamiento\\\/\",\"logo\":{\"@type\":\"ImageObject\",\"inLanguage\":\"es\",\"@id\":\"https:\\\/\\\/www.caudete.org\\\/ayuntamiento\\\/#\\\/schema\\\/logo\\\/image\\\/\",\"url\":\"https:\\\/\\\/www.caudete.org\\\/ayuntamiento\\\/wp-content\\\/uploads\\\/2020\\\/11\\\/logo_ayuntamiento_caudete.jpg\",\"contentUrl\":\"https:\\\/\\\/www.caudete.org\\\/ayuntamiento\\\/wp-content\\\/uploads\\\/2020\\\/11\\\/logo_ayuntamiento_caudete.jpg\",\"width\":600,\"height\":150,\"caption\":\"Ayuntamiento de Caudete\"},\"image\":{\"@id\":\"https:\\\/\\\/www.caudete.org\\\/ayuntamiento\\\/#\\\/schema\\\/logo\\\/image\\\/\"},\"sameAs\":[\"https:\\\/\\\/www.facebook.com\\\/ayuntamientocaudete\\\/\",\"https:\\\/\\\/www.youtube.com\\\/channel\\\/UC6VztHaooNsGpw-tNoBEFnQ\"]},{\"@type\":\"Person\",\"@id\":\"https:\\\/\\\/www.caudete.org\\\/ayuntamiento\\\/#\\\/schema\\\/person\\\/cc646da9133078ee4d8dd47457947253\",\"name\":\"alcalde\",\"image\":{\"@type\":\"ImageObject\",\"inLanguage\":\"es\",\"@id\":\"https:\\\/\\\/secure.gravatar.com\\\/avatar\\\/84a817ba065b29ff08d666b215a215f5c79186a645ccb25b14a663d48a130f77?s=96&d=mm&r=g\",\"url\":\"https:\\\/\\\/secure.gravatar.com\\\/avatar\\\/84a817ba065b29ff08d666b215a215f5c79186a645ccb25b14a663d48a130f77?s=96&d=mm&r=g\",\"contentUrl\":\"https:\\\/\\\/secure.gravatar.com\\\/avatar\\\/84a817ba065b29ff08d666b215a215f5c79186a645ccb25b14a663d48a130f77?s=96&d=mm&r=g\",\"caption\":\"alcalde\"},\"url\":\"https:\\\/\\\/www.caudete.org\\\/ayuntamiento\\\/author\\\/alcalde\\\/\"}]}<\/script>\n<!-- \/ Yoast SEO plugin. -->","yoast_head_json":{"title":"Invertidos 9.162'12\u20ac para la fase de estudio del reci\u00e9n adquirido Pozo de Agua - MI Ayuntamiento de Caudete","description":"P\u00e1gina Oficial del Ayuntamiento de Caudete (Albacete)","robots":{"index":"index","follow":"follow","max-snippet":"max-snippet:-1","max-image-preview":"max-image-preview:large","max-video-preview":"max-video-preview:-1"},"canonical":"https:\/\/www.caudete.org\/ayuntamiento\/invertidos-9-16212e-para-la-fase-de-estudio-del-recien-adquirido-pozo-de-agua\/","og_locale":"es_ES","og_type":"article","og_title":"Invertidos 9.162'12\u20ac para la fase de estudio del reci\u00e9n adquirido Pozo de Agua - MI Ayuntamiento de Caudete","og_description":"P\u00e1gina Oficial del Ayuntamiento de Caudete (Albacete)","og_url":"https:\/\/www.caudete.org\/ayuntamiento\/invertidos-9-16212e-para-la-fase-de-estudio-del-recien-adquirido-pozo-de-agua\/","og_site_name":"MI Ayuntamiento de Caudete","article_publisher":"https:\/\/www.facebook.com\/ayuntamientocaudete\/","article_published_time":"2021-09-17T06:00:37+00:00","og_image":[{"width":500,"height":333,"url":"https:\/\/www.caudete.org\/ayuntamiento\/wp-content\/uploads\/2021\/09\/pozo-agua.jpg","type":"image\/jpeg"}],"author":"alcalde","twitter_card":"summary_large_image","twitter_misc":{"Escrito por":"alcalde","Tiempo de lectura":"3 minutos"},"schema":{"@context":"https:\/\/schema.org","@graph":[{"@type":"Article","@id":"https:\/\/www.caudete.org\/ayuntamiento\/invertidos-9-16212e-para-la-fase-de-estudio-del-recien-adquirido-pozo-de-agua\/#article","isPartOf":{"@id":"https:\/\/www.caudete.org\/ayuntamiento\/invertidos-9-16212e-para-la-fase-de-estudio-del-recien-adquirido-pozo-de-agua\/"},"author":{"name":"alcalde","@id":"https:\/\/www.caudete.org\/ayuntamiento\/#\/schema\/person\/cc646da9133078ee4d8dd47457947253"},"headline":"Invertidos 9.162&#8217;12\u20ac para la fase de estudio del reci\u00e9n adquirido Pozo de Agua","datePublished":"2021-09-17T06:00:37+00:00","mainEntityOfPage":{"@id":"https:\/\/www.caudete.org\/ayuntamiento\/invertidos-9-16212e-para-la-fase-de-estudio-del-recien-adquirido-pozo-de-agua\/"},"wordCount":662,"publisher":{"@id":"https:\/\/www.caudete.org\/ayuntamiento\/#organization"},"image":{"@id":"https:\/\/www.caudete.org\/ayuntamiento\/invertidos-9-16212e-para-la-fase-de-estudio-del-recien-adquirido-pozo-de-agua\/#primaryimage"},"thumbnailUrl":"https:\/\/www.caudete.org\/ayuntamiento\/wp-content\/uploads\/2021\/09\/pozo-agua.jpg","articleSection":["Ciclo Integral del Agua"],"inLanguage":"es"},{"@type":"WebPage","@id":"https:\/\/www.caudete.org\/ayuntamiento\/invertidos-9-16212e-para-la-fase-de-estudio-del-recien-adquirido-pozo-de-agua\/","url":"https:\/\/www.caudete.org\/ayuntamiento\/invertidos-9-16212e-para-la-fase-de-estudio-del-recien-adquirido-pozo-de-agua\/","name":"Invertidos 9.162'12\u20ac para la fase de estudio del reci\u00e9n adquirido Pozo de Agua - MI Ayuntamiento de Caudete","isPartOf":{"@id":"https:\/\/www.caudete.org\/ayuntamiento\/#website"},"primaryImageOfPage":{"@id":"https:\/\/www.caudete.org\/ayuntamiento\/invertidos-9-16212e-para-la-fase-de-estudio-del-recien-adquirido-pozo-de-agua\/#primaryimage"},"image":{"@id":"https:\/\/www.caudete.org\/ayuntamiento\/invertidos-9-16212e-para-la-fase-de-estudio-del-recien-adquirido-pozo-de-agua\/#primaryimage"},"thumbnailUrl":"https:\/\/www.caudete.org\/ayuntamiento\/wp-content\/uploads\/2021\/09\/pozo-agua.jpg","datePublished":"2021-09-17T06:00:37+00:00","description":"P\u00e1gina Oficial del Ayuntamiento de Caudete (Albacete)","breadcrumb":{"@id":"https:\/\/www.caudete.org\/ayuntamiento\/invertidos-9-16212e-para-la-fase-de-estudio-del-recien-adquirido-pozo-de-agua\/#breadcrumb"},"inLanguage":"es","potentialAction":[{"@type":"ReadAction","target":["https:\/\/www.caudete.org\/ayuntamiento\/invertidos-9-16212e-para-la-fase-de-estudio-del-recien-adquirido-pozo-de-agua\/"]}]},{"@type":"ImageObject","inLanguage":"es","@id":"https:\/\/www.caudete.org\/ayuntamiento\/invertidos-9-16212e-para-la-fase-de-estudio-del-recien-adquirido-pozo-de-agua\/#primaryimage","url":"https:\/\/www.caudete.org\/ayuntamiento\/wp-content\/uploads\/2021\/09\/pozo-agua.jpg","contentUrl":"https:\/\/www.caudete.org\/ayuntamiento\/wp-content\/uploads\/2021\/09\/pozo-agua.jpg","width":500,"height":333},{"@type":"BreadcrumbList","@id":"https:\/\/www.caudete.org\/ayuntamiento\/invertidos-9-16212e-para-la-fase-de-estudio-del-recien-adquirido-pozo-de-agua\/#breadcrumb","itemListElement":[{"@type":"ListItem","position":1,"name":"Inicio","item":"https:\/\/www.caudete.org\/ayuntamiento\/"},{"@type":"ListItem","position":2,"name":"Invertidos 9.162&#8217;12\u20ac para la fase de estudio del reci\u00e9n adquirido Pozo de Agua"}]},{"@type":"WebSite","@id":"https:\/\/www.caudete.org\/ayuntamiento\/#website","url":"https:\/\/www.caudete.org\/ayuntamiento\/","name":"MI Ayuntamiento de Caudete","description":"P\u00e1gina Oficial del MI Ayuntamiento de Caudete","publisher":{"@id":"https:\/\/www.caudete.org\/ayuntamiento\/#organization"},"potentialAction":[{"@type":"SearchAction","target":{"@type":"EntryPoint","urlTemplate":"https:\/\/www.caudete.org\/ayuntamiento\/?s={search_term_string}"},"query-input":{"@type":"PropertyValueSpecification","valueRequired":true,"valueName":"search_term_string"}}],"inLanguage":"es"},{"@type":"Organization","@id":"https:\/\/www.caudete.org\/ayuntamiento\/#organization","name":"Ayuntamiento de Caudete","url":"https:\/\/www.caudete.org\/ayuntamiento\/","logo":{"@type":"ImageObject","inLanguage":"es","@id":"https:\/\/www.caudete.org\/ayuntamiento\/#\/schema\/logo\/image\/","url":"https:\/\/www.caudete.org\/ayuntamiento\/wp-content\/uploads\/2020\/11\/logo_ayuntamiento_caudete.jpg","contentUrl":"https:\/\/www.caudete.org\/ayuntamiento\/wp-content\/uploads\/2020\/11\/logo_ayuntamiento_caudete.jpg","width":600,"height":150,"caption":"Ayuntamiento de Caudete"},"image":{"@id":"https:\/\/www.caudete.org\/ayuntamiento\/#\/schema\/logo\/image\/"},"sameAs":["https:\/\/www.facebook.com\/ayuntamientocaudete\/","https:\/\/www.youtube.com\/channel\/UC6VztHaooNsGpw-tNoBEFnQ"]},{"@type":"Person","@id":"https:\/\/www.caudete.org\/ayuntamiento\/#\/schema\/person\/cc646da9133078ee4d8dd47457947253","name":"alcalde","image":{"@type":"ImageObject","inLanguage":"es","@id":"https:\/\/secure.gravatar.com\/avatar\/84a817ba065b29ff08d666b215a215f5c79186a645ccb25b14a663d48a130f77?s=96&d=mm&r=g","url":"https:\/\/secure.gravatar.com\/avatar\/84a817ba065b29ff08d666b215a215f5c79186a645ccb25b14a663d48a130f77?s=96&d=mm&r=g","contentUrl":"https:\/\/secure.gravatar.com\/avatar\/84a817ba065b29ff08d666b215a215f5c79186a645ccb25b14a663d48a130f77?s=96&d=mm&r=g","caption":"alcalde"},"url":"https:\/\/www.caudete.org\/ayuntamiento\/author\/alcalde\/"}]}},"_links":{"self":[{"href":"https:\/\/www.caudete.org\/ayuntamiento\/wp-json\/wp\/v2\/posts\/16182","targetHints":{"allow":["GET"]}}],"collection":[{"href":"https:\/\/www.caudete.org\/ayuntamiento\/wp-json\/wp\/v2\/posts"}],"about":[{"href":"https:\/\/www.caudete.org\/ayuntamiento\/wp-json\/wp\/v2\/types\/post"}],"author":[{"embeddable":true,"href":"https:\/\/www.caudete.org\/ayuntamiento\/wp-json\/wp\/v2\/users\/3"}],"replies":[{"embeddable":true,"href":"https:\/\/www.caudete.org\/ayuntamiento\/wp-json\/wp\/v2\/comments?post=16182"}],"version-history":[{"count":1,"href":"https:\/\/www.caudete.org\/ayuntamiento\/wp-json\/wp\/v2\/posts\/16182\/revisions"}],"predecessor-version":[{"id":16184,"href":"https:\/\/www.caudete.org\/ayuntamiento\/wp-json\/wp\/v2\/posts\/16182\/revisions\/16184"}],"wp:featuredmedia":[{"embeddable":true,"href":"https:\/\/www.caudete.org\/ayuntamiento\/wp-json\/wp\/v2\/media\/16183"}],"wp:attachment":[{"href":"https:\/\/www.caudete.org\/ayuntamiento\/wp-json\/wp\/v2\/media?parent=16182"}],"wp:term":[{"taxonomy":"category","embeddable":true,"href":"https:\/\/www.caudete.org\/ayuntamiento\/wp-json\/wp\/v2\/categories?post=16182"},{"taxonomy":"post_tag","embeddable":true,"href":"https:\/\/www.caudete.org\/ayuntamiento\/wp-json\/wp\/v2\/tags?post=16182"}],"curies":[{"name":"wp","href":"https:\/\/api.w.org\/{rel}","templated":true}]}}