{"id":16185,"date":"2021-09-17T13:01:49","date_gmt":"2021-09-17T11:01:49","guid":{"rendered":"https:\/\/www.caudete.org\/ayuntamiento\/?p=16185"},"modified":"2021-09-17T15:01:20","modified_gmt":"2021-09-17T13:01:20","slug":"caudeteemprende-nueva-ubicacion-de-vertical-shop-centro-de-negocios-regentado-por-miguel-diaz","status":"publish","type":"post","link":"https:\/\/www.caudete.org\/ayuntamiento\/caudeteemprende-nueva-ubicacion-de-vertical-shop-centro-de-negocios-regentado-por-miguel-diaz\/","title":{"rendered":"CaudeteEMPRENDE: nueva ubicaci\u00f3n de \u201cVERTICAL SHOP centro de negocios\u201d"},"content":{"rendered":"<p style=\"text-align: justify;\">Una semana m\u00e1s, la Concejal\u00eda de Comercio que ostenta el edil Diego Cuenca Olivares, contin\u00faa con\u00a0 la campa\u00f1a <strong>CaudeteEMPRENDE<\/strong>, desde donde nos presenta en el d\u00eda de hoy la nueva ubicaci\u00f3n y ampliaci\u00f3n de\u00a0<strong> \u201cVertical Shop centro de negocios\u201d<\/strong>, regentado por <strong>Miguel D\u00edaz<\/strong>.<\/p>\n<p style=\"text-align: justify;\">Miguel D\u00edaz nos presentaba su nuevo centro y nos explicaba los servicios que all\u00ed se prestan, ya que aparte de la Inmobiliaria tiene oficinas de alquiler para empresas, algunas de ellas ya instaladas como son:<strong> VERTICALSHOP &#8211; MAS ENERGY &#8211;\u00a0MJ GESTORES &#8211;\u00a0NAVASEN &#8211;\u00a0VISUAL 3-D &#8211;\u00a0HB PROJEC<\/strong><\/p>\n<p style=\"text-align: justify;\"><em><strong>&#8220;SERVICIOS QUE OFRECEMOS en nuestro grupo de empresas;<\/strong><\/em><\/p>\n<p style=\"text-align: justify;\"><em><strong>VERTICALSHOP<\/strong><\/em><\/p>\n<p style=\"text-align: justify;\"><em>-Venta viviendas, locales, chalets, naves, etc.<\/em><\/p>\n<p style=\"text-align: justify;\"><em>-No cobramos comisi\u00f3n al comprador.<\/em><\/p>\n<p style=\"text-align: justify;\"><em>-Le buscamos de forma gratuita la mejor financiaci\u00f3n para comprar su vivienda y le hacemos un estudio en varios bancos.<\/em><\/p>\n<p style=\"text-align: justify;\"><em><strong>MAS ENERGY<\/strong><\/em><\/p>\n<p style=\"text-align: justify;\"><em>-Las mejores tarifas con ENDESA y HOLALUZ.<\/em><\/p>\n<p style=\"text-align: justify;\"><em>-Alarmas 3D sistemas de alarmas para hogar y empresas.<\/em><\/p>\n<p style=\"text-align: justify;\"><em><strong>MJ GESTORES<\/strong><\/em><\/p>\n<p style=\"text-align: justify;\"><em>-Deja de ir de banco en banco nosotros lo hacemos por ti.<\/em><\/p>\n<p style=\"text-align: justify;\"><em>-Estudios financieros a particulares previos a la concesi\u00f3n de financiaci\u00f3n en bancos.(compra coches, viviendas, empresas, etc.)<\/em><\/p>\n<p style=\"text-align: justify;\"><em>-Capital privado. ( No importa ASNEF, impagos etc.)<\/em><\/p>\n<p style=\"text-align: justify;\"><em>-Agrupaci\u00f3n de deudas.<\/em><\/p>\n<p style=\"text-align: justify;\"><em>-Financiaciones para autopromoci\u00f3n.<\/em><\/p>\n<p style=\"text-align: justify;\"><em>-Ley segunda oportunidad.<\/em><\/p>\n<p style=\"text-align: justify;\"><em>-Reclamaci\u00f3n a bancos de intereses o comisiones cobrados indebidamente&#8221;.<\/em><\/p>\n<p style=\"text-align: justify;\">El Concejal le ha transmitido la cercan\u00eda del Consistorio, le ha agradecido que haya apostado por Caudete y sus ciudadanos y le ha deseado mucha suerte.<\/p>\n<p style=\"text-align: justify;\">CaudeteEMPRENDE es una campa\u00f1a creada desde la Concejal\u00eda de Comercio con el objetivo\u00a0 de dar visibilidad y apoyo a los nuevos comercios de la localidad, acerc\u00e1ndolos a la ciudadan\u00eda a trav\u00e9s de las redes sociales del M.I. Ayuntamiento y la TV.<\/p>\n","protected":false},"excerpt":{"rendered":"<p>Una semana m\u00e1s, la Concejal\u00eda de Comercio que ostenta el edil Diego Cuenca Olivares, contin\u00faa con\u00a0 la campa\u00f1a CaudeteEMPRENDE, desde donde nos presenta en el d\u00eda de hoy la nueva ubicaci\u00f3n y ampliaci\u00f3n de\u00a0 \u201cVertical Shop centro de negocios\u201d, regentado por Miguel D\u00edaz. Miguel D\u00edaz nos presentaba su nuevo centro y nos explicaba los servicios &hellip;<\/p>\n","protected":false},"author":2,"featured_media":16188,"comment_status":"closed","ping_status":"open","sticky":false,"template":"","format":"standard","meta":{"ngg_post_thumbnail":0,"footnotes":""},"categories":[42],"tags":[701,702,700],"class_list":["post-16185","post","type-post","status-publish","format-standard","has-post-thumbnail","hentry","category-comercio","tag-mas-energy","tag-mj-gestores","tag-vertical-shop"],"yoast_head":"<!-- This site is optimized with the Yoast SEO plugin v27.5 - https:\/\/yoast.com\/product\/yoast-seo-wordpress\/ -->\n<title>CaudeteEMPRENDE: nueva ubicaci\u00f3n de \u201cVERTICAL SHOP centro de negocios\u201d - MI Ayuntamiento de Caudete<\/title>\n<meta name=\"description\" content=\"P\u00e1gina Oficial del Ayuntamiento de Caudete (Albacete)\" \/>\n<meta name=\"robots\" content=\"index, follow, max-snippet:-1, max-image-preview:large, max-video-preview:-1\" \/>\n<link rel=\"canonical\" href=\"https:\/\/www.caudete.org\/ayuntamiento\/caudeteemprende-nueva-ubicacion-de-vertical-shop-centro-de-negocios-regentado-por-miguel-diaz\/\" \/>\n<meta property=\"og:locale\" content=\"es_ES\" \/>\n<meta property=\"og:type\" content=\"article\" \/>\n<meta property=\"og:title\" content=\"CaudeteEMPRENDE: nueva ubicaci\u00f3n de \u201cVERTICAL SHOP centro de negocios\u201d - MI Ayuntamiento de Caudete\" \/>\n<meta property=\"og:description\" content=\"P\u00e1gina Oficial del Ayuntamiento de Caudete (Albacete)\" \/>\n<meta property=\"og:url\" content=\"https:\/\/www.caudete.org\/ayuntamiento\/caudeteemprende-nueva-ubicacion-de-vertical-shop-centro-de-negocios-regentado-por-miguel-diaz\/\" \/>\n<meta property=\"og:site_name\" content=\"MI Ayuntamiento de Caudete\" \/>\n<meta property=\"article:publisher\" content=\"https:\/\/www.facebook.com\/ayuntamientocaudete\/\" \/>\n<meta property=\"article:published_time\" content=\"2021-09-17T11:01:49+00:00\" \/>\n<meta property=\"article:modified_time\" content=\"2021-09-17T13:01:20+00:00\" \/>\n<meta property=\"og:image\" content=\"https:\/\/www.caudete.org\/ayuntamiento\/wp-content\/uploads\/2021\/09\/Vertical-Shop-WEB.jpg\" \/>\n\t<meta property=\"og:image:width\" content=\"864\" \/>\n\t<meta property=\"og:image:height\" content=\"380\" \/>\n\t<meta property=\"og:image:type\" content=\"image\/jpeg\" \/>\n<meta name=\"author\" content=\"Juan\" \/>\n<meta name=\"twitter:card\" content=\"summary_large_image\" \/>\n<meta name=\"twitter:label1\" content=\"Escrito por\" \/>\n\t<meta name=\"twitter:data1\" content=\"Juan\" \/>\n\t<meta name=\"twitter:label2\" content=\"Tiempo de lectura\" \/>\n\t<meta name=\"twitter:data2\" content=\"2 minutos\" \/>\n<script type=\"application\/ld+json\" class=\"yoast-schema-graph\">{\"@context\":\"https:\\\/\\\/schema.org\",\"@graph\":[{\"@type\":\"Article\",\"@id\":\"https:\\\/\\\/www.caudete.org\\\/ayuntamiento\\\/caudeteemprende-nueva-ubicacion-de-vertical-shop-centro-de-negocios-regentado-por-miguel-diaz\\\/#article\",\"isPartOf\":{\"@id\":\"https:\\\/\\\/www.caudete.org\\\/ayuntamiento\\\/caudeteemprende-nueva-ubicacion-de-vertical-shop-centro-de-negocios-regentado-por-miguel-diaz\\\/\"},\"author\":{\"name\":\"Juan\",\"@id\":\"https:\\\/\\\/www.caudete.org\\\/ayuntamiento\\\/#\\\/schema\\\/person\\\/7656a5bb58fca95b9814e940de0fda63\"},\"headline\":\"CaudeteEMPRENDE: nueva ubicaci\u00f3n de \u201cVERTICAL SHOP centro de negocios\u201d\",\"datePublished\":\"2021-09-17T11:01:49+00:00\",\"dateModified\":\"2021-09-17T13:01:20+00:00\",\"mainEntityOfPage\":{\"@id\":\"https:\\\/\\\/www.caudete.org\\\/ayuntamiento\\\/caudeteemprende-nueva-ubicacion-de-vertical-shop-centro-de-negocios-regentado-por-miguel-diaz\\\/\"},\"wordCount\":307,\"image\":{\"@id\":\"https:\\\/\\\/www.caudete.org\\\/ayuntamiento\\\/caudeteemprende-nueva-ubicacion-de-vertical-shop-centro-de-negocios-regentado-por-miguel-diaz\\\/#primaryimage\"},\"thumbnailUrl\":\"https:\\\/\\\/www.caudete.org\\\/ayuntamiento\\\/wp-content\\\/uploads\\\/2021\\\/09\\\/Vertical-Shop-WEB.jpg\",\"keywords\":[\"Mas Energy\",\"MJ Gestores\",\"Vertical Shop\"],\"articleSection\":[\"Comercio\"],\"inLanguage\":\"es\"},{\"@type\":\"WebPage\",\"@id\":\"https:\\\/\\\/www.caudete.org\\\/ayuntamiento\\\/caudeteemprende-nueva-ubicacion-de-vertical-shop-centro-de-negocios-regentado-por-miguel-diaz\\\/\",\"url\":\"https:\\\/\\\/www.caudete.org\\\/ayuntamiento\\\/caudeteemprende-nueva-ubicacion-de-vertical-shop-centro-de-negocios-regentado-por-miguel-diaz\\\/\",\"name\":\"CaudeteEMPRENDE: nueva ubicaci\u00f3n de \u201cVERTICAL SHOP centro de negocios\u201d - MI Ayuntamiento de Caudete\",\"isPartOf\":{\"@id\":\"https:\\\/\\\/www.caudete.org\\\/ayuntamiento\\\/#website\"},\"primaryImageOfPage\":{\"@id\":\"https:\\\/\\\/www.caudete.org\\\/ayuntamiento\\\/caudeteemprende-nueva-ubicacion-de-vertical-shop-centro-de-negocios-regentado-por-miguel-diaz\\\/#primaryimage\"},\"image\":{\"@id\":\"https:\\\/\\\/www.caudete.org\\\/ayuntamiento\\\/caudeteemprende-nueva-ubicacion-de-vertical-shop-centro-de-negocios-regentado-por-miguel-diaz\\\/#primaryimage\"},\"thumbnailUrl\":\"https:\\\/\\\/www.caudete.org\\\/ayuntamiento\\\/wp-content\\\/uploads\\\/2021\\\/09\\\/Vertical-Shop-WEB.jpg\",\"datePublished\":\"2021-09-17T11:01:49+00:00\",\"dateModified\":\"2021-09-17T13:01:20+00:00\",\"author\":{\"@id\":\"https:\\\/\\\/www.caudete.org\\\/ayuntamiento\\\/#\\\/schema\\\/person\\\/7656a5bb58fca95b9814e940de0fda63\"},\"description\":\"P\u00e1gina Oficial del Ayuntamiento de Caudete (Albacete)\",\"breadcrumb\":{\"@id\":\"https:\\\/\\\/www.caudete.org\\\/ayuntamiento\\\/caudeteemprende-nueva-ubicacion-de-vertical-shop-centro-de-negocios-regentado-por-miguel-diaz\\\/#breadcrumb\"},\"inLanguage\":\"es\",\"potentialAction\":[{\"@type\":\"ReadAction\",\"target\":[\"https:\\\/\\\/www.caudete.org\\\/ayuntamiento\\\/caudeteemprende-nueva-ubicacion-de-vertical-shop-centro-de-negocios-regentado-por-miguel-diaz\\\/\"]}]},{\"@type\":\"ImageObject\",\"inLanguage\":\"es\",\"@id\":\"https:\\\/\\\/www.caudete.org\\\/ayuntamiento\\\/caudeteemprende-nueva-ubicacion-de-vertical-shop-centro-de-negocios-regentado-por-miguel-diaz\\\/#primaryimage\",\"url\":\"https:\\\/\\\/www.caudete.org\\\/ayuntamiento\\\/wp-content\\\/uploads\\\/2021\\\/09\\\/Vertical-Shop-WEB.jpg\",\"contentUrl\":\"https:\\\/\\\/www.caudete.org\\\/ayuntamiento\\\/wp-content\\\/uploads\\\/2021\\\/09\\\/Vertical-Shop-WEB.jpg\",\"width\":864,\"height\":380},{\"@type\":\"BreadcrumbList\",\"@id\":\"https:\\\/\\\/www.caudete.org\\\/ayuntamiento\\\/caudeteemprende-nueva-ubicacion-de-vertical-shop-centro-de-negocios-regentado-por-miguel-diaz\\\/#breadcrumb\",\"itemListElement\":[{\"@type\":\"ListItem\",\"position\":1,\"name\":\"Inicio\",\"item\":\"https:\\\/\\\/www.caudete.org\\\/ayuntamiento\\\/\"},{\"@type\":\"ListItem\",\"position\":2,\"name\":\"CaudeteEMPRENDE: nueva ubicaci\u00f3n de \u201cVERTICAL SHOP centro de negocios\u201d\"}]},{\"@type\":\"WebSite\",\"@id\":\"https:\\\/\\\/www.caudete.org\\\/ayuntamiento\\\/#website\",\"url\":\"https:\\\/\\\/www.caudete.org\\\/ayuntamiento\\\/\",\"name\":\"MI Ayuntamiento de Caudete\",\"description\":\"P\u00e1gina Oficial del MI Ayuntamiento de Caudete\",\"potentialAction\":[{\"@type\":\"SearchAction\",\"target\":{\"@type\":\"EntryPoint\",\"urlTemplate\":\"https:\\\/\\\/www.caudete.org\\\/ayuntamiento\\\/?s={search_term_string}\"},\"query-input\":{\"@type\":\"PropertyValueSpecification\",\"valueRequired\":true,\"valueName\":\"search_term_string\"}}],\"inLanguage\":\"es\"},{\"@type\":\"Person\",\"@id\":\"https:\\\/\\\/www.caudete.org\\\/ayuntamiento\\\/#\\\/schema\\\/person\\\/7656a5bb58fca95b9814e940de0fda63\",\"name\":\"Juan\",\"image\":{\"@type\":\"ImageObject\",\"inLanguage\":\"es\",\"@id\":\"https:\\\/\\\/secure.gravatar.com\\\/avatar\\\/dd53e51c0cd6ab23f52d4f3e4f1c59730240727763de3dbbf26750b079a2c292?s=96&d=mm&r=g\",\"url\":\"https:\\\/\\\/secure.gravatar.com\\\/avatar\\\/dd53e51c0cd6ab23f52d4f3e4f1c59730240727763de3dbbf26750b079a2c292?s=96&d=mm&r=g\",\"contentUrl\":\"https:\\\/\\\/secure.gravatar.com\\\/avatar\\\/dd53e51c0cd6ab23f52d4f3e4f1c59730240727763de3dbbf26750b079a2c292?s=96&d=mm&r=g\",\"caption\":\"Juan\"},\"url\":\"https:\\\/\\\/www.caudete.org\\\/ayuntamiento\\\/author\\\/centrodeinternet\\\/\"}]}<\/script>\n<!-- \/ Yoast SEO plugin. -->","yoast_head_json":{"title":"CaudeteEMPRENDE: nueva ubicaci\u00f3n de \u201cVERTICAL SHOP centro de negocios\u201d - MI Ayuntamiento de Caudete","description":"P\u00e1gina Oficial del Ayuntamiento de Caudete (Albacete)","robots":{"index":"index","follow":"follow","max-snippet":"max-snippet:-1","max-image-preview":"max-image-preview:large","max-video-preview":"max-video-preview:-1"},"canonical":"https:\/\/www.caudete.org\/ayuntamiento\/caudeteemprende-nueva-ubicacion-de-vertical-shop-centro-de-negocios-regentado-por-miguel-diaz\/","og_locale":"es_ES","og_type":"article","og_title":"CaudeteEMPRENDE: nueva ubicaci\u00f3n de \u201cVERTICAL SHOP centro de negocios\u201d - MI Ayuntamiento de Caudete","og_description":"P\u00e1gina Oficial del Ayuntamiento de Caudete (Albacete)","og_url":"https:\/\/www.caudete.org\/ayuntamiento\/caudeteemprende-nueva-ubicacion-de-vertical-shop-centro-de-negocios-regentado-por-miguel-diaz\/","og_site_name":"MI Ayuntamiento de Caudete","article_publisher":"https:\/\/www.facebook.com\/ayuntamientocaudete\/","article_published_time":"2021-09-17T11:01:49+00:00","article_modified_time":"2021-09-17T13:01:20+00:00","og_image":[{"width":864,"height":380,"url":"https:\/\/www.caudete.org\/ayuntamiento\/wp-content\/uploads\/2021\/09\/Vertical-Shop-WEB.jpg","type":"image\/jpeg"}],"author":"Juan","twitter_card":"summary_large_image","twitter_misc":{"Escrito por":"Juan","Tiempo de lectura":"2 minutos"},"schema":{"@context":"https:\/\/schema.org","@graph":[{"@type":"Article","@id":"https:\/\/www.caudete.org\/ayuntamiento\/caudeteemprende-nueva-ubicacion-de-vertical-shop-centro-de-negocios-regentado-por-miguel-diaz\/#article","isPartOf":{"@id":"https:\/\/www.caudete.org\/ayuntamiento\/caudeteemprende-nueva-ubicacion-de-vertical-shop-centro-de-negocios-regentado-por-miguel-diaz\/"},"author":{"name":"Juan","@id":"https:\/\/www.caudete.org\/ayuntamiento\/#\/schema\/person\/7656a5bb58fca95b9814e940de0fda63"},"headline":"CaudeteEMPRENDE: nueva ubicaci\u00f3n de \u201cVERTICAL SHOP centro de negocios\u201d","datePublished":"2021-09-17T11:01:49+00:00","dateModified":"2021-09-17T13:01:20+00:00","mainEntityOfPage":{"@id":"https:\/\/www.caudete.org\/ayuntamiento\/caudeteemprende-nueva-ubicacion-de-vertical-shop-centro-de-negocios-regentado-por-miguel-diaz\/"},"wordCount":307,"image":{"@id":"https:\/\/www.caudete.org\/ayuntamiento\/caudeteemprende-nueva-ubicacion-de-vertical-shop-centro-de-negocios-regentado-por-miguel-diaz\/#primaryimage"},"thumbnailUrl":"https:\/\/www.caudete.org\/ayuntamiento\/wp-content\/uploads\/2021\/09\/Vertical-Shop-WEB.jpg","keywords":["Mas Energy","MJ Gestores","Vertical Shop"],"articleSection":["Comercio"],"inLanguage":"es"},{"@type":"WebPage","@id":"https:\/\/www.caudete.org\/ayuntamiento\/caudeteemprende-nueva-ubicacion-de-vertical-shop-centro-de-negocios-regentado-por-miguel-diaz\/","url":"https:\/\/www.caudete.org\/ayuntamiento\/caudeteemprende-nueva-ubicacion-de-vertical-shop-centro-de-negocios-regentado-por-miguel-diaz\/","name":"CaudeteEMPRENDE: nueva ubicaci\u00f3n de \u201cVERTICAL SHOP centro de negocios\u201d - MI Ayuntamiento de Caudete","isPartOf":{"@id":"https:\/\/www.caudete.org\/ayuntamiento\/#website"},"primaryImageOfPage":{"@id":"https:\/\/www.caudete.org\/ayuntamiento\/caudeteemprende-nueva-ubicacion-de-vertical-shop-centro-de-negocios-regentado-por-miguel-diaz\/#primaryimage"},"image":{"@id":"https:\/\/www.caudete.org\/ayuntamiento\/caudeteemprende-nueva-ubicacion-de-vertical-shop-centro-de-negocios-regentado-por-miguel-diaz\/#primaryimage"},"thumbnailUrl":"https:\/\/www.caudete.org\/ayuntamiento\/wp-content\/uploads\/2021\/09\/Vertical-Shop-WEB.jpg","datePublished":"2021-09-17T11:01:49+00:00","dateModified":"2021-09-17T13:01:20+00:00","author":{"@id":"https:\/\/www.caudete.org\/ayuntamiento\/#\/schema\/person\/7656a5bb58fca95b9814e940de0fda63"},"description":"P\u00e1gina Oficial del Ayuntamiento de Caudete (Albacete)","breadcrumb":{"@id":"https:\/\/www.caudete.org\/ayuntamiento\/caudeteemprende-nueva-ubicacion-de-vertical-shop-centro-de-negocios-regentado-por-miguel-diaz\/#breadcrumb"},"inLanguage":"es","potentialAction":[{"@type":"ReadAction","target":["https:\/\/www.caudete.org\/ayuntamiento\/caudeteemprende-nueva-ubicacion-de-vertical-shop-centro-de-negocios-regentado-por-miguel-diaz\/"]}]},{"@type":"ImageObject","inLanguage":"es","@id":"https:\/\/www.caudete.org\/ayuntamiento\/caudeteemprende-nueva-ubicacion-de-vertical-shop-centro-de-negocios-regentado-por-miguel-diaz\/#primaryimage","url":"https:\/\/www.caudete.org\/ayuntamiento\/wp-content\/uploads\/2021\/09\/Vertical-Shop-WEB.jpg","contentUrl":"https:\/\/www.caudete.org\/ayuntamiento\/wp-content\/uploads\/2021\/09\/Vertical-Shop-WEB.jpg","width":864,"height":380},{"@type":"BreadcrumbList","@id":"https:\/\/www.caudete.org\/ayuntamiento\/caudeteemprende-nueva-ubicacion-de-vertical-shop-centro-de-negocios-regentado-por-miguel-diaz\/#breadcrumb","itemListElement":[{"@type":"ListItem","position":1,"name":"Inicio","item":"https:\/\/www.caudete.org\/ayuntamiento\/"},{"@type":"ListItem","position":2,"name":"CaudeteEMPRENDE: nueva ubicaci\u00f3n de \u201cVERTICAL SHOP centro de negocios\u201d"}]},{"@type":"WebSite","@id":"https:\/\/www.caudete.org\/ayuntamiento\/#website","url":"https:\/\/www.caudete.org\/ayuntamiento\/","name":"MI Ayuntamiento de Caudete","description":"P\u00e1gina Oficial del MI Ayuntamiento de Caudete","potentialAction":[{"@type":"SearchAction","target":{"@type":"EntryPoint","urlTemplate":"https:\/\/www.caudete.org\/ayuntamiento\/?s={search_term_string}"},"query-input":{"@type":"PropertyValueSpecification","valueRequired":true,"valueName":"search_term_string"}}],"inLanguage":"es"},{"@type":"Person","@id":"https:\/\/www.caudete.org\/ayuntamiento\/#\/schema\/person\/7656a5bb58fca95b9814e940de0fda63","name":"Juan","image":{"@type":"ImageObject","inLanguage":"es","@id":"https:\/\/secure.gravatar.com\/avatar\/dd53e51c0cd6ab23f52d4f3e4f1c59730240727763de3dbbf26750b079a2c292?s=96&d=mm&r=g","url":"https:\/\/secure.gravatar.com\/avatar\/dd53e51c0cd6ab23f52d4f3e4f1c59730240727763de3dbbf26750b079a2c292?s=96&d=mm&r=g","contentUrl":"https:\/\/secure.gravatar.com\/avatar\/dd53e51c0cd6ab23f52d4f3e4f1c59730240727763de3dbbf26750b079a2c292?s=96&d=mm&r=g","caption":"Juan"},"url":"https:\/\/www.caudete.org\/ayuntamiento\/author\/centrodeinternet\/"}]}},"_links":{"self":[{"href":"https:\/\/www.caudete.org\/ayuntamiento\/wp-json\/wp\/v2\/posts\/16185","targetHints":{"allow":["GET"]}}],"collection":[{"href":"https:\/\/www.caudete.org\/ayuntamiento\/wp-json\/wp\/v2\/posts"}],"about":[{"href":"https:\/\/www.caudete.org\/ayuntamiento\/wp-json\/wp\/v2\/types\/post"}],"author":[{"embeddable":true,"href":"https:\/\/www.caudete.org\/ayuntamiento\/wp-json\/wp\/v2\/users\/2"}],"replies":[{"embeddable":true,"href":"https:\/\/www.caudete.org\/ayuntamiento\/wp-json\/wp\/v2\/comments?post=16185"}],"version-history":[{"count":7,"href":"https:\/\/www.caudete.org\/ayuntamiento\/wp-json\/wp\/v2\/posts\/16185\/revisions"}],"predecessor-version":[{"id":16193,"href":"https:\/\/www.caudete.org\/ayuntamiento\/wp-json\/wp\/v2\/posts\/16185\/revisions\/16193"}],"wp:featuredmedia":[{"embeddable":true,"href":"https:\/\/www.caudete.org\/ayuntamiento\/wp-json\/wp\/v2\/media\/16188"}],"wp:attachment":[{"href":"https:\/\/www.caudete.org\/ayuntamiento\/wp-json\/wp\/v2\/media?parent=16185"}],"wp:term":[{"taxonomy":"category","embeddable":true,"href":"https:\/\/www.caudete.org\/ayuntamiento\/wp-json\/wp\/v2\/categories?post=16185"},{"taxonomy":"post_tag","embeddable":true,"href":"https:\/\/www.caudete.org\/ayuntamiento\/wp-json\/wp\/v2\/tags?post=16185"}],"curies":[{"name":"wp","href":"https:\/\/api.w.org\/{rel}","templated":true}]}}