{"id":16194,"date":"2021-09-17T15:33:16","date_gmt":"2021-09-17T13:33:16","guid":{"rendered":"https:\/\/www.caudete.org\/ayuntamiento\/?p=16194"},"modified":"2021-09-17T19:34:56","modified_gmt":"2021-09-17T17:34:56","slug":"el-centro-de-mayores-abrira-el-proximo-lunes-presentada-la-oferta-de-actividades","status":"publish","type":"post","link":"https:\/\/www.caudete.org\/ayuntamiento\/el-centro-de-mayores-abrira-el-proximo-lunes-presentada-la-oferta-de-actividades\/","title":{"rendered":"El Centro de Mayores ABRE sus puertas el pr\u00f3ximo lunes."},"content":{"rendered":"<p>Pilar Egea, Concejal de Mayores, ha informado de la reapertura del Centro de Mayores tras m\u00e1s de a\u00f1o y medio de inactividad debido a la pandemia.<\/p>\n<p>Ser\u00e1 el pr\u00f3ximo lunes 20 de Septiembre la fecha en que el Centro abra de nuevo sus puertas.<\/p>\n<p><a href=\"https:\/\/www.caudete.org\/ayuntamiento\/wp-content\/uploads\/2021\/09\/LOGO-CENTRO-DE-MAYORES.jpg\" rel='prettyPhoto'><img decoding=\"async\" class=\"aligncenter wp-image-16196 size-medium\" src=\"https:\/\/www.caudete.org\/ayuntamiento\/wp-content\/uploads\/2021\/09\/LOGO-CENTRO-DE-MAYORES-300x75.jpg\" alt=\"\" width=\"300\" height=\"75\" srcset=\"https:\/\/www.caudete.org\/ayuntamiento\/wp-content\/uploads\/2021\/09\/LOGO-CENTRO-DE-MAYORES-300x75.jpg 300w, https:\/\/www.caudete.org\/ayuntamiento\/wp-content\/uploads\/2021\/09\/LOGO-CENTRO-DE-MAYORES.jpg 509w\" sizes=\"(max-width: 300px) 100vw, 300px\" \/><\/a><\/p>\n<p>Ha aprovechado para informar de la puesta en marcha el programa de actividades para personas mayores con una amplia oferta de propuestas l\u00fadicas, deportivas, sociosanitarias y formativas, todas ellas encaminadas a facilitar un envejecimiento activo y saludable.<\/p>\n<p>Las inscripciones se podr\u00e1n realizar en el mismo Centro a partir del lunes pr\u00f3ximo.<\/p>\n<p>\u27a2 Todos los cursos se inician en el mes de Octubre.<\/p>\n<p><a href=\"https:\/\/www.caudete.org\/ayuntamiento\/wp-content\/uploads\/2021\/09\/IMG_20181122_090221-scaled.jpg\" rel='prettyPhoto'><img fetchpriority=\"high\" decoding=\"async\" class=\"aligncenter wp-image-16197 size-medium\" src=\"https:\/\/www.caudete.org\/ayuntamiento\/wp-content\/uploads\/2021\/09\/IMG_20181122_090221-300x225.jpg\" alt=\"\" width=\"300\" height=\"225\" srcset=\"https:\/\/www.caudete.org\/ayuntamiento\/wp-content\/uploads\/2021\/09\/IMG_20181122_090221-300x225.jpg 300w, https:\/\/www.caudete.org\/ayuntamiento\/wp-content\/uploads\/2021\/09\/IMG_20181122_090221-1024x768.jpg 1024w, https:\/\/www.caudete.org\/ayuntamiento\/wp-content\/uploads\/2021\/09\/IMG_20181122_090221-768x576.jpg 768w, https:\/\/www.caudete.org\/ayuntamiento\/wp-content\/uploads\/2021\/09\/IMG_20181122_090221-1536x1152.jpg 1536w, https:\/\/www.caudete.org\/ayuntamiento\/wp-content\/uploads\/2021\/09\/IMG_20181122_090221-2048x1536.jpg 2048w\" sizes=\"(max-width: 300px) 100vw, 300px\" \/><\/a><\/p>\n<p>\u2794 <span style=\"text-decoration: underline;\"><strong>Taller de Memoria<\/strong><\/span>, el objetivo principal es la prevenci\u00f3n de un deterioro temprano del cerebro, manteniendo la mente activa y despierta. Se trabajar\u00e1n aquellos trucos y estrategias para evitar despistes, se ejercitar\u00e1n las funciones cognitivas estrechamente ligadas a la memoria, como son la percepci\u00f3n, la atenci\u00f3n, la concentraci\u00f3n, etc.<\/p>\n<p>\u2022 Horario: lunes y mi\u00e9rcoles.<\/p>\n<p>\u2022 4 grupos en horario de 9:00 a 13:00 h.<\/p>\n<p>\u2794 <span style=\"text-decoration: underline;\"><strong>Aula de Inform\u00e1tica<\/strong><\/span>, tiene como objetivo el que los mayores se incorporen al conocimiento de las nuevas tecnolog\u00edas y el mundo de la inform\u00e1tica, la navegaci\u00f3n por Internet y el correo electr\u00f3nico.<\/p>\n<p>\u2022 Horario: Iniciaci\u00f3n: lunes y mi\u00e9rcoles de 15:30 a 16:30 horas<\/p>\n<p>Avanzado: martes y jueves de 15:30 a 16:30 horas<\/p>\n<p>\u2794 <span style=\"text-decoration: underline;\"><strong>Curso de Fisioterapia y Psicomotricidad<\/strong><\/span> est\u00e1 dirigido a aquellas personas mayores, que gozan de autonom\u00eda suficiente para desplazarse el Centro de Mayores pero que por su edad y su condici\u00f3n f\u00edsica no pueden realizar otro tipo de gimnasia m\u00e1s din\u00e1mica, ayud\u00e1ndolas a mantener un estilo de vida independiente y aut\u00f3nomo.<\/p>\n<p>\u2022 Horario: martes y jueves<\/p>\n<p>\u2022 4 grupos en horario de 10:00 a 13:00 horas<\/p>\n<p>\u2794 <span style=\"text-decoration: underline;\"><strong>Baile de Sal\u00f3n<\/strong><\/span> tiene como objetivo el ofertar una actividad l\u00fadica a la vez que se adquiere un m\u00ednimo de t\u00e9cnica para comprender, interpretar y disfrutar de los diferentes tipos de baile.<\/p>\n<p>\u2022 Horario: Martes y jueves<br \/>\n\u2022 Iniciaci\u00f3n: de 11:00 a 12:00 horas<br \/>\n\u2022 Avanzado: de 12:00 a 13:00 horas<\/p>\n<p>\u2794 <span style=\"text-decoration: underline;\"><strong>Actividad F\u00edsica y Deporte<\/strong><\/span> tiene como finalidad promover la pr\u00e1ctica deportiva, conseguir que la actividad f\u00edsica entre a formar parte de los h\u00e1bitos diarios de las personas mayores.<\/p>\n<p>\u2022 Horario: martes y jueves<br \/>\n\u2022 6 grupos en horario de 9:00 a 12:30 horas.<\/p>\n<p>Esta actividad se llevar\u00e1 a cabo en ambos Pabellones Polideportivos: La Cruz y Pabell\u00f3n Nuevo.<\/p>\n<p>\u2794 <span style=\"text-decoration: underline;\"><strong>Curso de Tai Chi<\/strong> <\/span>tiene como objetivos relajar el cuerpo y la mente, comprender c\u00f3mo y con que respiramos, alinear la estructura corporal, desbloquear las articulaciones y entrar en un estado de calma mental.<\/p>\n<p>\u2022 Horario: Lunes y mi\u00e9rcoles.<br \/>\n\u2022 Avanzado de 10:00 a 11:00 horas<br \/>\n\u2022 Medio de 11:00 a 12:00 horas<br \/>\n\u2022 Iniciaci\u00f3n de 12:00 a 13:00 horas<\/p>\n<p>\u2794 <span style=\"text-decoration: underline;\"><strong>Curso de Yoga<\/strong><\/span> con la finalidad de crear un espacio de relajaci\u00f3n a la vez<br \/>\nque se trabaja con todo el cuerpo y la mente para mejorar la salud.<\/p>\n<p>\u2022 Horario: Martes y jueves,<br \/>\n\u2022 Avanzado de 9:00 a 10:00 horas<br \/>\n\u2022 Iniciaci\u00f3n de 10:00 a 11:00 horas<\/p>\n","protected":false},"excerpt":{"rendered":"<p>Pilar Egea, Concejal de Mayores, ha informado de la reapertura del Centro de Mayores tras m\u00e1s de a\u00f1o y medio de inactividad debido a la pandemia. Ser\u00e1 el pr\u00f3ximo lunes 20 de Septiembre la fecha en que el Centro abra de nuevo sus puertas. Ha aprovechado para informar de la puesta en marcha el programa &hellip;<\/p>\n","protected":false},"author":3,"featured_media":16201,"comment_status":"closed","ping_status":"open","sticky":false,"template":"","format":"standard","meta":{"ngg_post_thumbnail":0,"footnotes":""},"categories":[39],"tags":[],"class_list":["post-16194","post","type-post","status-publish","format-standard","has-post-thumbnail","hentry","category-mayores"],"yoast_head":"<!-- This site is optimized with the Yoast SEO plugin v27.5 - https:\/\/yoast.com\/product\/yoast-seo-wordpress\/ -->\n<title>El Centro de Mayores ABRE sus puertas el pr\u00f3ximo lunes. - MI Ayuntamiento de Caudete<\/title>\n<meta name=\"description\" content=\"P\u00e1gina Oficial del Ayuntamiento de Caudete (Albacete)\" \/>\n<meta name=\"robots\" content=\"index, follow, max-snippet:-1, max-image-preview:large, max-video-preview:-1\" \/>\n<link rel=\"canonical\" href=\"https:\/\/www.caudete.org\/ayuntamiento\/el-centro-de-mayores-abrira-el-proximo-lunes-presentada-la-oferta-de-actividades\/\" \/>\n<meta property=\"og:locale\" content=\"es_ES\" \/>\n<meta property=\"og:type\" content=\"article\" \/>\n<meta property=\"og:title\" content=\"El Centro de Mayores ABRE sus puertas el pr\u00f3ximo lunes. - MI Ayuntamiento de Caudete\" \/>\n<meta property=\"og:description\" content=\"P\u00e1gina Oficial del Ayuntamiento de Caudete (Albacete)\" \/>\n<meta property=\"og:url\" content=\"https:\/\/www.caudete.org\/ayuntamiento\/el-centro-de-mayores-abrira-el-proximo-lunes-presentada-la-oferta-de-actividades\/\" \/>\n<meta property=\"og:site_name\" content=\"MI Ayuntamiento de Caudete\" \/>\n<meta property=\"article:publisher\" content=\"https:\/\/www.facebook.com\/ayuntamientocaudete\/\" \/>\n<meta property=\"article:published_time\" content=\"2021-09-17T13:33:16+00:00\" \/>\n<meta property=\"article:modified_time\" content=\"2021-09-17T17:34:56+00:00\" \/>\n<meta property=\"og:image\" content=\"https:\/\/www.caudete.org\/ayuntamiento\/wp-content\/uploads\/2021\/09\/Centro-de-Mayores-WEB.jpg\" \/>\n\t<meta property=\"og:image:width\" content=\"864\" \/>\n\t<meta property=\"og:image:height\" content=\"380\" \/>\n\t<meta property=\"og:image:type\" content=\"image\/jpeg\" \/>\n<meta name=\"author\" content=\"alcalde\" \/>\n<meta name=\"twitter:card\" content=\"summary_large_image\" \/>\n<meta name=\"twitter:label1\" content=\"Escrito por\" \/>\n\t<meta name=\"twitter:data1\" content=\"alcalde\" \/>\n\t<meta name=\"twitter:label2\" content=\"Tiempo de lectura\" \/>\n\t<meta name=\"twitter:data2\" content=\"3 minutos\" \/>\n<script type=\"application\/ld+json\" class=\"yoast-schema-graph\">{\"@context\":\"https:\\\/\\\/schema.org\",\"@graph\":[{\"@type\":\"Article\",\"@id\":\"https:\\\/\\\/www.caudete.org\\\/ayuntamiento\\\/el-centro-de-mayores-abrira-el-proximo-lunes-presentada-la-oferta-de-actividades\\\/#article\",\"isPartOf\":{\"@id\":\"https:\\\/\\\/www.caudete.org\\\/ayuntamiento\\\/el-centro-de-mayores-abrira-el-proximo-lunes-presentada-la-oferta-de-actividades\\\/\"},\"author\":{\"name\":\"alcalde\",\"@id\":\"https:\\\/\\\/www.caudete.org\\\/ayuntamiento\\\/#\\\/schema\\\/person\\\/cc646da9133078ee4d8dd47457947253\"},\"headline\":\"El Centro de Mayores ABRE sus puertas el pr\u00f3ximo lunes.\",\"datePublished\":\"2021-09-17T13:33:16+00:00\",\"dateModified\":\"2021-09-17T17:34:56+00:00\",\"mainEntityOfPage\":{\"@id\":\"https:\\\/\\\/www.caudete.org\\\/ayuntamiento\\\/el-centro-de-mayores-abrira-el-proximo-lunes-presentada-la-oferta-de-actividades\\\/\"},\"wordCount\":511,\"publisher\":{\"@id\":\"https:\\\/\\\/www.caudete.org\\\/ayuntamiento\\\/#organization\"},\"image\":{\"@id\":\"https:\\\/\\\/www.caudete.org\\\/ayuntamiento\\\/el-centro-de-mayores-abrira-el-proximo-lunes-presentada-la-oferta-de-actividades\\\/#primaryimage\"},\"thumbnailUrl\":\"https:\\\/\\\/www.caudete.org\\\/ayuntamiento\\\/wp-content\\\/uploads\\\/2021\\\/09\\\/Centro-de-Mayores-WEB.jpg\",\"articleSection\":[\"Mayores\"],\"inLanguage\":\"es\"},{\"@type\":\"WebPage\",\"@id\":\"https:\\\/\\\/www.caudete.org\\\/ayuntamiento\\\/el-centro-de-mayores-abrira-el-proximo-lunes-presentada-la-oferta-de-actividades\\\/\",\"url\":\"https:\\\/\\\/www.caudete.org\\\/ayuntamiento\\\/el-centro-de-mayores-abrira-el-proximo-lunes-presentada-la-oferta-de-actividades\\\/\",\"name\":\"El Centro de Mayores ABRE sus puertas el pr\u00f3ximo lunes. - MI Ayuntamiento de Caudete\",\"isPartOf\":{\"@id\":\"https:\\\/\\\/www.caudete.org\\\/ayuntamiento\\\/#website\"},\"primaryImageOfPage\":{\"@id\":\"https:\\\/\\\/www.caudete.org\\\/ayuntamiento\\\/el-centro-de-mayores-abrira-el-proximo-lunes-presentada-la-oferta-de-actividades\\\/#primaryimage\"},\"image\":{\"@id\":\"https:\\\/\\\/www.caudete.org\\\/ayuntamiento\\\/el-centro-de-mayores-abrira-el-proximo-lunes-presentada-la-oferta-de-actividades\\\/#primaryimage\"},\"thumbnailUrl\":\"https:\\\/\\\/www.caudete.org\\\/ayuntamiento\\\/wp-content\\\/uploads\\\/2021\\\/09\\\/Centro-de-Mayores-WEB.jpg\",\"datePublished\":\"2021-09-17T13:33:16+00:00\",\"dateModified\":\"2021-09-17T17:34:56+00:00\",\"description\":\"P\u00e1gina Oficial del Ayuntamiento de Caudete (Albacete)\",\"breadcrumb\":{\"@id\":\"https:\\\/\\\/www.caudete.org\\\/ayuntamiento\\\/el-centro-de-mayores-abrira-el-proximo-lunes-presentada-la-oferta-de-actividades\\\/#breadcrumb\"},\"inLanguage\":\"es\",\"potentialAction\":[{\"@type\":\"ReadAction\",\"target\":[\"https:\\\/\\\/www.caudete.org\\\/ayuntamiento\\\/el-centro-de-mayores-abrira-el-proximo-lunes-presentada-la-oferta-de-actividades\\\/\"]}]},{\"@type\":\"ImageObject\",\"inLanguage\":\"es\",\"@id\":\"https:\\\/\\\/www.caudete.org\\\/ayuntamiento\\\/el-centro-de-mayores-abrira-el-proximo-lunes-presentada-la-oferta-de-actividades\\\/#primaryimage\",\"url\":\"https:\\\/\\\/www.caudete.org\\\/ayuntamiento\\\/wp-content\\\/uploads\\\/2021\\\/09\\\/Centro-de-Mayores-WEB.jpg\",\"contentUrl\":\"https:\\\/\\\/www.caudete.org\\\/ayuntamiento\\\/wp-content\\\/uploads\\\/2021\\\/09\\\/Centro-de-Mayores-WEB.jpg\",\"width\":864,\"height\":380},{\"@type\":\"BreadcrumbList\",\"@id\":\"https:\\\/\\\/www.caudete.org\\\/ayuntamiento\\\/el-centro-de-mayores-abrira-el-proximo-lunes-presentada-la-oferta-de-actividades\\\/#breadcrumb\",\"itemListElement\":[{\"@type\":\"ListItem\",\"position\":1,\"name\":\"Inicio\",\"item\":\"https:\\\/\\\/www.caudete.org\\\/ayuntamiento\\\/\"},{\"@type\":\"ListItem\",\"position\":2,\"name\":\"El Centro de Mayores ABRE sus puertas el pr\u00f3ximo lunes.\"}]},{\"@type\":\"WebSite\",\"@id\":\"https:\\\/\\\/www.caudete.org\\\/ayuntamiento\\\/#website\",\"url\":\"https:\\\/\\\/www.caudete.org\\\/ayuntamiento\\\/\",\"name\":\"MI Ayuntamiento de Caudete\",\"description\":\"P\u00e1gina Oficial del MI Ayuntamiento de Caudete\",\"publisher\":{\"@id\":\"https:\\\/\\\/www.caudete.org\\\/ayuntamiento\\\/#organization\"},\"potentialAction\":[{\"@type\":\"SearchAction\",\"target\":{\"@type\":\"EntryPoint\",\"urlTemplate\":\"https:\\\/\\\/www.caudete.org\\\/ayuntamiento\\\/?s={search_term_string}\"},\"query-input\":{\"@type\":\"PropertyValueSpecification\",\"valueRequired\":true,\"valueName\":\"search_term_string\"}}],\"inLanguage\":\"es\"},{\"@type\":\"Organization\",\"@id\":\"https:\\\/\\\/www.caudete.org\\\/ayuntamiento\\\/#organization\",\"name\":\"Ayuntamiento de Caudete\",\"url\":\"https:\\\/\\\/www.caudete.org\\\/ayuntamiento\\\/\",\"logo\":{\"@type\":\"ImageObject\",\"inLanguage\":\"es\",\"@id\":\"https:\\\/\\\/www.caudete.org\\\/ayuntamiento\\\/#\\\/schema\\\/logo\\\/image\\\/\",\"url\":\"https:\\\/\\\/www.caudete.org\\\/ayuntamiento\\\/wp-content\\\/uploads\\\/2020\\\/11\\\/logo_ayuntamiento_caudete.jpg\",\"contentUrl\":\"https:\\\/\\\/www.caudete.org\\\/ayuntamiento\\\/wp-content\\\/uploads\\\/2020\\\/11\\\/logo_ayuntamiento_caudete.jpg\",\"width\":600,\"height\":150,\"caption\":\"Ayuntamiento de Caudete\"},\"image\":{\"@id\":\"https:\\\/\\\/www.caudete.org\\\/ayuntamiento\\\/#\\\/schema\\\/logo\\\/image\\\/\"},\"sameAs\":[\"https:\\\/\\\/www.facebook.com\\\/ayuntamientocaudete\\\/\",\"https:\\\/\\\/www.youtube.com\\\/channel\\\/UC6VztHaooNsGpw-tNoBEFnQ\"]},{\"@type\":\"Person\",\"@id\":\"https:\\\/\\\/www.caudete.org\\\/ayuntamiento\\\/#\\\/schema\\\/person\\\/cc646da9133078ee4d8dd47457947253\",\"name\":\"alcalde\",\"image\":{\"@type\":\"ImageObject\",\"inLanguage\":\"es\",\"@id\":\"https:\\\/\\\/secure.gravatar.com\\\/avatar\\\/84a817ba065b29ff08d666b215a215f5c79186a645ccb25b14a663d48a130f77?s=96&d=mm&r=g\",\"url\":\"https:\\\/\\\/secure.gravatar.com\\\/avatar\\\/84a817ba065b29ff08d666b215a215f5c79186a645ccb25b14a663d48a130f77?s=96&d=mm&r=g\",\"contentUrl\":\"https:\\\/\\\/secure.gravatar.com\\\/avatar\\\/84a817ba065b29ff08d666b215a215f5c79186a645ccb25b14a663d48a130f77?s=96&d=mm&r=g\",\"caption\":\"alcalde\"},\"url\":\"https:\\\/\\\/www.caudete.org\\\/ayuntamiento\\\/author\\\/alcalde\\\/\"}]}<\/script>\n<!-- \/ Yoast SEO plugin. -->","yoast_head_json":{"title":"El Centro de Mayores ABRE sus puertas el pr\u00f3ximo lunes. - MI Ayuntamiento de Caudete","description":"P\u00e1gina Oficial del Ayuntamiento de Caudete (Albacete)","robots":{"index":"index","follow":"follow","max-snippet":"max-snippet:-1","max-image-preview":"max-image-preview:large","max-video-preview":"max-video-preview:-1"},"canonical":"https:\/\/www.caudete.org\/ayuntamiento\/el-centro-de-mayores-abrira-el-proximo-lunes-presentada-la-oferta-de-actividades\/","og_locale":"es_ES","og_type":"article","og_title":"El Centro de Mayores ABRE sus puertas el pr\u00f3ximo lunes. - MI Ayuntamiento de Caudete","og_description":"P\u00e1gina Oficial del Ayuntamiento de Caudete (Albacete)","og_url":"https:\/\/www.caudete.org\/ayuntamiento\/el-centro-de-mayores-abrira-el-proximo-lunes-presentada-la-oferta-de-actividades\/","og_site_name":"MI Ayuntamiento de Caudete","article_publisher":"https:\/\/www.facebook.com\/ayuntamientocaudete\/","article_published_time":"2021-09-17T13:33:16+00:00","article_modified_time":"2021-09-17T17:34:56+00:00","og_image":[{"width":864,"height":380,"url":"https:\/\/www.caudete.org\/ayuntamiento\/wp-content\/uploads\/2021\/09\/Centro-de-Mayores-WEB.jpg","type":"image\/jpeg"}],"author":"alcalde","twitter_card":"summary_large_image","twitter_misc":{"Escrito por":"alcalde","Tiempo de lectura":"3 minutos"},"schema":{"@context":"https:\/\/schema.org","@graph":[{"@type":"Article","@id":"https:\/\/www.caudete.org\/ayuntamiento\/el-centro-de-mayores-abrira-el-proximo-lunes-presentada-la-oferta-de-actividades\/#article","isPartOf":{"@id":"https:\/\/www.caudete.org\/ayuntamiento\/el-centro-de-mayores-abrira-el-proximo-lunes-presentada-la-oferta-de-actividades\/"},"author":{"name":"alcalde","@id":"https:\/\/www.caudete.org\/ayuntamiento\/#\/schema\/person\/cc646da9133078ee4d8dd47457947253"},"headline":"El Centro de Mayores ABRE sus puertas el pr\u00f3ximo lunes.","datePublished":"2021-09-17T13:33:16+00:00","dateModified":"2021-09-17T17:34:56+00:00","mainEntityOfPage":{"@id":"https:\/\/www.caudete.org\/ayuntamiento\/el-centro-de-mayores-abrira-el-proximo-lunes-presentada-la-oferta-de-actividades\/"},"wordCount":511,"publisher":{"@id":"https:\/\/www.caudete.org\/ayuntamiento\/#organization"},"image":{"@id":"https:\/\/www.caudete.org\/ayuntamiento\/el-centro-de-mayores-abrira-el-proximo-lunes-presentada-la-oferta-de-actividades\/#primaryimage"},"thumbnailUrl":"https:\/\/www.caudete.org\/ayuntamiento\/wp-content\/uploads\/2021\/09\/Centro-de-Mayores-WEB.jpg","articleSection":["Mayores"],"inLanguage":"es"},{"@type":"WebPage","@id":"https:\/\/www.caudete.org\/ayuntamiento\/el-centro-de-mayores-abrira-el-proximo-lunes-presentada-la-oferta-de-actividades\/","url":"https:\/\/www.caudete.org\/ayuntamiento\/el-centro-de-mayores-abrira-el-proximo-lunes-presentada-la-oferta-de-actividades\/","name":"El Centro de Mayores ABRE sus puertas el pr\u00f3ximo lunes. - MI Ayuntamiento de Caudete","isPartOf":{"@id":"https:\/\/www.caudete.org\/ayuntamiento\/#website"},"primaryImageOfPage":{"@id":"https:\/\/www.caudete.org\/ayuntamiento\/el-centro-de-mayores-abrira-el-proximo-lunes-presentada-la-oferta-de-actividades\/#primaryimage"},"image":{"@id":"https:\/\/www.caudete.org\/ayuntamiento\/el-centro-de-mayores-abrira-el-proximo-lunes-presentada-la-oferta-de-actividades\/#primaryimage"},"thumbnailUrl":"https:\/\/www.caudete.org\/ayuntamiento\/wp-content\/uploads\/2021\/09\/Centro-de-Mayores-WEB.jpg","datePublished":"2021-09-17T13:33:16+00:00","dateModified":"2021-09-17T17:34:56+00:00","description":"P\u00e1gina Oficial del Ayuntamiento de Caudete (Albacete)","breadcrumb":{"@id":"https:\/\/www.caudete.org\/ayuntamiento\/el-centro-de-mayores-abrira-el-proximo-lunes-presentada-la-oferta-de-actividades\/#breadcrumb"},"inLanguage":"es","potentialAction":[{"@type":"ReadAction","target":["https:\/\/www.caudete.org\/ayuntamiento\/el-centro-de-mayores-abrira-el-proximo-lunes-presentada-la-oferta-de-actividades\/"]}]},{"@type":"ImageObject","inLanguage":"es","@id":"https:\/\/www.caudete.org\/ayuntamiento\/el-centro-de-mayores-abrira-el-proximo-lunes-presentada-la-oferta-de-actividades\/#primaryimage","url":"https:\/\/www.caudete.org\/ayuntamiento\/wp-content\/uploads\/2021\/09\/Centro-de-Mayores-WEB.jpg","contentUrl":"https:\/\/www.caudete.org\/ayuntamiento\/wp-content\/uploads\/2021\/09\/Centro-de-Mayores-WEB.jpg","width":864,"height":380},{"@type":"BreadcrumbList","@id":"https:\/\/www.caudete.org\/ayuntamiento\/el-centro-de-mayores-abrira-el-proximo-lunes-presentada-la-oferta-de-actividades\/#breadcrumb","itemListElement":[{"@type":"ListItem","position":1,"name":"Inicio","item":"https:\/\/www.caudete.org\/ayuntamiento\/"},{"@type":"ListItem","position":2,"name":"El Centro de Mayores ABRE sus puertas el pr\u00f3ximo lunes."}]},{"@type":"WebSite","@id":"https:\/\/www.caudete.org\/ayuntamiento\/#website","url":"https:\/\/www.caudete.org\/ayuntamiento\/","name":"MI Ayuntamiento de Caudete","description":"P\u00e1gina Oficial del MI Ayuntamiento de Caudete","publisher":{"@id":"https:\/\/www.caudete.org\/ayuntamiento\/#organization"},"potentialAction":[{"@type":"SearchAction","target":{"@type":"EntryPoint","urlTemplate":"https:\/\/www.caudete.org\/ayuntamiento\/?s={search_term_string}"},"query-input":{"@type":"PropertyValueSpecification","valueRequired":true,"valueName":"search_term_string"}}],"inLanguage":"es"},{"@type":"Organization","@id":"https:\/\/www.caudete.org\/ayuntamiento\/#organization","name":"Ayuntamiento de Caudete","url":"https:\/\/www.caudete.org\/ayuntamiento\/","logo":{"@type":"ImageObject","inLanguage":"es","@id":"https:\/\/www.caudete.org\/ayuntamiento\/#\/schema\/logo\/image\/","url":"https:\/\/www.caudete.org\/ayuntamiento\/wp-content\/uploads\/2020\/11\/logo_ayuntamiento_caudete.jpg","contentUrl":"https:\/\/www.caudete.org\/ayuntamiento\/wp-content\/uploads\/2020\/11\/logo_ayuntamiento_caudete.jpg","width":600,"height":150,"caption":"Ayuntamiento de Caudete"},"image":{"@id":"https:\/\/www.caudete.org\/ayuntamiento\/#\/schema\/logo\/image\/"},"sameAs":["https:\/\/www.facebook.com\/ayuntamientocaudete\/","https:\/\/www.youtube.com\/channel\/UC6VztHaooNsGpw-tNoBEFnQ"]},{"@type":"Person","@id":"https:\/\/www.caudete.org\/ayuntamiento\/#\/schema\/person\/cc646da9133078ee4d8dd47457947253","name":"alcalde","image":{"@type":"ImageObject","inLanguage":"es","@id":"https:\/\/secure.gravatar.com\/avatar\/84a817ba065b29ff08d666b215a215f5c79186a645ccb25b14a663d48a130f77?s=96&d=mm&r=g","url":"https:\/\/secure.gravatar.com\/avatar\/84a817ba065b29ff08d666b215a215f5c79186a645ccb25b14a663d48a130f77?s=96&d=mm&r=g","contentUrl":"https:\/\/secure.gravatar.com\/avatar\/84a817ba065b29ff08d666b215a215f5c79186a645ccb25b14a663d48a130f77?s=96&d=mm&r=g","caption":"alcalde"},"url":"https:\/\/www.caudete.org\/ayuntamiento\/author\/alcalde\/"}]}},"_links":{"self":[{"href":"https:\/\/www.caudete.org\/ayuntamiento\/wp-json\/wp\/v2\/posts\/16194","targetHints":{"allow":["GET"]}}],"collection":[{"href":"https:\/\/www.caudete.org\/ayuntamiento\/wp-json\/wp\/v2\/posts"}],"about":[{"href":"https:\/\/www.caudete.org\/ayuntamiento\/wp-json\/wp\/v2\/types\/post"}],"author":[{"embeddable":true,"href":"https:\/\/www.caudete.org\/ayuntamiento\/wp-json\/wp\/v2\/users\/3"}],"replies":[{"embeddable":true,"href":"https:\/\/www.caudete.org\/ayuntamiento\/wp-json\/wp\/v2\/comments?post=16194"}],"version-history":[{"count":3,"href":"https:\/\/www.caudete.org\/ayuntamiento\/wp-json\/wp\/v2\/posts\/16194\/revisions"}],"predecessor-version":[{"id":16200,"href":"https:\/\/www.caudete.org\/ayuntamiento\/wp-json\/wp\/v2\/posts\/16194\/revisions\/16200"}],"wp:featuredmedia":[{"embeddable":true,"href":"https:\/\/www.caudete.org\/ayuntamiento\/wp-json\/wp\/v2\/media\/16201"}],"wp:attachment":[{"href":"https:\/\/www.caudete.org\/ayuntamiento\/wp-json\/wp\/v2\/media?parent=16194"}],"wp:term":[{"taxonomy":"category","embeddable":true,"href":"https:\/\/www.caudete.org\/ayuntamiento\/wp-json\/wp\/v2\/categories?post=16194"},{"taxonomy":"post_tag","embeddable":true,"href":"https:\/\/www.caudete.org\/ayuntamiento\/wp-json\/wp\/v2\/tags?post=16194"}],"curies":[{"name":"wp","href":"https:\/\/api.w.org\/{rel}","templated":true}]}}