{"id":16208,"date":"2021-09-20T09:18:31","date_gmt":"2021-09-20T07:18:31","guid":{"rendered":"https:\/\/www.caudete.org\/ayuntamiento\/?p=16208"},"modified":"2021-09-20T09:18:31","modified_gmt":"2021-09-20T07:18:31","slug":"comienzan-las-obras-en-la-cubierta-del-mercado-municipal","status":"publish","type":"post","link":"https:\/\/www.caudete.org\/ayuntamiento\/comienzan-las-obras-en-la-cubierta-del-mercado-municipal\/","title":{"rendered":"Comienzan las obras en la Cubierta del MERCADO MUNICIPAL"},"content":{"rendered":"<p style=\"text-align: justify;\">Durante la semana pasada daban comienzo las obras de la cubierta programadas en el edificio municipal del Mercado de Abastos. Visible por los vecinos, pues ha sido necesario ocupar de forma temporal las inmediaciones por seguridad y zona de acopio, a pie de calle se puede comprobar lo peculiar de esta obra y el avance de las mismas.<\/p>\n<p style=\"text-align: justify;\">No obstante, el Alcalde Mois\u00e9s L\u00f3pez y los Concejales de Obras y Comercio, Marian Ballester y Diego Cuenca informaban el jueves pasado a los caudetanos en TV dentro del propio edificio, explicando cuestiones intr\u00ednsecas de la obra.<\/p>\n<p style=\"text-align: justify;\">El Alcalde pon\u00eda en valor el trabajo desarrollado por los diferentes departamentos municipales para hacer realidad esta obra de la cubierta, ya que se ejecuta con la cofinanciaci\u00f3n del Estado en el marco de las ayudas para paliar los efectos de la Dana de Septiembre de 2019, remarcando que &#8220;<em>la ejecuci\u00f3n de la misma, por algo m\u00e1s de 78.000\u20ac ser\u00e1 por medio de una empresa local, lo que supone una reinversi\u00f3n de ese dinero en la localidad&#8221;<\/em>.<\/p>\n<p style=\"text-align: justify;\">Destacaba que tras las obras de la cubierta se emprender\u00e1n las obras de reforma del conjunto del edificio, lo que permitir\u00e1 su revitalizaci\u00f3n, puesta en valor, y oportunidad de negocio para los caudetanos que deseen ejercer una actividad dentro del Mercado. As\u00ed mismo, el conjunto de las obras supondr\u00e1n el cumplimiento, una vez m\u00e1s, del &#8220;<em>compromiso del Gobierno Municipal con los caudetanos, al figurar dentro del programa electoral<\/em>&#8220;.<\/p>\n<p style=\"text-align: justify;\">La Concejal de Obras, matizaba que las obras de reparaci\u00f3n de la cubierta se extender\u00e1n hasta algo menos de 90 d\u00edas, y en la que se renovar\u00e1 por completo la cubierta, recuperando y volviendo a utilizar la teja plana original, adem\u00e1s de &#8220;<em>dotar a la nueva cubierta con una soluci\u00f3n que aportar\u00e1 sostenibilidad y eficiencia al edificio&#8221;<\/em>. Las correas que descansan sobre las cerchas ser\u00e1n sustituidas por unas nuevas sobre las que se apoyar\u00e1 el tablero machiembrado de madera, &#8220;<em>conjunto estructural que quedar\u00e1 visto desde el interior del edificio, cambiando por completo la perspectiva interior que hasta ahora la mayor\u00eda de caudetanos ten\u00edamos sobre el<\/em>&#8220;.<\/p>\n<p style=\"text-align: justify;\">Diego Cuenca, Concejal de Comercio se mostraba ilusionado con las obras que dan comienzo en el edificio y que &#8220;<em>permitir\u00e1n\u00a0dar un cambio de imagen completo al inmueble, respetando su naturaleza como centro de ventas, y recuperando su esencia constructiva<\/em>&#8221; tras mas de 120 a\u00f1os de vida que posee.<\/p>\n<p style=\"text-align: justify;\">Agradec\u00eda la &#8220;<em>colaboraci\u00f3n y predisposici\u00f3n en todo momento que los mercaderes han tenido desde el principio para hacer posibles las obras<\/em>&#8220;, quienes han tenido que ser trasladados temporalmente a la parte inferior del mercado para poder continuar con su actividad. Adelantaba adem\u00e1s que en las pr\u00f3ximas semanas, no solo se ir\u00e1 informando del avance de las obras, sino que tambi\u00e9n se presentar\u00e1 oficialmente el proyecto de rehabilitaci\u00f3n y revitalizaci\u00f3n del Mercado de Abastos.<\/p>\n","protected":false},"excerpt":{"rendered":"<p>Durante la semana pasada daban comienzo las obras de la cubierta programadas en el edificio municipal del Mercado de Abastos. Visible por los vecinos, pues ha sido necesario ocupar de forma temporal las inmediaciones por seguridad y zona de acopio, a pie de calle se puede comprobar lo peculiar de esta obra y el avance &hellip;<\/p>\n","protected":false},"author":3,"featured_media":16209,"comment_status":"closed","ping_status":"open","sticky":false,"template":"","format":"standard","meta":{"ngg_post_thumbnail":0,"footnotes":""},"categories":[42],"tags":[],"class_list":["post-16208","post","type-post","status-publish","format-standard","has-post-thumbnail","hentry","category-comercio"],"yoast_head":"<!-- This site is optimized with the Yoast SEO plugin v27.5 - https:\/\/yoast.com\/product\/yoast-seo-wordpress\/ -->\n<title>Comienzan las obras en la Cubierta del MERCADO MUNICIPAL - MI Ayuntamiento de Caudete<\/title>\n<meta name=\"description\" content=\"P\u00e1gina Oficial del Ayuntamiento de Caudete (Albacete)\" \/>\n<meta name=\"robots\" content=\"index, follow, max-snippet:-1, max-image-preview:large, max-video-preview:-1\" \/>\n<link rel=\"canonical\" href=\"https:\/\/www.caudete.org\/ayuntamiento\/comienzan-las-obras-en-la-cubierta-del-mercado-municipal\/\" \/>\n<meta property=\"og:locale\" content=\"es_ES\" \/>\n<meta property=\"og:type\" content=\"article\" \/>\n<meta property=\"og:title\" content=\"Comienzan las obras en la Cubierta del MERCADO MUNICIPAL - MI Ayuntamiento de Caudete\" \/>\n<meta property=\"og:description\" content=\"P\u00e1gina Oficial del Ayuntamiento de Caudete (Albacete)\" \/>\n<meta property=\"og:url\" content=\"https:\/\/www.caudete.org\/ayuntamiento\/comienzan-las-obras-en-la-cubierta-del-mercado-municipal\/\" \/>\n<meta property=\"og:site_name\" content=\"MI Ayuntamiento de Caudete\" \/>\n<meta property=\"article:publisher\" content=\"https:\/\/www.facebook.com\/ayuntamientocaudete\/\" \/>\n<meta property=\"article:published_time\" content=\"2021-09-20T07:18:31+00:00\" \/>\n<meta property=\"og:image\" content=\"https:\/\/www.caudete.org\/ayuntamiento\/wp-content\/uploads\/2021\/09\/WhatsApp-Image-2021-09-20-at-08.46.13.jpeg\" \/>\n\t<meta property=\"og:image:width\" content=\"1599\" \/>\n\t<meta property=\"og:image:height\" content=\"1200\" \/>\n\t<meta property=\"og:image:type\" content=\"image\/jpeg\" \/>\n<meta name=\"author\" content=\"alcalde\" \/>\n<meta name=\"twitter:card\" content=\"summary_large_image\" \/>\n<meta name=\"twitter:label1\" content=\"Escrito por\" \/>\n\t<meta name=\"twitter:data1\" content=\"alcalde\" \/>\n\t<meta name=\"twitter:label2\" content=\"Tiempo de lectura\" \/>\n\t<meta name=\"twitter:data2\" content=\"2 minutos\" \/>\n<script type=\"application\/ld+json\" class=\"yoast-schema-graph\">{\"@context\":\"https:\\\/\\\/schema.org\",\"@graph\":[{\"@type\":\"Article\",\"@id\":\"https:\\\/\\\/www.caudete.org\\\/ayuntamiento\\\/comienzan-las-obras-en-la-cubierta-del-mercado-municipal\\\/#article\",\"isPartOf\":{\"@id\":\"https:\\\/\\\/www.caudete.org\\\/ayuntamiento\\\/comienzan-las-obras-en-la-cubierta-del-mercado-municipal\\\/\"},\"author\":{\"name\":\"alcalde\",\"@id\":\"https:\\\/\\\/www.caudete.org\\\/ayuntamiento\\\/#\\\/schema\\\/person\\\/cc646da9133078ee4d8dd47457947253\"},\"headline\":\"Comienzan las obras en la Cubierta del MERCADO MUNICIPAL\",\"datePublished\":\"2021-09-20T07:18:31+00:00\",\"mainEntityOfPage\":{\"@id\":\"https:\\\/\\\/www.caudete.org\\\/ayuntamiento\\\/comienzan-las-obras-en-la-cubierta-del-mercado-municipal\\\/\"},\"wordCount\":502,\"image\":{\"@id\":\"https:\\\/\\\/www.caudete.org\\\/ayuntamiento\\\/comienzan-las-obras-en-la-cubierta-del-mercado-municipal\\\/#primaryimage\"},\"thumbnailUrl\":\"https:\\\/\\\/www.caudete.org\\\/ayuntamiento\\\/wp-content\\\/uploads\\\/2021\\\/09\\\/WhatsApp-Image-2021-09-20-at-08.46.13.jpeg\",\"articleSection\":[\"Comercio\"],\"inLanguage\":\"es\"},{\"@type\":\"WebPage\",\"@id\":\"https:\\\/\\\/www.caudete.org\\\/ayuntamiento\\\/comienzan-las-obras-en-la-cubierta-del-mercado-municipal\\\/\",\"url\":\"https:\\\/\\\/www.caudete.org\\\/ayuntamiento\\\/comienzan-las-obras-en-la-cubierta-del-mercado-municipal\\\/\",\"name\":\"Comienzan las obras en la Cubierta del MERCADO MUNICIPAL - MI Ayuntamiento de Caudete\",\"isPartOf\":{\"@id\":\"https:\\\/\\\/www.caudete.org\\\/ayuntamiento\\\/#website\"},\"primaryImageOfPage\":{\"@id\":\"https:\\\/\\\/www.caudete.org\\\/ayuntamiento\\\/comienzan-las-obras-en-la-cubierta-del-mercado-municipal\\\/#primaryimage\"},\"image\":{\"@id\":\"https:\\\/\\\/www.caudete.org\\\/ayuntamiento\\\/comienzan-las-obras-en-la-cubierta-del-mercado-municipal\\\/#primaryimage\"},\"thumbnailUrl\":\"https:\\\/\\\/www.caudete.org\\\/ayuntamiento\\\/wp-content\\\/uploads\\\/2021\\\/09\\\/WhatsApp-Image-2021-09-20-at-08.46.13.jpeg\",\"datePublished\":\"2021-09-20T07:18:31+00:00\",\"author\":{\"@id\":\"https:\\\/\\\/www.caudete.org\\\/ayuntamiento\\\/#\\\/schema\\\/person\\\/cc646da9133078ee4d8dd47457947253\"},\"description\":\"P\u00e1gina Oficial del Ayuntamiento de Caudete (Albacete)\",\"breadcrumb\":{\"@id\":\"https:\\\/\\\/www.caudete.org\\\/ayuntamiento\\\/comienzan-las-obras-en-la-cubierta-del-mercado-municipal\\\/#breadcrumb\"},\"inLanguage\":\"es\",\"potentialAction\":[{\"@type\":\"ReadAction\",\"target\":[\"https:\\\/\\\/www.caudete.org\\\/ayuntamiento\\\/comienzan-las-obras-en-la-cubierta-del-mercado-municipal\\\/\"]}]},{\"@type\":\"ImageObject\",\"inLanguage\":\"es\",\"@id\":\"https:\\\/\\\/www.caudete.org\\\/ayuntamiento\\\/comienzan-las-obras-en-la-cubierta-del-mercado-municipal\\\/#primaryimage\",\"url\":\"https:\\\/\\\/www.caudete.org\\\/ayuntamiento\\\/wp-content\\\/uploads\\\/2021\\\/09\\\/WhatsApp-Image-2021-09-20-at-08.46.13.jpeg\",\"contentUrl\":\"https:\\\/\\\/www.caudete.org\\\/ayuntamiento\\\/wp-content\\\/uploads\\\/2021\\\/09\\\/WhatsApp-Image-2021-09-20-at-08.46.13.jpeg\",\"width\":1599,\"height\":1200},{\"@type\":\"BreadcrumbList\",\"@id\":\"https:\\\/\\\/www.caudete.org\\\/ayuntamiento\\\/comienzan-las-obras-en-la-cubierta-del-mercado-municipal\\\/#breadcrumb\",\"itemListElement\":[{\"@type\":\"ListItem\",\"position\":1,\"name\":\"Inicio\",\"item\":\"https:\\\/\\\/www.caudete.org\\\/ayuntamiento\\\/\"},{\"@type\":\"ListItem\",\"position\":2,\"name\":\"Comienzan las obras en la Cubierta del MERCADO MUNICIPAL\"}]},{\"@type\":\"WebSite\",\"@id\":\"https:\\\/\\\/www.caudete.org\\\/ayuntamiento\\\/#website\",\"url\":\"https:\\\/\\\/www.caudete.org\\\/ayuntamiento\\\/\",\"name\":\"MI Ayuntamiento de Caudete\",\"description\":\"P\u00e1gina Oficial del MI Ayuntamiento de Caudete\",\"potentialAction\":[{\"@type\":\"SearchAction\",\"target\":{\"@type\":\"EntryPoint\",\"urlTemplate\":\"https:\\\/\\\/www.caudete.org\\\/ayuntamiento\\\/?s={search_term_string}\"},\"query-input\":{\"@type\":\"PropertyValueSpecification\",\"valueRequired\":true,\"valueName\":\"search_term_string\"}}],\"inLanguage\":\"es\"},{\"@type\":\"Person\",\"@id\":\"https:\\\/\\\/www.caudete.org\\\/ayuntamiento\\\/#\\\/schema\\\/person\\\/cc646da9133078ee4d8dd47457947253\",\"name\":\"alcalde\",\"image\":{\"@type\":\"ImageObject\",\"inLanguage\":\"es\",\"@id\":\"https:\\\/\\\/secure.gravatar.com\\\/avatar\\\/84a817ba065b29ff08d666b215a215f5c79186a645ccb25b14a663d48a130f77?s=96&d=mm&r=g\",\"url\":\"https:\\\/\\\/secure.gravatar.com\\\/avatar\\\/84a817ba065b29ff08d666b215a215f5c79186a645ccb25b14a663d48a130f77?s=96&d=mm&r=g\",\"contentUrl\":\"https:\\\/\\\/secure.gravatar.com\\\/avatar\\\/84a817ba065b29ff08d666b215a215f5c79186a645ccb25b14a663d48a130f77?s=96&d=mm&r=g\",\"caption\":\"alcalde\"},\"url\":\"https:\\\/\\\/www.caudete.org\\\/ayuntamiento\\\/author\\\/alcalde\\\/\"}]}<\/script>\n<!-- \/ Yoast SEO plugin. -->","yoast_head_json":{"title":"Comienzan las obras en la Cubierta del MERCADO MUNICIPAL - MI Ayuntamiento de Caudete","description":"P\u00e1gina Oficial del Ayuntamiento de Caudete (Albacete)","robots":{"index":"index","follow":"follow","max-snippet":"max-snippet:-1","max-image-preview":"max-image-preview:large","max-video-preview":"max-video-preview:-1"},"canonical":"https:\/\/www.caudete.org\/ayuntamiento\/comienzan-las-obras-en-la-cubierta-del-mercado-municipal\/","og_locale":"es_ES","og_type":"article","og_title":"Comienzan las obras en la Cubierta del MERCADO MUNICIPAL - MI Ayuntamiento de Caudete","og_description":"P\u00e1gina Oficial del Ayuntamiento de Caudete (Albacete)","og_url":"https:\/\/www.caudete.org\/ayuntamiento\/comienzan-las-obras-en-la-cubierta-del-mercado-municipal\/","og_site_name":"MI Ayuntamiento de Caudete","article_publisher":"https:\/\/www.facebook.com\/ayuntamientocaudete\/","article_published_time":"2021-09-20T07:18:31+00:00","og_image":[{"width":1599,"height":1200,"url":"https:\/\/www.caudete.org\/ayuntamiento\/wp-content\/uploads\/2021\/09\/WhatsApp-Image-2021-09-20-at-08.46.13.jpeg","type":"image\/jpeg"}],"author":"alcalde","twitter_card":"summary_large_image","twitter_misc":{"Escrito por":"alcalde","Tiempo de lectura":"2 minutos"},"schema":{"@context":"https:\/\/schema.org","@graph":[{"@type":"Article","@id":"https:\/\/www.caudete.org\/ayuntamiento\/comienzan-las-obras-en-la-cubierta-del-mercado-municipal\/#article","isPartOf":{"@id":"https:\/\/www.caudete.org\/ayuntamiento\/comienzan-las-obras-en-la-cubierta-del-mercado-municipal\/"},"author":{"name":"alcalde","@id":"https:\/\/www.caudete.org\/ayuntamiento\/#\/schema\/person\/cc646da9133078ee4d8dd47457947253"},"headline":"Comienzan las obras en la Cubierta del MERCADO MUNICIPAL","datePublished":"2021-09-20T07:18:31+00:00","mainEntityOfPage":{"@id":"https:\/\/www.caudete.org\/ayuntamiento\/comienzan-las-obras-en-la-cubierta-del-mercado-municipal\/"},"wordCount":502,"image":{"@id":"https:\/\/www.caudete.org\/ayuntamiento\/comienzan-las-obras-en-la-cubierta-del-mercado-municipal\/#primaryimage"},"thumbnailUrl":"https:\/\/www.caudete.org\/ayuntamiento\/wp-content\/uploads\/2021\/09\/WhatsApp-Image-2021-09-20-at-08.46.13.jpeg","articleSection":["Comercio"],"inLanguage":"es"},{"@type":"WebPage","@id":"https:\/\/www.caudete.org\/ayuntamiento\/comienzan-las-obras-en-la-cubierta-del-mercado-municipal\/","url":"https:\/\/www.caudete.org\/ayuntamiento\/comienzan-las-obras-en-la-cubierta-del-mercado-municipal\/","name":"Comienzan las obras en la Cubierta del MERCADO MUNICIPAL - MI Ayuntamiento de Caudete","isPartOf":{"@id":"https:\/\/www.caudete.org\/ayuntamiento\/#website"},"primaryImageOfPage":{"@id":"https:\/\/www.caudete.org\/ayuntamiento\/comienzan-las-obras-en-la-cubierta-del-mercado-municipal\/#primaryimage"},"image":{"@id":"https:\/\/www.caudete.org\/ayuntamiento\/comienzan-las-obras-en-la-cubierta-del-mercado-municipal\/#primaryimage"},"thumbnailUrl":"https:\/\/www.caudete.org\/ayuntamiento\/wp-content\/uploads\/2021\/09\/WhatsApp-Image-2021-09-20-at-08.46.13.jpeg","datePublished":"2021-09-20T07:18:31+00:00","author":{"@id":"https:\/\/www.caudete.org\/ayuntamiento\/#\/schema\/person\/cc646da9133078ee4d8dd47457947253"},"description":"P\u00e1gina Oficial del Ayuntamiento de Caudete (Albacete)","breadcrumb":{"@id":"https:\/\/www.caudete.org\/ayuntamiento\/comienzan-las-obras-en-la-cubierta-del-mercado-municipal\/#breadcrumb"},"inLanguage":"es","potentialAction":[{"@type":"ReadAction","target":["https:\/\/www.caudete.org\/ayuntamiento\/comienzan-las-obras-en-la-cubierta-del-mercado-municipal\/"]}]},{"@type":"ImageObject","inLanguage":"es","@id":"https:\/\/www.caudete.org\/ayuntamiento\/comienzan-las-obras-en-la-cubierta-del-mercado-municipal\/#primaryimage","url":"https:\/\/www.caudete.org\/ayuntamiento\/wp-content\/uploads\/2021\/09\/WhatsApp-Image-2021-09-20-at-08.46.13.jpeg","contentUrl":"https:\/\/www.caudete.org\/ayuntamiento\/wp-content\/uploads\/2021\/09\/WhatsApp-Image-2021-09-20-at-08.46.13.jpeg","width":1599,"height":1200},{"@type":"BreadcrumbList","@id":"https:\/\/www.caudete.org\/ayuntamiento\/comienzan-las-obras-en-la-cubierta-del-mercado-municipal\/#breadcrumb","itemListElement":[{"@type":"ListItem","position":1,"name":"Inicio","item":"https:\/\/www.caudete.org\/ayuntamiento\/"},{"@type":"ListItem","position":2,"name":"Comienzan las obras en la Cubierta del MERCADO MUNICIPAL"}]},{"@type":"WebSite","@id":"https:\/\/www.caudete.org\/ayuntamiento\/#website","url":"https:\/\/www.caudete.org\/ayuntamiento\/","name":"MI Ayuntamiento de Caudete","description":"P\u00e1gina Oficial del MI Ayuntamiento de Caudete","potentialAction":[{"@type":"SearchAction","target":{"@type":"EntryPoint","urlTemplate":"https:\/\/www.caudete.org\/ayuntamiento\/?s={search_term_string}"},"query-input":{"@type":"PropertyValueSpecification","valueRequired":true,"valueName":"search_term_string"}}],"inLanguage":"es"},{"@type":"Person","@id":"https:\/\/www.caudete.org\/ayuntamiento\/#\/schema\/person\/cc646da9133078ee4d8dd47457947253","name":"alcalde","image":{"@type":"ImageObject","inLanguage":"es","@id":"https:\/\/secure.gravatar.com\/avatar\/84a817ba065b29ff08d666b215a215f5c79186a645ccb25b14a663d48a130f77?s=96&d=mm&r=g","url":"https:\/\/secure.gravatar.com\/avatar\/84a817ba065b29ff08d666b215a215f5c79186a645ccb25b14a663d48a130f77?s=96&d=mm&r=g","contentUrl":"https:\/\/secure.gravatar.com\/avatar\/84a817ba065b29ff08d666b215a215f5c79186a645ccb25b14a663d48a130f77?s=96&d=mm&r=g","caption":"alcalde"},"url":"https:\/\/www.caudete.org\/ayuntamiento\/author\/alcalde\/"}]}},"_links":{"self":[{"href":"https:\/\/www.caudete.org\/ayuntamiento\/wp-json\/wp\/v2\/posts\/16208","targetHints":{"allow":["GET"]}}],"collection":[{"href":"https:\/\/www.caudete.org\/ayuntamiento\/wp-json\/wp\/v2\/posts"}],"about":[{"href":"https:\/\/www.caudete.org\/ayuntamiento\/wp-json\/wp\/v2\/types\/post"}],"author":[{"embeddable":true,"href":"https:\/\/www.caudete.org\/ayuntamiento\/wp-json\/wp\/v2\/users\/3"}],"replies":[{"embeddable":true,"href":"https:\/\/www.caudete.org\/ayuntamiento\/wp-json\/wp\/v2\/comments?post=16208"}],"version-history":[{"count":1,"href":"https:\/\/www.caudete.org\/ayuntamiento\/wp-json\/wp\/v2\/posts\/16208\/revisions"}],"predecessor-version":[{"id":16210,"href":"https:\/\/www.caudete.org\/ayuntamiento\/wp-json\/wp\/v2\/posts\/16208\/revisions\/16210"}],"wp:featuredmedia":[{"embeddable":true,"href":"https:\/\/www.caudete.org\/ayuntamiento\/wp-json\/wp\/v2\/media\/16209"}],"wp:attachment":[{"href":"https:\/\/www.caudete.org\/ayuntamiento\/wp-json\/wp\/v2\/media?parent=16208"}],"wp:term":[{"taxonomy":"category","embeddable":true,"href":"https:\/\/www.caudete.org\/ayuntamiento\/wp-json\/wp\/v2\/categories?post=16208"},{"taxonomy":"post_tag","embeddable":true,"href":"https:\/\/www.caudete.org\/ayuntamiento\/wp-json\/wp\/v2\/tags?post=16208"}],"curies":[{"name":"wp","href":"https:\/\/api.w.org\/{rel}","templated":true}]}}