{"id":16227,"date":"2021-09-22T10:34:10","date_gmt":"2021-09-22T08:34:10","guid":{"rendered":"https:\/\/www.caudete.org\/ayuntamiento\/?p=16227"},"modified":"2021-10-01T20:22:18","modified_gmt":"2021-10-01T18:22:18","slug":"la-biblioteca-publica-y-la-agencia-de-desarrollo-local-continuan-sus-encuentros-en-el-proyecto-erasmus-cross-en-cluj-napoca-rumania","status":"publish","type":"post","link":"https:\/\/www.caudete.org\/ayuntamiento\/la-biblioteca-publica-y-la-agencia-de-desarrollo-local-continuan-sus-encuentros-en-el-proyecto-erasmus-cross-en-cluj-napoca-rumania\/","title":{"rendered":"CAUDETEnEUROPA: Biblioteca  y Agencia de Desarrollo Local viajan con el Erasmus+ &#8220;CROSS&#8221; a Ruman\u00eda"},"content":{"rendered":"<p style=\"text-align: justify;\">La Concejal de Empleo y Formaci\u00f3n M\u00aa del Mar Requena Moll\u00e1 informa que la Biblioteca P\u00fablica Municipal y la Agencia de Desarrollo Local del Ayuntamiento de Caudete, que participan en el proyecto Erasmus+ <strong>\u201cCROSS-Creando Otros Entornos de Aprendizaje\u201d<\/strong>, han viajado hasta Cluj- Napoca para el intercambio de buenas pr\u00e1cticas en Bibliotecas y\u00a0 Centros de Adultos, que imparten educaci\u00f3n no formal.<\/p>\n<p style=\"text-align: justify;\">Durante el pasado curso, este proyecto tuvo que posponer los encuentros internacionales que se hab\u00edan programado, por motivos de la crisis sanitaria del COVID-19. Este mes de septiembre hemos vuelto a retomar las reuniones presenciales. Entre el 1 y el 3 de septiembre, personal t\u00e9cnico de la Biblioteca Municipal y de la Agencia de Desarrollo Local de Caudete, viajaron hasta <strong>Cluj-Napoca (Ruman\u00eda)<\/strong>, para la 3\u00aa reuni\u00f3n transnacional del proyecto, que estuvo centrada en el debate y reflexi\u00f3n en torno al Aprendizaje Individual en espacios p\u00fablicos culturales y de educaci\u00f3n no formal. La Biblioteca Judeteana \u201cOctavian Goga\u201d fue la sede de este encuentro, en el que se pusieron en com\u00fan experiencias de buenas pr\u00e1cticas en Luxemburgo, Ruman\u00eda, Hungr\u00eda y Espa\u00f1a, en el contexto de la pandemia desde centros de educaci\u00f3n no formal, como Bibliotecas\u00a0 e Instituto de Mayores, y se analiz\u00f3 c\u00f3mo estas circunstancias excepcionales han afectado al papel de estos espacios como \u201cTerceros Lugares\u201d y al aprendizaje individual. Adem\u00e1s de presentaciones de trabajo, talleres y actividades culturales, disfrutamos de dos interesantes charlas, una a cargo de Iana Crihana, ex-Directora de la Asociaci\u00f3n Nacional de Bibliotecas y Bibliotecarios de Ruman\u00eda y de\u00a0 Victor Miron poeta y activista intelectual, que nos hablaron de iniciativas\u00a0 y proyectos culturales muy interesantes, como el proyecto europeo Erasmus NitroClubs EU, la Batalla Lectora, o la iniciativa del transporte gratis si se porta un libro.<\/p>\n<p style=\"text-align: justify;\">El concepto de <strong>&#8220;Tercer Lugar&#8221;<\/strong> (Ray Oldenburg), sobre el que estamos trabajando en el proyecto Erasmus+ \u201cCROSS-Creando Otros Entornos de Aprendizaje\u201d, alude a lugares de esparcimiento, socializaci\u00f3n y aprendizaje informal, y estos pueden constituir espacios no comerciales de convivencia e intercambio atractivos para personas que nunca usan las bibliotecas p\u00fablicas\u00a0 o las instalaciones que ofrecen educaci\u00f3n de adultos.<\/p>\n<p style=\"text-align: justify;\">El proyecto, ampliado hasta agosto de 2022 por causa de la pandemia, es una asociaci\u00f3n estrat\u00e9gica financiada por el programa Erasmus+ de la Uni\u00f3n Europea para el intercambio de buenas pr\u00e1cticas, en la que participan un total de 7 instituciones (bibliotecas p\u00fablicas europeas y entidades p\u00fablicas y privadas activas en la educaci\u00f3n no formal de adultos): el Ayuntamiento de Iserlohn (Alemania), a trav\u00e9s de la Volkshochschule der Stadt Iserlohn (Centro de Educaci\u00f3n de Adultos del municipio) y la Stadtb\u00fccherei (Biblioteca Municipal) , que es el socio promotor y coordinador de la iniciativa, el Ayuntamiento de Ny\u00edregyh\u00e1za, a trav\u00e9s de su Centro de Educaci\u00f3n de Adultos y Biblioteca en Hungr\u00eda; la Biblioteca Judeteana \u201cOctavian Goga\u201d,\u00a0 en la ciudad de Cluj, en Rumania; la <strong>Biblioteca de la ciudad de Kranj,<\/strong> en Eslovenia; el \u201cR.B.S. Center fir Altersfroen\u201d (Instituto Nacional para el Envejecimiento), en\u00a0 Luxemburgo; la consultora de formaci\u00f3n Stichting Werken &amp; Leren, en los Pa\u00edses Bajos, y el Ayuntamiento de Caudete, a trav\u00e9s de su Biblioteca P\u00fablica y Casa de Cultura, en Espa\u00f1a.<\/p>\n<p><a href=\"https:\/\/www.caudete.org\/ayuntamiento\/wp-content\/uploads\/2021\/09\/FOTOCAUDETE-scaled.jpg\" rel='prettyPhoto'><img fetchpriority=\"high\" decoding=\"async\" class=\"aligncenter wp-image-16230 size-medium\" src=\"https:\/\/www.caudete.org\/ayuntamiento\/wp-content\/uploads\/2021\/09\/FOTOCAUDETE-225x300.jpg\" alt=\"\" width=\"225\" height=\"300\" srcset=\"https:\/\/www.caudete.org\/ayuntamiento\/wp-content\/uploads\/2021\/09\/FOTOCAUDETE-225x300.jpg 225w, https:\/\/www.caudete.org\/ayuntamiento\/wp-content\/uploads\/2021\/09\/FOTOCAUDETE-768x1024.jpg 768w, https:\/\/www.caudete.org\/ayuntamiento\/wp-content\/uploads\/2021\/09\/FOTOCAUDETE-1152x1536.jpg 1152w, https:\/\/www.caudete.org\/ayuntamiento\/wp-content\/uploads\/2021\/09\/FOTOCAUDETE-1536x2048.jpg 1536w, https:\/\/www.caudete.org\/ayuntamiento\/wp-content\/uploads\/2021\/09\/FOTOCAUDETE-scaled.jpg 1920w\" sizes=\"(max-width: 225px) 100vw, 225px\" \/><\/a><\/p>\n<p><a href=\"https:\/\/www.caudete.org\/ayuntamiento\/wp-content\/uploads\/2021\/09\/LOGOS.png\" rel='prettyPhoto'><img decoding=\"async\" class=\"aligncenter wp-image-16231 size-medium\" src=\"https:\/\/www.caudete.org\/ayuntamiento\/wp-content\/uploads\/2021\/09\/LOGOS-300x56.png\" alt=\"\" width=\"300\" height=\"56\" srcset=\"https:\/\/www.caudete.org\/ayuntamiento\/wp-content\/uploads\/2021\/09\/LOGOS-300x56.png 300w, https:\/\/www.caudete.org\/ayuntamiento\/wp-content\/uploads\/2021\/09\/LOGOS-1024x192.png 1024w, https:\/\/www.caudete.org\/ayuntamiento\/wp-content\/uploads\/2021\/09\/LOGOS-768x144.png 768w, https:\/\/www.caudete.org\/ayuntamiento\/wp-content\/uploads\/2021\/09\/LOGOS-1536x289.png 1536w, https:\/\/www.caudete.org\/ayuntamiento\/wp-content\/uploads\/2021\/09\/LOGOS.png 1921w\" sizes=\"(max-width: 300px) 100vw, 300px\" \/><\/a><\/p>\n","protected":false},"excerpt":{"rendered":"<p>La Concejal de Empleo y Formaci\u00f3n M\u00aa del Mar Requena Moll\u00e1 informa que la Biblioteca P\u00fablica Municipal y la Agencia de Desarrollo Local del Ayuntamiento de Caudete, que participan en el proyecto Erasmus+ \u201cCROSS-Creando Otros Entornos de Aprendizaje\u201d, han viajado hasta Cluj- Napoca para el intercambio de buenas pr\u00e1cticas en Bibliotecas y\u00a0 Centros de Adultos, &hellip;<\/p>\n","protected":false},"author":2,"featured_media":16229,"comment_status":"closed","ping_status":"open","sticky":false,"template":"","format":"standard","meta":{"ngg_post_thumbnail":0,"footnotes":""},"categories":[37],"tags":[703,559],"class_list":["post-16227","post","type-post","status-publish","format-standard","has-post-thumbnail","hentry","category-empleo-y-formacion","tag-cross","tag-erasmus"],"yoast_head":"<!-- This site is optimized with the Yoast SEO plugin v27.4 - https:\/\/yoast.com\/product\/yoast-seo-wordpress\/ -->\n<title>CAUDETEnEUROPA: Biblioteca y Agencia de Desarrollo Local viajan con el Erasmus+ &quot;CROSS&quot; a Ruman\u00eda - MI Ayuntamiento de Caudete<\/title>\n<meta name=\"description\" content=\"P\u00e1gina Oficial del Ayuntamiento de Caudete (Albacete)\" \/>\n<meta name=\"robots\" content=\"index, follow, max-snippet:-1, max-image-preview:large, max-video-preview:-1\" \/>\n<link rel=\"canonical\" href=\"https:\/\/www.caudete.org\/ayuntamiento\/la-biblioteca-publica-y-la-agencia-de-desarrollo-local-continuan-sus-encuentros-en-el-proyecto-erasmus-cross-en-cluj-napoca-rumania\/\" \/>\n<meta property=\"og:locale\" content=\"es_ES\" \/>\n<meta property=\"og:type\" content=\"article\" \/>\n<meta property=\"og:title\" content=\"CAUDETEnEUROPA: Biblioteca y Agencia de Desarrollo Local viajan con el Erasmus+ &quot;CROSS&quot; a Ruman\u00eda - MI Ayuntamiento de Caudete\" \/>\n<meta property=\"og:description\" content=\"P\u00e1gina Oficial del Ayuntamiento de Caudete (Albacete)\" \/>\n<meta property=\"og:url\" content=\"https:\/\/www.caudete.org\/ayuntamiento\/la-biblioteca-publica-y-la-agencia-de-desarrollo-local-continuan-sus-encuentros-en-el-proyecto-erasmus-cross-en-cluj-napoca-rumania\/\" \/>\n<meta property=\"og:site_name\" content=\"MI Ayuntamiento de Caudete\" \/>\n<meta property=\"article:publisher\" content=\"https:\/\/www.facebook.com\/ayuntamientocaudete\/\" \/>\n<meta property=\"article:published_time\" content=\"2021-09-22T08:34:10+00:00\" \/>\n<meta property=\"article:modified_time\" content=\"2021-10-01T18:22:18+00:00\" \/>\n<meta property=\"og:image\" content=\"https:\/\/www.caudete.org\/ayuntamiento\/wp-content\/uploads\/2021\/09\/FOTOGRUPO.jpg\" \/>\n\t<meta property=\"og:image:width\" content=\"2048\" \/>\n\t<meta property=\"og:image:height\" content=\"1152\" \/>\n\t<meta property=\"og:image:type\" content=\"image\/jpeg\" \/>\n<meta name=\"author\" content=\"Juan\" \/>\n<meta name=\"twitter:card\" content=\"summary_large_image\" \/>\n<meta name=\"twitter:label1\" content=\"Escrito por\" \/>\n\t<meta name=\"twitter:data1\" content=\"Juan\" \/>\n\t<meta name=\"twitter:label2\" content=\"Tiempo de lectura\" \/>\n\t<meta name=\"twitter:data2\" content=\"3 minutos\" \/>\n<script type=\"application\/ld+json\" class=\"yoast-schema-graph\">{\"@context\":\"https:\\\/\\\/schema.org\",\"@graph\":[{\"@type\":\"Article\",\"@id\":\"https:\\\/\\\/www.caudete.org\\\/ayuntamiento\\\/la-biblioteca-publica-y-la-agencia-de-desarrollo-local-continuan-sus-encuentros-en-el-proyecto-erasmus-cross-en-cluj-napoca-rumania\\\/#article\",\"isPartOf\":{\"@id\":\"https:\\\/\\\/www.caudete.org\\\/ayuntamiento\\\/la-biblioteca-publica-y-la-agencia-de-desarrollo-local-continuan-sus-encuentros-en-el-proyecto-erasmus-cross-en-cluj-napoca-rumania\\\/\"},\"author\":{\"name\":\"Juan\",\"@id\":\"https:\\\/\\\/www.caudete.org\\\/ayuntamiento\\\/#\\\/schema\\\/person\\\/7656a5bb58fca95b9814e940de0fda63\"},\"headline\":\"CAUDETEnEUROPA: Biblioteca y Agencia de Desarrollo Local viajan con el Erasmus+ &#8220;CROSS&#8221; a Ruman\u00eda\",\"datePublished\":\"2021-09-22T08:34:10+00:00\",\"dateModified\":\"2021-10-01T18:22:18+00:00\",\"mainEntityOfPage\":{\"@id\":\"https:\\\/\\\/www.caudete.org\\\/ayuntamiento\\\/la-biblioteca-publica-y-la-agencia-de-desarrollo-local-continuan-sus-encuentros-en-el-proyecto-erasmus-cross-en-cluj-napoca-rumania\\\/\"},\"wordCount\":572,\"publisher\":{\"@id\":\"https:\\\/\\\/www.caudete.org\\\/ayuntamiento\\\/#organization\"},\"image\":{\"@id\":\"https:\\\/\\\/www.caudete.org\\\/ayuntamiento\\\/la-biblioteca-publica-y-la-agencia-de-desarrollo-local-continuan-sus-encuentros-en-el-proyecto-erasmus-cross-en-cluj-napoca-rumania\\\/#primaryimage\"},\"thumbnailUrl\":\"https:\\\/\\\/www.caudete.org\\\/ayuntamiento\\\/wp-content\\\/uploads\\\/2021\\\/09\\\/FOTOGRUPO.jpg\",\"keywords\":[\"CROSS\",\"Erasmus\"],\"articleSection\":[\"Empleo y Formaci\u00f3n\"],\"inLanguage\":\"es\"},{\"@type\":\"WebPage\",\"@id\":\"https:\\\/\\\/www.caudete.org\\\/ayuntamiento\\\/la-biblioteca-publica-y-la-agencia-de-desarrollo-local-continuan-sus-encuentros-en-el-proyecto-erasmus-cross-en-cluj-napoca-rumania\\\/\",\"url\":\"https:\\\/\\\/www.caudete.org\\\/ayuntamiento\\\/la-biblioteca-publica-y-la-agencia-de-desarrollo-local-continuan-sus-encuentros-en-el-proyecto-erasmus-cross-en-cluj-napoca-rumania\\\/\",\"name\":\"CAUDETEnEUROPA: Biblioteca y Agencia de Desarrollo Local viajan con el Erasmus+ \\\"CROSS\\\" a Ruman\u00eda - MI Ayuntamiento de Caudete\",\"isPartOf\":{\"@id\":\"https:\\\/\\\/www.caudete.org\\\/ayuntamiento\\\/#website\"},\"primaryImageOfPage\":{\"@id\":\"https:\\\/\\\/www.caudete.org\\\/ayuntamiento\\\/la-biblioteca-publica-y-la-agencia-de-desarrollo-local-continuan-sus-encuentros-en-el-proyecto-erasmus-cross-en-cluj-napoca-rumania\\\/#primaryimage\"},\"image\":{\"@id\":\"https:\\\/\\\/www.caudete.org\\\/ayuntamiento\\\/la-biblioteca-publica-y-la-agencia-de-desarrollo-local-continuan-sus-encuentros-en-el-proyecto-erasmus-cross-en-cluj-napoca-rumania\\\/#primaryimage\"},\"thumbnailUrl\":\"https:\\\/\\\/www.caudete.org\\\/ayuntamiento\\\/wp-content\\\/uploads\\\/2021\\\/09\\\/FOTOGRUPO.jpg\",\"datePublished\":\"2021-09-22T08:34:10+00:00\",\"dateModified\":\"2021-10-01T18:22:18+00:00\",\"description\":\"P\u00e1gina Oficial del Ayuntamiento de Caudete (Albacete)\",\"breadcrumb\":{\"@id\":\"https:\\\/\\\/www.caudete.org\\\/ayuntamiento\\\/la-biblioteca-publica-y-la-agencia-de-desarrollo-local-continuan-sus-encuentros-en-el-proyecto-erasmus-cross-en-cluj-napoca-rumania\\\/#breadcrumb\"},\"inLanguage\":\"es\",\"potentialAction\":[{\"@type\":\"ReadAction\",\"target\":[\"https:\\\/\\\/www.caudete.org\\\/ayuntamiento\\\/la-biblioteca-publica-y-la-agencia-de-desarrollo-local-continuan-sus-encuentros-en-el-proyecto-erasmus-cross-en-cluj-napoca-rumania\\\/\"]}]},{\"@type\":\"ImageObject\",\"inLanguage\":\"es\",\"@id\":\"https:\\\/\\\/www.caudete.org\\\/ayuntamiento\\\/la-biblioteca-publica-y-la-agencia-de-desarrollo-local-continuan-sus-encuentros-en-el-proyecto-erasmus-cross-en-cluj-napoca-rumania\\\/#primaryimage\",\"url\":\"https:\\\/\\\/www.caudete.org\\\/ayuntamiento\\\/wp-content\\\/uploads\\\/2021\\\/09\\\/FOTOGRUPO.jpg\",\"contentUrl\":\"https:\\\/\\\/www.caudete.org\\\/ayuntamiento\\\/wp-content\\\/uploads\\\/2021\\\/09\\\/FOTOGRUPO.jpg\",\"width\":2048,\"height\":1152},{\"@type\":\"BreadcrumbList\",\"@id\":\"https:\\\/\\\/www.caudete.org\\\/ayuntamiento\\\/la-biblioteca-publica-y-la-agencia-de-desarrollo-local-continuan-sus-encuentros-en-el-proyecto-erasmus-cross-en-cluj-napoca-rumania\\\/#breadcrumb\",\"itemListElement\":[{\"@type\":\"ListItem\",\"position\":1,\"name\":\"Inicio\",\"item\":\"https:\\\/\\\/www.caudete.org\\\/ayuntamiento\\\/\"},{\"@type\":\"ListItem\",\"position\":2,\"name\":\"CAUDETEnEUROPA: Biblioteca y Agencia de Desarrollo Local viajan con el Erasmus+ &#8220;CROSS&#8221; a Ruman\u00eda\"}]},{\"@type\":\"WebSite\",\"@id\":\"https:\\\/\\\/www.caudete.org\\\/ayuntamiento\\\/#website\",\"url\":\"https:\\\/\\\/www.caudete.org\\\/ayuntamiento\\\/\",\"name\":\"MI Ayuntamiento de Caudete\",\"description\":\"P\u00e1gina Oficial del MI Ayuntamiento de Caudete\",\"publisher\":{\"@id\":\"https:\\\/\\\/www.caudete.org\\\/ayuntamiento\\\/#organization\"},\"potentialAction\":[{\"@type\":\"SearchAction\",\"target\":{\"@type\":\"EntryPoint\",\"urlTemplate\":\"https:\\\/\\\/www.caudete.org\\\/ayuntamiento\\\/?s={search_term_string}\"},\"query-input\":{\"@type\":\"PropertyValueSpecification\",\"valueRequired\":true,\"valueName\":\"search_term_string\"}}],\"inLanguage\":\"es\"},{\"@type\":\"Organization\",\"@id\":\"https:\\\/\\\/www.caudete.org\\\/ayuntamiento\\\/#organization\",\"name\":\"Ayuntamiento de Caudete\",\"url\":\"https:\\\/\\\/www.caudete.org\\\/ayuntamiento\\\/\",\"logo\":{\"@type\":\"ImageObject\",\"inLanguage\":\"es\",\"@id\":\"https:\\\/\\\/www.caudete.org\\\/ayuntamiento\\\/#\\\/schema\\\/logo\\\/image\\\/\",\"url\":\"https:\\\/\\\/www.caudete.org\\\/ayuntamiento\\\/wp-content\\\/uploads\\\/2020\\\/11\\\/logo_ayuntamiento_caudete.jpg\",\"contentUrl\":\"https:\\\/\\\/www.caudete.org\\\/ayuntamiento\\\/wp-content\\\/uploads\\\/2020\\\/11\\\/logo_ayuntamiento_caudete.jpg\",\"width\":600,\"height\":150,\"caption\":\"Ayuntamiento de Caudete\"},\"image\":{\"@id\":\"https:\\\/\\\/www.caudete.org\\\/ayuntamiento\\\/#\\\/schema\\\/logo\\\/image\\\/\"},\"sameAs\":[\"https:\\\/\\\/www.facebook.com\\\/ayuntamientocaudete\\\/\",\"https:\\\/\\\/www.youtube.com\\\/channel\\\/UC6VztHaooNsGpw-tNoBEFnQ\"]},{\"@type\":\"Person\",\"@id\":\"https:\\\/\\\/www.caudete.org\\\/ayuntamiento\\\/#\\\/schema\\\/person\\\/7656a5bb58fca95b9814e940de0fda63\",\"name\":\"Juan\",\"image\":{\"@type\":\"ImageObject\",\"inLanguage\":\"es\",\"@id\":\"https:\\\/\\\/secure.gravatar.com\\\/avatar\\\/dd53e51c0cd6ab23f52d4f3e4f1c59730240727763de3dbbf26750b079a2c292?s=96&d=mm&r=g\",\"url\":\"https:\\\/\\\/secure.gravatar.com\\\/avatar\\\/dd53e51c0cd6ab23f52d4f3e4f1c59730240727763de3dbbf26750b079a2c292?s=96&d=mm&r=g\",\"contentUrl\":\"https:\\\/\\\/secure.gravatar.com\\\/avatar\\\/dd53e51c0cd6ab23f52d4f3e4f1c59730240727763de3dbbf26750b079a2c292?s=96&d=mm&r=g\",\"caption\":\"Juan\"},\"url\":\"https:\\\/\\\/www.caudete.org\\\/ayuntamiento\\\/author\\\/centrodeinternet\\\/\"}]}<\/script>\n<!-- \/ Yoast SEO plugin. -->","yoast_head_json":{"title":"CAUDETEnEUROPA: Biblioteca y Agencia de Desarrollo Local viajan con el Erasmus+ \"CROSS\" a Ruman\u00eda - MI Ayuntamiento de Caudete","description":"P\u00e1gina Oficial del Ayuntamiento de Caudete (Albacete)","robots":{"index":"index","follow":"follow","max-snippet":"max-snippet:-1","max-image-preview":"max-image-preview:large","max-video-preview":"max-video-preview:-1"},"canonical":"https:\/\/www.caudete.org\/ayuntamiento\/la-biblioteca-publica-y-la-agencia-de-desarrollo-local-continuan-sus-encuentros-en-el-proyecto-erasmus-cross-en-cluj-napoca-rumania\/","og_locale":"es_ES","og_type":"article","og_title":"CAUDETEnEUROPA: Biblioteca y Agencia de Desarrollo Local viajan con el Erasmus+ \"CROSS\" a Ruman\u00eda - MI Ayuntamiento de Caudete","og_description":"P\u00e1gina Oficial del Ayuntamiento de Caudete (Albacete)","og_url":"https:\/\/www.caudete.org\/ayuntamiento\/la-biblioteca-publica-y-la-agencia-de-desarrollo-local-continuan-sus-encuentros-en-el-proyecto-erasmus-cross-en-cluj-napoca-rumania\/","og_site_name":"MI Ayuntamiento de Caudete","article_publisher":"https:\/\/www.facebook.com\/ayuntamientocaudete\/","article_published_time":"2021-09-22T08:34:10+00:00","article_modified_time":"2021-10-01T18:22:18+00:00","og_image":[{"width":2048,"height":1152,"url":"https:\/\/www.caudete.org\/ayuntamiento\/wp-content\/uploads\/2021\/09\/FOTOGRUPO.jpg","type":"image\/jpeg"}],"author":"Juan","twitter_card":"summary_large_image","twitter_misc":{"Escrito por":"Juan","Tiempo de lectura":"3 minutos"},"schema":{"@context":"https:\/\/schema.org","@graph":[{"@type":"Article","@id":"https:\/\/www.caudete.org\/ayuntamiento\/la-biblioteca-publica-y-la-agencia-de-desarrollo-local-continuan-sus-encuentros-en-el-proyecto-erasmus-cross-en-cluj-napoca-rumania\/#article","isPartOf":{"@id":"https:\/\/www.caudete.org\/ayuntamiento\/la-biblioteca-publica-y-la-agencia-de-desarrollo-local-continuan-sus-encuentros-en-el-proyecto-erasmus-cross-en-cluj-napoca-rumania\/"},"author":{"name":"Juan","@id":"https:\/\/www.caudete.org\/ayuntamiento\/#\/schema\/person\/7656a5bb58fca95b9814e940de0fda63"},"headline":"CAUDETEnEUROPA: Biblioteca y Agencia de Desarrollo Local viajan con el Erasmus+ &#8220;CROSS&#8221; a Ruman\u00eda","datePublished":"2021-09-22T08:34:10+00:00","dateModified":"2021-10-01T18:22:18+00:00","mainEntityOfPage":{"@id":"https:\/\/www.caudete.org\/ayuntamiento\/la-biblioteca-publica-y-la-agencia-de-desarrollo-local-continuan-sus-encuentros-en-el-proyecto-erasmus-cross-en-cluj-napoca-rumania\/"},"wordCount":572,"publisher":{"@id":"https:\/\/www.caudete.org\/ayuntamiento\/#organization"},"image":{"@id":"https:\/\/www.caudete.org\/ayuntamiento\/la-biblioteca-publica-y-la-agencia-de-desarrollo-local-continuan-sus-encuentros-en-el-proyecto-erasmus-cross-en-cluj-napoca-rumania\/#primaryimage"},"thumbnailUrl":"https:\/\/www.caudete.org\/ayuntamiento\/wp-content\/uploads\/2021\/09\/FOTOGRUPO.jpg","keywords":["CROSS","Erasmus"],"articleSection":["Empleo y Formaci\u00f3n"],"inLanguage":"es"},{"@type":"WebPage","@id":"https:\/\/www.caudete.org\/ayuntamiento\/la-biblioteca-publica-y-la-agencia-de-desarrollo-local-continuan-sus-encuentros-en-el-proyecto-erasmus-cross-en-cluj-napoca-rumania\/","url":"https:\/\/www.caudete.org\/ayuntamiento\/la-biblioteca-publica-y-la-agencia-de-desarrollo-local-continuan-sus-encuentros-en-el-proyecto-erasmus-cross-en-cluj-napoca-rumania\/","name":"CAUDETEnEUROPA: Biblioteca y Agencia de Desarrollo Local viajan con el Erasmus+ \"CROSS\" a Ruman\u00eda - MI Ayuntamiento de Caudete","isPartOf":{"@id":"https:\/\/www.caudete.org\/ayuntamiento\/#website"},"primaryImageOfPage":{"@id":"https:\/\/www.caudete.org\/ayuntamiento\/la-biblioteca-publica-y-la-agencia-de-desarrollo-local-continuan-sus-encuentros-en-el-proyecto-erasmus-cross-en-cluj-napoca-rumania\/#primaryimage"},"image":{"@id":"https:\/\/www.caudete.org\/ayuntamiento\/la-biblioteca-publica-y-la-agencia-de-desarrollo-local-continuan-sus-encuentros-en-el-proyecto-erasmus-cross-en-cluj-napoca-rumania\/#primaryimage"},"thumbnailUrl":"https:\/\/www.caudete.org\/ayuntamiento\/wp-content\/uploads\/2021\/09\/FOTOGRUPO.jpg","datePublished":"2021-09-22T08:34:10+00:00","dateModified":"2021-10-01T18:22:18+00:00","description":"P\u00e1gina Oficial del Ayuntamiento de Caudete (Albacete)","breadcrumb":{"@id":"https:\/\/www.caudete.org\/ayuntamiento\/la-biblioteca-publica-y-la-agencia-de-desarrollo-local-continuan-sus-encuentros-en-el-proyecto-erasmus-cross-en-cluj-napoca-rumania\/#breadcrumb"},"inLanguage":"es","potentialAction":[{"@type":"ReadAction","target":["https:\/\/www.caudete.org\/ayuntamiento\/la-biblioteca-publica-y-la-agencia-de-desarrollo-local-continuan-sus-encuentros-en-el-proyecto-erasmus-cross-en-cluj-napoca-rumania\/"]}]},{"@type":"ImageObject","inLanguage":"es","@id":"https:\/\/www.caudete.org\/ayuntamiento\/la-biblioteca-publica-y-la-agencia-de-desarrollo-local-continuan-sus-encuentros-en-el-proyecto-erasmus-cross-en-cluj-napoca-rumania\/#primaryimage","url":"https:\/\/www.caudete.org\/ayuntamiento\/wp-content\/uploads\/2021\/09\/FOTOGRUPO.jpg","contentUrl":"https:\/\/www.caudete.org\/ayuntamiento\/wp-content\/uploads\/2021\/09\/FOTOGRUPO.jpg","width":2048,"height":1152},{"@type":"BreadcrumbList","@id":"https:\/\/www.caudete.org\/ayuntamiento\/la-biblioteca-publica-y-la-agencia-de-desarrollo-local-continuan-sus-encuentros-en-el-proyecto-erasmus-cross-en-cluj-napoca-rumania\/#breadcrumb","itemListElement":[{"@type":"ListItem","position":1,"name":"Inicio","item":"https:\/\/www.caudete.org\/ayuntamiento\/"},{"@type":"ListItem","position":2,"name":"CAUDETEnEUROPA: Biblioteca y Agencia de Desarrollo Local viajan con el Erasmus+ &#8220;CROSS&#8221; a Ruman\u00eda"}]},{"@type":"WebSite","@id":"https:\/\/www.caudete.org\/ayuntamiento\/#website","url":"https:\/\/www.caudete.org\/ayuntamiento\/","name":"MI Ayuntamiento de Caudete","description":"P\u00e1gina Oficial del MI Ayuntamiento de Caudete","publisher":{"@id":"https:\/\/www.caudete.org\/ayuntamiento\/#organization"},"potentialAction":[{"@type":"SearchAction","target":{"@type":"EntryPoint","urlTemplate":"https:\/\/www.caudete.org\/ayuntamiento\/?s={search_term_string}"},"query-input":{"@type":"PropertyValueSpecification","valueRequired":true,"valueName":"search_term_string"}}],"inLanguage":"es"},{"@type":"Organization","@id":"https:\/\/www.caudete.org\/ayuntamiento\/#organization","name":"Ayuntamiento de Caudete","url":"https:\/\/www.caudete.org\/ayuntamiento\/","logo":{"@type":"ImageObject","inLanguage":"es","@id":"https:\/\/www.caudete.org\/ayuntamiento\/#\/schema\/logo\/image\/","url":"https:\/\/www.caudete.org\/ayuntamiento\/wp-content\/uploads\/2020\/11\/logo_ayuntamiento_caudete.jpg","contentUrl":"https:\/\/www.caudete.org\/ayuntamiento\/wp-content\/uploads\/2020\/11\/logo_ayuntamiento_caudete.jpg","width":600,"height":150,"caption":"Ayuntamiento de Caudete"},"image":{"@id":"https:\/\/www.caudete.org\/ayuntamiento\/#\/schema\/logo\/image\/"},"sameAs":["https:\/\/www.facebook.com\/ayuntamientocaudete\/","https:\/\/www.youtube.com\/channel\/UC6VztHaooNsGpw-tNoBEFnQ"]},{"@type":"Person","@id":"https:\/\/www.caudete.org\/ayuntamiento\/#\/schema\/person\/7656a5bb58fca95b9814e940de0fda63","name":"Juan","image":{"@type":"ImageObject","inLanguage":"es","@id":"https:\/\/secure.gravatar.com\/avatar\/dd53e51c0cd6ab23f52d4f3e4f1c59730240727763de3dbbf26750b079a2c292?s=96&d=mm&r=g","url":"https:\/\/secure.gravatar.com\/avatar\/dd53e51c0cd6ab23f52d4f3e4f1c59730240727763de3dbbf26750b079a2c292?s=96&d=mm&r=g","contentUrl":"https:\/\/secure.gravatar.com\/avatar\/dd53e51c0cd6ab23f52d4f3e4f1c59730240727763de3dbbf26750b079a2c292?s=96&d=mm&r=g","caption":"Juan"},"url":"https:\/\/www.caudete.org\/ayuntamiento\/author\/centrodeinternet\/"}]}},"_links":{"self":[{"href":"https:\/\/www.caudete.org\/ayuntamiento\/wp-json\/wp\/v2\/posts\/16227","targetHints":{"allow":["GET"]}}],"collection":[{"href":"https:\/\/www.caudete.org\/ayuntamiento\/wp-json\/wp\/v2\/posts"}],"about":[{"href":"https:\/\/www.caudete.org\/ayuntamiento\/wp-json\/wp\/v2\/types\/post"}],"author":[{"embeddable":true,"href":"https:\/\/www.caudete.org\/ayuntamiento\/wp-json\/wp\/v2\/users\/2"}],"replies":[{"embeddable":true,"href":"https:\/\/www.caudete.org\/ayuntamiento\/wp-json\/wp\/v2\/comments?post=16227"}],"version-history":[{"count":10,"href":"https:\/\/www.caudete.org\/ayuntamiento\/wp-json\/wp\/v2\/posts\/16227\/revisions"}],"predecessor-version":[{"id":16405,"href":"https:\/\/www.caudete.org\/ayuntamiento\/wp-json\/wp\/v2\/posts\/16227\/revisions\/16405"}],"wp:featuredmedia":[{"embeddable":true,"href":"https:\/\/www.caudete.org\/ayuntamiento\/wp-json\/wp\/v2\/media\/16229"}],"wp:attachment":[{"href":"https:\/\/www.caudete.org\/ayuntamiento\/wp-json\/wp\/v2\/media?parent=16227"}],"wp:term":[{"taxonomy":"category","embeddable":true,"href":"https:\/\/www.caudete.org\/ayuntamiento\/wp-json\/wp\/v2\/categories?post=16227"},{"taxonomy":"post_tag","embeddable":true,"href":"https:\/\/www.caudete.org\/ayuntamiento\/wp-json\/wp\/v2\/tags?post=16227"}],"curies":[{"name":"wp","href":"https:\/\/api.w.org\/{rel}","templated":true}]}}