{"id":16249,"date":"2021-09-22T13:19:40","date_gmt":"2021-09-22T11:19:40","guid":{"rendered":"https:\/\/www.caudete.org\/ayuntamiento\/?p=16249"},"modified":"2021-09-22T14:09:27","modified_gmt":"2021-09-22T12:09:27","slug":"se-ultiman-las-obras-de-reforma-en-el-centro-de-el-angel","status":"publish","type":"post","link":"https:\/\/www.caudete.org\/ayuntamiento\/se-ultiman-las-obras-de-reforma-en-el-centro-de-el-angel\/","title":{"rendered":"Se ultiman las obras de reforma en el Centro de EL ANGEL"},"content":{"rendered":"<p style=\"text-align: justify;\">En el mes de Agosto el Consistorio adjudicaba las obras de reforma y acondicionamiento del Centro El Angel a una empresa local, HB PROJECTS, por importe de 20.000\u20ac, sufragado \u00edntegramente por las arcas municipales con cargo al Remanente de 2020.<\/p>\n<p style=\"text-align: justify;\">En la tarde del pasado lunes, las Concejales de Obras y Bienestar Social, Marian Ballester e Inma Garc\u00eda visitaban las instalaciones para comprobar la ejecuci\u00f3n de las mismas una vez que est\u00e1n pr\u00f3ximas a su finalizaci\u00f3n por la constructora. Con ellas, este espacio, cedido por el Ayuntamiento a C\u00e1ritas, contar\u00e1 ahora con un estado \u00f3ptimo de las instalaciones para poder llevar a cabo sus actividades en las mejores condiciones posibles.<\/p>\n<p style=\"text-align: justify;\">Las actuaciones se han centrado principalmente sobre Cocina y Lavadero, procediendo a una reforma \u00edntegra de estas dos estancias, completando las obras con un retejado de cubierta, tareas de pintura interior, cerrajer\u00eda en el resto del edificio.<\/p>\n<p><a href=\"https:\/\/www.caudete.org\/ayuntamiento\/wp-content\/uploads\/2021\/09\/El-Angel-2.png\" rel='prettyPhoto'><img fetchpriority=\"high\" decoding=\"async\" class=\"aligncenter wp-image-16250 size-medium\" src=\"https:\/\/www.caudete.org\/ayuntamiento\/wp-content\/uploads\/2021\/09\/El-Angel-2-300x169.png\" alt=\"\" width=\"300\" height=\"169\" srcset=\"https:\/\/www.caudete.org\/ayuntamiento\/wp-content\/uploads\/2021\/09\/El-Angel-2-300x169.png 300w, https:\/\/www.caudete.org\/ayuntamiento\/wp-content\/uploads\/2021\/09\/El-Angel-2-1024x576.png 1024w, https:\/\/www.caudete.org\/ayuntamiento\/wp-content\/uploads\/2021\/09\/El-Angel-2-768x432.png 768w, https:\/\/www.caudete.org\/ayuntamiento\/wp-content\/uploads\/2021\/09\/El-Angel-2-1536x864.png 1536w, https:\/\/www.caudete.org\/ayuntamiento\/wp-content\/uploads\/2021\/09\/El-Angel-2.png 1920w\" sizes=\"(max-width: 300px) 100vw, 300px\" \/><\/a><\/p>\n","protected":false},"excerpt":{"rendered":"<p>En el mes de Agosto el Consistorio adjudicaba las obras de reforma y acondicionamiento del Centro El Angel a una empresa local, HB PROJECTS, por importe de 20.000\u20ac, sufragado \u00edntegramente por las arcas municipales con cargo al Remanente de 2020. En la tarde del pasado lunes, las Concejales de Obras y Bienestar Social, Marian Ballester &hellip;<\/p>\n","protected":false},"author":3,"featured_media":16251,"comment_status":"closed","ping_status":"open","sticky":false,"template":"","format":"standard","meta":{"ngg_post_thumbnail":0,"footnotes":""},"categories":[682],"tags":[],"class_list":["post-16249","post","type-post","status-publish","format-standard","has-post-thumbnail","hentry","category-bienestar-social-2"],"yoast_head":"<!-- This site is optimized with the Yoast SEO plugin v27.5 - https:\/\/yoast.com\/product\/yoast-seo-wordpress\/ -->\n<title>Se ultiman las obras de reforma en el Centro de EL ANGEL - MI Ayuntamiento de Caudete<\/title>\n<meta name=\"description\" content=\"P\u00e1gina Oficial del Ayuntamiento de Caudete (Albacete)\" \/>\n<meta name=\"robots\" content=\"index, follow, max-snippet:-1, max-image-preview:large, max-video-preview:-1\" \/>\n<link rel=\"canonical\" href=\"https:\/\/www.caudete.org\/ayuntamiento\/se-ultiman-las-obras-de-reforma-en-el-centro-de-el-angel\/\" \/>\n<meta property=\"og:locale\" content=\"es_ES\" \/>\n<meta property=\"og:type\" content=\"article\" \/>\n<meta property=\"og:title\" content=\"Se ultiman las obras de reforma en el Centro de EL ANGEL - MI Ayuntamiento de Caudete\" \/>\n<meta property=\"og:description\" content=\"P\u00e1gina Oficial del Ayuntamiento de Caudete (Albacete)\" \/>\n<meta property=\"og:url\" content=\"https:\/\/www.caudete.org\/ayuntamiento\/se-ultiman-las-obras-de-reforma-en-el-centro-de-el-angel\/\" \/>\n<meta property=\"og:site_name\" content=\"MI Ayuntamiento de Caudete\" \/>\n<meta property=\"article:publisher\" content=\"https:\/\/www.facebook.com\/ayuntamientocaudete\/\" \/>\n<meta property=\"article:published_time\" content=\"2021-09-22T11:19:40+00:00\" \/>\n<meta property=\"article:modified_time\" content=\"2021-09-22T12:09:27+00:00\" \/>\n<meta property=\"og:image\" content=\"https:\/\/www.caudete.org\/ayuntamiento\/wp-content\/uploads\/2021\/09\/El-Angel-1024x576.png\" \/>\n\t<meta property=\"og:image:width\" content=\"1024\" \/>\n\t<meta property=\"og:image:height\" content=\"576\" \/>\n\t<meta property=\"og:image:type\" content=\"image\/png\" \/>\n<meta name=\"author\" content=\"alcalde\" \/>\n<meta name=\"twitter:card\" content=\"summary_large_image\" \/>\n<meta name=\"twitter:label1\" content=\"Escrito por\" \/>\n\t<meta name=\"twitter:data1\" content=\"alcalde\" \/>\n\t<meta name=\"twitter:label2\" content=\"Tiempo de lectura\" \/>\n\t<meta name=\"twitter:data2\" content=\"1 minuto\" \/>\n<script type=\"application\/ld+json\" class=\"yoast-schema-graph\">{\"@context\":\"https:\\\/\\\/schema.org\",\"@graph\":[{\"@type\":\"Article\",\"@id\":\"https:\\\/\\\/www.caudete.org\\\/ayuntamiento\\\/se-ultiman-las-obras-de-reforma-en-el-centro-de-el-angel\\\/#article\",\"isPartOf\":{\"@id\":\"https:\\\/\\\/www.caudete.org\\\/ayuntamiento\\\/se-ultiman-las-obras-de-reforma-en-el-centro-de-el-angel\\\/\"},\"author\":{\"name\":\"alcalde\",\"@id\":\"https:\\\/\\\/www.caudete.org\\\/ayuntamiento\\\/#\\\/schema\\\/person\\\/cc646da9133078ee4d8dd47457947253\"},\"headline\":\"Se ultiman las obras de reforma en el Centro de EL ANGEL\",\"datePublished\":\"2021-09-22T11:19:40+00:00\",\"dateModified\":\"2021-09-22T12:09:27+00:00\",\"mainEntityOfPage\":{\"@id\":\"https:\\\/\\\/www.caudete.org\\\/ayuntamiento\\\/se-ultiman-las-obras-de-reforma-en-el-centro-de-el-angel\\\/\"},\"wordCount\":164,\"image\":{\"@id\":\"https:\\\/\\\/www.caudete.org\\\/ayuntamiento\\\/se-ultiman-las-obras-de-reforma-en-el-centro-de-el-angel\\\/#primaryimage\"},\"thumbnailUrl\":\"https:\\\/\\\/www.caudete.org\\\/ayuntamiento\\\/wp-content\\\/uploads\\\/2021\\\/09\\\/El-Angel.png\",\"articleSection\":[\"Bienestar Social -\"],\"inLanguage\":\"es\"},{\"@type\":\"WebPage\",\"@id\":\"https:\\\/\\\/www.caudete.org\\\/ayuntamiento\\\/se-ultiman-las-obras-de-reforma-en-el-centro-de-el-angel\\\/\",\"url\":\"https:\\\/\\\/www.caudete.org\\\/ayuntamiento\\\/se-ultiman-las-obras-de-reforma-en-el-centro-de-el-angel\\\/\",\"name\":\"Se ultiman las obras de reforma en el Centro de EL ANGEL - MI Ayuntamiento de Caudete\",\"isPartOf\":{\"@id\":\"https:\\\/\\\/www.caudete.org\\\/ayuntamiento\\\/#website\"},\"primaryImageOfPage\":{\"@id\":\"https:\\\/\\\/www.caudete.org\\\/ayuntamiento\\\/se-ultiman-las-obras-de-reforma-en-el-centro-de-el-angel\\\/#primaryimage\"},\"image\":{\"@id\":\"https:\\\/\\\/www.caudete.org\\\/ayuntamiento\\\/se-ultiman-las-obras-de-reforma-en-el-centro-de-el-angel\\\/#primaryimage\"},\"thumbnailUrl\":\"https:\\\/\\\/www.caudete.org\\\/ayuntamiento\\\/wp-content\\\/uploads\\\/2021\\\/09\\\/El-Angel.png\",\"datePublished\":\"2021-09-22T11:19:40+00:00\",\"dateModified\":\"2021-09-22T12:09:27+00:00\",\"author\":{\"@id\":\"https:\\\/\\\/www.caudete.org\\\/ayuntamiento\\\/#\\\/schema\\\/person\\\/cc646da9133078ee4d8dd47457947253\"},\"description\":\"P\u00e1gina Oficial del Ayuntamiento de Caudete (Albacete)\",\"breadcrumb\":{\"@id\":\"https:\\\/\\\/www.caudete.org\\\/ayuntamiento\\\/se-ultiman-las-obras-de-reforma-en-el-centro-de-el-angel\\\/#breadcrumb\"},\"inLanguage\":\"es\",\"potentialAction\":[{\"@type\":\"ReadAction\",\"target\":[\"https:\\\/\\\/www.caudete.org\\\/ayuntamiento\\\/se-ultiman-las-obras-de-reforma-en-el-centro-de-el-angel\\\/\"]}]},{\"@type\":\"ImageObject\",\"inLanguage\":\"es\",\"@id\":\"https:\\\/\\\/www.caudete.org\\\/ayuntamiento\\\/se-ultiman-las-obras-de-reforma-en-el-centro-de-el-angel\\\/#primaryimage\",\"url\":\"https:\\\/\\\/www.caudete.org\\\/ayuntamiento\\\/wp-content\\\/uploads\\\/2021\\\/09\\\/El-Angel.png\",\"contentUrl\":\"https:\\\/\\\/www.caudete.org\\\/ayuntamiento\\\/wp-content\\\/uploads\\\/2021\\\/09\\\/El-Angel.png\",\"width\":1920,\"height\":1080},{\"@type\":\"BreadcrumbList\",\"@id\":\"https:\\\/\\\/www.caudete.org\\\/ayuntamiento\\\/se-ultiman-las-obras-de-reforma-en-el-centro-de-el-angel\\\/#breadcrumb\",\"itemListElement\":[{\"@type\":\"ListItem\",\"position\":1,\"name\":\"Inicio\",\"item\":\"https:\\\/\\\/www.caudete.org\\\/ayuntamiento\\\/\"},{\"@type\":\"ListItem\",\"position\":2,\"name\":\"Se ultiman las obras de reforma en el Centro de EL ANGEL\"}]},{\"@type\":\"WebSite\",\"@id\":\"https:\\\/\\\/www.caudete.org\\\/ayuntamiento\\\/#website\",\"url\":\"https:\\\/\\\/www.caudete.org\\\/ayuntamiento\\\/\",\"name\":\"MI Ayuntamiento de Caudete\",\"description\":\"P\u00e1gina Oficial del MI Ayuntamiento de Caudete\",\"potentialAction\":[{\"@type\":\"SearchAction\",\"target\":{\"@type\":\"EntryPoint\",\"urlTemplate\":\"https:\\\/\\\/www.caudete.org\\\/ayuntamiento\\\/?s={search_term_string}\"},\"query-input\":{\"@type\":\"PropertyValueSpecification\",\"valueRequired\":true,\"valueName\":\"search_term_string\"}}],\"inLanguage\":\"es\"},{\"@type\":\"Person\",\"@id\":\"https:\\\/\\\/www.caudete.org\\\/ayuntamiento\\\/#\\\/schema\\\/person\\\/cc646da9133078ee4d8dd47457947253\",\"name\":\"alcalde\",\"image\":{\"@type\":\"ImageObject\",\"inLanguage\":\"es\",\"@id\":\"https:\\\/\\\/secure.gravatar.com\\\/avatar\\\/84a817ba065b29ff08d666b215a215f5c79186a645ccb25b14a663d48a130f77?s=96&d=mm&r=g\",\"url\":\"https:\\\/\\\/secure.gravatar.com\\\/avatar\\\/84a817ba065b29ff08d666b215a215f5c79186a645ccb25b14a663d48a130f77?s=96&d=mm&r=g\",\"contentUrl\":\"https:\\\/\\\/secure.gravatar.com\\\/avatar\\\/84a817ba065b29ff08d666b215a215f5c79186a645ccb25b14a663d48a130f77?s=96&d=mm&r=g\",\"caption\":\"alcalde\"},\"url\":\"https:\\\/\\\/www.caudete.org\\\/ayuntamiento\\\/author\\\/alcalde\\\/\"}]}<\/script>\n<!-- \/ Yoast SEO plugin. -->","yoast_head_json":{"title":"Se ultiman las obras de reforma en el Centro de EL ANGEL - MI Ayuntamiento de Caudete","description":"P\u00e1gina Oficial del Ayuntamiento de Caudete (Albacete)","robots":{"index":"index","follow":"follow","max-snippet":"max-snippet:-1","max-image-preview":"max-image-preview:large","max-video-preview":"max-video-preview:-1"},"canonical":"https:\/\/www.caudete.org\/ayuntamiento\/se-ultiman-las-obras-de-reforma-en-el-centro-de-el-angel\/","og_locale":"es_ES","og_type":"article","og_title":"Se ultiman las obras de reforma en el Centro de EL ANGEL - MI Ayuntamiento de Caudete","og_description":"P\u00e1gina Oficial del Ayuntamiento de Caudete (Albacete)","og_url":"https:\/\/www.caudete.org\/ayuntamiento\/se-ultiman-las-obras-de-reforma-en-el-centro-de-el-angel\/","og_site_name":"MI Ayuntamiento de Caudete","article_publisher":"https:\/\/www.facebook.com\/ayuntamientocaudete\/","article_published_time":"2021-09-22T11:19:40+00:00","article_modified_time":"2021-09-22T12:09:27+00:00","og_image":[{"width":1024,"height":576,"url":"https:\/\/www.caudete.org\/ayuntamiento\/wp-content\/uploads\/2021\/09\/El-Angel-1024x576.png","type":"image\/png"}],"author":"alcalde","twitter_card":"summary_large_image","twitter_misc":{"Escrito por":"alcalde","Tiempo de lectura":"1 minuto"},"schema":{"@context":"https:\/\/schema.org","@graph":[{"@type":"Article","@id":"https:\/\/www.caudete.org\/ayuntamiento\/se-ultiman-las-obras-de-reforma-en-el-centro-de-el-angel\/#article","isPartOf":{"@id":"https:\/\/www.caudete.org\/ayuntamiento\/se-ultiman-las-obras-de-reforma-en-el-centro-de-el-angel\/"},"author":{"name":"alcalde","@id":"https:\/\/www.caudete.org\/ayuntamiento\/#\/schema\/person\/cc646da9133078ee4d8dd47457947253"},"headline":"Se ultiman las obras de reforma en el Centro de EL ANGEL","datePublished":"2021-09-22T11:19:40+00:00","dateModified":"2021-09-22T12:09:27+00:00","mainEntityOfPage":{"@id":"https:\/\/www.caudete.org\/ayuntamiento\/se-ultiman-las-obras-de-reforma-en-el-centro-de-el-angel\/"},"wordCount":164,"image":{"@id":"https:\/\/www.caudete.org\/ayuntamiento\/se-ultiman-las-obras-de-reforma-en-el-centro-de-el-angel\/#primaryimage"},"thumbnailUrl":"https:\/\/www.caudete.org\/ayuntamiento\/wp-content\/uploads\/2021\/09\/El-Angel.png","articleSection":["Bienestar Social -"],"inLanguage":"es"},{"@type":"WebPage","@id":"https:\/\/www.caudete.org\/ayuntamiento\/se-ultiman-las-obras-de-reforma-en-el-centro-de-el-angel\/","url":"https:\/\/www.caudete.org\/ayuntamiento\/se-ultiman-las-obras-de-reforma-en-el-centro-de-el-angel\/","name":"Se ultiman las obras de reforma en el Centro de EL ANGEL - MI Ayuntamiento de Caudete","isPartOf":{"@id":"https:\/\/www.caudete.org\/ayuntamiento\/#website"},"primaryImageOfPage":{"@id":"https:\/\/www.caudete.org\/ayuntamiento\/se-ultiman-las-obras-de-reforma-en-el-centro-de-el-angel\/#primaryimage"},"image":{"@id":"https:\/\/www.caudete.org\/ayuntamiento\/se-ultiman-las-obras-de-reforma-en-el-centro-de-el-angel\/#primaryimage"},"thumbnailUrl":"https:\/\/www.caudete.org\/ayuntamiento\/wp-content\/uploads\/2021\/09\/El-Angel.png","datePublished":"2021-09-22T11:19:40+00:00","dateModified":"2021-09-22T12:09:27+00:00","author":{"@id":"https:\/\/www.caudete.org\/ayuntamiento\/#\/schema\/person\/cc646da9133078ee4d8dd47457947253"},"description":"P\u00e1gina Oficial del Ayuntamiento de Caudete (Albacete)","breadcrumb":{"@id":"https:\/\/www.caudete.org\/ayuntamiento\/se-ultiman-las-obras-de-reforma-en-el-centro-de-el-angel\/#breadcrumb"},"inLanguage":"es","potentialAction":[{"@type":"ReadAction","target":["https:\/\/www.caudete.org\/ayuntamiento\/se-ultiman-las-obras-de-reforma-en-el-centro-de-el-angel\/"]}]},{"@type":"ImageObject","inLanguage":"es","@id":"https:\/\/www.caudete.org\/ayuntamiento\/se-ultiman-las-obras-de-reforma-en-el-centro-de-el-angel\/#primaryimage","url":"https:\/\/www.caudete.org\/ayuntamiento\/wp-content\/uploads\/2021\/09\/El-Angel.png","contentUrl":"https:\/\/www.caudete.org\/ayuntamiento\/wp-content\/uploads\/2021\/09\/El-Angel.png","width":1920,"height":1080},{"@type":"BreadcrumbList","@id":"https:\/\/www.caudete.org\/ayuntamiento\/se-ultiman-las-obras-de-reforma-en-el-centro-de-el-angel\/#breadcrumb","itemListElement":[{"@type":"ListItem","position":1,"name":"Inicio","item":"https:\/\/www.caudete.org\/ayuntamiento\/"},{"@type":"ListItem","position":2,"name":"Se ultiman las obras de reforma en el Centro de EL ANGEL"}]},{"@type":"WebSite","@id":"https:\/\/www.caudete.org\/ayuntamiento\/#website","url":"https:\/\/www.caudete.org\/ayuntamiento\/","name":"MI Ayuntamiento de Caudete","description":"P\u00e1gina Oficial del MI Ayuntamiento de Caudete","potentialAction":[{"@type":"SearchAction","target":{"@type":"EntryPoint","urlTemplate":"https:\/\/www.caudete.org\/ayuntamiento\/?s={search_term_string}"},"query-input":{"@type":"PropertyValueSpecification","valueRequired":true,"valueName":"search_term_string"}}],"inLanguage":"es"},{"@type":"Person","@id":"https:\/\/www.caudete.org\/ayuntamiento\/#\/schema\/person\/cc646da9133078ee4d8dd47457947253","name":"alcalde","image":{"@type":"ImageObject","inLanguage":"es","@id":"https:\/\/secure.gravatar.com\/avatar\/84a817ba065b29ff08d666b215a215f5c79186a645ccb25b14a663d48a130f77?s=96&d=mm&r=g","url":"https:\/\/secure.gravatar.com\/avatar\/84a817ba065b29ff08d666b215a215f5c79186a645ccb25b14a663d48a130f77?s=96&d=mm&r=g","contentUrl":"https:\/\/secure.gravatar.com\/avatar\/84a817ba065b29ff08d666b215a215f5c79186a645ccb25b14a663d48a130f77?s=96&d=mm&r=g","caption":"alcalde"},"url":"https:\/\/www.caudete.org\/ayuntamiento\/author\/alcalde\/"}]}},"_links":{"self":[{"href":"https:\/\/www.caudete.org\/ayuntamiento\/wp-json\/wp\/v2\/posts\/16249","targetHints":{"allow":["GET"]}}],"collection":[{"href":"https:\/\/www.caudete.org\/ayuntamiento\/wp-json\/wp\/v2\/posts"}],"about":[{"href":"https:\/\/www.caudete.org\/ayuntamiento\/wp-json\/wp\/v2\/types\/post"}],"author":[{"embeddable":true,"href":"https:\/\/www.caudete.org\/ayuntamiento\/wp-json\/wp\/v2\/users\/3"}],"replies":[{"embeddable":true,"href":"https:\/\/www.caudete.org\/ayuntamiento\/wp-json\/wp\/v2\/comments?post=16249"}],"version-history":[{"count":4,"href":"https:\/\/www.caudete.org\/ayuntamiento\/wp-json\/wp\/v2\/posts\/16249\/revisions"}],"predecessor-version":[{"id":16260,"href":"https:\/\/www.caudete.org\/ayuntamiento\/wp-json\/wp\/v2\/posts\/16249\/revisions\/16260"}],"wp:featuredmedia":[{"embeddable":true,"href":"https:\/\/www.caudete.org\/ayuntamiento\/wp-json\/wp\/v2\/media\/16251"}],"wp:attachment":[{"href":"https:\/\/www.caudete.org\/ayuntamiento\/wp-json\/wp\/v2\/media?parent=16249"}],"wp:term":[{"taxonomy":"category","embeddable":true,"href":"https:\/\/www.caudete.org\/ayuntamiento\/wp-json\/wp\/v2\/categories?post=16249"},{"taxonomy":"post_tag","embeddable":true,"href":"https:\/\/www.caudete.org\/ayuntamiento\/wp-json\/wp\/v2\/tags?post=16249"}],"curies":[{"name":"wp","href":"https:\/\/api.w.org\/{rel}","templated":true}]}}