{"id":16255,"date":"2021-09-22T13:44:35","date_gmt":"2021-09-22T11:44:35","guid":{"rendered":"https:\/\/www.caudete.org\/ayuntamiento\/?p=16255"},"modified":"2021-09-22T14:09:45","modified_gmt":"2021-09-22T12:09:45","slug":"el-peezrd-realizara-mejoras-en-el-entorno-de-la-charca-de-la-toconera","status":"publish","type":"post","link":"https:\/\/www.caudete.org\/ayuntamiento\/el-peezrd-realizara-mejoras-en-el-entorno-de-la-charca-de-la-toconera\/","title":{"rendered":"El PEEZRD realizar\u00e1 mejoras en el entorno de la Charca de La Toconera"},"content":{"rendered":"<p style=\"text-align: justify;\">Adem\u00e1s de los Albergues del <em>Granillo<\/em> y <em>La Toconera<\/em>, el mismo grupo del PEEZRD compuesto por 6 operarios tienen proyectado realizar mejoras ambientales concretas en este espacio natural.<\/p>\n<p style=\"text-align: justify;\">Una de esas actuaciones trata de acondicionar el entorno de <em>La Charca<\/em>, para lo cual se ha fijado como tareas la reparaci\u00f3n del vallado perimetral de la misma y su pintado, la limpieza de dicho espacio, y la poda de la vegetaci\u00f3n pr\u00f3xima.<\/p>\n<p style=\"text-align: justify;\">El objetivo es mantener en las mejores condiciones posibles el entorno natural de Caudete, para un correcto uso y disfrute, el decoro y la minimizaci\u00f3n de riesgos de incendio o colisiones, ya que la vegetaci\u00f3n pr\u00f3xima requiere de una limpieza y poda.<\/p>\n<p style=\"text-align: justify;\">Hace unos d\u00edas conclu\u00eda tambi\u00e9n el aporte de agua a la propia charca, tras un verano extremadamente caluroso y seco, en el que su recarga natural no se ha producido por la inexistencia de lluvias, y donde el aporte del agua subterr\u00e1nea ha sido m\u00ednimo debido a la misma circunstancia. Estos aportes extraordinarios de agua son habituales en veranos como el de este a\u00f1o.<\/p>\n<p><a href=\"https:\/\/www.caudete.org\/ayuntamiento\/wp-content\/uploads\/2021\/09\/charca-patos-1.png\" rel='prettyPhoto'><img fetchpriority=\"high\" decoding=\"async\" class=\"aligncenter wp-image-16257 size-medium\" src=\"https:\/\/www.caudete.org\/ayuntamiento\/wp-content\/uploads\/2021\/09\/charca-patos-1-300x169.png\" alt=\"\" width=\"300\" height=\"169\" srcset=\"https:\/\/www.caudete.org\/ayuntamiento\/wp-content\/uploads\/2021\/09\/charca-patos-1-300x169.png 300w, https:\/\/www.caudete.org\/ayuntamiento\/wp-content\/uploads\/2021\/09\/charca-patos-1-1024x576.png 1024w, https:\/\/www.caudete.org\/ayuntamiento\/wp-content\/uploads\/2021\/09\/charca-patos-1-768x432.png 768w, https:\/\/www.caudete.org\/ayuntamiento\/wp-content\/uploads\/2021\/09\/charca-patos-1-1536x864.png 1536w, https:\/\/www.caudete.org\/ayuntamiento\/wp-content\/uploads\/2021\/09\/charca-patos-1.png 1920w\" sizes=\"(max-width: 300px) 100vw, 300px\" \/><\/a><\/p>\n","protected":false},"excerpt":{"rendered":"<p>Adem\u00e1s de los Albergues del Granillo y La Toconera, el mismo grupo del PEEZRD compuesto por 6 operarios tienen proyectado realizar mejoras ambientales concretas en este espacio natural. Una de esas actuaciones trata de acondicionar el entorno de La Charca, para lo cual se ha fijado como tareas la reparaci\u00f3n del vallado perimetral de la &hellip;<\/p>\n","protected":false},"author":3,"featured_media":16256,"comment_status":"closed","ping_status":"open","sticky":false,"template":"","format":"standard","meta":{"ngg_post_thumbnail":0,"footnotes":""},"categories":[29],"tags":[],"class_list":["post-16255","post","type-post","status-publish","format-standard","has-post-thumbnail","hentry","category-medio-ambiente"],"yoast_head":"<!-- This site is optimized with the Yoast SEO plugin v27.5 - https:\/\/yoast.com\/product\/yoast-seo-wordpress\/ -->\n<title>El PEEZRD realizar\u00e1 mejoras en el entorno de la Charca de La Toconera - MI Ayuntamiento de Caudete<\/title>\n<meta name=\"description\" content=\"P\u00e1gina Oficial del Ayuntamiento de Caudete (Albacete)\" \/>\n<meta name=\"robots\" content=\"index, follow, max-snippet:-1, max-image-preview:large, max-video-preview:-1\" \/>\n<link rel=\"canonical\" href=\"https:\/\/www.caudete.org\/ayuntamiento\/el-peezrd-realizara-mejoras-en-el-entorno-de-la-charca-de-la-toconera\/\" \/>\n<meta property=\"og:locale\" content=\"es_ES\" \/>\n<meta property=\"og:type\" content=\"article\" \/>\n<meta property=\"og:title\" content=\"El PEEZRD realizar\u00e1 mejoras en el entorno de la Charca de La Toconera - MI Ayuntamiento de Caudete\" \/>\n<meta property=\"og:description\" content=\"P\u00e1gina Oficial del Ayuntamiento de Caudete (Albacete)\" \/>\n<meta property=\"og:url\" content=\"https:\/\/www.caudete.org\/ayuntamiento\/el-peezrd-realizara-mejoras-en-el-entorno-de-la-charca-de-la-toconera\/\" \/>\n<meta property=\"og:site_name\" content=\"MI Ayuntamiento de Caudete\" \/>\n<meta property=\"article:publisher\" content=\"https:\/\/www.facebook.com\/ayuntamientocaudete\/\" \/>\n<meta property=\"article:published_time\" content=\"2021-09-22T11:44:35+00:00\" \/>\n<meta property=\"article:modified_time\" content=\"2021-09-22T12:09:45+00:00\" \/>\n<meta property=\"og:image\" content=\"https:\/\/www.caudete.org\/ayuntamiento\/wp-content\/uploads\/2021\/09\/charca-patos-2-1024x576.png\" \/>\n\t<meta property=\"og:image:width\" content=\"1024\" \/>\n\t<meta property=\"og:image:height\" content=\"576\" \/>\n\t<meta property=\"og:image:type\" content=\"image\/png\" \/>\n<meta name=\"author\" content=\"alcalde\" \/>\n<meta name=\"twitter:card\" content=\"summary_large_image\" \/>\n<meta name=\"twitter:label1\" content=\"Escrito por\" \/>\n\t<meta name=\"twitter:data1\" content=\"alcalde\" \/>\n\t<meta name=\"twitter:label2\" content=\"Tiempo de lectura\" \/>\n\t<meta name=\"twitter:data2\" content=\"1 minuto\" \/>\n<script type=\"application\/ld+json\" class=\"yoast-schema-graph\">{\"@context\":\"https:\\\/\\\/schema.org\",\"@graph\":[{\"@type\":\"Article\",\"@id\":\"https:\\\/\\\/www.caudete.org\\\/ayuntamiento\\\/el-peezrd-realizara-mejoras-en-el-entorno-de-la-charca-de-la-toconera\\\/#article\",\"isPartOf\":{\"@id\":\"https:\\\/\\\/www.caudete.org\\\/ayuntamiento\\\/el-peezrd-realizara-mejoras-en-el-entorno-de-la-charca-de-la-toconera\\\/\"},\"author\":{\"name\":\"alcalde\",\"@id\":\"https:\\\/\\\/www.caudete.org\\\/ayuntamiento\\\/#\\\/schema\\\/person\\\/cc646da9133078ee4d8dd47457947253\"},\"headline\":\"El PEEZRD realizar\u00e1 mejoras en el entorno de la Charca de La Toconera\",\"datePublished\":\"2021-09-22T11:44:35+00:00\",\"dateModified\":\"2021-09-22T12:09:45+00:00\",\"mainEntityOfPage\":{\"@id\":\"https:\\\/\\\/www.caudete.org\\\/ayuntamiento\\\/el-peezrd-realizara-mejoras-en-el-entorno-de-la-charca-de-la-toconera\\\/\"},\"wordCount\":202,\"image\":{\"@id\":\"https:\\\/\\\/www.caudete.org\\\/ayuntamiento\\\/el-peezrd-realizara-mejoras-en-el-entorno-de-la-charca-de-la-toconera\\\/#primaryimage\"},\"thumbnailUrl\":\"https:\\\/\\\/www.caudete.org\\\/ayuntamiento\\\/wp-content\\\/uploads\\\/2021\\\/09\\\/charca-patos-2.png\",\"articleSection\":[\"Medio Ambiente\"],\"inLanguage\":\"es\"},{\"@type\":\"WebPage\",\"@id\":\"https:\\\/\\\/www.caudete.org\\\/ayuntamiento\\\/el-peezrd-realizara-mejoras-en-el-entorno-de-la-charca-de-la-toconera\\\/\",\"url\":\"https:\\\/\\\/www.caudete.org\\\/ayuntamiento\\\/el-peezrd-realizara-mejoras-en-el-entorno-de-la-charca-de-la-toconera\\\/\",\"name\":\"El PEEZRD realizar\u00e1 mejoras en el entorno de la Charca de La Toconera - MI Ayuntamiento de Caudete\",\"isPartOf\":{\"@id\":\"https:\\\/\\\/www.caudete.org\\\/ayuntamiento\\\/#website\"},\"primaryImageOfPage\":{\"@id\":\"https:\\\/\\\/www.caudete.org\\\/ayuntamiento\\\/el-peezrd-realizara-mejoras-en-el-entorno-de-la-charca-de-la-toconera\\\/#primaryimage\"},\"image\":{\"@id\":\"https:\\\/\\\/www.caudete.org\\\/ayuntamiento\\\/el-peezrd-realizara-mejoras-en-el-entorno-de-la-charca-de-la-toconera\\\/#primaryimage\"},\"thumbnailUrl\":\"https:\\\/\\\/www.caudete.org\\\/ayuntamiento\\\/wp-content\\\/uploads\\\/2021\\\/09\\\/charca-patos-2.png\",\"datePublished\":\"2021-09-22T11:44:35+00:00\",\"dateModified\":\"2021-09-22T12:09:45+00:00\",\"author\":{\"@id\":\"https:\\\/\\\/www.caudete.org\\\/ayuntamiento\\\/#\\\/schema\\\/person\\\/cc646da9133078ee4d8dd47457947253\"},\"description\":\"P\u00e1gina Oficial del Ayuntamiento de Caudete (Albacete)\",\"breadcrumb\":{\"@id\":\"https:\\\/\\\/www.caudete.org\\\/ayuntamiento\\\/el-peezrd-realizara-mejoras-en-el-entorno-de-la-charca-de-la-toconera\\\/#breadcrumb\"},\"inLanguage\":\"es\",\"potentialAction\":[{\"@type\":\"ReadAction\",\"target\":[\"https:\\\/\\\/www.caudete.org\\\/ayuntamiento\\\/el-peezrd-realizara-mejoras-en-el-entorno-de-la-charca-de-la-toconera\\\/\"]}]},{\"@type\":\"ImageObject\",\"inLanguage\":\"es\",\"@id\":\"https:\\\/\\\/www.caudete.org\\\/ayuntamiento\\\/el-peezrd-realizara-mejoras-en-el-entorno-de-la-charca-de-la-toconera\\\/#primaryimage\",\"url\":\"https:\\\/\\\/www.caudete.org\\\/ayuntamiento\\\/wp-content\\\/uploads\\\/2021\\\/09\\\/charca-patos-2.png\",\"contentUrl\":\"https:\\\/\\\/www.caudete.org\\\/ayuntamiento\\\/wp-content\\\/uploads\\\/2021\\\/09\\\/charca-patos-2.png\",\"width\":1920,\"height\":1080},{\"@type\":\"BreadcrumbList\",\"@id\":\"https:\\\/\\\/www.caudete.org\\\/ayuntamiento\\\/el-peezrd-realizara-mejoras-en-el-entorno-de-la-charca-de-la-toconera\\\/#breadcrumb\",\"itemListElement\":[{\"@type\":\"ListItem\",\"position\":1,\"name\":\"Inicio\",\"item\":\"https:\\\/\\\/www.caudete.org\\\/ayuntamiento\\\/\"},{\"@type\":\"ListItem\",\"position\":2,\"name\":\"El PEEZRD realizar\u00e1 mejoras en el entorno de la Charca de La Toconera\"}]},{\"@type\":\"WebSite\",\"@id\":\"https:\\\/\\\/www.caudete.org\\\/ayuntamiento\\\/#website\",\"url\":\"https:\\\/\\\/www.caudete.org\\\/ayuntamiento\\\/\",\"name\":\"MI Ayuntamiento de Caudete\",\"description\":\"P\u00e1gina Oficial del MI Ayuntamiento de Caudete\",\"potentialAction\":[{\"@type\":\"SearchAction\",\"target\":{\"@type\":\"EntryPoint\",\"urlTemplate\":\"https:\\\/\\\/www.caudete.org\\\/ayuntamiento\\\/?s={search_term_string}\"},\"query-input\":{\"@type\":\"PropertyValueSpecification\",\"valueRequired\":true,\"valueName\":\"search_term_string\"}}],\"inLanguage\":\"es\"},{\"@type\":\"Person\",\"@id\":\"https:\\\/\\\/www.caudete.org\\\/ayuntamiento\\\/#\\\/schema\\\/person\\\/cc646da9133078ee4d8dd47457947253\",\"name\":\"alcalde\",\"image\":{\"@type\":\"ImageObject\",\"inLanguage\":\"es\",\"@id\":\"https:\\\/\\\/secure.gravatar.com\\\/avatar\\\/84a817ba065b29ff08d666b215a215f5c79186a645ccb25b14a663d48a130f77?s=96&d=mm&r=g\",\"url\":\"https:\\\/\\\/secure.gravatar.com\\\/avatar\\\/84a817ba065b29ff08d666b215a215f5c79186a645ccb25b14a663d48a130f77?s=96&d=mm&r=g\",\"contentUrl\":\"https:\\\/\\\/secure.gravatar.com\\\/avatar\\\/84a817ba065b29ff08d666b215a215f5c79186a645ccb25b14a663d48a130f77?s=96&d=mm&r=g\",\"caption\":\"alcalde\"},\"url\":\"https:\\\/\\\/www.caudete.org\\\/ayuntamiento\\\/author\\\/alcalde\\\/\"}]}<\/script>\n<!-- \/ Yoast SEO plugin. -->","yoast_head_json":{"title":"El PEEZRD realizar\u00e1 mejoras en el entorno de la Charca de La Toconera - MI Ayuntamiento de Caudete","description":"P\u00e1gina Oficial del Ayuntamiento de Caudete (Albacete)","robots":{"index":"index","follow":"follow","max-snippet":"max-snippet:-1","max-image-preview":"max-image-preview:large","max-video-preview":"max-video-preview:-1"},"canonical":"https:\/\/www.caudete.org\/ayuntamiento\/el-peezrd-realizara-mejoras-en-el-entorno-de-la-charca-de-la-toconera\/","og_locale":"es_ES","og_type":"article","og_title":"El PEEZRD realizar\u00e1 mejoras en el entorno de la Charca de La Toconera - MI Ayuntamiento de Caudete","og_description":"P\u00e1gina Oficial del Ayuntamiento de Caudete (Albacete)","og_url":"https:\/\/www.caudete.org\/ayuntamiento\/el-peezrd-realizara-mejoras-en-el-entorno-de-la-charca-de-la-toconera\/","og_site_name":"MI Ayuntamiento de Caudete","article_publisher":"https:\/\/www.facebook.com\/ayuntamientocaudete\/","article_published_time":"2021-09-22T11:44:35+00:00","article_modified_time":"2021-09-22T12:09:45+00:00","og_image":[{"width":1024,"height":576,"url":"https:\/\/www.caudete.org\/ayuntamiento\/wp-content\/uploads\/2021\/09\/charca-patos-2-1024x576.png","type":"image\/png"}],"author":"alcalde","twitter_card":"summary_large_image","twitter_misc":{"Escrito por":"alcalde","Tiempo de lectura":"1 minuto"},"schema":{"@context":"https:\/\/schema.org","@graph":[{"@type":"Article","@id":"https:\/\/www.caudete.org\/ayuntamiento\/el-peezrd-realizara-mejoras-en-el-entorno-de-la-charca-de-la-toconera\/#article","isPartOf":{"@id":"https:\/\/www.caudete.org\/ayuntamiento\/el-peezrd-realizara-mejoras-en-el-entorno-de-la-charca-de-la-toconera\/"},"author":{"name":"alcalde","@id":"https:\/\/www.caudete.org\/ayuntamiento\/#\/schema\/person\/cc646da9133078ee4d8dd47457947253"},"headline":"El PEEZRD realizar\u00e1 mejoras en el entorno de la Charca de La Toconera","datePublished":"2021-09-22T11:44:35+00:00","dateModified":"2021-09-22T12:09:45+00:00","mainEntityOfPage":{"@id":"https:\/\/www.caudete.org\/ayuntamiento\/el-peezrd-realizara-mejoras-en-el-entorno-de-la-charca-de-la-toconera\/"},"wordCount":202,"image":{"@id":"https:\/\/www.caudete.org\/ayuntamiento\/el-peezrd-realizara-mejoras-en-el-entorno-de-la-charca-de-la-toconera\/#primaryimage"},"thumbnailUrl":"https:\/\/www.caudete.org\/ayuntamiento\/wp-content\/uploads\/2021\/09\/charca-patos-2.png","articleSection":["Medio Ambiente"],"inLanguage":"es"},{"@type":"WebPage","@id":"https:\/\/www.caudete.org\/ayuntamiento\/el-peezrd-realizara-mejoras-en-el-entorno-de-la-charca-de-la-toconera\/","url":"https:\/\/www.caudete.org\/ayuntamiento\/el-peezrd-realizara-mejoras-en-el-entorno-de-la-charca-de-la-toconera\/","name":"El PEEZRD realizar\u00e1 mejoras en el entorno de la Charca de La Toconera - MI Ayuntamiento de Caudete","isPartOf":{"@id":"https:\/\/www.caudete.org\/ayuntamiento\/#website"},"primaryImageOfPage":{"@id":"https:\/\/www.caudete.org\/ayuntamiento\/el-peezrd-realizara-mejoras-en-el-entorno-de-la-charca-de-la-toconera\/#primaryimage"},"image":{"@id":"https:\/\/www.caudete.org\/ayuntamiento\/el-peezrd-realizara-mejoras-en-el-entorno-de-la-charca-de-la-toconera\/#primaryimage"},"thumbnailUrl":"https:\/\/www.caudete.org\/ayuntamiento\/wp-content\/uploads\/2021\/09\/charca-patos-2.png","datePublished":"2021-09-22T11:44:35+00:00","dateModified":"2021-09-22T12:09:45+00:00","author":{"@id":"https:\/\/www.caudete.org\/ayuntamiento\/#\/schema\/person\/cc646da9133078ee4d8dd47457947253"},"description":"P\u00e1gina Oficial del Ayuntamiento de Caudete (Albacete)","breadcrumb":{"@id":"https:\/\/www.caudete.org\/ayuntamiento\/el-peezrd-realizara-mejoras-en-el-entorno-de-la-charca-de-la-toconera\/#breadcrumb"},"inLanguage":"es","potentialAction":[{"@type":"ReadAction","target":["https:\/\/www.caudete.org\/ayuntamiento\/el-peezrd-realizara-mejoras-en-el-entorno-de-la-charca-de-la-toconera\/"]}]},{"@type":"ImageObject","inLanguage":"es","@id":"https:\/\/www.caudete.org\/ayuntamiento\/el-peezrd-realizara-mejoras-en-el-entorno-de-la-charca-de-la-toconera\/#primaryimage","url":"https:\/\/www.caudete.org\/ayuntamiento\/wp-content\/uploads\/2021\/09\/charca-patos-2.png","contentUrl":"https:\/\/www.caudete.org\/ayuntamiento\/wp-content\/uploads\/2021\/09\/charca-patos-2.png","width":1920,"height":1080},{"@type":"BreadcrumbList","@id":"https:\/\/www.caudete.org\/ayuntamiento\/el-peezrd-realizara-mejoras-en-el-entorno-de-la-charca-de-la-toconera\/#breadcrumb","itemListElement":[{"@type":"ListItem","position":1,"name":"Inicio","item":"https:\/\/www.caudete.org\/ayuntamiento\/"},{"@type":"ListItem","position":2,"name":"El PEEZRD realizar\u00e1 mejoras en el entorno de la Charca de La Toconera"}]},{"@type":"WebSite","@id":"https:\/\/www.caudete.org\/ayuntamiento\/#website","url":"https:\/\/www.caudete.org\/ayuntamiento\/","name":"MI Ayuntamiento de Caudete","description":"P\u00e1gina Oficial del MI Ayuntamiento de Caudete","potentialAction":[{"@type":"SearchAction","target":{"@type":"EntryPoint","urlTemplate":"https:\/\/www.caudete.org\/ayuntamiento\/?s={search_term_string}"},"query-input":{"@type":"PropertyValueSpecification","valueRequired":true,"valueName":"search_term_string"}}],"inLanguage":"es"},{"@type":"Person","@id":"https:\/\/www.caudete.org\/ayuntamiento\/#\/schema\/person\/cc646da9133078ee4d8dd47457947253","name":"alcalde","image":{"@type":"ImageObject","inLanguage":"es","@id":"https:\/\/secure.gravatar.com\/avatar\/84a817ba065b29ff08d666b215a215f5c79186a645ccb25b14a663d48a130f77?s=96&d=mm&r=g","url":"https:\/\/secure.gravatar.com\/avatar\/84a817ba065b29ff08d666b215a215f5c79186a645ccb25b14a663d48a130f77?s=96&d=mm&r=g","contentUrl":"https:\/\/secure.gravatar.com\/avatar\/84a817ba065b29ff08d666b215a215f5c79186a645ccb25b14a663d48a130f77?s=96&d=mm&r=g","caption":"alcalde"},"url":"https:\/\/www.caudete.org\/ayuntamiento\/author\/alcalde\/"}]}},"_links":{"self":[{"href":"https:\/\/www.caudete.org\/ayuntamiento\/wp-json\/wp\/v2\/posts\/16255","targetHints":{"allow":["GET"]}}],"collection":[{"href":"https:\/\/www.caudete.org\/ayuntamiento\/wp-json\/wp\/v2\/posts"}],"about":[{"href":"https:\/\/www.caudete.org\/ayuntamiento\/wp-json\/wp\/v2\/types\/post"}],"author":[{"embeddable":true,"href":"https:\/\/www.caudete.org\/ayuntamiento\/wp-json\/wp\/v2\/users\/3"}],"replies":[{"embeddable":true,"href":"https:\/\/www.caudete.org\/ayuntamiento\/wp-json\/wp\/v2\/comments?post=16255"}],"version-history":[{"count":2,"href":"https:\/\/www.caudete.org\/ayuntamiento\/wp-json\/wp\/v2\/posts\/16255\/revisions"}],"predecessor-version":[{"id":16261,"href":"https:\/\/www.caudete.org\/ayuntamiento\/wp-json\/wp\/v2\/posts\/16255\/revisions\/16261"}],"wp:featuredmedia":[{"embeddable":true,"href":"https:\/\/www.caudete.org\/ayuntamiento\/wp-json\/wp\/v2\/media\/16256"}],"wp:attachment":[{"href":"https:\/\/www.caudete.org\/ayuntamiento\/wp-json\/wp\/v2\/media?parent=16255"}],"wp:term":[{"taxonomy":"category","embeddable":true,"href":"https:\/\/www.caudete.org\/ayuntamiento\/wp-json\/wp\/v2\/categories?post=16255"},{"taxonomy":"post_tag","embeddable":true,"href":"https:\/\/www.caudete.org\/ayuntamiento\/wp-json\/wp\/v2\/tags?post=16255"}],"curies":[{"name":"wp","href":"https:\/\/api.w.org\/{rel}","templated":true}]}}