{"id":16274,"date":"2021-09-24T12:54:58","date_gmt":"2021-09-24T10:54:58","guid":{"rendered":"https:\/\/www.caudete.org\/ayuntamiento\/?p=16274"},"modified":"2021-09-24T15:15:37","modified_gmt":"2021-09-24T13:15:37","slug":"caudeteemprende-con-el-despacho-olas-de-vida-psicologia-de-pilar-gallur-en-calle-mayor-15","status":"publish","type":"post","link":"https:\/\/www.caudete.org\/ayuntamiento\/caudeteemprende-con-el-despacho-olas-de-vida-psicologia-de-pilar-gallur-en-calle-mayor-15\/","title":{"rendered":"CaudeteEMPRENDE: con el Despacho \u201cOLAS DE VIDA PSICOLOG\u00cdA\u201d de Pilar Gallur en calle Mayor, 15"},"content":{"rendered":"<p style=\"text-align: justify;\">Una semana m\u00e1s, la Concejal\u00eda de Comercio que dirige el edil Diego Cuenca Olivares, contin\u00faa con\u00a0 la campa\u00f1a\u00a0<strong>CaudeteEMPRENDE<\/strong>, desde donde nos presenta hoy <strong>\u201cOlas de vida Psicolog\u00eda\u201d<\/strong> en <strong>Calle Mayor 15<\/strong>.<\/p>\n<p style=\"text-align: justify;\">Pilar lleva trabajando 10 a\u00f1os como psic\u00f3loga en el \u00e1mbito de lo social y en su despacho privado situado en Valencia. Su labor en los \u00faltimos dos a\u00f1os se ha focalizado en la atenci\u00f3n familiar, en concreto en el acompa\u00f1amiento para la recuperaci\u00f3n integral de v\u00edctimas de violencia de g\u00e9nero y la reparaci\u00f3n del v\u00ednculo madre-hijo\/a. Por lo que en sus intervenciones apuesta por trabajar en la aceptaci\u00f3n de los traumas y las crisis vitales, en mirar\u00a0 de frente las situaciones dif\u00edciles y en la capacidad resiliente del ser humano, que es capaz de resurgir de sus cenizas cual Ave F\u00e9nix.<\/p>\n<p style=\"text-align: justify;\">Pilar comienza su proyecto de Olas de vida, con el nacimiento de su hijo. Sintiendo la necesidad de acompa\u00f1ar a en la maternidad y paternidad, a trav\u00e9s de sus escuelas de familia itinerantes, que a d\u00eda de hoy siguen en funcionamiento, como ella dice <em>\u201csembrando semillas de crianza consciente\u201d<\/em>.<\/p>\n<p style=\"text-align: justify;\">Despu\u00e9s de varios a\u00f1os, trabajando fuera de Caudete, Pilar sent\u00eda la necesidad de ofrecer sus servicios en el pueblo que tanto le ha hecho aprender y crecer. Tanta b\u00fasqueda hacia fuera, y llega un d\u00eda en el que el viaje est\u00e1 aqu\u00ed, en sus or\u00edgenes natales. Por ello decide ofrecer un espacio f\u00edsico, en el que poder acompa\u00f1ar a cualquier persona que necesite acompa\u00f1amiento terap\u00e9utico, ya sea por un duelo, una ruptura de pareja, prevenci\u00f3n de suicidio, crisis existenciales, necesidad de crecimiento personal, bullying, gesti\u00f3n emocional, etc.<\/p>\n<p style=\"text-align: justify;\">Adem\u00e1s, Pilar cuenta con la colaboraci\u00f3n de otra profesional, Eva Soli\u00f1o, especializada en Trastornos del Neurodesarrollo, Dificultades del aprendizaje, y todo lo relacionado en la Atenci\u00f3n Temprana y Post-temprana.<\/p>\n<p style=\"text-align: justify;\">Por otro lado, Pilar es Psic\u00f3loga Forense, especializada en Guardas y Custodias; Abuso sexual infantil; Malos tratos infantiles y Violencia de g\u00e9nero. Por lo que en este espacio se realizan informes para los procedimientos judiciales.<\/p>\n<p style=\"text-align: justify;\">Pilar agradece todo el apoyo familiar y de amistades, as\u00ed como a las personas que conf\u00edan en su labor y en su persona, pues sin ellos\/as no hubiera sido posible llevar a cabo este proyecto.\u00a0 Y sobre todo da las gracias a su hijo, que la inspira y le motiva para seguir adelante cumpliendo sue\u00f1os y quit\u00e1ndose miedos.<\/p>\n<p style=\"text-align: justify;\">Pilar tambi\u00e9n da las gracias tambi\u00e9n a la concejal\u00eda de comercio, a Diego y al c\u00e1mara Rafa por su cari\u00f1o y profesionalidad durante la entrevista, por dar visibilidad a todos los proyectos caudetanos.<\/p>\n<p style=\"text-align: justify;\">El Concejal le ha transmitido a Pilar la cercan\u00eda del Consistorio, le ha agradecido que haya apostado por Caudete y sus ciudadanos y le ha deseado mucha suerte.<\/p>\n<p style=\"text-align: justify;\"><strong>CaudeteEMPRENDE<\/strong> es una campa\u00f1a creada desde la Concejal\u00eda de Comercio con el objetivo\u00a0 de dar visibilidad y apoyo a los nuevos comercios de la localidad, acerc\u00e1ndolos a la ciudadan\u00eda a trav\u00e9s de las redes sociales del M.I. Ayuntamiento y la TV.<\/p>\n<p><a href=\"https:\/\/www.caudete.org\/ayuntamiento\/wp-content\/uploads\/2021\/09\/Pilar-Gallur-1.jpg\" rel='prettyPhoto'><img fetchpriority=\"high\" decoding=\"async\" class=\"aligncenter wp-image-16283 size-medium\" src=\"https:\/\/www.caudete.org\/ayuntamiento\/wp-content\/uploads\/2021\/09\/Pilar-Gallur-1-225x300.jpg\" alt=\"\" width=\"225\" height=\"300\" srcset=\"https:\/\/www.caudete.org\/ayuntamiento\/wp-content\/uploads\/2021\/09\/Pilar-Gallur-1-225x300.jpg 225w, https:\/\/www.caudete.org\/ayuntamiento\/wp-content\/uploads\/2021\/09\/Pilar-Gallur-1.jpg 768w\" sizes=\"(max-width: 225px) 100vw, 225px\" \/><\/a><\/p>\n<p>&nbsp;<\/p>\n","protected":false},"excerpt":{"rendered":"<p>Una semana m\u00e1s, la Concejal\u00eda de Comercio que dirige el edil Diego Cuenca Olivares, contin\u00faa con\u00a0 la campa\u00f1a\u00a0CaudeteEMPRENDE, desde donde nos presenta hoy \u201cOlas de vida Psicolog\u00eda\u201d en Calle Mayor 15. Pilar lleva trabajando 10 a\u00f1os como psic\u00f3loga en el \u00e1mbito de lo social y en su despacho privado situado en Valencia. Su labor en &hellip;<\/p>\n","protected":false},"author":2,"featured_media":16273,"comment_status":"closed","ping_status":"open","sticky":false,"template":"","format":"standard","meta":{"ngg_post_thumbnail":0,"footnotes":""},"categories":[42],"tags":[655,704],"class_list":["post-16274","post","type-post","status-publish","format-standard","has-post-thumbnail","hentry","category-comercio","tag-caudeteemprende","tag-olas-de-vida-psicologia"],"yoast_head":"<!-- This site is optimized with the Yoast SEO plugin v27.5 - https:\/\/yoast.com\/product\/yoast-seo-wordpress\/ -->\n<title>CaudeteEMPRENDE: con el Despacho \u201cOLAS DE VIDA PSICOLOG\u00cdA\u201d de Pilar Gallur en calle Mayor, 15 - MI Ayuntamiento de Caudete<\/title>\n<meta name=\"description\" content=\"P\u00e1gina Oficial del Ayuntamiento de Caudete (Albacete)\" \/>\n<meta name=\"robots\" content=\"index, follow, max-snippet:-1, max-image-preview:large, max-video-preview:-1\" \/>\n<link rel=\"canonical\" href=\"https:\/\/www.caudete.org\/ayuntamiento\/caudeteemprende-con-el-despacho-olas-de-vida-psicologia-de-pilar-gallur-en-calle-mayor-15\/\" \/>\n<meta property=\"og:locale\" content=\"es_ES\" \/>\n<meta property=\"og:type\" content=\"article\" \/>\n<meta property=\"og:title\" content=\"CaudeteEMPRENDE: con el Despacho \u201cOLAS DE VIDA PSICOLOG\u00cdA\u201d de Pilar Gallur en calle Mayor, 15 - MI Ayuntamiento de Caudete\" \/>\n<meta property=\"og:description\" content=\"P\u00e1gina Oficial del Ayuntamiento de Caudete (Albacete)\" \/>\n<meta property=\"og:url\" content=\"https:\/\/www.caudete.org\/ayuntamiento\/caudeteemprende-con-el-despacho-olas-de-vida-psicologia-de-pilar-gallur-en-calle-mayor-15\/\" \/>\n<meta property=\"og:site_name\" content=\"MI Ayuntamiento de Caudete\" \/>\n<meta property=\"article:publisher\" content=\"https:\/\/www.facebook.com\/ayuntamientocaudete\/\" \/>\n<meta property=\"article:published_time\" content=\"2021-09-24T10:54:58+00:00\" \/>\n<meta property=\"article:modified_time\" content=\"2021-09-24T13:15:37+00:00\" \/>\n<meta property=\"og:image\" content=\"https:\/\/www.caudete.org\/ayuntamiento\/wp-content\/uploads\/2021\/09\/Olas-de-Vida-WEB.jpg\" \/>\n\t<meta property=\"og:image:width\" content=\"864\" \/>\n\t<meta property=\"og:image:height\" content=\"380\" \/>\n\t<meta property=\"og:image:type\" content=\"image\/jpeg\" \/>\n<meta name=\"author\" content=\"Juan\" \/>\n<meta name=\"twitter:card\" content=\"summary_large_image\" \/>\n<meta name=\"twitter:label1\" content=\"Escrito por\" \/>\n\t<meta name=\"twitter:data1\" content=\"Juan\" \/>\n\t<meta name=\"twitter:label2\" content=\"Tiempo de lectura\" \/>\n\t<meta name=\"twitter:data2\" content=\"3 minutos\" \/>\n<script type=\"application\/ld+json\" class=\"yoast-schema-graph\">{\"@context\":\"https:\\\/\\\/schema.org\",\"@graph\":[{\"@type\":\"Article\",\"@id\":\"https:\\\/\\\/www.caudete.org\\\/ayuntamiento\\\/caudeteemprende-con-el-despacho-olas-de-vida-psicologia-de-pilar-gallur-en-calle-mayor-15\\\/#article\",\"isPartOf\":{\"@id\":\"https:\\\/\\\/www.caudete.org\\\/ayuntamiento\\\/caudeteemprende-con-el-despacho-olas-de-vida-psicologia-de-pilar-gallur-en-calle-mayor-15\\\/\"},\"author\":{\"name\":\"Juan\",\"@id\":\"https:\\\/\\\/www.caudete.org\\\/ayuntamiento\\\/#\\\/schema\\\/person\\\/7656a5bb58fca95b9814e940de0fda63\"},\"headline\":\"CaudeteEMPRENDE: con el Despacho \u201cOLAS DE VIDA PSICOLOG\u00cdA\u201d de Pilar Gallur en calle Mayor, 15\",\"datePublished\":\"2021-09-24T10:54:58+00:00\",\"dateModified\":\"2021-09-24T13:15:37+00:00\",\"mainEntityOfPage\":{\"@id\":\"https:\\\/\\\/www.caudete.org\\\/ayuntamiento\\\/caudeteemprende-con-el-despacho-olas-de-vida-psicologia-de-pilar-gallur-en-calle-mayor-15\\\/\"},\"wordCount\":563,\"image\":{\"@id\":\"https:\\\/\\\/www.caudete.org\\\/ayuntamiento\\\/caudeteemprende-con-el-despacho-olas-de-vida-psicologia-de-pilar-gallur-en-calle-mayor-15\\\/#primaryimage\"},\"thumbnailUrl\":\"https:\\\/\\\/www.caudete.org\\\/ayuntamiento\\\/wp-content\\\/uploads\\\/2021\\\/09\\\/Olas-de-Vida-WEB.jpg\",\"keywords\":[\"CaudeteEMPRENDE\",\"Olas de vida Psicologia\"],\"articleSection\":[\"Comercio\"],\"inLanguage\":\"es\"},{\"@type\":\"WebPage\",\"@id\":\"https:\\\/\\\/www.caudete.org\\\/ayuntamiento\\\/caudeteemprende-con-el-despacho-olas-de-vida-psicologia-de-pilar-gallur-en-calle-mayor-15\\\/\",\"url\":\"https:\\\/\\\/www.caudete.org\\\/ayuntamiento\\\/caudeteemprende-con-el-despacho-olas-de-vida-psicologia-de-pilar-gallur-en-calle-mayor-15\\\/\",\"name\":\"CaudeteEMPRENDE: con el Despacho \u201cOLAS DE VIDA PSICOLOG\u00cdA\u201d de Pilar Gallur en calle Mayor, 15 - MI Ayuntamiento de Caudete\",\"isPartOf\":{\"@id\":\"https:\\\/\\\/www.caudete.org\\\/ayuntamiento\\\/#website\"},\"primaryImageOfPage\":{\"@id\":\"https:\\\/\\\/www.caudete.org\\\/ayuntamiento\\\/caudeteemprende-con-el-despacho-olas-de-vida-psicologia-de-pilar-gallur-en-calle-mayor-15\\\/#primaryimage\"},\"image\":{\"@id\":\"https:\\\/\\\/www.caudete.org\\\/ayuntamiento\\\/caudeteemprende-con-el-despacho-olas-de-vida-psicologia-de-pilar-gallur-en-calle-mayor-15\\\/#primaryimage\"},\"thumbnailUrl\":\"https:\\\/\\\/www.caudete.org\\\/ayuntamiento\\\/wp-content\\\/uploads\\\/2021\\\/09\\\/Olas-de-Vida-WEB.jpg\",\"datePublished\":\"2021-09-24T10:54:58+00:00\",\"dateModified\":\"2021-09-24T13:15:37+00:00\",\"author\":{\"@id\":\"https:\\\/\\\/www.caudete.org\\\/ayuntamiento\\\/#\\\/schema\\\/person\\\/7656a5bb58fca95b9814e940de0fda63\"},\"description\":\"P\u00e1gina Oficial del Ayuntamiento de Caudete (Albacete)\",\"breadcrumb\":{\"@id\":\"https:\\\/\\\/www.caudete.org\\\/ayuntamiento\\\/caudeteemprende-con-el-despacho-olas-de-vida-psicologia-de-pilar-gallur-en-calle-mayor-15\\\/#breadcrumb\"},\"inLanguage\":\"es\",\"potentialAction\":[{\"@type\":\"ReadAction\",\"target\":[\"https:\\\/\\\/www.caudete.org\\\/ayuntamiento\\\/caudeteemprende-con-el-despacho-olas-de-vida-psicologia-de-pilar-gallur-en-calle-mayor-15\\\/\"]}]},{\"@type\":\"ImageObject\",\"inLanguage\":\"es\",\"@id\":\"https:\\\/\\\/www.caudete.org\\\/ayuntamiento\\\/caudeteemprende-con-el-despacho-olas-de-vida-psicologia-de-pilar-gallur-en-calle-mayor-15\\\/#primaryimage\",\"url\":\"https:\\\/\\\/www.caudete.org\\\/ayuntamiento\\\/wp-content\\\/uploads\\\/2021\\\/09\\\/Olas-de-Vida-WEB.jpg\",\"contentUrl\":\"https:\\\/\\\/www.caudete.org\\\/ayuntamiento\\\/wp-content\\\/uploads\\\/2021\\\/09\\\/Olas-de-Vida-WEB.jpg\",\"width\":864,\"height\":380},{\"@type\":\"BreadcrumbList\",\"@id\":\"https:\\\/\\\/www.caudete.org\\\/ayuntamiento\\\/caudeteemprende-con-el-despacho-olas-de-vida-psicologia-de-pilar-gallur-en-calle-mayor-15\\\/#breadcrumb\",\"itemListElement\":[{\"@type\":\"ListItem\",\"position\":1,\"name\":\"Inicio\",\"item\":\"https:\\\/\\\/www.caudete.org\\\/ayuntamiento\\\/\"},{\"@type\":\"ListItem\",\"position\":2,\"name\":\"CaudeteEMPRENDE: con el Despacho \u201cOLAS DE VIDA PSICOLOG\u00cdA\u201d de Pilar Gallur en calle Mayor, 15\"}]},{\"@type\":\"WebSite\",\"@id\":\"https:\\\/\\\/www.caudete.org\\\/ayuntamiento\\\/#website\",\"url\":\"https:\\\/\\\/www.caudete.org\\\/ayuntamiento\\\/\",\"name\":\"MI Ayuntamiento de Caudete\",\"description\":\"P\u00e1gina Oficial del MI Ayuntamiento de Caudete\",\"potentialAction\":[{\"@type\":\"SearchAction\",\"target\":{\"@type\":\"EntryPoint\",\"urlTemplate\":\"https:\\\/\\\/www.caudete.org\\\/ayuntamiento\\\/?s={search_term_string}\"},\"query-input\":{\"@type\":\"PropertyValueSpecification\",\"valueRequired\":true,\"valueName\":\"search_term_string\"}}],\"inLanguage\":\"es\"},{\"@type\":\"Person\",\"@id\":\"https:\\\/\\\/www.caudete.org\\\/ayuntamiento\\\/#\\\/schema\\\/person\\\/7656a5bb58fca95b9814e940de0fda63\",\"name\":\"Juan\",\"image\":{\"@type\":\"ImageObject\",\"inLanguage\":\"es\",\"@id\":\"https:\\\/\\\/secure.gravatar.com\\\/avatar\\\/dd53e51c0cd6ab23f52d4f3e4f1c59730240727763de3dbbf26750b079a2c292?s=96&d=mm&r=g\",\"url\":\"https:\\\/\\\/secure.gravatar.com\\\/avatar\\\/dd53e51c0cd6ab23f52d4f3e4f1c59730240727763de3dbbf26750b079a2c292?s=96&d=mm&r=g\",\"contentUrl\":\"https:\\\/\\\/secure.gravatar.com\\\/avatar\\\/dd53e51c0cd6ab23f52d4f3e4f1c59730240727763de3dbbf26750b079a2c292?s=96&d=mm&r=g\",\"caption\":\"Juan\"},\"url\":\"https:\\\/\\\/www.caudete.org\\\/ayuntamiento\\\/author\\\/centrodeinternet\\\/\"}]}<\/script>\n<!-- \/ Yoast SEO plugin. -->","yoast_head_json":{"title":"CaudeteEMPRENDE: con el Despacho \u201cOLAS DE VIDA PSICOLOG\u00cdA\u201d de Pilar Gallur en calle Mayor, 15 - MI Ayuntamiento de Caudete","description":"P\u00e1gina Oficial del Ayuntamiento de Caudete (Albacete)","robots":{"index":"index","follow":"follow","max-snippet":"max-snippet:-1","max-image-preview":"max-image-preview:large","max-video-preview":"max-video-preview:-1"},"canonical":"https:\/\/www.caudete.org\/ayuntamiento\/caudeteemprende-con-el-despacho-olas-de-vida-psicologia-de-pilar-gallur-en-calle-mayor-15\/","og_locale":"es_ES","og_type":"article","og_title":"CaudeteEMPRENDE: con el Despacho \u201cOLAS DE VIDA PSICOLOG\u00cdA\u201d de Pilar Gallur en calle Mayor, 15 - MI Ayuntamiento de Caudete","og_description":"P\u00e1gina Oficial del Ayuntamiento de Caudete (Albacete)","og_url":"https:\/\/www.caudete.org\/ayuntamiento\/caudeteemprende-con-el-despacho-olas-de-vida-psicologia-de-pilar-gallur-en-calle-mayor-15\/","og_site_name":"MI Ayuntamiento de Caudete","article_publisher":"https:\/\/www.facebook.com\/ayuntamientocaudete\/","article_published_time":"2021-09-24T10:54:58+00:00","article_modified_time":"2021-09-24T13:15:37+00:00","og_image":[{"width":864,"height":380,"url":"https:\/\/www.caudete.org\/ayuntamiento\/wp-content\/uploads\/2021\/09\/Olas-de-Vida-WEB.jpg","type":"image\/jpeg"}],"author":"Juan","twitter_card":"summary_large_image","twitter_misc":{"Escrito por":"Juan","Tiempo de lectura":"3 minutos"},"schema":{"@context":"https:\/\/schema.org","@graph":[{"@type":"Article","@id":"https:\/\/www.caudete.org\/ayuntamiento\/caudeteemprende-con-el-despacho-olas-de-vida-psicologia-de-pilar-gallur-en-calle-mayor-15\/#article","isPartOf":{"@id":"https:\/\/www.caudete.org\/ayuntamiento\/caudeteemprende-con-el-despacho-olas-de-vida-psicologia-de-pilar-gallur-en-calle-mayor-15\/"},"author":{"name":"Juan","@id":"https:\/\/www.caudete.org\/ayuntamiento\/#\/schema\/person\/7656a5bb58fca95b9814e940de0fda63"},"headline":"CaudeteEMPRENDE: con el Despacho \u201cOLAS DE VIDA PSICOLOG\u00cdA\u201d de Pilar Gallur en calle Mayor, 15","datePublished":"2021-09-24T10:54:58+00:00","dateModified":"2021-09-24T13:15:37+00:00","mainEntityOfPage":{"@id":"https:\/\/www.caudete.org\/ayuntamiento\/caudeteemprende-con-el-despacho-olas-de-vida-psicologia-de-pilar-gallur-en-calle-mayor-15\/"},"wordCount":563,"image":{"@id":"https:\/\/www.caudete.org\/ayuntamiento\/caudeteemprende-con-el-despacho-olas-de-vida-psicologia-de-pilar-gallur-en-calle-mayor-15\/#primaryimage"},"thumbnailUrl":"https:\/\/www.caudete.org\/ayuntamiento\/wp-content\/uploads\/2021\/09\/Olas-de-Vida-WEB.jpg","keywords":["CaudeteEMPRENDE","Olas de vida Psicologia"],"articleSection":["Comercio"],"inLanguage":"es"},{"@type":"WebPage","@id":"https:\/\/www.caudete.org\/ayuntamiento\/caudeteemprende-con-el-despacho-olas-de-vida-psicologia-de-pilar-gallur-en-calle-mayor-15\/","url":"https:\/\/www.caudete.org\/ayuntamiento\/caudeteemprende-con-el-despacho-olas-de-vida-psicologia-de-pilar-gallur-en-calle-mayor-15\/","name":"CaudeteEMPRENDE: con el Despacho \u201cOLAS DE VIDA PSICOLOG\u00cdA\u201d de Pilar Gallur en calle Mayor, 15 - MI Ayuntamiento de Caudete","isPartOf":{"@id":"https:\/\/www.caudete.org\/ayuntamiento\/#website"},"primaryImageOfPage":{"@id":"https:\/\/www.caudete.org\/ayuntamiento\/caudeteemprende-con-el-despacho-olas-de-vida-psicologia-de-pilar-gallur-en-calle-mayor-15\/#primaryimage"},"image":{"@id":"https:\/\/www.caudete.org\/ayuntamiento\/caudeteemprende-con-el-despacho-olas-de-vida-psicologia-de-pilar-gallur-en-calle-mayor-15\/#primaryimage"},"thumbnailUrl":"https:\/\/www.caudete.org\/ayuntamiento\/wp-content\/uploads\/2021\/09\/Olas-de-Vida-WEB.jpg","datePublished":"2021-09-24T10:54:58+00:00","dateModified":"2021-09-24T13:15:37+00:00","author":{"@id":"https:\/\/www.caudete.org\/ayuntamiento\/#\/schema\/person\/7656a5bb58fca95b9814e940de0fda63"},"description":"P\u00e1gina Oficial del Ayuntamiento de Caudete (Albacete)","breadcrumb":{"@id":"https:\/\/www.caudete.org\/ayuntamiento\/caudeteemprende-con-el-despacho-olas-de-vida-psicologia-de-pilar-gallur-en-calle-mayor-15\/#breadcrumb"},"inLanguage":"es","potentialAction":[{"@type":"ReadAction","target":["https:\/\/www.caudete.org\/ayuntamiento\/caudeteemprende-con-el-despacho-olas-de-vida-psicologia-de-pilar-gallur-en-calle-mayor-15\/"]}]},{"@type":"ImageObject","inLanguage":"es","@id":"https:\/\/www.caudete.org\/ayuntamiento\/caudeteemprende-con-el-despacho-olas-de-vida-psicologia-de-pilar-gallur-en-calle-mayor-15\/#primaryimage","url":"https:\/\/www.caudete.org\/ayuntamiento\/wp-content\/uploads\/2021\/09\/Olas-de-Vida-WEB.jpg","contentUrl":"https:\/\/www.caudete.org\/ayuntamiento\/wp-content\/uploads\/2021\/09\/Olas-de-Vida-WEB.jpg","width":864,"height":380},{"@type":"BreadcrumbList","@id":"https:\/\/www.caudete.org\/ayuntamiento\/caudeteemprende-con-el-despacho-olas-de-vida-psicologia-de-pilar-gallur-en-calle-mayor-15\/#breadcrumb","itemListElement":[{"@type":"ListItem","position":1,"name":"Inicio","item":"https:\/\/www.caudete.org\/ayuntamiento\/"},{"@type":"ListItem","position":2,"name":"CaudeteEMPRENDE: con el Despacho \u201cOLAS DE VIDA PSICOLOG\u00cdA\u201d de Pilar Gallur en calle Mayor, 15"}]},{"@type":"WebSite","@id":"https:\/\/www.caudete.org\/ayuntamiento\/#website","url":"https:\/\/www.caudete.org\/ayuntamiento\/","name":"MI Ayuntamiento de Caudete","description":"P\u00e1gina Oficial del MI Ayuntamiento de Caudete","potentialAction":[{"@type":"SearchAction","target":{"@type":"EntryPoint","urlTemplate":"https:\/\/www.caudete.org\/ayuntamiento\/?s={search_term_string}"},"query-input":{"@type":"PropertyValueSpecification","valueRequired":true,"valueName":"search_term_string"}}],"inLanguage":"es"},{"@type":"Person","@id":"https:\/\/www.caudete.org\/ayuntamiento\/#\/schema\/person\/7656a5bb58fca95b9814e940de0fda63","name":"Juan","image":{"@type":"ImageObject","inLanguage":"es","@id":"https:\/\/secure.gravatar.com\/avatar\/dd53e51c0cd6ab23f52d4f3e4f1c59730240727763de3dbbf26750b079a2c292?s=96&d=mm&r=g","url":"https:\/\/secure.gravatar.com\/avatar\/dd53e51c0cd6ab23f52d4f3e4f1c59730240727763de3dbbf26750b079a2c292?s=96&d=mm&r=g","contentUrl":"https:\/\/secure.gravatar.com\/avatar\/dd53e51c0cd6ab23f52d4f3e4f1c59730240727763de3dbbf26750b079a2c292?s=96&d=mm&r=g","caption":"Juan"},"url":"https:\/\/www.caudete.org\/ayuntamiento\/author\/centrodeinternet\/"}]}},"_links":{"self":[{"href":"https:\/\/www.caudete.org\/ayuntamiento\/wp-json\/wp\/v2\/posts\/16274","targetHints":{"allow":["GET"]}}],"collection":[{"href":"https:\/\/www.caudete.org\/ayuntamiento\/wp-json\/wp\/v2\/posts"}],"about":[{"href":"https:\/\/www.caudete.org\/ayuntamiento\/wp-json\/wp\/v2\/types\/post"}],"author":[{"embeddable":true,"href":"https:\/\/www.caudete.org\/ayuntamiento\/wp-json\/wp\/v2\/users\/2"}],"replies":[{"embeddable":true,"href":"https:\/\/www.caudete.org\/ayuntamiento\/wp-json\/wp\/v2\/comments?post=16274"}],"version-history":[{"count":8,"href":"https:\/\/www.caudete.org\/ayuntamiento\/wp-json\/wp\/v2\/posts\/16274\/revisions"}],"predecessor-version":[{"id":16290,"href":"https:\/\/www.caudete.org\/ayuntamiento\/wp-json\/wp\/v2\/posts\/16274\/revisions\/16290"}],"wp:featuredmedia":[{"embeddable":true,"href":"https:\/\/www.caudete.org\/ayuntamiento\/wp-json\/wp\/v2\/media\/16273"}],"wp:attachment":[{"href":"https:\/\/www.caudete.org\/ayuntamiento\/wp-json\/wp\/v2\/media?parent=16274"}],"wp:term":[{"taxonomy":"category","embeddable":true,"href":"https:\/\/www.caudete.org\/ayuntamiento\/wp-json\/wp\/v2\/categories?post=16274"},{"taxonomy":"post_tag","embeddable":true,"href":"https:\/\/www.caudete.org\/ayuntamiento\/wp-json\/wp\/v2\/tags?post=16274"}],"curies":[{"name":"wp","href":"https:\/\/api.w.org\/{rel}","templated":true}]}}