{"id":16294,"date":"2021-09-27T09:51:54","date_gmt":"2021-09-27T07:51:54","guid":{"rendered":"https:\/\/www.caudete.org\/ayuntamiento\/?p=16294"},"modified":"2021-09-27T10:06:50","modified_gmt":"2021-09-27T08:06:50","slug":"se-proyecta-desenterrar-un-tramo-de-muralla-oculto-entre-2-torres","status":"publish","type":"post","link":"https:\/\/www.caudete.org\/ayuntamiento\/se-proyecta-desenterrar-un-tramo-de-muralla-oculto-entre-2-torres\/","title":{"rendered":"Se proyecta desenterrar un tramo de Muralla oculto entre 2 Torres"},"content":{"rendered":"<p style=\"text-align: justify;\">Diego Cuenca, Concejal de Patrimonio ha dado a conocer la <strong>nueva fase de excavaci\u00f3n arqueol\u00f3gica<\/strong> que acoger\u00e1 el <strong>Castillo<\/strong> de Caudete. La misma, dar\u00e1 comienzo en las pr\u00f3ximas semanas, ya que &#8220;<em>en estos momentos tan solo falta recibir la autorizaci\u00f3n de la Consejer\u00eda de Cultura<\/em>&#8221; algo que el Edil consideraba &#8220;<em>un asunto de tr\u00e1mite que no debe demorarse<\/em>&#8220;.<\/p>\n<p style=\"text-align: justify;\">Los trabajos ser\u00e1n nuevamente desarrollados por la firma Arquealia, bajo la direcci\u00f3n de los arque\u00f3logos Gabriel Segura y Daniel Azor\u00edn, quienes han proyectado definir el &#8220;<em>trazado, fabrica y estructura del lienzo de <strong>muralla que discurre entre las torres Sureste y Suroeste<\/strong><\/em>&#8221; y que salvo el tramo visible en una de las catas existentes, el resto est\u00e1 oculto y protegido por la tierra de dep\u00f3sito existente.<\/p>\n<p><a href=\"https:\/\/www.caudete.org\/ayuntamiento\/wp-content\/uploads\/2021\/08\/122856170_1437284976467194_8765210697750127927_n.jpg\" rel='prettyPhoto'><img fetchpriority=\"high\" decoding=\"async\" class=\"aligncenter wp-image-15883 size-medium\" src=\"https:\/\/www.caudete.org\/ayuntamiento\/wp-content\/uploads\/2021\/08\/122856170_1437284976467194_8765210697750127927_n-300x200.jpg\" alt=\"\" width=\"300\" height=\"200\" srcset=\"https:\/\/www.caudete.org\/ayuntamiento\/wp-content\/uploads\/2021\/08\/122856170_1437284976467194_8765210697750127927_n-300x200.jpg 300w, https:\/\/www.caudete.org\/ayuntamiento\/wp-content\/uploads\/2021\/08\/122856170_1437284976467194_8765210697750127927_n-768x513.jpg 768w, https:\/\/www.caudete.org\/ayuntamiento\/wp-content\/uploads\/2021\/08\/122856170_1437284976467194_8765210697750127927_n.jpg 960w\" sizes=\"(max-width: 300px) 100vw, 300px\" \/><\/a><\/p>\n<p style=\"text-align: justify;\">Esta actuaci\u00f3n, que se abrir\u00e1 al igual que el pasado a\u00f1o al <strong>Voluntariado Arqueol\u00f3gico<\/strong> permitir\u00e1 conocer el <strong>proceso constructivo y deconstructivo<\/strong> del Castillo, as\u00ed como la <strong>relaci\u00f3n estructural y funcional entre la muralla y el antemural<\/strong>, estableciendo por ultimo una evaluaci\u00f3n de su <strong>estado de conservaci\u00f3n<\/strong> para fijar su posterior <strong>consolidaci\u00f3n a corto plazo<\/strong>.<\/p>\n<p style=\"text-align: justify;\">El coste <strong>total de las actuaciones ser\u00e1 de\u00a0 7.744&#8217;00 \u20ac<\/strong> de los cuales algo m\u00e1s de 3.800\u20ac son aportados por el Instituto de Estudios Albacetenses (IEA) dentro de su convocatoria de ayudas a la investigaci\u00f3n del patrimonio arqueol\u00f3gico local, mientras que la cantidad restante, cercana a los 4.000\u20ac ser\u00e1n a cargo de las arcas municipales, gracias a una partida prevista en los Presupuestos Municipales 2021.<\/p>\n<p><a href=\"https:\/\/www.caudete.org\/ayuntamiento\/wp-content\/uploads\/2021\/09\/logo.png\" rel='prettyPhoto'><img decoding=\"async\" class=\"aligncenter wp-image-16297 size-full\" src=\"https:\/\/www.caudete.org\/ayuntamiento\/wp-content\/uploads\/2021\/09\/logo.png\" alt=\"\" width=\"269\" height=\"135\" \/><\/a><\/p>\n","protected":false},"excerpt":{"rendered":"<p>Diego Cuenca, Concejal de Patrimonio ha dado a conocer la nueva fase de excavaci\u00f3n arqueol\u00f3gica que acoger\u00e1 el Castillo de Caudete. La misma, dar\u00e1 comienzo en las pr\u00f3ximas semanas, ya que &#8220;en estos momentos tan solo falta recibir la autorizaci\u00f3n de la Consejer\u00eda de Cultura&#8221; algo que el Edil consideraba &#8220;un asunto de tr\u00e1mite que &hellip;<\/p>\n","protected":false},"author":3,"featured_media":16296,"comment_status":"closed","ping_status":"open","sticky":false,"template":"","format":"standard","meta":{"ngg_post_thumbnail":0,"footnotes":""},"categories":[45],"tags":[],"class_list":["post-16294","post","type-post","status-publish","format-standard","has-post-thumbnail","hentry","category-patrimonio"],"yoast_head":"<!-- This site is optimized with the Yoast SEO plugin v27.5 - https:\/\/yoast.com\/product\/yoast-seo-wordpress\/ -->\n<title>Se proyecta desenterrar un tramo de Muralla oculto entre 2 Torres - MI Ayuntamiento de Caudete<\/title>\n<meta name=\"description\" content=\"P\u00e1gina Oficial del Ayuntamiento de Caudete (Albacete)\" \/>\n<meta name=\"robots\" content=\"index, follow, max-snippet:-1, max-image-preview:large, max-video-preview:-1\" \/>\n<link rel=\"canonical\" href=\"https:\/\/www.caudete.org\/ayuntamiento\/se-proyecta-desenterrar-un-tramo-de-muralla-oculto-entre-2-torres\/\" \/>\n<meta property=\"og:locale\" content=\"es_ES\" \/>\n<meta property=\"og:type\" content=\"article\" \/>\n<meta property=\"og:title\" content=\"Se proyecta desenterrar un tramo de Muralla oculto entre 2 Torres - MI Ayuntamiento de Caudete\" \/>\n<meta property=\"og:description\" content=\"P\u00e1gina Oficial del Ayuntamiento de Caudete (Albacete)\" \/>\n<meta property=\"og:url\" content=\"https:\/\/www.caudete.org\/ayuntamiento\/se-proyecta-desenterrar-un-tramo-de-muralla-oculto-entre-2-torres\/\" \/>\n<meta property=\"og:site_name\" content=\"MI Ayuntamiento de Caudete\" \/>\n<meta property=\"article:publisher\" content=\"https:\/\/www.facebook.com\/ayuntamientocaudete\/\" \/>\n<meta property=\"article:published_time\" content=\"2021-09-27T07:51:54+00:00\" \/>\n<meta property=\"article:modified_time\" content=\"2021-09-27T08:06:50+00:00\" \/>\n<meta property=\"og:image\" content=\"https:\/\/www.caudete.org\/ayuntamiento\/wp-content\/uploads\/2021\/09\/WhatsApp-Image-2021-09-21-at-23.13.31-2.jpeg\" \/>\n\t<meta property=\"og:image:width\" content=\"2048\" \/>\n\t<meta property=\"og:image:height\" content=\"1536\" \/>\n\t<meta property=\"og:image:type\" content=\"image\/jpeg\" \/>\n<meta name=\"author\" content=\"alcalde\" \/>\n<meta name=\"twitter:card\" content=\"summary_large_image\" \/>\n<meta name=\"twitter:label1\" content=\"Escrito por\" \/>\n\t<meta name=\"twitter:data1\" content=\"alcalde\" \/>\n\t<meta name=\"twitter:label2\" content=\"Tiempo de lectura\" \/>\n\t<meta name=\"twitter:data2\" content=\"2 minutos\" \/>\n<script type=\"application\/ld+json\" class=\"yoast-schema-graph\">{\"@context\":\"https:\\\/\\\/schema.org\",\"@graph\":[{\"@type\":\"Article\",\"@id\":\"https:\\\/\\\/www.caudete.org\\\/ayuntamiento\\\/se-proyecta-desenterrar-un-tramo-de-muralla-oculto-entre-2-torres\\\/#article\",\"isPartOf\":{\"@id\":\"https:\\\/\\\/www.caudete.org\\\/ayuntamiento\\\/se-proyecta-desenterrar-un-tramo-de-muralla-oculto-entre-2-torres\\\/\"},\"author\":{\"name\":\"alcalde\",\"@id\":\"https:\\\/\\\/www.caudete.org\\\/ayuntamiento\\\/#\\\/schema\\\/person\\\/cc646da9133078ee4d8dd47457947253\"},\"headline\":\"Se proyecta desenterrar un tramo de Muralla oculto entre 2 Torres\",\"datePublished\":\"2021-09-27T07:51:54+00:00\",\"dateModified\":\"2021-09-27T08:06:50+00:00\",\"mainEntityOfPage\":{\"@id\":\"https:\\\/\\\/www.caudete.org\\\/ayuntamiento\\\/se-proyecta-desenterrar-un-tramo-de-muralla-oculto-entre-2-torres\\\/\"},\"wordCount\":269,\"image\":{\"@id\":\"https:\\\/\\\/www.caudete.org\\\/ayuntamiento\\\/se-proyecta-desenterrar-un-tramo-de-muralla-oculto-entre-2-torres\\\/#primaryimage\"},\"thumbnailUrl\":\"https:\\\/\\\/www.caudete.org\\\/ayuntamiento\\\/wp-content\\\/uploads\\\/2021\\\/09\\\/WhatsApp-Image-2021-09-21-at-23.13.31-2.jpeg\",\"articleSection\":[\"Patrimonio\"],\"inLanguage\":\"es\"},{\"@type\":\"WebPage\",\"@id\":\"https:\\\/\\\/www.caudete.org\\\/ayuntamiento\\\/se-proyecta-desenterrar-un-tramo-de-muralla-oculto-entre-2-torres\\\/\",\"url\":\"https:\\\/\\\/www.caudete.org\\\/ayuntamiento\\\/se-proyecta-desenterrar-un-tramo-de-muralla-oculto-entre-2-torres\\\/\",\"name\":\"Se proyecta desenterrar un tramo de Muralla oculto entre 2 Torres - MI Ayuntamiento de Caudete\",\"isPartOf\":{\"@id\":\"https:\\\/\\\/www.caudete.org\\\/ayuntamiento\\\/#website\"},\"primaryImageOfPage\":{\"@id\":\"https:\\\/\\\/www.caudete.org\\\/ayuntamiento\\\/se-proyecta-desenterrar-un-tramo-de-muralla-oculto-entre-2-torres\\\/#primaryimage\"},\"image\":{\"@id\":\"https:\\\/\\\/www.caudete.org\\\/ayuntamiento\\\/se-proyecta-desenterrar-un-tramo-de-muralla-oculto-entre-2-torres\\\/#primaryimage\"},\"thumbnailUrl\":\"https:\\\/\\\/www.caudete.org\\\/ayuntamiento\\\/wp-content\\\/uploads\\\/2021\\\/09\\\/WhatsApp-Image-2021-09-21-at-23.13.31-2.jpeg\",\"datePublished\":\"2021-09-27T07:51:54+00:00\",\"dateModified\":\"2021-09-27T08:06:50+00:00\",\"author\":{\"@id\":\"https:\\\/\\\/www.caudete.org\\\/ayuntamiento\\\/#\\\/schema\\\/person\\\/cc646da9133078ee4d8dd47457947253\"},\"description\":\"P\u00e1gina Oficial del Ayuntamiento de Caudete (Albacete)\",\"breadcrumb\":{\"@id\":\"https:\\\/\\\/www.caudete.org\\\/ayuntamiento\\\/se-proyecta-desenterrar-un-tramo-de-muralla-oculto-entre-2-torres\\\/#breadcrumb\"},\"inLanguage\":\"es\",\"potentialAction\":[{\"@type\":\"ReadAction\",\"target\":[\"https:\\\/\\\/www.caudete.org\\\/ayuntamiento\\\/se-proyecta-desenterrar-un-tramo-de-muralla-oculto-entre-2-torres\\\/\"]}]},{\"@type\":\"ImageObject\",\"inLanguage\":\"es\",\"@id\":\"https:\\\/\\\/www.caudete.org\\\/ayuntamiento\\\/se-proyecta-desenterrar-un-tramo-de-muralla-oculto-entre-2-torres\\\/#primaryimage\",\"url\":\"https:\\\/\\\/www.caudete.org\\\/ayuntamiento\\\/wp-content\\\/uploads\\\/2021\\\/09\\\/WhatsApp-Image-2021-09-21-at-23.13.31-2.jpeg\",\"contentUrl\":\"https:\\\/\\\/www.caudete.org\\\/ayuntamiento\\\/wp-content\\\/uploads\\\/2021\\\/09\\\/WhatsApp-Image-2021-09-21-at-23.13.31-2.jpeg\",\"width\":2048,\"height\":1536},{\"@type\":\"BreadcrumbList\",\"@id\":\"https:\\\/\\\/www.caudete.org\\\/ayuntamiento\\\/se-proyecta-desenterrar-un-tramo-de-muralla-oculto-entre-2-torres\\\/#breadcrumb\",\"itemListElement\":[{\"@type\":\"ListItem\",\"position\":1,\"name\":\"Inicio\",\"item\":\"https:\\\/\\\/www.caudete.org\\\/ayuntamiento\\\/\"},{\"@type\":\"ListItem\",\"position\":2,\"name\":\"Se proyecta desenterrar un tramo de Muralla oculto entre 2 Torres\"}]},{\"@type\":\"WebSite\",\"@id\":\"https:\\\/\\\/www.caudete.org\\\/ayuntamiento\\\/#website\",\"url\":\"https:\\\/\\\/www.caudete.org\\\/ayuntamiento\\\/\",\"name\":\"MI Ayuntamiento de Caudete\",\"description\":\"P\u00e1gina Oficial del MI Ayuntamiento de Caudete\",\"potentialAction\":[{\"@type\":\"SearchAction\",\"target\":{\"@type\":\"EntryPoint\",\"urlTemplate\":\"https:\\\/\\\/www.caudete.org\\\/ayuntamiento\\\/?s={search_term_string}\"},\"query-input\":{\"@type\":\"PropertyValueSpecification\",\"valueRequired\":true,\"valueName\":\"search_term_string\"}}],\"inLanguage\":\"es\"},{\"@type\":\"Person\",\"@id\":\"https:\\\/\\\/www.caudete.org\\\/ayuntamiento\\\/#\\\/schema\\\/person\\\/cc646da9133078ee4d8dd47457947253\",\"name\":\"alcalde\",\"image\":{\"@type\":\"ImageObject\",\"inLanguage\":\"es\",\"@id\":\"https:\\\/\\\/secure.gravatar.com\\\/avatar\\\/84a817ba065b29ff08d666b215a215f5c79186a645ccb25b14a663d48a130f77?s=96&d=mm&r=g\",\"url\":\"https:\\\/\\\/secure.gravatar.com\\\/avatar\\\/84a817ba065b29ff08d666b215a215f5c79186a645ccb25b14a663d48a130f77?s=96&d=mm&r=g\",\"contentUrl\":\"https:\\\/\\\/secure.gravatar.com\\\/avatar\\\/84a817ba065b29ff08d666b215a215f5c79186a645ccb25b14a663d48a130f77?s=96&d=mm&r=g\",\"caption\":\"alcalde\"},\"url\":\"https:\\\/\\\/www.caudete.org\\\/ayuntamiento\\\/author\\\/alcalde\\\/\"}]}<\/script>\n<!-- \/ Yoast SEO plugin. -->","yoast_head_json":{"title":"Se proyecta desenterrar un tramo de Muralla oculto entre 2 Torres - MI Ayuntamiento de Caudete","description":"P\u00e1gina Oficial del Ayuntamiento de Caudete (Albacete)","robots":{"index":"index","follow":"follow","max-snippet":"max-snippet:-1","max-image-preview":"max-image-preview:large","max-video-preview":"max-video-preview:-1"},"canonical":"https:\/\/www.caudete.org\/ayuntamiento\/se-proyecta-desenterrar-un-tramo-de-muralla-oculto-entre-2-torres\/","og_locale":"es_ES","og_type":"article","og_title":"Se proyecta desenterrar un tramo de Muralla oculto entre 2 Torres - MI Ayuntamiento de Caudete","og_description":"P\u00e1gina Oficial del Ayuntamiento de Caudete (Albacete)","og_url":"https:\/\/www.caudete.org\/ayuntamiento\/se-proyecta-desenterrar-un-tramo-de-muralla-oculto-entre-2-torres\/","og_site_name":"MI Ayuntamiento de Caudete","article_publisher":"https:\/\/www.facebook.com\/ayuntamientocaudete\/","article_published_time":"2021-09-27T07:51:54+00:00","article_modified_time":"2021-09-27T08:06:50+00:00","og_image":[{"width":2048,"height":1536,"url":"https:\/\/www.caudete.org\/ayuntamiento\/wp-content\/uploads\/2021\/09\/WhatsApp-Image-2021-09-21-at-23.13.31-2.jpeg","type":"image\/jpeg"}],"author":"alcalde","twitter_card":"summary_large_image","twitter_misc":{"Escrito por":"alcalde","Tiempo de lectura":"2 minutos"},"schema":{"@context":"https:\/\/schema.org","@graph":[{"@type":"Article","@id":"https:\/\/www.caudete.org\/ayuntamiento\/se-proyecta-desenterrar-un-tramo-de-muralla-oculto-entre-2-torres\/#article","isPartOf":{"@id":"https:\/\/www.caudete.org\/ayuntamiento\/se-proyecta-desenterrar-un-tramo-de-muralla-oculto-entre-2-torres\/"},"author":{"name":"alcalde","@id":"https:\/\/www.caudete.org\/ayuntamiento\/#\/schema\/person\/cc646da9133078ee4d8dd47457947253"},"headline":"Se proyecta desenterrar un tramo de Muralla oculto entre 2 Torres","datePublished":"2021-09-27T07:51:54+00:00","dateModified":"2021-09-27T08:06:50+00:00","mainEntityOfPage":{"@id":"https:\/\/www.caudete.org\/ayuntamiento\/se-proyecta-desenterrar-un-tramo-de-muralla-oculto-entre-2-torres\/"},"wordCount":269,"image":{"@id":"https:\/\/www.caudete.org\/ayuntamiento\/se-proyecta-desenterrar-un-tramo-de-muralla-oculto-entre-2-torres\/#primaryimage"},"thumbnailUrl":"https:\/\/www.caudete.org\/ayuntamiento\/wp-content\/uploads\/2021\/09\/WhatsApp-Image-2021-09-21-at-23.13.31-2.jpeg","articleSection":["Patrimonio"],"inLanguage":"es"},{"@type":"WebPage","@id":"https:\/\/www.caudete.org\/ayuntamiento\/se-proyecta-desenterrar-un-tramo-de-muralla-oculto-entre-2-torres\/","url":"https:\/\/www.caudete.org\/ayuntamiento\/se-proyecta-desenterrar-un-tramo-de-muralla-oculto-entre-2-torres\/","name":"Se proyecta desenterrar un tramo de Muralla oculto entre 2 Torres - MI Ayuntamiento de Caudete","isPartOf":{"@id":"https:\/\/www.caudete.org\/ayuntamiento\/#website"},"primaryImageOfPage":{"@id":"https:\/\/www.caudete.org\/ayuntamiento\/se-proyecta-desenterrar-un-tramo-de-muralla-oculto-entre-2-torres\/#primaryimage"},"image":{"@id":"https:\/\/www.caudete.org\/ayuntamiento\/se-proyecta-desenterrar-un-tramo-de-muralla-oculto-entre-2-torres\/#primaryimage"},"thumbnailUrl":"https:\/\/www.caudete.org\/ayuntamiento\/wp-content\/uploads\/2021\/09\/WhatsApp-Image-2021-09-21-at-23.13.31-2.jpeg","datePublished":"2021-09-27T07:51:54+00:00","dateModified":"2021-09-27T08:06:50+00:00","author":{"@id":"https:\/\/www.caudete.org\/ayuntamiento\/#\/schema\/person\/cc646da9133078ee4d8dd47457947253"},"description":"P\u00e1gina Oficial del Ayuntamiento de Caudete (Albacete)","breadcrumb":{"@id":"https:\/\/www.caudete.org\/ayuntamiento\/se-proyecta-desenterrar-un-tramo-de-muralla-oculto-entre-2-torres\/#breadcrumb"},"inLanguage":"es","potentialAction":[{"@type":"ReadAction","target":["https:\/\/www.caudete.org\/ayuntamiento\/se-proyecta-desenterrar-un-tramo-de-muralla-oculto-entre-2-torres\/"]}]},{"@type":"ImageObject","inLanguage":"es","@id":"https:\/\/www.caudete.org\/ayuntamiento\/se-proyecta-desenterrar-un-tramo-de-muralla-oculto-entre-2-torres\/#primaryimage","url":"https:\/\/www.caudete.org\/ayuntamiento\/wp-content\/uploads\/2021\/09\/WhatsApp-Image-2021-09-21-at-23.13.31-2.jpeg","contentUrl":"https:\/\/www.caudete.org\/ayuntamiento\/wp-content\/uploads\/2021\/09\/WhatsApp-Image-2021-09-21-at-23.13.31-2.jpeg","width":2048,"height":1536},{"@type":"BreadcrumbList","@id":"https:\/\/www.caudete.org\/ayuntamiento\/se-proyecta-desenterrar-un-tramo-de-muralla-oculto-entre-2-torres\/#breadcrumb","itemListElement":[{"@type":"ListItem","position":1,"name":"Inicio","item":"https:\/\/www.caudete.org\/ayuntamiento\/"},{"@type":"ListItem","position":2,"name":"Se proyecta desenterrar un tramo de Muralla oculto entre 2 Torres"}]},{"@type":"WebSite","@id":"https:\/\/www.caudete.org\/ayuntamiento\/#website","url":"https:\/\/www.caudete.org\/ayuntamiento\/","name":"MI Ayuntamiento de Caudete","description":"P\u00e1gina Oficial del MI Ayuntamiento de Caudete","potentialAction":[{"@type":"SearchAction","target":{"@type":"EntryPoint","urlTemplate":"https:\/\/www.caudete.org\/ayuntamiento\/?s={search_term_string}"},"query-input":{"@type":"PropertyValueSpecification","valueRequired":true,"valueName":"search_term_string"}}],"inLanguage":"es"},{"@type":"Person","@id":"https:\/\/www.caudete.org\/ayuntamiento\/#\/schema\/person\/cc646da9133078ee4d8dd47457947253","name":"alcalde","image":{"@type":"ImageObject","inLanguage":"es","@id":"https:\/\/secure.gravatar.com\/avatar\/84a817ba065b29ff08d666b215a215f5c79186a645ccb25b14a663d48a130f77?s=96&d=mm&r=g","url":"https:\/\/secure.gravatar.com\/avatar\/84a817ba065b29ff08d666b215a215f5c79186a645ccb25b14a663d48a130f77?s=96&d=mm&r=g","contentUrl":"https:\/\/secure.gravatar.com\/avatar\/84a817ba065b29ff08d666b215a215f5c79186a645ccb25b14a663d48a130f77?s=96&d=mm&r=g","caption":"alcalde"},"url":"https:\/\/www.caudete.org\/ayuntamiento\/author\/alcalde\/"}]}},"_links":{"self":[{"href":"https:\/\/www.caudete.org\/ayuntamiento\/wp-json\/wp\/v2\/posts\/16294","targetHints":{"allow":["GET"]}}],"collection":[{"href":"https:\/\/www.caudete.org\/ayuntamiento\/wp-json\/wp\/v2\/posts"}],"about":[{"href":"https:\/\/www.caudete.org\/ayuntamiento\/wp-json\/wp\/v2\/types\/post"}],"author":[{"embeddable":true,"href":"https:\/\/www.caudete.org\/ayuntamiento\/wp-json\/wp\/v2\/users\/3"}],"replies":[{"embeddable":true,"href":"https:\/\/www.caudete.org\/ayuntamiento\/wp-json\/wp\/v2\/comments?post=16294"}],"version-history":[{"count":2,"href":"https:\/\/www.caudete.org\/ayuntamiento\/wp-json\/wp\/v2\/posts\/16294\/revisions"}],"predecessor-version":[{"id":16304,"href":"https:\/\/www.caudete.org\/ayuntamiento\/wp-json\/wp\/v2\/posts\/16294\/revisions\/16304"}],"wp:featuredmedia":[{"embeddable":true,"href":"https:\/\/www.caudete.org\/ayuntamiento\/wp-json\/wp\/v2\/media\/16296"}],"wp:attachment":[{"href":"https:\/\/www.caudete.org\/ayuntamiento\/wp-json\/wp\/v2\/media?parent=16294"}],"wp:term":[{"taxonomy":"category","embeddable":true,"href":"https:\/\/www.caudete.org\/ayuntamiento\/wp-json\/wp\/v2\/categories?post=16294"},{"taxonomy":"post_tag","embeddable":true,"href":"https:\/\/www.caudete.org\/ayuntamiento\/wp-json\/wp\/v2\/tags?post=16294"}],"curies":[{"name":"wp","href":"https:\/\/api.w.org\/{rel}","templated":true}]}}