{"id":16299,"date":"2021-09-27T10:10:16","date_gmt":"2021-09-27T08:10:16","guid":{"rendered":"https:\/\/www.caudete.org\/ayuntamiento\/?p=16299"},"modified":"2021-09-27T10:32:33","modified_gmt":"2021-09-27T08:32:33","slug":"el-barrio-de-santa-ana-vuelve-a-ser-objeto-del-proyecto-de-embellecimiento-urbano-con-el-peezrd","status":"publish","type":"post","link":"https:\/\/www.caudete.org\/ayuntamiento\/el-barrio-de-santa-ana-vuelve-a-ser-objeto-del-proyecto-de-embellecimiento-urbano-con-el-peezrd\/","title":{"rendered":"El Barrio de Santa Ana, vuelve a ser objeto del Proyecto de &#8220;EMBELLECIMIENTO URBANO&#8221; con el PEEZRD"},"content":{"rendered":"<p style=\"text-align: justify;\">Otro de los proyectos que el <strong>PEEZRD<\/strong> est\u00e1 desarrollando en nuestro pueblo en la <em><strong>Convocatoria 2021<\/strong><\/em>, retoma el iniciado <em><strong>&#8220;embellecimiento urbano&#8221;<\/strong><\/em> que el a\u00f1o pasado fue dise\u00f1ado y puesto en marcha por el Gobierno Municipal con el objetivo de dar un <strong>cambio de imagen al Barrio de Santa Ana.<\/strong><\/p>\n<p><a href=\"https:\/\/www.caudete.org\/ayuntamiento\/wp-content\/uploads\/2021\/09\/WhatsApp-Image-2021-09-27-at-08.14.57.jpeg\" rel='prettyPhoto'><img fetchpriority=\"high\" decoding=\"async\" class=\"aligncenter wp-image-16307 size-medium\" src=\"https:\/\/www.caudete.org\/ayuntamiento\/wp-content\/uploads\/2021\/09\/WhatsApp-Image-2021-09-27-at-08.14.57-300x225.jpeg\" alt=\"\" width=\"300\" height=\"225\" srcset=\"https:\/\/www.caudete.org\/ayuntamiento\/wp-content\/uploads\/2021\/09\/WhatsApp-Image-2021-09-27-at-08.14.57-300x225.jpeg 300w, https:\/\/www.caudete.org\/ayuntamiento\/wp-content\/uploads\/2021\/09\/WhatsApp-Image-2021-09-27-at-08.14.57-1024x768.jpeg 1024w, https:\/\/www.caudete.org\/ayuntamiento\/wp-content\/uploads\/2021\/09\/WhatsApp-Image-2021-09-27-at-08.14.57-768x576.jpeg 768w, https:\/\/www.caudete.org\/ayuntamiento\/wp-content\/uploads\/2021\/09\/WhatsApp-Image-2021-09-27-at-08.14.57-1536x1152.jpeg 1536w, https:\/\/www.caudete.org\/ayuntamiento\/wp-content\/uploads\/2021\/09\/WhatsApp-Image-2021-09-27-at-08.14.57.jpeg 2048w\" sizes=\"(max-width: 300px) 100vw, 300px\" \/><\/a><\/p>\n<p style=\"text-align: justify;\">Las <strong>Calles El Calvario y San Roque <\/strong>(incluida su trasera) son las fijadas en esta nueva edici\u00f3n para realizar las actuaciones que en mayor medida son de pintura, y en menor de alba\u00f1iler\u00eda. El adecentamiento de las fachadas, bajo un mismo patr\u00f3n conseguir\u00e1 aportar una imagen \u00f3ptima para uno de los barrios m\u00e1s antiguos de la localidad, aportando un toque pintoresco.<\/p>\n<p style=\"text-align: justify;\">Con ello se conseguir\u00e1 adem\u00e1s dar <strong>continuidad al proyecto iniciado el pasado a\u00f1o<\/strong> que ten\u00eda como epicentro la Plaza de Santa Ana, la cual fue mejorada notablemente en su aspecto, aport\u00e1ndole vegetaci\u00f3n y mobiliario urbano. De hecho &#8220;<em>el proyecto quiere ser mantenido y extendido al resto de calles del citado Barrio para pr\u00f3ximas ediciones<\/em>&#8221; tal y como indican desde el Gobierno Municipal.<\/p>\n<p><a href=\"https:\/\/www.caudete.org\/ayuntamiento\/wp-content\/uploads\/2021\/09\/WhatsApp-Image-2021-09-27-at-08.15.00.jpeg\" rel='prettyPhoto'><img decoding=\"async\" class=\"aligncenter wp-image-16306 size-medium\" src=\"https:\/\/www.caudete.org\/ayuntamiento\/wp-content\/uploads\/2021\/09\/WhatsApp-Image-2021-09-27-at-08.15.00-300x225.jpeg\" alt=\"\" width=\"300\" height=\"225\" srcset=\"https:\/\/www.caudete.org\/ayuntamiento\/wp-content\/uploads\/2021\/09\/WhatsApp-Image-2021-09-27-at-08.15.00-300x225.jpeg 300w, https:\/\/www.caudete.org\/ayuntamiento\/wp-content\/uploads\/2021\/09\/WhatsApp-Image-2021-09-27-at-08.15.00-1024x768.jpeg 1024w, https:\/\/www.caudete.org\/ayuntamiento\/wp-content\/uploads\/2021\/09\/WhatsApp-Image-2021-09-27-at-08.15.00-768x576.jpeg 768w, https:\/\/www.caudete.org\/ayuntamiento\/wp-content\/uploads\/2021\/09\/WhatsApp-Image-2021-09-27-at-08.15.00-1536x1152.jpeg 1536w, https:\/\/www.caudete.org\/ayuntamiento\/wp-content\/uploads\/2021\/09\/WhatsApp-Image-2021-09-27-at-08.15.00.jpeg 2048w\" sizes=\"(max-width: 300px) 100vw, 300px\" \/><\/a><\/p>\n<p style=\"text-align: justify;\">El grupo compuesto por 6 operarios tienen adem\u00e1s el encargo de actuar en zonas pr\u00f3ximas, como lo es el Pinar de Santa Ana y aleda\u00f1os, reparando zonas da\u00f1adas o mejorando las existentes.<\/p>\n<p style=\"text-align: justify;\">Adem\u00e1s, este grupo de empleados tienen por objeto, a la finalizaci\u00f3n de esta actuaci\u00f3n las pr\u00f3ximas semanas, actuar en la mejora de la se\u00f1alizaci\u00f3n viaria de la localidad.<\/p>\n","protected":false},"excerpt":{"rendered":"<p>Otro de los proyectos que el PEEZRD est\u00e1 desarrollando en nuestro pueblo en la Convocatoria 2021, retoma el iniciado &#8220;embellecimiento urbano&#8221; que el a\u00f1o pasado fue dise\u00f1ado y puesto en marcha por el Gobierno Municipal con el objetivo de dar un cambio de imagen al Barrio de Santa Ana. Las Calles El Calvario y San &hellip;<\/p>\n","protected":false},"author":3,"featured_media":16305,"comment_status":"closed","ping_status":"open","sticky":false,"template":"","format":"standard","meta":{"ngg_post_thumbnail":0,"footnotes":""},"categories":[43],"tags":[],"class_list":["post-16299","post","type-post","status-publish","format-standard","has-post-thumbnail","hentry","category-turismo"],"yoast_head":"<!-- This site is optimized with the Yoast SEO plugin v27.5 - https:\/\/yoast.com\/product\/yoast-seo-wordpress\/ -->\n<title>El Barrio de Santa Ana, vuelve a ser objeto del Proyecto de &quot;EMBELLECIMIENTO URBANO&quot; con el PEEZRD - MI Ayuntamiento de Caudete<\/title>\n<meta name=\"description\" content=\"P\u00e1gina Oficial del Ayuntamiento de Caudete (Albacete)\" \/>\n<meta name=\"robots\" content=\"index, follow, max-snippet:-1, max-image-preview:large, max-video-preview:-1\" \/>\n<link rel=\"canonical\" href=\"https:\/\/www.caudete.org\/ayuntamiento\/el-barrio-de-santa-ana-vuelve-a-ser-objeto-del-proyecto-de-embellecimiento-urbano-con-el-peezrd\/\" \/>\n<meta property=\"og:locale\" content=\"es_ES\" \/>\n<meta property=\"og:type\" content=\"article\" \/>\n<meta property=\"og:title\" content=\"El Barrio de Santa Ana, vuelve a ser objeto del Proyecto de &quot;EMBELLECIMIENTO URBANO&quot; con el PEEZRD - MI Ayuntamiento de Caudete\" \/>\n<meta property=\"og:description\" content=\"P\u00e1gina Oficial del Ayuntamiento de Caudete (Albacete)\" \/>\n<meta property=\"og:url\" content=\"https:\/\/www.caudete.org\/ayuntamiento\/el-barrio-de-santa-ana-vuelve-a-ser-objeto-del-proyecto-de-embellecimiento-urbano-con-el-peezrd\/\" \/>\n<meta property=\"og:site_name\" content=\"MI Ayuntamiento de Caudete\" \/>\n<meta property=\"article:publisher\" content=\"https:\/\/www.facebook.com\/ayuntamientocaudete\/\" \/>\n<meta property=\"article:published_time\" content=\"2021-09-27T08:10:16+00:00\" \/>\n<meta property=\"article:modified_time\" content=\"2021-09-27T08:32:33+00:00\" \/>\n<meta property=\"og:image\" content=\"https:\/\/www.caudete.org\/ayuntamiento\/wp-content\/uploads\/2021\/09\/WhatsApp-Image-2021-09-27-at-08.15.00-1.jpeg\" \/>\n\t<meta property=\"og:image:width\" content=\"2048\" \/>\n\t<meta property=\"og:image:height\" content=\"1536\" \/>\n\t<meta property=\"og:image:type\" content=\"image\/jpeg\" \/>\n<meta name=\"author\" content=\"alcalde\" \/>\n<meta name=\"twitter:card\" content=\"summary_large_image\" \/>\n<meta name=\"twitter:label1\" content=\"Escrito por\" \/>\n\t<meta name=\"twitter:data1\" content=\"alcalde\" \/>\n\t<meta name=\"twitter:label2\" content=\"Tiempo de lectura\" \/>\n\t<meta name=\"twitter:data2\" content=\"2 minutos\" \/>\n<script type=\"application\/ld+json\" class=\"yoast-schema-graph\">{\"@context\":\"https:\\\/\\\/schema.org\",\"@graph\":[{\"@type\":\"Article\",\"@id\":\"https:\\\/\\\/www.caudete.org\\\/ayuntamiento\\\/el-barrio-de-santa-ana-vuelve-a-ser-objeto-del-proyecto-de-embellecimiento-urbano-con-el-peezrd\\\/#article\",\"isPartOf\":{\"@id\":\"https:\\\/\\\/www.caudete.org\\\/ayuntamiento\\\/el-barrio-de-santa-ana-vuelve-a-ser-objeto-del-proyecto-de-embellecimiento-urbano-con-el-peezrd\\\/\"},\"author\":{\"name\":\"alcalde\",\"@id\":\"https:\\\/\\\/www.caudete.org\\\/ayuntamiento\\\/#\\\/schema\\\/person\\\/cc646da9133078ee4d8dd47457947253\"},\"headline\":\"El Barrio de Santa Ana, vuelve a ser objeto del Proyecto de &#8220;EMBELLECIMIENTO URBANO&#8221; con el PEEZRD\",\"datePublished\":\"2021-09-27T08:10:16+00:00\",\"dateModified\":\"2021-09-27T08:32:33+00:00\",\"mainEntityOfPage\":{\"@id\":\"https:\\\/\\\/www.caudete.org\\\/ayuntamiento\\\/el-barrio-de-santa-ana-vuelve-a-ser-objeto-del-proyecto-de-embellecimiento-urbano-con-el-peezrd\\\/\"},\"wordCount\":270,\"image\":{\"@id\":\"https:\\\/\\\/www.caudete.org\\\/ayuntamiento\\\/el-barrio-de-santa-ana-vuelve-a-ser-objeto-del-proyecto-de-embellecimiento-urbano-con-el-peezrd\\\/#primaryimage\"},\"thumbnailUrl\":\"https:\\\/\\\/www.caudete.org\\\/ayuntamiento\\\/wp-content\\\/uploads\\\/2021\\\/09\\\/WhatsApp-Image-2021-09-27-at-08.15.00-1.jpeg\",\"articleSection\":[\"Turismo\"],\"inLanguage\":\"es\"},{\"@type\":\"WebPage\",\"@id\":\"https:\\\/\\\/www.caudete.org\\\/ayuntamiento\\\/el-barrio-de-santa-ana-vuelve-a-ser-objeto-del-proyecto-de-embellecimiento-urbano-con-el-peezrd\\\/\",\"url\":\"https:\\\/\\\/www.caudete.org\\\/ayuntamiento\\\/el-barrio-de-santa-ana-vuelve-a-ser-objeto-del-proyecto-de-embellecimiento-urbano-con-el-peezrd\\\/\",\"name\":\"El Barrio de Santa Ana, vuelve a ser objeto del Proyecto de \\\"EMBELLECIMIENTO URBANO\\\" con el PEEZRD - MI Ayuntamiento de Caudete\",\"isPartOf\":{\"@id\":\"https:\\\/\\\/www.caudete.org\\\/ayuntamiento\\\/#website\"},\"primaryImageOfPage\":{\"@id\":\"https:\\\/\\\/www.caudete.org\\\/ayuntamiento\\\/el-barrio-de-santa-ana-vuelve-a-ser-objeto-del-proyecto-de-embellecimiento-urbano-con-el-peezrd\\\/#primaryimage\"},\"image\":{\"@id\":\"https:\\\/\\\/www.caudete.org\\\/ayuntamiento\\\/el-barrio-de-santa-ana-vuelve-a-ser-objeto-del-proyecto-de-embellecimiento-urbano-con-el-peezrd\\\/#primaryimage\"},\"thumbnailUrl\":\"https:\\\/\\\/www.caudete.org\\\/ayuntamiento\\\/wp-content\\\/uploads\\\/2021\\\/09\\\/WhatsApp-Image-2021-09-27-at-08.15.00-1.jpeg\",\"datePublished\":\"2021-09-27T08:10:16+00:00\",\"dateModified\":\"2021-09-27T08:32:33+00:00\",\"author\":{\"@id\":\"https:\\\/\\\/www.caudete.org\\\/ayuntamiento\\\/#\\\/schema\\\/person\\\/cc646da9133078ee4d8dd47457947253\"},\"description\":\"P\u00e1gina Oficial del Ayuntamiento de Caudete (Albacete)\",\"breadcrumb\":{\"@id\":\"https:\\\/\\\/www.caudete.org\\\/ayuntamiento\\\/el-barrio-de-santa-ana-vuelve-a-ser-objeto-del-proyecto-de-embellecimiento-urbano-con-el-peezrd\\\/#breadcrumb\"},\"inLanguage\":\"es\",\"potentialAction\":[{\"@type\":\"ReadAction\",\"target\":[\"https:\\\/\\\/www.caudete.org\\\/ayuntamiento\\\/el-barrio-de-santa-ana-vuelve-a-ser-objeto-del-proyecto-de-embellecimiento-urbano-con-el-peezrd\\\/\"]}]},{\"@type\":\"ImageObject\",\"inLanguage\":\"es\",\"@id\":\"https:\\\/\\\/www.caudete.org\\\/ayuntamiento\\\/el-barrio-de-santa-ana-vuelve-a-ser-objeto-del-proyecto-de-embellecimiento-urbano-con-el-peezrd\\\/#primaryimage\",\"url\":\"https:\\\/\\\/www.caudete.org\\\/ayuntamiento\\\/wp-content\\\/uploads\\\/2021\\\/09\\\/WhatsApp-Image-2021-09-27-at-08.15.00-1.jpeg\",\"contentUrl\":\"https:\\\/\\\/www.caudete.org\\\/ayuntamiento\\\/wp-content\\\/uploads\\\/2021\\\/09\\\/WhatsApp-Image-2021-09-27-at-08.15.00-1.jpeg\",\"width\":2048,\"height\":1536},{\"@type\":\"BreadcrumbList\",\"@id\":\"https:\\\/\\\/www.caudete.org\\\/ayuntamiento\\\/el-barrio-de-santa-ana-vuelve-a-ser-objeto-del-proyecto-de-embellecimiento-urbano-con-el-peezrd\\\/#breadcrumb\",\"itemListElement\":[{\"@type\":\"ListItem\",\"position\":1,\"name\":\"Inicio\",\"item\":\"https:\\\/\\\/www.caudete.org\\\/ayuntamiento\\\/\"},{\"@type\":\"ListItem\",\"position\":2,\"name\":\"El Barrio de Santa Ana, vuelve a ser objeto del Proyecto de &#8220;EMBELLECIMIENTO URBANO&#8221; con el PEEZRD\"}]},{\"@type\":\"WebSite\",\"@id\":\"https:\\\/\\\/www.caudete.org\\\/ayuntamiento\\\/#website\",\"url\":\"https:\\\/\\\/www.caudete.org\\\/ayuntamiento\\\/\",\"name\":\"MI Ayuntamiento de Caudete\",\"description\":\"P\u00e1gina Oficial del MI Ayuntamiento de Caudete\",\"potentialAction\":[{\"@type\":\"SearchAction\",\"target\":{\"@type\":\"EntryPoint\",\"urlTemplate\":\"https:\\\/\\\/www.caudete.org\\\/ayuntamiento\\\/?s={search_term_string}\"},\"query-input\":{\"@type\":\"PropertyValueSpecification\",\"valueRequired\":true,\"valueName\":\"search_term_string\"}}],\"inLanguage\":\"es\"},{\"@type\":\"Person\",\"@id\":\"https:\\\/\\\/www.caudete.org\\\/ayuntamiento\\\/#\\\/schema\\\/person\\\/cc646da9133078ee4d8dd47457947253\",\"name\":\"alcalde\",\"image\":{\"@type\":\"ImageObject\",\"inLanguage\":\"es\",\"@id\":\"https:\\\/\\\/secure.gravatar.com\\\/avatar\\\/84a817ba065b29ff08d666b215a215f5c79186a645ccb25b14a663d48a130f77?s=96&d=mm&r=g\",\"url\":\"https:\\\/\\\/secure.gravatar.com\\\/avatar\\\/84a817ba065b29ff08d666b215a215f5c79186a645ccb25b14a663d48a130f77?s=96&d=mm&r=g\",\"contentUrl\":\"https:\\\/\\\/secure.gravatar.com\\\/avatar\\\/84a817ba065b29ff08d666b215a215f5c79186a645ccb25b14a663d48a130f77?s=96&d=mm&r=g\",\"caption\":\"alcalde\"},\"url\":\"https:\\\/\\\/www.caudete.org\\\/ayuntamiento\\\/author\\\/alcalde\\\/\"}]}<\/script>\n<!-- \/ Yoast SEO plugin. -->","yoast_head_json":{"title":"El Barrio de Santa Ana, vuelve a ser objeto del Proyecto de \"EMBELLECIMIENTO URBANO\" con el PEEZRD - MI Ayuntamiento de Caudete","description":"P\u00e1gina Oficial del Ayuntamiento de Caudete (Albacete)","robots":{"index":"index","follow":"follow","max-snippet":"max-snippet:-1","max-image-preview":"max-image-preview:large","max-video-preview":"max-video-preview:-1"},"canonical":"https:\/\/www.caudete.org\/ayuntamiento\/el-barrio-de-santa-ana-vuelve-a-ser-objeto-del-proyecto-de-embellecimiento-urbano-con-el-peezrd\/","og_locale":"es_ES","og_type":"article","og_title":"El Barrio de Santa Ana, vuelve a ser objeto del Proyecto de \"EMBELLECIMIENTO URBANO\" con el PEEZRD - MI Ayuntamiento de Caudete","og_description":"P\u00e1gina Oficial del Ayuntamiento de Caudete (Albacete)","og_url":"https:\/\/www.caudete.org\/ayuntamiento\/el-barrio-de-santa-ana-vuelve-a-ser-objeto-del-proyecto-de-embellecimiento-urbano-con-el-peezrd\/","og_site_name":"MI Ayuntamiento de Caudete","article_publisher":"https:\/\/www.facebook.com\/ayuntamientocaudete\/","article_published_time":"2021-09-27T08:10:16+00:00","article_modified_time":"2021-09-27T08:32:33+00:00","og_image":[{"width":2048,"height":1536,"url":"https:\/\/www.caudete.org\/ayuntamiento\/wp-content\/uploads\/2021\/09\/WhatsApp-Image-2021-09-27-at-08.15.00-1.jpeg","type":"image\/jpeg"}],"author":"alcalde","twitter_card":"summary_large_image","twitter_misc":{"Escrito por":"alcalde","Tiempo de lectura":"2 minutos"},"schema":{"@context":"https:\/\/schema.org","@graph":[{"@type":"Article","@id":"https:\/\/www.caudete.org\/ayuntamiento\/el-barrio-de-santa-ana-vuelve-a-ser-objeto-del-proyecto-de-embellecimiento-urbano-con-el-peezrd\/#article","isPartOf":{"@id":"https:\/\/www.caudete.org\/ayuntamiento\/el-barrio-de-santa-ana-vuelve-a-ser-objeto-del-proyecto-de-embellecimiento-urbano-con-el-peezrd\/"},"author":{"name":"alcalde","@id":"https:\/\/www.caudete.org\/ayuntamiento\/#\/schema\/person\/cc646da9133078ee4d8dd47457947253"},"headline":"El Barrio de Santa Ana, vuelve a ser objeto del Proyecto de &#8220;EMBELLECIMIENTO URBANO&#8221; con el PEEZRD","datePublished":"2021-09-27T08:10:16+00:00","dateModified":"2021-09-27T08:32:33+00:00","mainEntityOfPage":{"@id":"https:\/\/www.caudete.org\/ayuntamiento\/el-barrio-de-santa-ana-vuelve-a-ser-objeto-del-proyecto-de-embellecimiento-urbano-con-el-peezrd\/"},"wordCount":270,"image":{"@id":"https:\/\/www.caudete.org\/ayuntamiento\/el-barrio-de-santa-ana-vuelve-a-ser-objeto-del-proyecto-de-embellecimiento-urbano-con-el-peezrd\/#primaryimage"},"thumbnailUrl":"https:\/\/www.caudete.org\/ayuntamiento\/wp-content\/uploads\/2021\/09\/WhatsApp-Image-2021-09-27-at-08.15.00-1.jpeg","articleSection":["Turismo"],"inLanguage":"es"},{"@type":"WebPage","@id":"https:\/\/www.caudete.org\/ayuntamiento\/el-barrio-de-santa-ana-vuelve-a-ser-objeto-del-proyecto-de-embellecimiento-urbano-con-el-peezrd\/","url":"https:\/\/www.caudete.org\/ayuntamiento\/el-barrio-de-santa-ana-vuelve-a-ser-objeto-del-proyecto-de-embellecimiento-urbano-con-el-peezrd\/","name":"El Barrio de Santa Ana, vuelve a ser objeto del Proyecto de \"EMBELLECIMIENTO URBANO\" con el PEEZRD - MI Ayuntamiento de Caudete","isPartOf":{"@id":"https:\/\/www.caudete.org\/ayuntamiento\/#website"},"primaryImageOfPage":{"@id":"https:\/\/www.caudete.org\/ayuntamiento\/el-barrio-de-santa-ana-vuelve-a-ser-objeto-del-proyecto-de-embellecimiento-urbano-con-el-peezrd\/#primaryimage"},"image":{"@id":"https:\/\/www.caudete.org\/ayuntamiento\/el-barrio-de-santa-ana-vuelve-a-ser-objeto-del-proyecto-de-embellecimiento-urbano-con-el-peezrd\/#primaryimage"},"thumbnailUrl":"https:\/\/www.caudete.org\/ayuntamiento\/wp-content\/uploads\/2021\/09\/WhatsApp-Image-2021-09-27-at-08.15.00-1.jpeg","datePublished":"2021-09-27T08:10:16+00:00","dateModified":"2021-09-27T08:32:33+00:00","author":{"@id":"https:\/\/www.caudete.org\/ayuntamiento\/#\/schema\/person\/cc646da9133078ee4d8dd47457947253"},"description":"P\u00e1gina Oficial del Ayuntamiento de Caudete (Albacete)","breadcrumb":{"@id":"https:\/\/www.caudete.org\/ayuntamiento\/el-barrio-de-santa-ana-vuelve-a-ser-objeto-del-proyecto-de-embellecimiento-urbano-con-el-peezrd\/#breadcrumb"},"inLanguage":"es","potentialAction":[{"@type":"ReadAction","target":["https:\/\/www.caudete.org\/ayuntamiento\/el-barrio-de-santa-ana-vuelve-a-ser-objeto-del-proyecto-de-embellecimiento-urbano-con-el-peezrd\/"]}]},{"@type":"ImageObject","inLanguage":"es","@id":"https:\/\/www.caudete.org\/ayuntamiento\/el-barrio-de-santa-ana-vuelve-a-ser-objeto-del-proyecto-de-embellecimiento-urbano-con-el-peezrd\/#primaryimage","url":"https:\/\/www.caudete.org\/ayuntamiento\/wp-content\/uploads\/2021\/09\/WhatsApp-Image-2021-09-27-at-08.15.00-1.jpeg","contentUrl":"https:\/\/www.caudete.org\/ayuntamiento\/wp-content\/uploads\/2021\/09\/WhatsApp-Image-2021-09-27-at-08.15.00-1.jpeg","width":2048,"height":1536},{"@type":"BreadcrumbList","@id":"https:\/\/www.caudete.org\/ayuntamiento\/el-barrio-de-santa-ana-vuelve-a-ser-objeto-del-proyecto-de-embellecimiento-urbano-con-el-peezrd\/#breadcrumb","itemListElement":[{"@type":"ListItem","position":1,"name":"Inicio","item":"https:\/\/www.caudete.org\/ayuntamiento\/"},{"@type":"ListItem","position":2,"name":"El Barrio de Santa Ana, vuelve a ser objeto del Proyecto de &#8220;EMBELLECIMIENTO URBANO&#8221; con el PEEZRD"}]},{"@type":"WebSite","@id":"https:\/\/www.caudete.org\/ayuntamiento\/#website","url":"https:\/\/www.caudete.org\/ayuntamiento\/","name":"MI Ayuntamiento de Caudete","description":"P\u00e1gina Oficial del MI Ayuntamiento de Caudete","potentialAction":[{"@type":"SearchAction","target":{"@type":"EntryPoint","urlTemplate":"https:\/\/www.caudete.org\/ayuntamiento\/?s={search_term_string}"},"query-input":{"@type":"PropertyValueSpecification","valueRequired":true,"valueName":"search_term_string"}}],"inLanguage":"es"},{"@type":"Person","@id":"https:\/\/www.caudete.org\/ayuntamiento\/#\/schema\/person\/cc646da9133078ee4d8dd47457947253","name":"alcalde","image":{"@type":"ImageObject","inLanguage":"es","@id":"https:\/\/secure.gravatar.com\/avatar\/84a817ba065b29ff08d666b215a215f5c79186a645ccb25b14a663d48a130f77?s=96&d=mm&r=g","url":"https:\/\/secure.gravatar.com\/avatar\/84a817ba065b29ff08d666b215a215f5c79186a645ccb25b14a663d48a130f77?s=96&d=mm&r=g","contentUrl":"https:\/\/secure.gravatar.com\/avatar\/84a817ba065b29ff08d666b215a215f5c79186a645ccb25b14a663d48a130f77?s=96&d=mm&r=g","caption":"alcalde"},"url":"https:\/\/www.caudete.org\/ayuntamiento\/author\/alcalde\/"}]}},"_links":{"self":[{"href":"https:\/\/www.caudete.org\/ayuntamiento\/wp-json\/wp\/v2\/posts\/16299","targetHints":{"allow":["GET"]}}],"collection":[{"href":"https:\/\/www.caudete.org\/ayuntamiento\/wp-json\/wp\/v2\/posts"}],"about":[{"href":"https:\/\/www.caudete.org\/ayuntamiento\/wp-json\/wp\/v2\/types\/post"}],"author":[{"embeddable":true,"href":"https:\/\/www.caudete.org\/ayuntamiento\/wp-json\/wp\/v2\/users\/3"}],"replies":[{"embeddable":true,"href":"https:\/\/www.caudete.org\/ayuntamiento\/wp-json\/wp\/v2\/comments?post=16299"}],"version-history":[{"count":2,"href":"https:\/\/www.caudete.org\/ayuntamiento\/wp-json\/wp\/v2\/posts\/16299\/revisions"}],"predecessor-version":[{"id":16311,"href":"https:\/\/www.caudete.org\/ayuntamiento\/wp-json\/wp\/v2\/posts\/16299\/revisions\/16311"}],"wp:featuredmedia":[{"embeddable":true,"href":"https:\/\/www.caudete.org\/ayuntamiento\/wp-json\/wp\/v2\/media\/16305"}],"wp:attachment":[{"href":"https:\/\/www.caudete.org\/ayuntamiento\/wp-json\/wp\/v2\/media?parent=16299"}],"wp:term":[{"taxonomy":"category","embeddable":true,"href":"https:\/\/www.caudete.org\/ayuntamiento\/wp-json\/wp\/v2\/categories?post=16299"},{"taxonomy":"post_tag","embeddable":true,"href":"https:\/\/www.caudete.org\/ayuntamiento\/wp-json\/wp\/v2\/tags?post=16299"}],"curies":[{"name":"wp","href":"https:\/\/api.w.org\/{rel}","templated":true}]}}