{"id":16314,"date":"2021-09-28T06:43:03","date_gmt":"2021-09-28T04:43:03","guid":{"rendered":"https:\/\/www.caudete.org\/ayuntamiento\/?p=16314"},"modified":"2021-09-28T06:43:03","modified_gmt":"2021-09-28T04:43:03","slug":"se-van-a-invertir-240-000e-en-asfaltar-calles-del-municipio","status":"publish","type":"post","link":"https:\/\/www.caudete.org\/ayuntamiento\/se-van-a-invertir-240-000e-en-asfaltar-calles-del-municipio\/","title":{"rendered":"Se van a invertir 240.000\u20ac en asfaltar Calles del municipio"},"content":{"rendered":"<p style=\"text-align: justify;\">El pasado viernes la Junta de Gobierno Local daba el visto bueno al proyecto de Asfaltado 2021 que el Equipo de Gobierno, por medio de la Concejal\u00eda de Movilidad ha desarrollado para ejecutar en lo que queda de a\u00f1o.<\/p>\n<p style=\"text-align: justify;\">El Concejal de Movilidad, encargado del presente proyecto, Joaqu\u00edn Pag\u00e1n, especificaba que &#8220;<em>un montante de 240.000&#8217;00 \u20ac es la cifra con la que los Servicios T\u00e9cnicos Municipales publicar\u00e1n la licitaci\u00f3n&#8221;<\/em>, que permitir\u00e1 acometer un ambicioso Plan de Asfaltado de V\u00edas, en el que &#8220;<em>se pretende superar los 22.000m<sup>2<\/sup> de nuevo firme, para lo cual se retirar\u00e1n mas de 500m<sup>3&#8243;<\/sup><\/em> de asfalto para ser repuesto.<\/p>\n<p style=\"text-align: justify;\">Adem\u00e1s, informaba que &#8220;<em>ser\u00e1n cerca de una treintena de Calles del municipio son las que ver\u00e1n mejoradas su pavimentaci\u00f3n&#8221;<\/em>, y 7 los Badenes de nueva creaci\u00f3n que se han establecido en el proyecto.<\/p>\n<p style=\"text-align: justify;\">Por su parte, el Alcalde remarcaba &#8220;el compromiso que el Gobierno Municipal tiene con Caudete&#8221;, destacando que &#8220;<em>es ahora cuando el Ayuntamiento puede acometer este tipo de importantes inversiones, suponiendo un beneficio directo para los caudetanos, y solucionando en gran parte problemas evidentes en nuestras calles<\/em>&#8220;, como lo es el estado del firme, y que mejorar\u00e1, entre otras, calles como San Antonio Abad, El Molino, San Jaime, San Sebasti\u00e1n, Libertad o Jornetas, lo que demuestra el querer llegar a todos los barrios de la localidad.<\/p>\n<p style=\"text-align: justify;\">Respecto a los plazos, conf\u00eda en que la licitaci\u00f3n pueda ser publicada en la Plataforma de Contrataci\u00f3n del Estado en d\u00edas pr\u00f3ximos, mientras\u00a0 que la ejecuci\u00f3n de los trabajos se prev\u00e9 iniciar en el mes de Noviembre, con varias semanas de duraci\u00f3n. No obstante, y de forma previa, ser\u00e1 necesario en algunas de las calles a actuar, realizar trabajos previos de sustituci\u00f3n de canalizaciones por parte de la Brigada de Obras Municipal.<\/p>\n<p style=\"text-align: justify;\">No obstante, tras este Plan de Asfaltado de V\u00edas 2021, se seguir\u00e1n proyectando futuras actuaciones para acometerlas en ejercicios siguientes. De hecho, se plantear\u00e1 actuar en Calles no incluidas en este a\u00f1o por requerir una actuaci\u00f3n integral (incluyendo servicios) o plantear una soluci\u00f3n distinta al asfaltado (como lo es la Calle Mayor).<\/p>\n<p style=\"text-align: justify;\">Por \u00faltimo, informaba que a finales de verano, la Corporaci\u00f3n fue conocedora del desarrollo del proyecto al convocarse la Comisi\u00f3n Informativa oportuna, en la que todos los grupos municipales pudieron ver al detalle las actuaciones propuestas.<\/p>\n","protected":false},"excerpt":{"rendered":"<p>El pasado viernes la Junta de Gobierno Local daba el visto bueno al proyecto de Asfaltado 2021 que el Equipo de Gobierno, por medio de la Concejal\u00eda de Movilidad ha desarrollado para ejecutar en lo que queda de a\u00f1o. El Concejal de Movilidad, encargado del presente proyecto, Joaqu\u00edn Pag\u00e1n, especificaba que &#8220;un montante de 240.000&#8217;00 &hellip;<\/p>\n","protected":false},"author":3,"featured_media":16315,"comment_status":"closed","ping_status":"open","sticky":false,"template":"","format":"standard","meta":{"ngg_post_thumbnail":0,"footnotes":""},"categories":[46],"tags":[],"class_list":["post-16314","post","type-post","status-publish","format-standard","has-post-thumbnail","hentry","category-movilidad-urbana"],"yoast_head":"<!-- This site is optimized with the Yoast SEO plugin v27.5 - https:\/\/yoast.com\/product\/yoast-seo-wordpress\/ -->\n<title>Se van a invertir 240.000\u20ac en asfaltar Calles del municipio - MI Ayuntamiento de Caudete<\/title>\n<meta name=\"description\" content=\"P\u00e1gina Oficial del Ayuntamiento de Caudete (Albacete)\" \/>\n<meta name=\"robots\" content=\"index, follow, max-snippet:-1, max-image-preview:large, max-video-preview:-1\" \/>\n<link rel=\"canonical\" href=\"https:\/\/www.caudete.org\/ayuntamiento\/se-van-a-invertir-240-000e-en-asfaltar-calles-del-municipio\/\" \/>\n<meta property=\"og:locale\" content=\"es_ES\" \/>\n<meta property=\"og:type\" content=\"article\" \/>\n<meta property=\"og:title\" content=\"Se van a invertir 240.000\u20ac en asfaltar Calles del municipio - MI Ayuntamiento de Caudete\" \/>\n<meta property=\"og:description\" content=\"P\u00e1gina Oficial del Ayuntamiento de Caudete (Albacete)\" \/>\n<meta property=\"og:url\" content=\"https:\/\/www.caudete.org\/ayuntamiento\/se-van-a-invertir-240-000e-en-asfaltar-calles-del-municipio\/\" \/>\n<meta property=\"og:site_name\" content=\"MI Ayuntamiento de Caudete\" \/>\n<meta property=\"article:publisher\" content=\"https:\/\/www.facebook.com\/ayuntamientocaudete\/\" \/>\n<meta property=\"article:published_time\" content=\"2021-09-28T04:43:03+00:00\" \/>\n<meta property=\"og:image\" content=\"https:\/\/www.caudete.org\/ayuntamiento\/wp-content\/uploads\/2021\/09\/asfaltado2.jpg\" \/>\n\t<meta property=\"og:image:width\" content=\"2048\" \/>\n\t<meta property=\"og:image:height\" content=\"1536\" \/>\n\t<meta property=\"og:image:type\" content=\"image\/jpeg\" \/>\n<meta name=\"author\" content=\"alcalde\" \/>\n<meta name=\"twitter:card\" content=\"summary_large_image\" \/>\n<meta name=\"twitter:label1\" content=\"Escrito por\" \/>\n\t<meta name=\"twitter:data1\" content=\"alcalde\" \/>\n\t<meta name=\"twitter:label2\" content=\"Tiempo de lectura\" \/>\n\t<meta name=\"twitter:data2\" content=\"2 minutos\" \/>\n<script type=\"application\/ld+json\" class=\"yoast-schema-graph\">{\"@context\":\"https:\\\/\\\/schema.org\",\"@graph\":[{\"@type\":\"Article\",\"@id\":\"https:\\\/\\\/www.caudete.org\\\/ayuntamiento\\\/se-van-a-invertir-240-000e-en-asfaltar-calles-del-municipio\\\/#article\",\"isPartOf\":{\"@id\":\"https:\\\/\\\/www.caudete.org\\\/ayuntamiento\\\/se-van-a-invertir-240-000e-en-asfaltar-calles-del-municipio\\\/\"},\"author\":{\"name\":\"alcalde\",\"@id\":\"https:\\\/\\\/www.caudete.org\\\/ayuntamiento\\\/#\\\/schema\\\/person\\\/cc646da9133078ee4d8dd47457947253\"},\"headline\":\"Se van a invertir 240.000\u20ac en asfaltar Calles del municipio\",\"datePublished\":\"2021-09-28T04:43:03+00:00\",\"mainEntityOfPage\":{\"@id\":\"https:\\\/\\\/www.caudete.org\\\/ayuntamiento\\\/se-van-a-invertir-240-000e-en-asfaltar-calles-del-municipio\\\/\"},\"wordCount\":415,\"image\":{\"@id\":\"https:\\\/\\\/www.caudete.org\\\/ayuntamiento\\\/se-van-a-invertir-240-000e-en-asfaltar-calles-del-municipio\\\/#primaryimage\"},\"thumbnailUrl\":\"https:\\\/\\\/www.caudete.org\\\/ayuntamiento\\\/wp-content\\\/uploads\\\/2021\\\/09\\\/asfaltado2.jpg\",\"articleSection\":[\"Movilidad Urbana\"],\"inLanguage\":\"es\"},{\"@type\":\"WebPage\",\"@id\":\"https:\\\/\\\/www.caudete.org\\\/ayuntamiento\\\/se-van-a-invertir-240-000e-en-asfaltar-calles-del-municipio\\\/\",\"url\":\"https:\\\/\\\/www.caudete.org\\\/ayuntamiento\\\/se-van-a-invertir-240-000e-en-asfaltar-calles-del-municipio\\\/\",\"name\":\"Se van a invertir 240.000\u20ac en asfaltar Calles del municipio - MI Ayuntamiento de Caudete\",\"isPartOf\":{\"@id\":\"https:\\\/\\\/www.caudete.org\\\/ayuntamiento\\\/#website\"},\"primaryImageOfPage\":{\"@id\":\"https:\\\/\\\/www.caudete.org\\\/ayuntamiento\\\/se-van-a-invertir-240-000e-en-asfaltar-calles-del-municipio\\\/#primaryimage\"},\"image\":{\"@id\":\"https:\\\/\\\/www.caudete.org\\\/ayuntamiento\\\/se-van-a-invertir-240-000e-en-asfaltar-calles-del-municipio\\\/#primaryimage\"},\"thumbnailUrl\":\"https:\\\/\\\/www.caudete.org\\\/ayuntamiento\\\/wp-content\\\/uploads\\\/2021\\\/09\\\/asfaltado2.jpg\",\"datePublished\":\"2021-09-28T04:43:03+00:00\",\"author\":{\"@id\":\"https:\\\/\\\/www.caudete.org\\\/ayuntamiento\\\/#\\\/schema\\\/person\\\/cc646da9133078ee4d8dd47457947253\"},\"description\":\"P\u00e1gina Oficial del Ayuntamiento de Caudete (Albacete)\",\"breadcrumb\":{\"@id\":\"https:\\\/\\\/www.caudete.org\\\/ayuntamiento\\\/se-van-a-invertir-240-000e-en-asfaltar-calles-del-municipio\\\/#breadcrumb\"},\"inLanguage\":\"es\",\"potentialAction\":[{\"@type\":\"ReadAction\",\"target\":[\"https:\\\/\\\/www.caudete.org\\\/ayuntamiento\\\/se-van-a-invertir-240-000e-en-asfaltar-calles-del-municipio\\\/\"]}]},{\"@type\":\"ImageObject\",\"inLanguage\":\"es\",\"@id\":\"https:\\\/\\\/www.caudete.org\\\/ayuntamiento\\\/se-van-a-invertir-240-000e-en-asfaltar-calles-del-municipio\\\/#primaryimage\",\"url\":\"https:\\\/\\\/www.caudete.org\\\/ayuntamiento\\\/wp-content\\\/uploads\\\/2021\\\/09\\\/asfaltado2.jpg\",\"contentUrl\":\"https:\\\/\\\/www.caudete.org\\\/ayuntamiento\\\/wp-content\\\/uploads\\\/2021\\\/09\\\/asfaltado2.jpg\",\"width\":2048,\"height\":1536},{\"@type\":\"BreadcrumbList\",\"@id\":\"https:\\\/\\\/www.caudete.org\\\/ayuntamiento\\\/se-van-a-invertir-240-000e-en-asfaltar-calles-del-municipio\\\/#breadcrumb\",\"itemListElement\":[{\"@type\":\"ListItem\",\"position\":1,\"name\":\"Inicio\",\"item\":\"https:\\\/\\\/www.caudete.org\\\/ayuntamiento\\\/\"},{\"@type\":\"ListItem\",\"position\":2,\"name\":\"Se van a invertir 240.000\u20ac en asfaltar Calles del municipio\"}]},{\"@type\":\"WebSite\",\"@id\":\"https:\\\/\\\/www.caudete.org\\\/ayuntamiento\\\/#website\",\"url\":\"https:\\\/\\\/www.caudete.org\\\/ayuntamiento\\\/\",\"name\":\"MI Ayuntamiento de Caudete\",\"description\":\"P\u00e1gina Oficial del MI Ayuntamiento de Caudete\",\"potentialAction\":[{\"@type\":\"SearchAction\",\"target\":{\"@type\":\"EntryPoint\",\"urlTemplate\":\"https:\\\/\\\/www.caudete.org\\\/ayuntamiento\\\/?s={search_term_string}\"},\"query-input\":{\"@type\":\"PropertyValueSpecification\",\"valueRequired\":true,\"valueName\":\"search_term_string\"}}],\"inLanguage\":\"es\"},{\"@type\":\"Person\",\"@id\":\"https:\\\/\\\/www.caudete.org\\\/ayuntamiento\\\/#\\\/schema\\\/person\\\/cc646da9133078ee4d8dd47457947253\",\"name\":\"alcalde\",\"image\":{\"@type\":\"ImageObject\",\"inLanguage\":\"es\",\"@id\":\"https:\\\/\\\/secure.gravatar.com\\\/avatar\\\/84a817ba065b29ff08d666b215a215f5c79186a645ccb25b14a663d48a130f77?s=96&d=mm&r=g\",\"url\":\"https:\\\/\\\/secure.gravatar.com\\\/avatar\\\/84a817ba065b29ff08d666b215a215f5c79186a645ccb25b14a663d48a130f77?s=96&d=mm&r=g\",\"contentUrl\":\"https:\\\/\\\/secure.gravatar.com\\\/avatar\\\/84a817ba065b29ff08d666b215a215f5c79186a645ccb25b14a663d48a130f77?s=96&d=mm&r=g\",\"caption\":\"alcalde\"},\"url\":\"https:\\\/\\\/www.caudete.org\\\/ayuntamiento\\\/author\\\/alcalde\\\/\"}]}<\/script>\n<!-- \/ Yoast SEO plugin. -->","yoast_head_json":{"title":"Se van a invertir 240.000\u20ac en asfaltar Calles del municipio - MI Ayuntamiento de Caudete","description":"P\u00e1gina Oficial del Ayuntamiento de Caudete (Albacete)","robots":{"index":"index","follow":"follow","max-snippet":"max-snippet:-1","max-image-preview":"max-image-preview:large","max-video-preview":"max-video-preview:-1"},"canonical":"https:\/\/www.caudete.org\/ayuntamiento\/se-van-a-invertir-240-000e-en-asfaltar-calles-del-municipio\/","og_locale":"es_ES","og_type":"article","og_title":"Se van a invertir 240.000\u20ac en asfaltar Calles del municipio - MI Ayuntamiento de Caudete","og_description":"P\u00e1gina Oficial del Ayuntamiento de Caudete (Albacete)","og_url":"https:\/\/www.caudete.org\/ayuntamiento\/se-van-a-invertir-240-000e-en-asfaltar-calles-del-municipio\/","og_site_name":"MI Ayuntamiento de Caudete","article_publisher":"https:\/\/www.facebook.com\/ayuntamientocaudete\/","article_published_time":"2021-09-28T04:43:03+00:00","og_image":[{"width":2048,"height":1536,"url":"https:\/\/www.caudete.org\/ayuntamiento\/wp-content\/uploads\/2021\/09\/asfaltado2.jpg","type":"image\/jpeg"}],"author":"alcalde","twitter_card":"summary_large_image","twitter_misc":{"Escrito por":"alcalde","Tiempo de lectura":"2 minutos"},"schema":{"@context":"https:\/\/schema.org","@graph":[{"@type":"Article","@id":"https:\/\/www.caudete.org\/ayuntamiento\/se-van-a-invertir-240-000e-en-asfaltar-calles-del-municipio\/#article","isPartOf":{"@id":"https:\/\/www.caudete.org\/ayuntamiento\/se-van-a-invertir-240-000e-en-asfaltar-calles-del-municipio\/"},"author":{"name":"alcalde","@id":"https:\/\/www.caudete.org\/ayuntamiento\/#\/schema\/person\/cc646da9133078ee4d8dd47457947253"},"headline":"Se van a invertir 240.000\u20ac en asfaltar Calles del municipio","datePublished":"2021-09-28T04:43:03+00:00","mainEntityOfPage":{"@id":"https:\/\/www.caudete.org\/ayuntamiento\/se-van-a-invertir-240-000e-en-asfaltar-calles-del-municipio\/"},"wordCount":415,"image":{"@id":"https:\/\/www.caudete.org\/ayuntamiento\/se-van-a-invertir-240-000e-en-asfaltar-calles-del-municipio\/#primaryimage"},"thumbnailUrl":"https:\/\/www.caudete.org\/ayuntamiento\/wp-content\/uploads\/2021\/09\/asfaltado2.jpg","articleSection":["Movilidad Urbana"],"inLanguage":"es"},{"@type":"WebPage","@id":"https:\/\/www.caudete.org\/ayuntamiento\/se-van-a-invertir-240-000e-en-asfaltar-calles-del-municipio\/","url":"https:\/\/www.caudete.org\/ayuntamiento\/se-van-a-invertir-240-000e-en-asfaltar-calles-del-municipio\/","name":"Se van a invertir 240.000\u20ac en asfaltar Calles del municipio - MI Ayuntamiento de Caudete","isPartOf":{"@id":"https:\/\/www.caudete.org\/ayuntamiento\/#website"},"primaryImageOfPage":{"@id":"https:\/\/www.caudete.org\/ayuntamiento\/se-van-a-invertir-240-000e-en-asfaltar-calles-del-municipio\/#primaryimage"},"image":{"@id":"https:\/\/www.caudete.org\/ayuntamiento\/se-van-a-invertir-240-000e-en-asfaltar-calles-del-municipio\/#primaryimage"},"thumbnailUrl":"https:\/\/www.caudete.org\/ayuntamiento\/wp-content\/uploads\/2021\/09\/asfaltado2.jpg","datePublished":"2021-09-28T04:43:03+00:00","author":{"@id":"https:\/\/www.caudete.org\/ayuntamiento\/#\/schema\/person\/cc646da9133078ee4d8dd47457947253"},"description":"P\u00e1gina Oficial del Ayuntamiento de Caudete (Albacete)","breadcrumb":{"@id":"https:\/\/www.caudete.org\/ayuntamiento\/se-van-a-invertir-240-000e-en-asfaltar-calles-del-municipio\/#breadcrumb"},"inLanguage":"es","potentialAction":[{"@type":"ReadAction","target":["https:\/\/www.caudete.org\/ayuntamiento\/se-van-a-invertir-240-000e-en-asfaltar-calles-del-municipio\/"]}]},{"@type":"ImageObject","inLanguage":"es","@id":"https:\/\/www.caudete.org\/ayuntamiento\/se-van-a-invertir-240-000e-en-asfaltar-calles-del-municipio\/#primaryimage","url":"https:\/\/www.caudete.org\/ayuntamiento\/wp-content\/uploads\/2021\/09\/asfaltado2.jpg","contentUrl":"https:\/\/www.caudete.org\/ayuntamiento\/wp-content\/uploads\/2021\/09\/asfaltado2.jpg","width":2048,"height":1536},{"@type":"BreadcrumbList","@id":"https:\/\/www.caudete.org\/ayuntamiento\/se-van-a-invertir-240-000e-en-asfaltar-calles-del-municipio\/#breadcrumb","itemListElement":[{"@type":"ListItem","position":1,"name":"Inicio","item":"https:\/\/www.caudete.org\/ayuntamiento\/"},{"@type":"ListItem","position":2,"name":"Se van a invertir 240.000\u20ac en asfaltar Calles del municipio"}]},{"@type":"WebSite","@id":"https:\/\/www.caudete.org\/ayuntamiento\/#website","url":"https:\/\/www.caudete.org\/ayuntamiento\/","name":"MI Ayuntamiento de Caudete","description":"P\u00e1gina Oficial del MI Ayuntamiento de Caudete","potentialAction":[{"@type":"SearchAction","target":{"@type":"EntryPoint","urlTemplate":"https:\/\/www.caudete.org\/ayuntamiento\/?s={search_term_string}"},"query-input":{"@type":"PropertyValueSpecification","valueRequired":true,"valueName":"search_term_string"}}],"inLanguage":"es"},{"@type":"Person","@id":"https:\/\/www.caudete.org\/ayuntamiento\/#\/schema\/person\/cc646da9133078ee4d8dd47457947253","name":"alcalde","image":{"@type":"ImageObject","inLanguage":"es","@id":"https:\/\/secure.gravatar.com\/avatar\/84a817ba065b29ff08d666b215a215f5c79186a645ccb25b14a663d48a130f77?s=96&d=mm&r=g","url":"https:\/\/secure.gravatar.com\/avatar\/84a817ba065b29ff08d666b215a215f5c79186a645ccb25b14a663d48a130f77?s=96&d=mm&r=g","contentUrl":"https:\/\/secure.gravatar.com\/avatar\/84a817ba065b29ff08d666b215a215f5c79186a645ccb25b14a663d48a130f77?s=96&d=mm&r=g","caption":"alcalde"},"url":"https:\/\/www.caudete.org\/ayuntamiento\/author\/alcalde\/"}]}},"_links":{"self":[{"href":"https:\/\/www.caudete.org\/ayuntamiento\/wp-json\/wp\/v2\/posts\/16314","targetHints":{"allow":["GET"]}}],"collection":[{"href":"https:\/\/www.caudete.org\/ayuntamiento\/wp-json\/wp\/v2\/posts"}],"about":[{"href":"https:\/\/www.caudete.org\/ayuntamiento\/wp-json\/wp\/v2\/types\/post"}],"author":[{"embeddable":true,"href":"https:\/\/www.caudete.org\/ayuntamiento\/wp-json\/wp\/v2\/users\/3"}],"replies":[{"embeddable":true,"href":"https:\/\/www.caudete.org\/ayuntamiento\/wp-json\/wp\/v2\/comments?post=16314"}],"version-history":[{"count":1,"href":"https:\/\/www.caudete.org\/ayuntamiento\/wp-json\/wp\/v2\/posts\/16314\/revisions"}],"predecessor-version":[{"id":16316,"href":"https:\/\/www.caudete.org\/ayuntamiento\/wp-json\/wp\/v2\/posts\/16314\/revisions\/16316"}],"wp:featuredmedia":[{"embeddable":true,"href":"https:\/\/www.caudete.org\/ayuntamiento\/wp-json\/wp\/v2\/media\/16315"}],"wp:attachment":[{"href":"https:\/\/www.caudete.org\/ayuntamiento\/wp-json\/wp\/v2\/media?parent=16314"}],"wp:term":[{"taxonomy":"category","embeddable":true,"href":"https:\/\/www.caudete.org\/ayuntamiento\/wp-json\/wp\/v2\/categories?post=16314"},{"taxonomy":"post_tag","embeddable":true,"href":"https:\/\/www.caudete.org\/ayuntamiento\/wp-json\/wp\/v2\/tags?post=16314"}],"curies":[{"name":"wp","href":"https:\/\/api.w.org\/{rel}","templated":true}]}}