{"id":16394,"date":"2021-09-30T10:06:10","date_gmt":"2021-09-30T08:06:10","guid":{"rendered":"https:\/\/www.caudete.org\/ayuntamiento\/?p=16394"},"modified":"2021-09-30T10:06:10","modified_gmt":"2021-09-30T08:06:10","slug":"presentada-la-ii-campana-de-voluntariado-arqueologico-para-el-castillo","status":"publish","type":"post","link":"https:\/\/www.caudete.org\/ayuntamiento\/presentada-la-ii-campana-de-voluntariado-arqueologico-para-el-castillo\/","title":{"rendered":"Presentada la II Campa\u00f1a de Voluntariado Arqueol\u00f3gico para el CASTILLO"},"content":{"rendered":"<p style=\"text-align: justify;\">El Concejal de Patrimonio Hist\u00f3rico, Diego Cuenca, ha presentado esta ma\u00f1ana la II Campa\u00f1a de Voluntariado Arqueol\u00f3gico que se iniciar\u00e1 el pr\u00f3ximo mes de Octubre en el Castillo de la localidad.<\/p>\n<p style=\"text-align: justify;\">El \u00e9xito obtenido en la pasada edici\u00f3n de 2020, ha sido motivo, junto a la petici\u00f3n de quienes fueron protagonistas, de lanzar de nuevo una convocatoria en la que cualquier ciudadano pueda participar en las labores arqueol\u00f3gicas que el Ayuntamiento ha planteado para el presente a\u00f1o dentro de la fortaleza caudetana. No se requieren estudios, ni se establece un m\u00e1ximo de edad, y la jornada se adapta a la disponibilidad del voluntario. Tan solo se pide ilusi\u00f3n, buen hacer y respeto por el desempe\u00f1o de las funciones.<\/p>\n<p style=\"text-align: justify;\">Los interesados pueden solicitar su inscripci\u00f3n en la Oficina de Turismo (de lunes a viernes de 09.00 a 13.00 en Plaza del Carmen) para lo que deber\u00e1n ir provistos de su DNI, y facilitar la disponibilidad que tienen para colaborar en la Campa\u00f1a.<\/p>\n<p style=\"text-align: justify;\">Los trabajos se realizar\u00e1n durante el mes de Octubre, de lunes a viernes de 08.00 a 15.00h y s\u00e1bados de 09.00 a 13.00h. No obstante, las fechas de inicio y fin no se han establecido, ya que es preceptiva la autorizaci\u00f3n de la Consejer\u00eda de Cultura para poder iniciar los trabajos.<\/p>\n<p style=\"text-align: justify;\">Bajo la direcci\u00f3n de los Arque\u00f3logos Gabriel Segura y Daniel Azor\u00edn se llevar\u00e1n a cabo labores arqueol\u00f3gicas que tratar\u00e1n de desenterrar un pa\u00f1o de la muralla original del castillo, oculta bajo una capa de tierra, y que une dos de las cuatro torres del Castillo. Esta actuaci\u00f3n se enmarca dentro las ayudas que el IEA lanza para la investigaci\u00f3n del patrimonio arqueol\u00f3gico local, de la que el Ayuntamiento de Caudete ha resultado beneficiario.<\/p>\n<p style=\"text-align: justify;\">Finalizada la excavaci\u00f3n, y realizados los estudios pertinentes, el Ayuntamiento realizar\u00e1 una Conferencia con los resultados obtenidos, momento en el cual el Voluntariado Arqueol\u00f3gico recibir\u00e1 p\u00fablicamente un Diploma acreditativo de su participaci\u00f3n en la presente campa\u00f1a.<\/p>\n","protected":false},"excerpt":{"rendered":"<p>El Concejal de Patrimonio Hist\u00f3rico, Diego Cuenca, ha presentado esta ma\u00f1ana la II Campa\u00f1a de Voluntariado Arqueol\u00f3gico que se iniciar\u00e1 el pr\u00f3ximo mes de Octubre en el Castillo de la localidad. El \u00e9xito obtenido en la pasada edici\u00f3n de 2020, ha sido motivo, junto a la petici\u00f3n de quienes fueron protagonistas, de lanzar de nuevo &hellip;<\/p>\n","protected":false},"author":3,"featured_media":16395,"comment_status":"closed","ping_status":"open","sticky":false,"template":"","format":"standard","meta":{"ngg_post_thumbnail":0,"footnotes":""},"categories":[45],"tags":[],"class_list":["post-16394","post","type-post","status-publish","format-standard","has-post-thumbnail","hentry","category-patrimonio"],"yoast_head":"<!-- This site is optimized with the Yoast SEO plugin v27.5 - https:\/\/yoast.com\/product\/yoast-seo-wordpress\/ -->\n<title>Presentada la II Campa\u00f1a de Voluntariado Arqueol\u00f3gico para el CASTILLO - MI Ayuntamiento de Caudete<\/title>\n<meta name=\"description\" content=\"P\u00e1gina Oficial del Ayuntamiento de Caudete (Albacete)\" \/>\n<meta name=\"robots\" content=\"index, follow, max-snippet:-1, max-image-preview:large, max-video-preview:-1\" \/>\n<link rel=\"canonical\" href=\"https:\/\/www.caudete.org\/ayuntamiento\/presentada-la-ii-campana-de-voluntariado-arqueologico-para-el-castillo\/\" \/>\n<meta property=\"og:locale\" content=\"es_ES\" \/>\n<meta property=\"og:type\" content=\"article\" \/>\n<meta property=\"og:title\" content=\"Presentada la II Campa\u00f1a de Voluntariado Arqueol\u00f3gico para el CASTILLO - MI Ayuntamiento de Caudete\" \/>\n<meta property=\"og:description\" content=\"P\u00e1gina Oficial del Ayuntamiento de Caudete (Albacete)\" \/>\n<meta property=\"og:url\" content=\"https:\/\/www.caudete.org\/ayuntamiento\/presentada-la-ii-campana-de-voluntariado-arqueologico-para-el-castillo\/\" \/>\n<meta property=\"og:site_name\" content=\"MI Ayuntamiento de Caudete\" \/>\n<meta property=\"article:publisher\" content=\"https:\/\/www.facebook.com\/ayuntamientocaudete\/\" \/>\n<meta property=\"article:published_time\" content=\"2021-09-30T08:06:10+00:00\" \/>\n<meta property=\"og:image\" content=\"https:\/\/www.caudete.org\/ayuntamiento\/wp-content\/uploads\/2021\/09\/Infografia-II-Campana-VA-Castillo.jpeg\" \/>\n\t<meta property=\"og:image:width\" content=\"1049\" \/>\n\t<meta property=\"og:image:height\" content=\"586\" \/>\n\t<meta property=\"og:image:type\" content=\"image\/jpeg\" \/>\n<meta name=\"author\" content=\"alcalde\" \/>\n<meta name=\"twitter:card\" content=\"summary_large_image\" \/>\n<meta name=\"twitter:label1\" content=\"Escrito por\" \/>\n\t<meta name=\"twitter:data1\" content=\"alcalde\" \/>\n\t<meta name=\"twitter:label2\" content=\"Tiempo de lectura\" \/>\n\t<meta name=\"twitter:data2\" content=\"2 minutos\" \/>\n<script type=\"application\/ld+json\" class=\"yoast-schema-graph\">{\"@context\":\"https:\\\/\\\/schema.org\",\"@graph\":[{\"@type\":\"Article\",\"@id\":\"https:\\\/\\\/www.caudete.org\\\/ayuntamiento\\\/presentada-la-ii-campana-de-voluntariado-arqueologico-para-el-castillo\\\/#article\",\"isPartOf\":{\"@id\":\"https:\\\/\\\/www.caudete.org\\\/ayuntamiento\\\/presentada-la-ii-campana-de-voluntariado-arqueologico-para-el-castillo\\\/\"},\"author\":{\"name\":\"alcalde\",\"@id\":\"https:\\\/\\\/www.caudete.org\\\/ayuntamiento\\\/#\\\/schema\\\/person\\\/cc646da9133078ee4d8dd47457947253\"},\"headline\":\"Presentada la II Campa\u00f1a de Voluntariado Arqueol\u00f3gico para el CASTILLO\",\"datePublished\":\"2021-09-30T08:06:10+00:00\",\"mainEntityOfPage\":{\"@id\":\"https:\\\/\\\/www.caudete.org\\\/ayuntamiento\\\/presentada-la-ii-campana-de-voluntariado-arqueologico-para-el-castillo\\\/\"},\"wordCount\":362,\"image\":{\"@id\":\"https:\\\/\\\/www.caudete.org\\\/ayuntamiento\\\/presentada-la-ii-campana-de-voluntariado-arqueologico-para-el-castillo\\\/#primaryimage\"},\"thumbnailUrl\":\"https:\\\/\\\/www.caudete.org\\\/ayuntamiento\\\/wp-content\\\/uploads\\\/2021\\\/09\\\/Infografia-II-Campana-VA-Castillo.jpeg\",\"articleSection\":[\"Patrimonio\"],\"inLanguage\":\"es\"},{\"@type\":\"WebPage\",\"@id\":\"https:\\\/\\\/www.caudete.org\\\/ayuntamiento\\\/presentada-la-ii-campana-de-voluntariado-arqueologico-para-el-castillo\\\/\",\"url\":\"https:\\\/\\\/www.caudete.org\\\/ayuntamiento\\\/presentada-la-ii-campana-de-voluntariado-arqueologico-para-el-castillo\\\/\",\"name\":\"Presentada la II Campa\u00f1a de Voluntariado Arqueol\u00f3gico para el CASTILLO - MI Ayuntamiento de Caudete\",\"isPartOf\":{\"@id\":\"https:\\\/\\\/www.caudete.org\\\/ayuntamiento\\\/#website\"},\"primaryImageOfPage\":{\"@id\":\"https:\\\/\\\/www.caudete.org\\\/ayuntamiento\\\/presentada-la-ii-campana-de-voluntariado-arqueologico-para-el-castillo\\\/#primaryimage\"},\"image\":{\"@id\":\"https:\\\/\\\/www.caudete.org\\\/ayuntamiento\\\/presentada-la-ii-campana-de-voluntariado-arqueologico-para-el-castillo\\\/#primaryimage\"},\"thumbnailUrl\":\"https:\\\/\\\/www.caudete.org\\\/ayuntamiento\\\/wp-content\\\/uploads\\\/2021\\\/09\\\/Infografia-II-Campana-VA-Castillo.jpeg\",\"datePublished\":\"2021-09-30T08:06:10+00:00\",\"author\":{\"@id\":\"https:\\\/\\\/www.caudete.org\\\/ayuntamiento\\\/#\\\/schema\\\/person\\\/cc646da9133078ee4d8dd47457947253\"},\"description\":\"P\u00e1gina Oficial del Ayuntamiento de Caudete (Albacete)\",\"breadcrumb\":{\"@id\":\"https:\\\/\\\/www.caudete.org\\\/ayuntamiento\\\/presentada-la-ii-campana-de-voluntariado-arqueologico-para-el-castillo\\\/#breadcrumb\"},\"inLanguage\":\"es\",\"potentialAction\":[{\"@type\":\"ReadAction\",\"target\":[\"https:\\\/\\\/www.caudete.org\\\/ayuntamiento\\\/presentada-la-ii-campana-de-voluntariado-arqueologico-para-el-castillo\\\/\"]}]},{\"@type\":\"ImageObject\",\"inLanguage\":\"es\",\"@id\":\"https:\\\/\\\/www.caudete.org\\\/ayuntamiento\\\/presentada-la-ii-campana-de-voluntariado-arqueologico-para-el-castillo\\\/#primaryimage\",\"url\":\"https:\\\/\\\/www.caudete.org\\\/ayuntamiento\\\/wp-content\\\/uploads\\\/2021\\\/09\\\/Infografia-II-Campana-VA-Castillo.jpeg\",\"contentUrl\":\"https:\\\/\\\/www.caudete.org\\\/ayuntamiento\\\/wp-content\\\/uploads\\\/2021\\\/09\\\/Infografia-II-Campana-VA-Castillo.jpeg\",\"width\":1049,\"height\":586},{\"@type\":\"BreadcrumbList\",\"@id\":\"https:\\\/\\\/www.caudete.org\\\/ayuntamiento\\\/presentada-la-ii-campana-de-voluntariado-arqueologico-para-el-castillo\\\/#breadcrumb\",\"itemListElement\":[{\"@type\":\"ListItem\",\"position\":1,\"name\":\"Inicio\",\"item\":\"https:\\\/\\\/www.caudete.org\\\/ayuntamiento\\\/\"},{\"@type\":\"ListItem\",\"position\":2,\"name\":\"Presentada la II Campa\u00f1a de Voluntariado Arqueol\u00f3gico para el CASTILLO\"}]},{\"@type\":\"WebSite\",\"@id\":\"https:\\\/\\\/www.caudete.org\\\/ayuntamiento\\\/#website\",\"url\":\"https:\\\/\\\/www.caudete.org\\\/ayuntamiento\\\/\",\"name\":\"MI Ayuntamiento de Caudete\",\"description\":\"P\u00e1gina Oficial del MI Ayuntamiento de Caudete\",\"potentialAction\":[{\"@type\":\"SearchAction\",\"target\":{\"@type\":\"EntryPoint\",\"urlTemplate\":\"https:\\\/\\\/www.caudete.org\\\/ayuntamiento\\\/?s={search_term_string}\"},\"query-input\":{\"@type\":\"PropertyValueSpecification\",\"valueRequired\":true,\"valueName\":\"search_term_string\"}}],\"inLanguage\":\"es\"},{\"@type\":\"Person\",\"@id\":\"https:\\\/\\\/www.caudete.org\\\/ayuntamiento\\\/#\\\/schema\\\/person\\\/cc646da9133078ee4d8dd47457947253\",\"name\":\"alcalde\",\"image\":{\"@type\":\"ImageObject\",\"inLanguage\":\"es\",\"@id\":\"https:\\\/\\\/secure.gravatar.com\\\/avatar\\\/84a817ba065b29ff08d666b215a215f5c79186a645ccb25b14a663d48a130f77?s=96&d=mm&r=g\",\"url\":\"https:\\\/\\\/secure.gravatar.com\\\/avatar\\\/84a817ba065b29ff08d666b215a215f5c79186a645ccb25b14a663d48a130f77?s=96&d=mm&r=g\",\"contentUrl\":\"https:\\\/\\\/secure.gravatar.com\\\/avatar\\\/84a817ba065b29ff08d666b215a215f5c79186a645ccb25b14a663d48a130f77?s=96&d=mm&r=g\",\"caption\":\"alcalde\"},\"url\":\"https:\\\/\\\/www.caudete.org\\\/ayuntamiento\\\/author\\\/alcalde\\\/\"}]}<\/script>\n<!-- \/ Yoast SEO plugin. -->","yoast_head_json":{"title":"Presentada la II Campa\u00f1a de Voluntariado Arqueol\u00f3gico para el CASTILLO - MI Ayuntamiento de Caudete","description":"P\u00e1gina Oficial del Ayuntamiento de Caudete (Albacete)","robots":{"index":"index","follow":"follow","max-snippet":"max-snippet:-1","max-image-preview":"max-image-preview:large","max-video-preview":"max-video-preview:-1"},"canonical":"https:\/\/www.caudete.org\/ayuntamiento\/presentada-la-ii-campana-de-voluntariado-arqueologico-para-el-castillo\/","og_locale":"es_ES","og_type":"article","og_title":"Presentada la II Campa\u00f1a de Voluntariado Arqueol\u00f3gico para el CASTILLO - MI Ayuntamiento de Caudete","og_description":"P\u00e1gina Oficial del Ayuntamiento de Caudete (Albacete)","og_url":"https:\/\/www.caudete.org\/ayuntamiento\/presentada-la-ii-campana-de-voluntariado-arqueologico-para-el-castillo\/","og_site_name":"MI Ayuntamiento de Caudete","article_publisher":"https:\/\/www.facebook.com\/ayuntamientocaudete\/","article_published_time":"2021-09-30T08:06:10+00:00","og_image":[{"width":1049,"height":586,"url":"https:\/\/www.caudete.org\/ayuntamiento\/wp-content\/uploads\/2021\/09\/Infografia-II-Campana-VA-Castillo.jpeg","type":"image\/jpeg"}],"author":"alcalde","twitter_card":"summary_large_image","twitter_misc":{"Escrito por":"alcalde","Tiempo de lectura":"2 minutos"},"schema":{"@context":"https:\/\/schema.org","@graph":[{"@type":"Article","@id":"https:\/\/www.caudete.org\/ayuntamiento\/presentada-la-ii-campana-de-voluntariado-arqueologico-para-el-castillo\/#article","isPartOf":{"@id":"https:\/\/www.caudete.org\/ayuntamiento\/presentada-la-ii-campana-de-voluntariado-arqueologico-para-el-castillo\/"},"author":{"name":"alcalde","@id":"https:\/\/www.caudete.org\/ayuntamiento\/#\/schema\/person\/cc646da9133078ee4d8dd47457947253"},"headline":"Presentada la II Campa\u00f1a de Voluntariado Arqueol\u00f3gico para el CASTILLO","datePublished":"2021-09-30T08:06:10+00:00","mainEntityOfPage":{"@id":"https:\/\/www.caudete.org\/ayuntamiento\/presentada-la-ii-campana-de-voluntariado-arqueologico-para-el-castillo\/"},"wordCount":362,"image":{"@id":"https:\/\/www.caudete.org\/ayuntamiento\/presentada-la-ii-campana-de-voluntariado-arqueologico-para-el-castillo\/#primaryimage"},"thumbnailUrl":"https:\/\/www.caudete.org\/ayuntamiento\/wp-content\/uploads\/2021\/09\/Infografia-II-Campana-VA-Castillo.jpeg","articleSection":["Patrimonio"],"inLanguage":"es"},{"@type":"WebPage","@id":"https:\/\/www.caudete.org\/ayuntamiento\/presentada-la-ii-campana-de-voluntariado-arqueologico-para-el-castillo\/","url":"https:\/\/www.caudete.org\/ayuntamiento\/presentada-la-ii-campana-de-voluntariado-arqueologico-para-el-castillo\/","name":"Presentada la II Campa\u00f1a de Voluntariado Arqueol\u00f3gico para el CASTILLO - MI Ayuntamiento de Caudete","isPartOf":{"@id":"https:\/\/www.caudete.org\/ayuntamiento\/#website"},"primaryImageOfPage":{"@id":"https:\/\/www.caudete.org\/ayuntamiento\/presentada-la-ii-campana-de-voluntariado-arqueologico-para-el-castillo\/#primaryimage"},"image":{"@id":"https:\/\/www.caudete.org\/ayuntamiento\/presentada-la-ii-campana-de-voluntariado-arqueologico-para-el-castillo\/#primaryimage"},"thumbnailUrl":"https:\/\/www.caudete.org\/ayuntamiento\/wp-content\/uploads\/2021\/09\/Infografia-II-Campana-VA-Castillo.jpeg","datePublished":"2021-09-30T08:06:10+00:00","author":{"@id":"https:\/\/www.caudete.org\/ayuntamiento\/#\/schema\/person\/cc646da9133078ee4d8dd47457947253"},"description":"P\u00e1gina Oficial del Ayuntamiento de Caudete (Albacete)","breadcrumb":{"@id":"https:\/\/www.caudete.org\/ayuntamiento\/presentada-la-ii-campana-de-voluntariado-arqueologico-para-el-castillo\/#breadcrumb"},"inLanguage":"es","potentialAction":[{"@type":"ReadAction","target":["https:\/\/www.caudete.org\/ayuntamiento\/presentada-la-ii-campana-de-voluntariado-arqueologico-para-el-castillo\/"]}]},{"@type":"ImageObject","inLanguage":"es","@id":"https:\/\/www.caudete.org\/ayuntamiento\/presentada-la-ii-campana-de-voluntariado-arqueologico-para-el-castillo\/#primaryimage","url":"https:\/\/www.caudete.org\/ayuntamiento\/wp-content\/uploads\/2021\/09\/Infografia-II-Campana-VA-Castillo.jpeg","contentUrl":"https:\/\/www.caudete.org\/ayuntamiento\/wp-content\/uploads\/2021\/09\/Infografia-II-Campana-VA-Castillo.jpeg","width":1049,"height":586},{"@type":"BreadcrumbList","@id":"https:\/\/www.caudete.org\/ayuntamiento\/presentada-la-ii-campana-de-voluntariado-arqueologico-para-el-castillo\/#breadcrumb","itemListElement":[{"@type":"ListItem","position":1,"name":"Inicio","item":"https:\/\/www.caudete.org\/ayuntamiento\/"},{"@type":"ListItem","position":2,"name":"Presentada la II Campa\u00f1a de Voluntariado Arqueol\u00f3gico para el CASTILLO"}]},{"@type":"WebSite","@id":"https:\/\/www.caudete.org\/ayuntamiento\/#website","url":"https:\/\/www.caudete.org\/ayuntamiento\/","name":"MI Ayuntamiento de Caudete","description":"P\u00e1gina Oficial del MI Ayuntamiento de Caudete","potentialAction":[{"@type":"SearchAction","target":{"@type":"EntryPoint","urlTemplate":"https:\/\/www.caudete.org\/ayuntamiento\/?s={search_term_string}"},"query-input":{"@type":"PropertyValueSpecification","valueRequired":true,"valueName":"search_term_string"}}],"inLanguage":"es"},{"@type":"Person","@id":"https:\/\/www.caudete.org\/ayuntamiento\/#\/schema\/person\/cc646da9133078ee4d8dd47457947253","name":"alcalde","image":{"@type":"ImageObject","inLanguage":"es","@id":"https:\/\/secure.gravatar.com\/avatar\/84a817ba065b29ff08d666b215a215f5c79186a645ccb25b14a663d48a130f77?s=96&d=mm&r=g","url":"https:\/\/secure.gravatar.com\/avatar\/84a817ba065b29ff08d666b215a215f5c79186a645ccb25b14a663d48a130f77?s=96&d=mm&r=g","contentUrl":"https:\/\/secure.gravatar.com\/avatar\/84a817ba065b29ff08d666b215a215f5c79186a645ccb25b14a663d48a130f77?s=96&d=mm&r=g","caption":"alcalde"},"url":"https:\/\/www.caudete.org\/ayuntamiento\/author\/alcalde\/"}]}},"_links":{"self":[{"href":"https:\/\/www.caudete.org\/ayuntamiento\/wp-json\/wp\/v2\/posts\/16394","targetHints":{"allow":["GET"]}}],"collection":[{"href":"https:\/\/www.caudete.org\/ayuntamiento\/wp-json\/wp\/v2\/posts"}],"about":[{"href":"https:\/\/www.caudete.org\/ayuntamiento\/wp-json\/wp\/v2\/types\/post"}],"author":[{"embeddable":true,"href":"https:\/\/www.caudete.org\/ayuntamiento\/wp-json\/wp\/v2\/users\/3"}],"replies":[{"embeddable":true,"href":"https:\/\/www.caudete.org\/ayuntamiento\/wp-json\/wp\/v2\/comments?post=16394"}],"version-history":[{"count":1,"href":"https:\/\/www.caudete.org\/ayuntamiento\/wp-json\/wp\/v2\/posts\/16394\/revisions"}],"predecessor-version":[{"id":16396,"href":"https:\/\/www.caudete.org\/ayuntamiento\/wp-json\/wp\/v2\/posts\/16394\/revisions\/16396"}],"wp:featuredmedia":[{"embeddable":true,"href":"https:\/\/www.caudete.org\/ayuntamiento\/wp-json\/wp\/v2\/media\/16395"}],"wp:attachment":[{"href":"https:\/\/www.caudete.org\/ayuntamiento\/wp-json\/wp\/v2\/media?parent=16394"}],"wp:term":[{"taxonomy":"category","embeddable":true,"href":"https:\/\/www.caudete.org\/ayuntamiento\/wp-json\/wp\/v2\/categories?post=16394"},{"taxonomy":"post_tag","embeddable":true,"href":"https:\/\/www.caudete.org\/ayuntamiento\/wp-json\/wp\/v2\/tags?post=16394"}],"curies":[{"name":"wp","href":"https:\/\/api.w.org\/{rel}","templated":true}]}}