{"id":16397,"date":"2021-09-30T10:39:37","date_gmt":"2021-09-30T08:39:37","guid":{"rendered":"https:\/\/www.caudete.org\/ayuntamiento\/?p=16397"},"modified":"2021-09-30T10:40:39","modified_gmt":"2021-09-30T08:40:39","slug":"los-fondos-europeos-podrian-subvencionar-entre-el-60-y-el-100-de-las-obras-del-mercado-municipal","status":"publish","type":"post","link":"https:\/\/www.caudete.org\/ayuntamiento\/los-fondos-europeos-podrian-subvencionar-entre-el-60-y-el-100-de-las-obras-del-mercado-municipal\/","title":{"rendered":"Los Fondos Europeos podr\u00edan subvencionar entre el 60 y el 100% de las Obras del MERCADO MUNICIPAL"},"content":{"rendered":"<p style=\"text-align: justify;\">El pasado viernes la Junta de Gobierno Local aprob\u00f3 por unanimidad la solicitud de subvenci\u00f3n al Ministerio de Industria, Comercio y Turismo, en el marco de las ayudas convocadas bajo el Plan de Recuperaci\u00f3n, Transformaci\u00f3n y Resiliencia. La Convocatoria, aprobada el 10 de Septiembre (cuyo plazo expira en el d\u00eda de hoy) establece la &#8220;<em>l\u00ednea de ayudas para el apoyo a mercados, zonas urbanas comerciales, comercio no sedentario y canales cortos de comercializaci\u00f3n, y se procede a su convocatoria en el a\u00f1o 2021&#8243;<\/em><\/p>\n<p style=\"text-align: justify;\">Tal y como explicaba el Alcalde, Mois\u00e9s L\u00f3pez &#8220;<em>el Ayuntamiento no puede dejar pasar esta oportunidad que se nos brinda para transformar nuestro pueblo que proporcionan los Fondos Europeos mecanizando el Plan Espa\u00f1a Puede<\/em>&#8220;. En esta ocasi\u00f3n la subvenci\u00f3n est\u00e1 enfocada al impulso comercial de los pueblos, donde las obras programadas del Mercado Municipal encajan perfectamente en la l\u00ednea de ayudas abiertas por el Ministerio. El Primer Edil destacaba al respecto que &#8220;<em>ello significa que nuestro proyecto para Caudete est\u00e1 alineado con las pol\u00edticas\u00a0nacionales y europeas<\/em>&#8220;, adem\u00e1s de a las necesidades locales, y que por tanto &#8220;<em>el proyecto del Mercado es un buen proyecto, que supondr\u00e1 la modernizaci\u00f3n del mismo, y dar\u00e1 oportunidad de negocio, y de crecimiento a nuestro puebl<\/em>o&#8221;.<\/p>\n<p style=\"text-align: justify;\">Con un importe m\u00ednimo exigido de 200.000 por la convocatoria, que se rige bajo el sistema de concurrencia competitiva, se fija el porcentaje de financiaci\u00f3n de entre el 60 y el 100% de los costes elegibles. Esta situaci\u00f3n, traducida al caso local, supone que del volumen total de obra de 300.000\u20ac, se presentan como elegibles y subvencionables un total de 235.000\u20ac, ya que 65.000\u20ac son aportados por la Excma. Diputaci\u00f3n Provincial de Albacete mediante el POS 2021. Obviamente, ha querido destacar que la solicitud de subvenci\u00f3n no contempla las obras de la cubierta que en estos momentos se est\u00e1n ejecutando, las cuales pertenecen a otro programa diferente.<\/p>\n<p style=\"text-align: justify;\">En palabras del Alcalde &#8220;<em>esta convocatoria puede suponer una cofinanciaci\u00f3n de las obras important\u00edsima, ya que los Fondos Europeos podr\u00edan subvencionar entre el 60 y el 100% de las Obras<\/em>&#8220;. Por tanto, &#8220;<em>si la solicitud municipal resulta favorable, el coste real para las arcas municipales se ver\u00eda disminuido de forma extraordinaria<\/em>&#8221; matizaba.<\/p>\n<p style=\"text-align: justify;\">El objetivo de la subvenci\u00f3n solicitada es financiar proyectos que desarrollen actuaciones dirigidas a actualizar y modernizar al sector comercial minorista adapt\u00e1ndolo a los nuevos h\u00e1bitos de consumo, fomentar la implementaci\u00f3n de nuevas tecnolog\u00edas y de soluciones que contribuyan a la mejora de la sostenibilidad, la eficiencia, la promoci\u00f3n del reciclaje y reutilizaci\u00f3n de residuos en los establecimientos<br \/>\ncomerciales, as\u00ed como la formaci\u00f3n y sensibilizaci\u00f3n en ambas \u00e1reas. En concreto, la petici\u00f3n del Consistorio se engloba dentro del art\u00edculo 1.4. letra d) <em>Proyectos de obras y reacondicionamiento para mejorar las instalaciones, su accesibilidad, equipamiento y adecuaci\u00f3n, de las zonas ocupadas por los mercados municipales, \u00e1reas comerciales y mercados no sedentarios, as\u00ed como sus zonas adyacentes<\/em>.<\/p>\n","protected":false},"excerpt":{"rendered":"<p>El pasado viernes la Junta de Gobierno Local aprob\u00f3 por unanimidad la solicitud de subvenci\u00f3n al Ministerio de Industria, Comercio y Turismo, en el marco de las ayudas convocadas bajo el Plan de Recuperaci\u00f3n, Transformaci\u00f3n y Resiliencia. La Convocatoria, aprobada el 10 de Septiembre (cuyo plazo expira en el d\u00eda de hoy) establece la &#8220;l\u00ednea &hellip;<\/p>\n","protected":false},"author":3,"featured_media":16399,"comment_status":"closed","ping_status":"open","sticky":false,"template":"","format":"standard","meta":{"ngg_post_thumbnail":0,"footnotes":""},"categories":[42],"tags":[],"class_list":["post-16397","post","type-post","status-publish","format-standard","has-post-thumbnail","hentry","category-comercio"],"yoast_head":"<!-- This site is optimized with the Yoast SEO plugin v27.5 - https:\/\/yoast.com\/product\/yoast-seo-wordpress\/ -->\n<title>Los Fondos Europeos podr\u00edan subvencionar entre el 60 y el 100% de las Obras del MERCADO MUNICIPAL - MI Ayuntamiento de Caudete<\/title>\n<meta name=\"description\" content=\"P\u00e1gina Oficial del Ayuntamiento de Caudete (Albacete)\" \/>\n<meta name=\"robots\" content=\"index, follow, max-snippet:-1, max-image-preview:large, max-video-preview:-1\" \/>\n<link rel=\"canonical\" href=\"https:\/\/www.caudete.org\/ayuntamiento\/los-fondos-europeos-podrian-subvencionar-entre-el-60-y-el-100-de-las-obras-del-mercado-municipal\/\" \/>\n<meta property=\"og:locale\" content=\"es_ES\" \/>\n<meta property=\"og:type\" content=\"article\" \/>\n<meta property=\"og:title\" content=\"Los Fondos Europeos podr\u00edan subvencionar entre el 60 y el 100% de las Obras del MERCADO MUNICIPAL - MI Ayuntamiento de Caudete\" \/>\n<meta property=\"og:description\" content=\"P\u00e1gina Oficial del Ayuntamiento de Caudete (Albacete)\" \/>\n<meta property=\"og:url\" content=\"https:\/\/www.caudete.org\/ayuntamiento\/los-fondos-europeos-podrian-subvencionar-entre-el-60-y-el-100-de-las-obras-del-mercado-municipal\/\" \/>\n<meta property=\"og:site_name\" content=\"MI Ayuntamiento de Caudete\" \/>\n<meta property=\"article:publisher\" content=\"https:\/\/www.facebook.com\/ayuntamientocaudete\/\" \/>\n<meta property=\"article:published_time\" content=\"2021-09-30T08:39:37+00:00\" \/>\n<meta property=\"article:modified_time\" content=\"2021-09-30T08:40:39+00:00\" \/>\n<meta property=\"og:image\" content=\"https:\/\/www.caudete.org\/ayuntamiento\/wp-content\/uploads\/2021\/09\/WhatsApp-Image-2021-09-30-at-10.10.56.jpeg\" \/>\n\t<meta property=\"og:image:width\" content=\"1599\" \/>\n\t<meta property=\"og:image:height\" content=\"1200\" \/>\n\t<meta property=\"og:image:type\" content=\"image\/jpeg\" \/>\n<meta name=\"author\" content=\"alcalde\" \/>\n<meta name=\"twitter:card\" content=\"summary_large_image\" \/>\n<meta name=\"twitter:label1\" content=\"Escrito por\" \/>\n\t<meta name=\"twitter:data1\" content=\"alcalde\" \/>\n\t<meta name=\"twitter:label2\" content=\"Tiempo de lectura\" \/>\n\t<meta name=\"twitter:data2\" content=\"3 minutos\" \/>\n<script type=\"application\/ld+json\" class=\"yoast-schema-graph\">{\"@context\":\"https:\\\/\\\/schema.org\",\"@graph\":[{\"@type\":\"Article\",\"@id\":\"https:\\\/\\\/www.caudete.org\\\/ayuntamiento\\\/los-fondos-europeos-podrian-subvencionar-entre-el-60-y-el-100-de-las-obras-del-mercado-municipal\\\/#article\",\"isPartOf\":{\"@id\":\"https:\\\/\\\/www.caudete.org\\\/ayuntamiento\\\/los-fondos-europeos-podrian-subvencionar-entre-el-60-y-el-100-de-las-obras-del-mercado-municipal\\\/\"},\"author\":{\"name\":\"alcalde\",\"@id\":\"https:\\\/\\\/www.caudete.org\\\/ayuntamiento\\\/#\\\/schema\\\/person\\\/cc646da9133078ee4d8dd47457947253\"},\"headline\":\"Los Fondos Europeos podr\u00edan subvencionar entre el 60 y el 100% de las Obras del MERCADO MUNICIPAL\",\"datePublished\":\"2021-09-30T08:39:37+00:00\",\"dateModified\":\"2021-09-30T08:40:39+00:00\",\"mainEntityOfPage\":{\"@id\":\"https:\\\/\\\/www.caudete.org\\\/ayuntamiento\\\/los-fondos-europeos-podrian-subvencionar-entre-el-60-y-el-100-de-las-obras-del-mercado-municipal\\\/\"},\"wordCount\":521,\"image\":{\"@id\":\"https:\\\/\\\/www.caudete.org\\\/ayuntamiento\\\/los-fondos-europeos-podrian-subvencionar-entre-el-60-y-el-100-de-las-obras-del-mercado-municipal\\\/#primaryimage\"},\"thumbnailUrl\":\"https:\\\/\\\/www.caudete.org\\\/ayuntamiento\\\/wp-content\\\/uploads\\\/2021\\\/09\\\/WhatsApp-Image-2021-09-30-at-10.10.56.jpeg\",\"articleSection\":[\"Comercio\"],\"inLanguage\":\"es\"},{\"@type\":\"WebPage\",\"@id\":\"https:\\\/\\\/www.caudete.org\\\/ayuntamiento\\\/los-fondos-europeos-podrian-subvencionar-entre-el-60-y-el-100-de-las-obras-del-mercado-municipal\\\/\",\"url\":\"https:\\\/\\\/www.caudete.org\\\/ayuntamiento\\\/los-fondos-europeos-podrian-subvencionar-entre-el-60-y-el-100-de-las-obras-del-mercado-municipal\\\/\",\"name\":\"Los Fondos Europeos podr\u00edan subvencionar entre el 60 y el 100% de las Obras del MERCADO MUNICIPAL - MI Ayuntamiento de Caudete\",\"isPartOf\":{\"@id\":\"https:\\\/\\\/www.caudete.org\\\/ayuntamiento\\\/#website\"},\"primaryImageOfPage\":{\"@id\":\"https:\\\/\\\/www.caudete.org\\\/ayuntamiento\\\/los-fondos-europeos-podrian-subvencionar-entre-el-60-y-el-100-de-las-obras-del-mercado-municipal\\\/#primaryimage\"},\"image\":{\"@id\":\"https:\\\/\\\/www.caudete.org\\\/ayuntamiento\\\/los-fondos-europeos-podrian-subvencionar-entre-el-60-y-el-100-de-las-obras-del-mercado-municipal\\\/#primaryimage\"},\"thumbnailUrl\":\"https:\\\/\\\/www.caudete.org\\\/ayuntamiento\\\/wp-content\\\/uploads\\\/2021\\\/09\\\/WhatsApp-Image-2021-09-30-at-10.10.56.jpeg\",\"datePublished\":\"2021-09-30T08:39:37+00:00\",\"dateModified\":\"2021-09-30T08:40:39+00:00\",\"author\":{\"@id\":\"https:\\\/\\\/www.caudete.org\\\/ayuntamiento\\\/#\\\/schema\\\/person\\\/cc646da9133078ee4d8dd47457947253\"},\"description\":\"P\u00e1gina Oficial del Ayuntamiento de Caudete (Albacete)\",\"breadcrumb\":{\"@id\":\"https:\\\/\\\/www.caudete.org\\\/ayuntamiento\\\/los-fondos-europeos-podrian-subvencionar-entre-el-60-y-el-100-de-las-obras-del-mercado-municipal\\\/#breadcrumb\"},\"inLanguage\":\"es\",\"potentialAction\":[{\"@type\":\"ReadAction\",\"target\":[\"https:\\\/\\\/www.caudete.org\\\/ayuntamiento\\\/los-fondos-europeos-podrian-subvencionar-entre-el-60-y-el-100-de-las-obras-del-mercado-municipal\\\/\"]}]},{\"@type\":\"ImageObject\",\"inLanguage\":\"es\",\"@id\":\"https:\\\/\\\/www.caudete.org\\\/ayuntamiento\\\/los-fondos-europeos-podrian-subvencionar-entre-el-60-y-el-100-de-las-obras-del-mercado-municipal\\\/#primaryimage\",\"url\":\"https:\\\/\\\/www.caudete.org\\\/ayuntamiento\\\/wp-content\\\/uploads\\\/2021\\\/09\\\/WhatsApp-Image-2021-09-30-at-10.10.56.jpeg\",\"contentUrl\":\"https:\\\/\\\/www.caudete.org\\\/ayuntamiento\\\/wp-content\\\/uploads\\\/2021\\\/09\\\/WhatsApp-Image-2021-09-30-at-10.10.56.jpeg\",\"width\":1599,\"height\":1200},{\"@type\":\"BreadcrumbList\",\"@id\":\"https:\\\/\\\/www.caudete.org\\\/ayuntamiento\\\/los-fondos-europeos-podrian-subvencionar-entre-el-60-y-el-100-de-las-obras-del-mercado-municipal\\\/#breadcrumb\",\"itemListElement\":[{\"@type\":\"ListItem\",\"position\":1,\"name\":\"Inicio\",\"item\":\"https:\\\/\\\/www.caudete.org\\\/ayuntamiento\\\/\"},{\"@type\":\"ListItem\",\"position\":2,\"name\":\"Los Fondos Europeos podr\u00edan subvencionar entre el 60 y el 100% de las Obras del MERCADO MUNICIPAL\"}]},{\"@type\":\"WebSite\",\"@id\":\"https:\\\/\\\/www.caudete.org\\\/ayuntamiento\\\/#website\",\"url\":\"https:\\\/\\\/www.caudete.org\\\/ayuntamiento\\\/\",\"name\":\"MI Ayuntamiento de Caudete\",\"description\":\"P\u00e1gina Oficial del MI Ayuntamiento de Caudete\",\"potentialAction\":[{\"@type\":\"SearchAction\",\"target\":{\"@type\":\"EntryPoint\",\"urlTemplate\":\"https:\\\/\\\/www.caudete.org\\\/ayuntamiento\\\/?s={search_term_string}\"},\"query-input\":{\"@type\":\"PropertyValueSpecification\",\"valueRequired\":true,\"valueName\":\"search_term_string\"}}],\"inLanguage\":\"es\"},{\"@type\":\"Person\",\"@id\":\"https:\\\/\\\/www.caudete.org\\\/ayuntamiento\\\/#\\\/schema\\\/person\\\/cc646da9133078ee4d8dd47457947253\",\"name\":\"alcalde\",\"image\":{\"@type\":\"ImageObject\",\"inLanguage\":\"es\",\"@id\":\"https:\\\/\\\/secure.gravatar.com\\\/avatar\\\/84a817ba065b29ff08d666b215a215f5c79186a645ccb25b14a663d48a130f77?s=96&d=mm&r=g\",\"url\":\"https:\\\/\\\/secure.gravatar.com\\\/avatar\\\/84a817ba065b29ff08d666b215a215f5c79186a645ccb25b14a663d48a130f77?s=96&d=mm&r=g\",\"contentUrl\":\"https:\\\/\\\/secure.gravatar.com\\\/avatar\\\/84a817ba065b29ff08d666b215a215f5c79186a645ccb25b14a663d48a130f77?s=96&d=mm&r=g\",\"caption\":\"alcalde\"},\"url\":\"https:\\\/\\\/www.caudete.org\\\/ayuntamiento\\\/author\\\/alcalde\\\/\"}]}<\/script>\n<!-- \/ Yoast SEO plugin. -->","yoast_head_json":{"title":"Los Fondos Europeos podr\u00edan subvencionar entre el 60 y el 100% de las Obras del MERCADO MUNICIPAL - MI Ayuntamiento de Caudete","description":"P\u00e1gina Oficial del Ayuntamiento de Caudete (Albacete)","robots":{"index":"index","follow":"follow","max-snippet":"max-snippet:-1","max-image-preview":"max-image-preview:large","max-video-preview":"max-video-preview:-1"},"canonical":"https:\/\/www.caudete.org\/ayuntamiento\/los-fondos-europeos-podrian-subvencionar-entre-el-60-y-el-100-de-las-obras-del-mercado-municipal\/","og_locale":"es_ES","og_type":"article","og_title":"Los Fondos Europeos podr\u00edan subvencionar entre el 60 y el 100% de las Obras del MERCADO MUNICIPAL - MI Ayuntamiento de Caudete","og_description":"P\u00e1gina Oficial del Ayuntamiento de Caudete (Albacete)","og_url":"https:\/\/www.caudete.org\/ayuntamiento\/los-fondos-europeos-podrian-subvencionar-entre-el-60-y-el-100-de-las-obras-del-mercado-municipal\/","og_site_name":"MI Ayuntamiento de Caudete","article_publisher":"https:\/\/www.facebook.com\/ayuntamientocaudete\/","article_published_time":"2021-09-30T08:39:37+00:00","article_modified_time":"2021-09-30T08:40:39+00:00","og_image":[{"width":1599,"height":1200,"url":"https:\/\/www.caudete.org\/ayuntamiento\/wp-content\/uploads\/2021\/09\/WhatsApp-Image-2021-09-30-at-10.10.56.jpeg","type":"image\/jpeg"}],"author":"alcalde","twitter_card":"summary_large_image","twitter_misc":{"Escrito por":"alcalde","Tiempo de lectura":"3 minutos"},"schema":{"@context":"https:\/\/schema.org","@graph":[{"@type":"Article","@id":"https:\/\/www.caudete.org\/ayuntamiento\/los-fondos-europeos-podrian-subvencionar-entre-el-60-y-el-100-de-las-obras-del-mercado-municipal\/#article","isPartOf":{"@id":"https:\/\/www.caudete.org\/ayuntamiento\/los-fondos-europeos-podrian-subvencionar-entre-el-60-y-el-100-de-las-obras-del-mercado-municipal\/"},"author":{"name":"alcalde","@id":"https:\/\/www.caudete.org\/ayuntamiento\/#\/schema\/person\/cc646da9133078ee4d8dd47457947253"},"headline":"Los Fondos Europeos podr\u00edan subvencionar entre el 60 y el 100% de las Obras del MERCADO MUNICIPAL","datePublished":"2021-09-30T08:39:37+00:00","dateModified":"2021-09-30T08:40:39+00:00","mainEntityOfPage":{"@id":"https:\/\/www.caudete.org\/ayuntamiento\/los-fondos-europeos-podrian-subvencionar-entre-el-60-y-el-100-de-las-obras-del-mercado-municipal\/"},"wordCount":521,"image":{"@id":"https:\/\/www.caudete.org\/ayuntamiento\/los-fondos-europeos-podrian-subvencionar-entre-el-60-y-el-100-de-las-obras-del-mercado-municipal\/#primaryimage"},"thumbnailUrl":"https:\/\/www.caudete.org\/ayuntamiento\/wp-content\/uploads\/2021\/09\/WhatsApp-Image-2021-09-30-at-10.10.56.jpeg","articleSection":["Comercio"],"inLanguage":"es"},{"@type":"WebPage","@id":"https:\/\/www.caudete.org\/ayuntamiento\/los-fondos-europeos-podrian-subvencionar-entre-el-60-y-el-100-de-las-obras-del-mercado-municipal\/","url":"https:\/\/www.caudete.org\/ayuntamiento\/los-fondos-europeos-podrian-subvencionar-entre-el-60-y-el-100-de-las-obras-del-mercado-municipal\/","name":"Los Fondos Europeos podr\u00edan subvencionar entre el 60 y el 100% de las Obras del MERCADO MUNICIPAL - MI Ayuntamiento de Caudete","isPartOf":{"@id":"https:\/\/www.caudete.org\/ayuntamiento\/#website"},"primaryImageOfPage":{"@id":"https:\/\/www.caudete.org\/ayuntamiento\/los-fondos-europeos-podrian-subvencionar-entre-el-60-y-el-100-de-las-obras-del-mercado-municipal\/#primaryimage"},"image":{"@id":"https:\/\/www.caudete.org\/ayuntamiento\/los-fondos-europeos-podrian-subvencionar-entre-el-60-y-el-100-de-las-obras-del-mercado-municipal\/#primaryimage"},"thumbnailUrl":"https:\/\/www.caudete.org\/ayuntamiento\/wp-content\/uploads\/2021\/09\/WhatsApp-Image-2021-09-30-at-10.10.56.jpeg","datePublished":"2021-09-30T08:39:37+00:00","dateModified":"2021-09-30T08:40:39+00:00","author":{"@id":"https:\/\/www.caudete.org\/ayuntamiento\/#\/schema\/person\/cc646da9133078ee4d8dd47457947253"},"description":"P\u00e1gina Oficial del Ayuntamiento de Caudete (Albacete)","breadcrumb":{"@id":"https:\/\/www.caudete.org\/ayuntamiento\/los-fondos-europeos-podrian-subvencionar-entre-el-60-y-el-100-de-las-obras-del-mercado-municipal\/#breadcrumb"},"inLanguage":"es","potentialAction":[{"@type":"ReadAction","target":["https:\/\/www.caudete.org\/ayuntamiento\/los-fondos-europeos-podrian-subvencionar-entre-el-60-y-el-100-de-las-obras-del-mercado-municipal\/"]}]},{"@type":"ImageObject","inLanguage":"es","@id":"https:\/\/www.caudete.org\/ayuntamiento\/los-fondos-europeos-podrian-subvencionar-entre-el-60-y-el-100-de-las-obras-del-mercado-municipal\/#primaryimage","url":"https:\/\/www.caudete.org\/ayuntamiento\/wp-content\/uploads\/2021\/09\/WhatsApp-Image-2021-09-30-at-10.10.56.jpeg","contentUrl":"https:\/\/www.caudete.org\/ayuntamiento\/wp-content\/uploads\/2021\/09\/WhatsApp-Image-2021-09-30-at-10.10.56.jpeg","width":1599,"height":1200},{"@type":"BreadcrumbList","@id":"https:\/\/www.caudete.org\/ayuntamiento\/los-fondos-europeos-podrian-subvencionar-entre-el-60-y-el-100-de-las-obras-del-mercado-municipal\/#breadcrumb","itemListElement":[{"@type":"ListItem","position":1,"name":"Inicio","item":"https:\/\/www.caudete.org\/ayuntamiento\/"},{"@type":"ListItem","position":2,"name":"Los Fondos Europeos podr\u00edan subvencionar entre el 60 y el 100% de las Obras del MERCADO MUNICIPAL"}]},{"@type":"WebSite","@id":"https:\/\/www.caudete.org\/ayuntamiento\/#website","url":"https:\/\/www.caudete.org\/ayuntamiento\/","name":"MI Ayuntamiento de Caudete","description":"P\u00e1gina Oficial del MI Ayuntamiento de Caudete","potentialAction":[{"@type":"SearchAction","target":{"@type":"EntryPoint","urlTemplate":"https:\/\/www.caudete.org\/ayuntamiento\/?s={search_term_string}"},"query-input":{"@type":"PropertyValueSpecification","valueRequired":true,"valueName":"search_term_string"}}],"inLanguage":"es"},{"@type":"Person","@id":"https:\/\/www.caudete.org\/ayuntamiento\/#\/schema\/person\/cc646da9133078ee4d8dd47457947253","name":"alcalde","image":{"@type":"ImageObject","inLanguage":"es","@id":"https:\/\/secure.gravatar.com\/avatar\/84a817ba065b29ff08d666b215a215f5c79186a645ccb25b14a663d48a130f77?s=96&d=mm&r=g","url":"https:\/\/secure.gravatar.com\/avatar\/84a817ba065b29ff08d666b215a215f5c79186a645ccb25b14a663d48a130f77?s=96&d=mm&r=g","contentUrl":"https:\/\/secure.gravatar.com\/avatar\/84a817ba065b29ff08d666b215a215f5c79186a645ccb25b14a663d48a130f77?s=96&d=mm&r=g","caption":"alcalde"},"url":"https:\/\/www.caudete.org\/ayuntamiento\/author\/alcalde\/"}]}},"_links":{"self":[{"href":"https:\/\/www.caudete.org\/ayuntamiento\/wp-json\/wp\/v2\/posts\/16397","targetHints":{"allow":["GET"]}}],"collection":[{"href":"https:\/\/www.caudete.org\/ayuntamiento\/wp-json\/wp\/v2\/posts"}],"about":[{"href":"https:\/\/www.caudete.org\/ayuntamiento\/wp-json\/wp\/v2\/types\/post"}],"author":[{"embeddable":true,"href":"https:\/\/www.caudete.org\/ayuntamiento\/wp-json\/wp\/v2\/users\/3"}],"replies":[{"embeddable":true,"href":"https:\/\/www.caudete.org\/ayuntamiento\/wp-json\/wp\/v2\/comments?post=16397"}],"version-history":[{"count":1,"href":"https:\/\/www.caudete.org\/ayuntamiento\/wp-json\/wp\/v2\/posts\/16397\/revisions"}],"predecessor-version":[{"id":16398,"href":"https:\/\/www.caudete.org\/ayuntamiento\/wp-json\/wp\/v2\/posts\/16397\/revisions\/16398"}],"wp:featuredmedia":[{"embeddable":true,"href":"https:\/\/www.caudete.org\/ayuntamiento\/wp-json\/wp\/v2\/media\/16399"}],"wp:attachment":[{"href":"https:\/\/www.caudete.org\/ayuntamiento\/wp-json\/wp\/v2\/media?parent=16397"}],"wp:term":[{"taxonomy":"category","embeddable":true,"href":"https:\/\/www.caudete.org\/ayuntamiento\/wp-json\/wp\/v2\/categories?post=16397"},{"taxonomy":"post_tag","embeddable":true,"href":"https:\/\/www.caudete.org\/ayuntamiento\/wp-json\/wp\/v2\/tags?post=16397"}],"curies":[{"name":"wp","href":"https:\/\/api.w.org\/{rel}","templated":true}]}}