{"id":16407,"date":"2021-10-02T10:00:33","date_gmt":"2021-10-02T08:00:33","guid":{"rendered":"https:\/\/www.caudete.org\/ayuntamiento\/?p=16407"},"modified":"2021-10-01T22:18:28","modified_gmt":"2021-10-01T20:18:28","slug":"377-litros-cierran-el-ano-hidrologico","status":"publish","type":"post","link":"https:\/\/www.caudete.org\/ayuntamiento\/377-litros-cierran-el-ano-hidrologico\/","title":{"rendered":"377 litros cierran el A\u00f1o Hidrol\u00f3gico"},"content":{"rendered":"<p style=\"text-align: justify;\">El pasado jueves 30 de Septiembre <strong>se cerraba el A\u00f1o Hidrol\u00f3gico con 377&#8217;5 litros <\/strong>por metro cuadrado (l\/m<sup>2<\/sup>), resultando ser para Caudete un a\u00f1o que en volumen de precipitaciones recibidas supera por muy poco a la media de los \u00faltimos 50 a\u00f1os.<\/p>\n<p style=\"text-align: justify;\">Joaqu\u00edn Pag\u00e1n, Concejal de Medio Ambiente as\u00ed lo hac\u00eda saber, gracias a la labor fenol\u00f3gica que de forma altruista viene realizando el caudetano Miguel L\u00f3pez Tom\u00e1s, quien colabora haciendo extensiva la recogida de datos con el Consistorio caudetano.<\/p>\n<p style=\"text-align: justify;\">A modo de resumen, el a\u00f1o se ha cerrado con <strong>33 d\u00edas de lluvia<\/strong>, uno de ellos en forma de Nieve y otra con presencia de Granizo, siendo los <strong>meses m\u00e1s lluviosos Abril<\/strong> (105 l\/m<sup>2<\/sup>) <strong>y Septiembre<\/strong> (63\u00a0l\/m<sup>2<\/sup>)\u00a0y e<strong>l m\u00e1s seco<\/strong> (librando <strong>Octubre, Julio y Agosto<\/strong>) el de\u00a0<strong>Febrero<\/strong> (1 l\/m<sup>2<\/sup>).<\/p>\n<p style=\"text-align: justify;\">Si lo comparamos con el pasado a\u00f1o hidrol\u00f3gico 2019-2020 en el que se recogieron 424 l\/m<sup>2<\/sup>, el presente resulta seco, no obstante, estamos <strong>dentro de los valores medios de los \u00faltimos 50 a\u00f1os<\/strong>, que se fija entorno a los 340 l\/m<sup>2<\/sup>. Como datos a tener en cuenta, cabe recordar que el a\u00f1o de mayor precipitaci\u00f3n fue en 1989 con 621 l\/m<sup>2<\/sup>, mientras que el m\u00e1s seco hasta la fecha fue 1981 con tan solo 155 l\/m<sup>2<\/sup>.<\/p>\n<p style=\"text-align: justify;\">A modo de detalle, el reci\u00e9n pasado a\u00f1o hidrol\u00f3gico que dio comienzo el 1 Octubre 2020 y finalizaba el 30 Septiembre 2021, ha aportado, de forma detallada las siguientes precipitaciones:<\/p>\n<p style=\"padding-left: 80px; text-align: justify;\"><strong><span style=\"text-decoration: underline;\">OCTUBRE 2020<\/span><\/strong><\/p>\n<p style=\"padding-left: 120px; text-align: justify;\">0 litros de precipitaciones.<\/p>\n<p style=\"padding-left: 80px; text-align: justify;\"><span style=\"text-decoration: underline;\"><strong>NOVIEMBRE 2020<\/strong><\/span><\/p>\n<p style=\"padding-left: 120px; text-align: justify;\">46&#8217;5 litros recogidos durante 3 jornadas (5, 6 y 27 de dicho mes).<\/p>\n<p style=\"padding-left: 80px; text-align: justify;\"><strong><span style=\"text-decoration: underline;\">DICIEMBRE 2020<\/span><\/strong><\/p>\n<p style=\"padding-left: 120px; text-align: justify;\">11 litros contabilizados en 2 jornadas (2 y 7 de dichos).<\/p>\n<p style=\"padding-left: 80px; text-align: justify;\"><strong><span style=\"text-decoration: underline;\">ENERO 2021<\/span><\/strong><\/p>\n<p style=\"padding-left: 120px; text-align: justify;\">39 litros recibidos en 5 jornadas (8, 9, 10, 20 y 22), siendo la del 8 de Enero en forma de nieve (equivalente a 18 l\/m<sup>2<\/sup>).<\/p>\n<p style=\"padding-left: 80px; text-align: justify;\"><span style=\"text-decoration: underline;\"><strong>FEBRERO 2021<\/strong><\/span><\/p>\n<p style=\"padding-left: 120px; text-align: justify;\">1 litro recogido, en 1 \u00fanica jornada (d\u00eda 22).<\/p>\n<p style=\"padding-left: 80px; text-align: justify;\"><span style=\"text-decoration: underline;\"><strong>MARZO 2021<\/strong><\/span><\/p>\n<p style=\"padding-left: 120px; text-align: justify;\">31 litros precipitados en 2 jornadas (7 y 18 de dichos).<\/p>\n<p style=\"padding-left: 80px; text-align: justify;\"><span style=\"text-decoration: underline;\"><strong>ABRIL 2021<\/strong><\/span><\/p>\n<p style=\"padding-left: 120px; text-align: justify;\">105 litros contabilizados en 11 jornadas (9, 10, 15, 20, 21, 22, 25, 26, 27, 28 y 30 del presente).<\/p>\n<p style=\"padding-left: 80px; text-align: justify;\"><span style=\"text-decoration: underline;\"><strong>MAYO 2021<\/strong><\/span><\/p>\n<p style=\"padding-left: 120px; text-align: justify;\">30 litros recogidos en 1 \u00fanica jornada (d\u00eda 23).<\/p>\n<p style=\"padding-left: 80px; text-align: justify;\"><span style=\"text-decoration: underline;\"><strong>JUNIO 2021<\/strong><\/span><\/p>\n<p style=\"padding-left: 120px; text-align: justify;\">51 litros precipitados en 3 jornadas (5, 16 y 19).<\/p>\n<p style=\"padding-left: 80px; text-align: justify;\"><span style=\"text-decoration: underline;\"><strong>JULIO y AGOSTO 2021<\/strong><\/span><\/p>\n<p style=\"padding-left: 120px; text-align: justify;\">0 litros recogidos.<\/p>\n<p style=\"padding-left: 80px; text-align: justify;\"><span style=\"text-decoration: underline;\"><strong>SEPTIEMBRE 2021<\/strong><\/span><\/p>\n<p style=\"padding-left: 120px; text-align: justify;\">63 litros contabilizados en 5 jornadas (2, 16, 20, 21 y 25), siendo \u00e9sta \u00faltima en forma de granizo parte de la precipitaci\u00f3n contabilizada.<\/p>\n","protected":false},"excerpt":{"rendered":"<p>El pasado jueves 30 de Septiembre se cerraba el A\u00f1o Hidrol\u00f3gico con 377&#8217;5 litros por metro cuadrado (l\/m2), resultando ser para Caudete un a\u00f1o que en volumen de precipitaciones recibidas supera por muy poco a la media de los \u00faltimos 50 a\u00f1os. Joaqu\u00edn Pag\u00e1n, Concejal de Medio Ambiente as\u00ed lo hac\u00eda saber, gracias a la &hellip;<\/p>\n","protected":false},"author":3,"featured_media":16408,"comment_status":"closed","ping_status":"open","sticky":false,"template":"","format":"standard","meta":{"ngg_post_thumbnail":0,"footnotes":""},"categories":[29],"tags":[],"class_list":["post-16407","post","type-post","status-publish","format-standard","has-post-thumbnail","hentry","category-medio-ambiente"],"yoast_head":"<!-- This site is optimized with the Yoast SEO plugin v27.5 - https:\/\/yoast.com\/product\/yoast-seo-wordpress\/ -->\n<title>377 litros cierran el A\u00f1o Hidrol\u00f3gico - MI Ayuntamiento de Caudete<\/title>\n<meta name=\"description\" content=\"P\u00e1gina Oficial del Ayuntamiento de Caudete (Albacete)\" \/>\n<meta name=\"robots\" content=\"index, follow, max-snippet:-1, max-image-preview:large, max-video-preview:-1\" \/>\n<link rel=\"canonical\" href=\"https:\/\/www.caudete.org\/ayuntamiento\/377-litros-cierran-el-ano-hidrologico\/\" \/>\n<meta property=\"og:locale\" content=\"es_ES\" \/>\n<meta property=\"og:type\" content=\"article\" \/>\n<meta property=\"og:title\" content=\"377 litros cierran el A\u00f1o Hidrol\u00f3gico - MI Ayuntamiento de Caudete\" \/>\n<meta property=\"og:description\" content=\"P\u00e1gina Oficial del Ayuntamiento de Caudete (Albacete)\" \/>\n<meta property=\"og:url\" content=\"https:\/\/www.caudete.org\/ayuntamiento\/377-litros-cierran-el-ano-hidrologico\/\" \/>\n<meta property=\"og:site_name\" content=\"MI Ayuntamiento de Caudete\" \/>\n<meta property=\"article:publisher\" content=\"https:\/\/www.facebook.com\/ayuntamientocaudete\/\" \/>\n<meta property=\"article:published_time\" content=\"2021-10-02T08:00:33+00:00\" \/>\n<meta property=\"og:image\" content=\"https:\/\/www.caudete.org\/ayuntamiento\/wp-content\/uploads\/2021\/10\/1619680913_616357_1619680994_noticia_normal_recorte1.jpg\" \/>\n\t<meta property=\"og:image:width\" content=\"1300\" \/>\n\t<meta property=\"og:image:height\" content=\"975\" \/>\n\t<meta property=\"og:image:type\" content=\"image\/jpeg\" \/>\n<meta name=\"author\" content=\"alcalde\" \/>\n<meta name=\"twitter:card\" content=\"summary_large_image\" \/>\n<meta name=\"twitter:label1\" content=\"Escrito por\" \/>\n\t<meta name=\"twitter:data1\" content=\"alcalde\" \/>\n\t<meta name=\"twitter:label2\" content=\"Tiempo de lectura\" \/>\n\t<meta name=\"twitter:data2\" content=\"2 minutos\" \/>\n<script type=\"application\/ld+json\" class=\"yoast-schema-graph\">{\"@context\":\"https:\\\/\\\/schema.org\",\"@graph\":[{\"@type\":\"Article\",\"@id\":\"https:\\\/\\\/www.caudete.org\\\/ayuntamiento\\\/377-litros-cierran-el-ano-hidrologico\\\/#article\",\"isPartOf\":{\"@id\":\"https:\\\/\\\/www.caudete.org\\\/ayuntamiento\\\/377-litros-cierran-el-ano-hidrologico\\\/\"},\"author\":{\"name\":\"alcalde\",\"@id\":\"https:\\\/\\\/www.caudete.org\\\/ayuntamiento\\\/#\\\/schema\\\/person\\\/cc646da9133078ee4d8dd47457947253\"},\"headline\":\"377 litros cierran el A\u00f1o Hidrol\u00f3gico\",\"datePublished\":\"2021-10-02T08:00:33+00:00\",\"mainEntityOfPage\":{\"@id\":\"https:\\\/\\\/www.caudete.org\\\/ayuntamiento\\\/377-litros-cierran-el-ano-hidrologico\\\/\"},\"wordCount\":361,\"image\":{\"@id\":\"https:\\\/\\\/www.caudete.org\\\/ayuntamiento\\\/377-litros-cierran-el-ano-hidrologico\\\/#primaryimage\"},\"thumbnailUrl\":\"https:\\\/\\\/www.caudete.org\\\/ayuntamiento\\\/wp-content\\\/uploads\\\/2021\\\/10\\\/1619680913_616357_1619680994_noticia_normal_recorte1.jpg\",\"articleSection\":[\"Medio Ambiente\"],\"inLanguage\":\"es\"},{\"@type\":\"WebPage\",\"@id\":\"https:\\\/\\\/www.caudete.org\\\/ayuntamiento\\\/377-litros-cierran-el-ano-hidrologico\\\/\",\"url\":\"https:\\\/\\\/www.caudete.org\\\/ayuntamiento\\\/377-litros-cierran-el-ano-hidrologico\\\/\",\"name\":\"377 litros cierran el A\u00f1o Hidrol\u00f3gico - MI Ayuntamiento de Caudete\",\"isPartOf\":{\"@id\":\"https:\\\/\\\/www.caudete.org\\\/ayuntamiento\\\/#website\"},\"primaryImageOfPage\":{\"@id\":\"https:\\\/\\\/www.caudete.org\\\/ayuntamiento\\\/377-litros-cierran-el-ano-hidrologico\\\/#primaryimage\"},\"image\":{\"@id\":\"https:\\\/\\\/www.caudete.org\\\/ayuntamiento\\\/377-litros-cierran-el-ano-hidrologico\\\/#primaryimage\"},\"thumbnailUrl\":\"https:\\\/\\\/www.caudete.org\\\/ayuntamiento\\\/wp-content\\\/uploads\\\/2021\\\/10\\\/1619680913_616357_1619680994_noticia_normal_recorte1.jpg\",\"datePublished\":\"2021-10-02T08:00:33+00:00\",\"author\":{\"@id\":\"https:\\\/\\\/www.caudete.org\\\/ayuntamiento\\\/#\\\/schema\\\/person\\\/cc646da9133078ee4d8dd47457947253\"},\"description\":\"P\u00e1gina Oficial del Ayuntamiento de Caudete (Albacete)\",\"breadcrumb\":{\"@id\":\"https:\\\/\\\/www.caudete.org\\\/ayuntamiento\\\/377-litros-cierran-el-ano-hidrologico\\\/#breadcrumb\"},\"inLanguage\":\"es\",\"potentialAction\":[{\"@type\":\"ReadAction\",\"target\":[\"https:\\\/\\\/www.caudete.org\\\/ayuntamiento\\\/377-litros-cierran-el-ano-hidrologico\\\/\"]}]},{\"@type\":\"ImageObject\",\"inLanguage\":\"es\",\"@id\":\"https:\\\/\\\/www.caudete.org\\\/ayuntamiento\\\/377-litros-cierran-el-ano-hidrologico\\\/#primaryimage\",\"url\":\"https:\\\/\\\/www.caudete.org\\\/ayuntamiento\\\/wp-content\\\/uploads\\\/2021\\\/10\\\/1619680913_616357_1619680994_noticia_normal_recorte1.jpg\",\"contentUrl\":\"https:\\\/\\\/www.caudete.org\\\/ayuntamiento\\\/wp-content\\\/uploads\\\/2021\\\/10\\\/1619680913_616357_1619680994_noticia_normal_recorte1.jpg\",\"width\":1300,\"height\":975},{\"@type\":\"BreadcrumbList\",\"@id\":\"https:\\\/\\\/www.caudete.org\\\/ayuntamiento\\\/377-litros-cierran-el-ano-hidrologico\\\/#breadcrumb\",\"itemListElement\":[{\"@type\":\"ListItem\",\"position\":1,\"name\":\"Inicio\",\"item\":\"https:\\\/\\\/www.caudete.org\\\/ayuntamiento\\\/\"},{\"@type\":\"ListItem\",\"position\":2,\"name\":\"377 litros cierran el A\u00f1o Hidrol\u00f3gico\"}]},{\"@type\":\"WebSite\",\"@id\":\"https:\\\/\\\/www.caudete.org\\\/ayuntamiento\\\/#website\",\"url\":\"https:\\\/\\\/www.caudete.org\\\/ayuntamiento\\\/\",\"name\":\"MI Ayuntamiento de Caudete\",\"description\":\"P\u00e1gina Oficial del MI Ayuntamiento de Caudete\",\"potentialAction\":[{\"@type\":\"SearchAction\",\"target\":{\"@type\":\"EntryPoint\",\"urlTemplate\":\"https:\\\/\\\/www.caudete.org\\\/ayuntamiento\\\/?s={search_term_string}\"},\"query-input\":{\"@type\":\"PropertyValueSpecification\",\"valueRequired\":true,\"valueName\":\"search_term_string\"}}],\"inLanguage\":\"es\"},{\"@type\":\"Person\",\"@id\":\"https:\\\/\\\/www.caudete.org\\\/ayuntamiento\\\/#\\\/schema\\\/person\\\/cc646da9133078ee4d8dd47457947253\",\"name\":\"alcalde\",\"image\":{\"@type\":\"ImageObject\",\"inLanguage\":\"es\",\"@id\":\"https:\\\/\\\/secure.gravatar.com\\\/avatar\\\/84a817ba065b29ff08d666b215a215f5c79186a645ccb25b14a663d48a130f77?s=96&d=mm&r=g\",\"url\":\"https:\\\/\\\/secure.gravatar.com\\\/avatar\\\/84a817ba065b29ff08d666b215a215f5c79186a645ccb25b14a663d48a130f77?s=96&d=mm&r=g\",\"contentUrl\":\"https:\\\/\\\/secure.gravatar.com\\\/avatar\\\/84a817ba065b29ff08d666b215a215f5c79186a645ccb25b14a663d48a130f77?s=96&d=mm&r=g\",\"caption\":\"alcalde\"},\"url\":\"https:\\\/\\\/www.caudete.org\\\/ayuntamiento\\\/author\\\/alcalde\\\/\"}]}<\/script>\n<!-- \/ Yoast SEO plugin. -->","yoast_head_json":{"title":"377 litros cierran el A\u00f1o Hidrol\u00f3gico - MI Ayuntamiento de Caudete","description":"P\u00e1gina Oficial del Ayuntamiento de Caudete (Albacete)","robots":{"index":"index","follow":"follow","max-snippet":"max-snippet:-1","max-image-preview":"max-image-preview:large","max-video-preview":"max-video-preview:-1"},"canonical":"https:\/\/www.caudete.org\/ayuntamiento\/377-litros-cierran-el-ano-hidrologico\/","og_locale":"es_ES","og_type":"article","og_title":"377 litros cierran el A\u00f1o Hidrol\u00f3gico - MI Ayuntamiento de Caudete","og_description":"P\u00e1gina Oficial del Ayuntamiento de Caudete (Albacete)","og_url":"https:\/\/www.caudete.org\/ayuntamiento\/377-litros-cierran-el-ano-hidrologico\/","og_site_name":"MI Ayuntamiento de Caudete","article_publisher":"https:\/\/www.facebook.com\/ayuntamientocaudete\/","article_published_time":"2021-10-02T08:00:33+00:00","og_image":[{"width":1300,"height":975,"url":"https:\/\/www.caudete.org\/ayuntamiento\/wp-content\/uploads\/2021\/10\/1619680913_616357_1619680994_noticia_normal_recorte1.jpg","type":"image\/jpeg"}],"author":"alcalde","twitter_card":"summary_large_image","twitter_misc":{"Escrito por":"alcalde","Tiempo de lectura":"2 minutos"},"schema":{"@context":"https:\/\/schema.org","@graph":[{"@type":"Article","@id":"https:\/\/www.caudete.org\/ayuntamiento\/377-litros-cierran-el-ano-hidrologico\/#article","isPartOf":{"@id":"https:\/\/www.caudete.org\/ayuntamiento\/377-litros-cierran-el-ano-hidrologico\/"},"author":{"name":"alcalde","@id":"https:\/\/www.caudete.org\/ayuntamiento\/#\/schema\/person\/cc646da9133078ee4d8dd47457947253"},"headline":"377 litros cierran el A\u00f1o Hidrol\u00f3gico","datePublished":"2021-10-02T08:00:33+00:00","mainEntityOfPage":{"@id":"https:\/\/www.caudete.org\/ayuntamiento\/377-litros-cierran-el-ano-hidrologico\/"},"wordCount":361,"image":{"@id":"https:\/\/www.caudete.org\/ayuntamiento\/377-litros-cierran-el-ano-hidrologico\/#primaryimage"},"thumbnailUrl":"https:\/\/www.caudete.org\/ayuntamiento\/wp-content\/uploads\/2021\/10\/1619680913_616357_1619680994_noticia_normal_recorte1.jpg","articleSection":["Medio Ambiente"],"inLanguage":"es"},{"@type":"WebPage","@id":"https:\/\/www.caudete.org\/ayuntamiento\/377-litros-cierran-el-ano-hidrologico\/","url":"https:\/\/www.caudete.org\/ayuntamiento\/377-litros-cierran-el-ano-hidrologico\/","name":"377 litros cierran el A\u00f1o Hidrol\u00f3gico - MI Ayuntamiento de Caudete","isPartOf":{"@id":"https:\/\/www.caudete.org\/ayuntamiento\/#website"},"primaryImageOfPage":{"@id":"https:\/\/www.caudete.org\/ayuntamiento\/377-litros-cierran-el-ano-hidrologico\/#primaryimage"},"image":{"@id":"https:\/\/www.caudete.org\/ayuntamiento\/377-litros-cierran-el-ano-hidrologico\/#primaryimage"},"thumbnailUrl":"https:\/\/www.caudete.org\/ayuntamiento\/wp-content\/uploads\/2021\/10\/1619680913_616357_1619680994_noticia_normal_recorte1.jpg","datePublished":"2021-10-02T08:00:33+00:00","author":{"@id":"https:\/\/www.caudete.org\/ayuntamiento\/#\/schema\/person\/cc646da9133078ee4d8dd47457947253"},"description":"P\u00e1gina Oficial del Ayuntamiento de Caudete (Albacete)","breadcrumb":{"@id":"https:\/\/www.caudete.org\/ayuntamiento\/377-litros-cierran-el-ano-hidrologico\/#breadcrumb"},"inLanguage":"es","potentialAction":[{"@type":"ReadAction","target":["https:\/\/www.caudete.org\/ayuntamiento\/377-litros-cierran-el-ano-hidrologico\/"]}]},{"@type":"ImageObject","inLanguage":"es","@id":"https:\/\/www.caudete.org\/ayuntamiento\/377-litros-cierran-el-ano-hidrologico\/#primaryimage","url":"https:\/\/www.caudete.org\/ayuntamiento\/wp-content\/uploads\/2021\/10\/1619680913_616357_1619680994_noticia_normal_recorte1.jpg","contentUrl":"https:\/\/www.caudete.org\/ayuntamiento\/wp-content\/uploads\/2021\/10\/1619680913_616357_1619680994_noticia_normal_recorte1.jpg","width":1300,"height":975},{"@type":"BreadcrumbList","@id":"https:\/\/www.caudete.org\/ayuntamiento\/377-litros-cierran-el-ano-hidrologico\/#breadcrumb","itemListElement":[{"@type":"ListItem","position":1,"name":"Inicio","item":"https:\/\/www.caudete.org\/ayuntamiento\/"},{"@type":"ListItem","position":2,"name":"377 litros cierran el A\u00f1o Hidrol\u00f3gico"}]},{"@type":"WebSite","@id":"https:\/\/www.caudete.org\/ayuntamiento\/#website","url":"https:\/\/www.caudete.org\/ayuntamiento\/","name":"MI Ayuntamiento de Caudete","description":"P\u00e1gina Oficial del MI Ayuntamiento de Caudete","potentialAction":[{"@type":"SearchAction","target":{"@type":"EntryPoint","urlTemplate":"https:\/\/www.caudete.org\/ayuntamiento\/?s={search_term_string}"},"query-input":{"@type":"PropertyValueSpecification","valueRequired":true,"valueName":"search_term_string"}}],"inLanguage":"es"},{"@type":"Person","@id":"https:\/\/www.caudete.org\/ayuntamiento\/#\/schema\/person\/cc646da9133078ee4d8dd47457947253","name":"alcalde","image":{"@type":"ImageObject","inLanguage":"es","@id":"https:\/\/secure.gravatar.com\/avatar\/84a817ba065b29ff08d666b215a215f5c79186a645ccb25b14a663d48a130f77?s=96&d=mm&r=g","url":"https:\/\/secure.gravatar.com\/avatar\/84a817ba065b29ff08d666b215a215f5c79186a645ccb25b14a663d48a130f77?s=96&d=mm&r=g","contentUrl":"https:\/\/secure.gravatar.com\/avatar\/84a817ba065b29ff08d666b215a215f5c79186a645ccb25b14a663d48a130f77?s=96&d=mm&r=g","caption":"alcalde"},"url":"https:\/\/www.caudete.org\/ayuntamiento\/author\/alcalde\/"}]}},"_links":{"self":[{"href":"https:\/\/www.caudete.org\/ayuntamiento\/wp-json\/wp\/v2\/posts\/16407","targetHints":{"allow":["GET"]}}],"collection":[{"href":"https:\/\/www.caudete.org\/ayuntamiento\/wp-json\/wp\/v2\/posts"}],"about":[{"href":"https:\/\/www.caudete.org\/ayuntamiento\/wp-json\/wp\/v2\/types\/post"}],"author":[{"embeddable":true,"href":"https:\/\/www.caudete.org\/ayuntamiento\/wp-json\/wp\/v2\/users\/3"}],"replies":[{"embeddable":true,"href":"https:\/\/www.caudete.org\/ayuntamiento\/wp-json\/wp\/v2\/comments?post=16407"}],"version-history":[{"count":1,"href":"https:\/\/www.caudete.org\/ayuntamiento\/wp-json\/wp\/v2\/posts\/16407\/revisions"}],"predecessor-version":[{"id":16409,"href":"https:\/\/www.caudete.org\/ayuntamiento\/wp-json\/wp\/v2\/posts\/16407\/revisions\/16409"}],"wp:featuredmedia":[{"embeddable":true,"href":"https:\/\/www.caudete.org\/ayuntamiento\/wp-json\/wp\/v2\/media\/16408"}],"wp:attachment":[{"href":"https:\/\/www.caudete.org\/ayuntamiento\/wp-json\/wp\/v2\/media?parent=16407"}],"wp:term":[{"taxonomy":"category","embeddable":true,"href":"https:\/\/www.caudete.org\/ayuntamiento\/wp-json\/wp\/v2\/categories?post=16407"},{"taxonomy":"post_tag","embeddable":true,"href":"https:\/\/www.caudete.org\/ayuntamiento\/wp-json\/wp\/v2\/tags?post=16407"}],"curies":[{"name":"wp","href":"https:\/\/api.w.org\/{rel}","templated":true}]}}