{"id":16414,"date":"2021-10-04T13:20:40","date_gmt":"2021-10-04T11:20:40","guid":{"rendered":"https:\/\/www.caudete.org\/ayuntamiento\/?p=16414"},"modified":"2021-10-04T16:31:23","modified_gmt":"2021-10-04T14:31:23","slug":"el-domingo-dia-3-de-octubre-tuvo-lugar-la-ruta-de-senderismo-de-diputacion-sierra-lacera-el-portichuelo-piedra-agujereada","status":"publish","type":"post","link":"https:\/\/www.caudete.org\/ayuntamiento\/el-domingo-dia-3-de-octubre-tuvo-lugar-la-ruta-de-senderismo-de-diputacion-sierra-lacera-el-portichuelo-piedra-agujereada\/","title":{"rendered":"El domingo d\u00eda 3 tuvo lugar la Ruta de Senderismo de Diputaci\u00f3n \u201cSierra L\u00e1cera-El Portichuelo-Piedra Agujereada\u201d."},"content":{"rendered":"<p style=\"text-align: justify;\">La Concejal\u00eda de Turismo que dirige el Edil Diego Cuenca Olivares junto a la Excma. Diputaci\u00f3n Provincial de Albacete organizaron para Caudete esta ruta dentro del \u201cVII Rutas de Senderismo de la Provincia de Albacete 2021\u201d.<\/p>\n<p style=\"text-align: justify;\">La ruta propuesta complet\u00f3 el n\u00famero de inscripciones incluso antes de cerrarse el plazo, con un total de\u00a040 senderistas, principalmente de Albacete capital, pero tambi\u00e9n de otros pueblos e incluso de Caudete. La Ruta, de gran inter\u00e9s, fue planificada y acompa\u00f1ada por integrantes del Centro Excursionista de Caudete.<\/p>\n<p style=\"text-align: justify;\">Por la tarde, los participantes fueron acompa\u00f1ados en visita guiada por el casco antiguo de Caudete.<\/p>\n<p style=\"text-align: justify;\">Nuestra felicitaci\u00f3n y reconocimiento al Centro Excursionista de Caudete, sin el cual esta actividad no ser\u00eda posible. Gracias por vuestra colaboraci\u00f3n.<\/p>\n<p><a href=\"https:\/\/www.caudete.org\/ayuntamiento\/wp-content\/uploads\/2021\/10\/foto-marcha3.jpg\" rel='prettyPhoto'><img fetchpriority=\"high\" decoding=\"async\" class=\"aligncenter wp-image-16418 size-medium\" src=\"https:\/\/www.caudete.org\/ayuntamiento\/wp-content\/uploads\/2021\/10\/foto-marcha2-300x257.jpg\" alt=\"\" width=\"300\" height=\"257\" srcset=\"https:\/\/www.caudete.org\/ayuntamiento\/wp-content\/uploads\/2021\/10\/foto-marcha2-300x257.jpg 300w, https:\/\/www.caudete.org\/ayuntamiento\/wp-content\/uploads\/2021\/10\/foto-marcha2-768x659.jpg 768w, https:\/\/www.caudete.org\/ayuntamiento\/wp-content\/uploads\/2021\/10\/foto-marcha2.jpg 1024w\" sizes=\"(max-width: 300px) 100vw, 300px\" \/><\/a><\/p>\n<p><a href=\"https:\/\/www.caudete.org\/ayuntamiento\/wp-content\/uploads\/2021\/10\/foto-marcha3.jpg\" rel='prettyPhoto'><img decoding=\"async\" class=\"aligncenter wp-image-16417 size-medium\" src=\"https:\/\/www.caudete.org\/ayuntamiento\/wp-content\/uploads\/2021\/10\/foto-marcha3-300x238.jpg\" alt=\"\" width=\"300\" height=\"238\" srcset=\"https:\/\/www.caudete.org\/ayuntamiento\/wp-content\/uploads\/2021\/10\/foto-marcha3-300x238.jpg 300w, https:\/\/www.caudete.org\/ayuntamiento\/wp-content\/uploads\/2021\/10\/foto-marcha3-1024x813.jpg 1024w, https:\/\/www.caudete.org\/ayuntamiento\/wp-content\/uploads\/2021\/10\/foto-marcha3-768x610.jpg 768w, https:\/\/www.caudete.org\/ayuntamiento\/wp-content\/uploads\/2021\/10\/foto-marcha3-1536x1220.jpg 1536w, https:\/\/www.caudete.org\/ayuntamiento\/wp-content\/uploads\/2021\/10\/foto-marcha3.jpg 2048w\" sizes=\"(max-width: 300px) 100vw, 300px\" \/><\/a><\/p>\n<p>&nbsp;<\/p>\n","protected":false},"excerpt":{"rendered":"<p>La Concejal\u00eda de Turismo que dirige el Edil Diego Cuenca Olivares junto a la Excma. Diputaci\u00f3n Provincial de Albacete organizaron para Caudete esta ruta dentro del \u201cVII Rutas de Senderismo de la Provincia de Albacete 2021\u201d. La ruta propuesta complet\u00f3 el n\u00famero de inscripciones incluso antes de cerrarse el plazo, con un total de\u00a040 senderistas, &hellip;<\/p>\n","protected":false},"author":2,"featured_media":16419,"comment_status":"closed","ping_status":"open","sticky":false,"template":"","format":"standard","meta":{"ngg_post_thumbnail":0,"footnotes":""},"categories":[43],"tags":[707,706,705,708],"class_list":["post-16414","post","type-post","status-publish","format-standard","has-post-thumbnail","hentry","category-turismo","tag-centro-excursionista-de-caudete","tag-senderismo","tag-sierra-lacera-el-portichuelo-piedra-agujereada","tag-vii-rutas-de-senderismo-de-la-provincia-de-albacete-2021"],"yoast_head":"<!-- This site is optimized with the Yoast SEO plugin v27.5 - https:\/\/yoast.com\/product\/yoast-seo-wordpress\/ -->\n<title>El domingo d\u00eda 3 tuvo lugar la Ruta de Senderismo de Diputaci\u00f3n \u201cSierra L\u00e1cera-El Portichuelo-Piedra Agujereada\u201d. - MI Ayuntamiento de Caudete<\/title>\n<meta name=\"description\" content=\"P\u00e1gina Oficial del Ayuntamiento de Caudete (Albacete)\" \/>\n<meta name=\"robots\" content=\"index, follow, max-snippet:-1, max-image-preview:large, max-video-preview:-1\" \/>\n<link rel=\"canonical\" href=\"https:\/\/www.caudete.org\/ayuntamiento\/el-domingo-dia-3-de-octubre-tuvo-lugar-la-ruta-de-senderismo-de-diputacion-sierra-lacera-el-portichuelo-piedra-agujereada\/\" \/>\n<meta property=\"og:locale\" content=\"es_ES\" \/>\n<meta property=\"og:type\" content=\"article\" \/>\n<meta property=\"og:title\" content=\"El domingo d\u00eda 3 tuvo lugar la Ruta de Senderismo de Diputaci\u00f3n \u201cSierra L\u00e1cera-El Portichuelo-Piedra Agujereada\u201d. - MI Ayuntamiento de Caudete\" \/>\n<meta property=\"og:description\" content=\"P\u00e1gina Oficial del Ayuntamiento de Caudete (Albacete)\" \/>\n<meta property=\"og:url\" content=\"https:\/\/www.caudete.org\/ayuntamiento\/el-domingo-dia-3-de-octubre-tuvo-lugar-la-ruta-de-senderismo-de-diputacion-sierra-lacera-el-portichuelo-piedra-agujereada\/\" \/>\n<meta property=\"og:site_name\" content=\"MI Ayuntamiento de Caudete\" \/>\n<meta property=\"article:publisher\" content=\"https:\/\/www.facebook.com\/ayuntamientocaudete\/\" \/>\n<meta property=\"article:published_time\" content=\"2021-10-04T11:20:40+00:00\" \/>\n<meta property=\"article:modified_time\" content=\"2021-10-04T14:31:23+00:00\" \/>\n<meta property=\"og:image\" content=\"https:\/\/www.caudete.org\/ayuntamiento\/wp-content\/uploads\/2021\/10\/foto-marcha1.jpg\" \/>\n\t<meta property=\"og:image:width\" content=\"1024\" \/>\n\t<meta property=\"og:image:height\" content=\"620\" \/>\n\t<meta property=\"og:image:type\" content=\"image\/jpeg\" \/>\n<meta name=\"author\" content=\"Juan\" \/>\n<meta name=\"twitter:card\" content=\"summary_large_image\" \/>\n<meta name=\"twitter:label1\" content=\"Escrito por\" \/>\n\t<meta name=\"twitter:data1\" content=\"Juan\" \/>\n\t<meta name=\"twitter:label2\" content=\"Tiempo de lectura\" \/>\n\t<meta name=\"twitter:data2\" content=\"1 minuto\" \/>\n<script type=\"application\/ld+json\" class=\"yoast-schema-graph\">{\"@context\":\"https:\\\/\\\/schema.org\",\"@graph\":[{\"@type\":\"Article\",\"@id\":\"https:\\\/\\\/www.caudete.org\\\/ayuntamiento\\\/el-domingo-dia-3-de-octubre-tuvo-lugar-la-ruta-de-senderismo-de-diputacion-sierra-lacera-el-portichuelo-piedra-agujereada\\\/#article\",\"isPartOf\":{\"@id\":\"https:\\\/\\\/www.caudete.org\\\/ayuntamiento\\\/el-domingo-dia-3-de-octubre-tuvo-lugar-la-ruta-de-senderismo-de-diputacion-sierra-lacera-el-portichuelo-piedra-agujereada\\\/\"},\"author\":{\"name\":\"Juan\",\"@id\":\"https:\\\/\\\/www.caudete.org\\\/ayuntamiento\\\/#\\\/schema\\\/person\\\/7656a5bb58fca95b9814e940de0fda63\"},\"headline\":\"El domingo d\u00eda 3 tuvo lugar la Ruta de Senderismo de Diputaci\u00f3n \u201cSierra L\u00e1cera-El Portichuelo-Piedra Agujereada\u201d.\",\"datePublished\":\"2021-10-04T11:20:40+00:00\",\"dateModified\":\"2021-10-04T14:31:23+00:00\",\"mainEntityOfPage\":{\"@id\":\"https:\\\/\\\/www.caudete.org\\\/ayuntamiento\\\/el-domingo-dia-3-de-octubre-tuvo-lugar-la-ruta-de-senderismo-de-diputacion-sierra-lacera-el-portichuelo-piedra-agujereada\\\/\"},\"wordCount\":149,\"image\":{\"@id\":\"https:\\\/\\\/www.caudete.org\\\/ayuntamiento\\\/el-domingo-dia-3-de-octubre-tuvo-lugar-la-ruta-de-senderismo-de-diputacion-sierra-lacera-el-portichuelo-piedra-agujereada\\\/#primaryimage\"},\"thumbnailUrl\":\"https:\\\/\\\/www.caudete.org\\\/ayuntamiento\\\/wp-content\\\/uploads\\\/2021\\\/10\\\/foto-marcha1.jpg\",\"keywords\":[\"Centro excursionista de Caudete\",\"Senderismo\",\"Sierra L\u00e1cera-El Portichuelo-Piedra Agujereada\",\"VII Rutas de Senderismo de la Provincia de Albacete 2021\"],\"articleSection\":[\"Turismo\"],\"inLanguage\":\"es\"},{\"@type\":\"WebPage\",\"@id\":\"https:\\\/\\\/www.caudete.org\\\/ayuntamiento\\\/el-domingo-dia-3-de-octubre-tuvo-lugar-la-ruta-de-senderismo-de-diputacion-sierra-lacera-el-portichuelo-piedra-agujereada\\\/\",\"url\":\"https:\\\/\\\/www.caudete.org\\\/ayuntamiento\\\/el-domingo-dia-3-de-octubre-tuvo-lugar-la-ruta-de-senderismo-de-diputacion-sierra-lacera-el-portichuelo-piedra-agujereada\\\/\",\"name\":\"El domingo d\u00eda 3 tuvo lugar la Ruta de Senderismo de Diputaci\u00f3n \u201cSierra L\u00e1cera-El Portichuelo-Piedra Agujereada\u201d. - MI Ayuntamiento de Caudete\",\"isPartOf\":{\"@id\":\"https:\\\/\\\/www.caudete.org\\\/ayuntamiento\\\/#website\"},\"primaryImageOfPage\":{\"@id\":\"https:\\\/\\\/www.caudete.org\\\/ayuntamiento\\\/el-domingo-dia-3-de-octubre-tuvo-lugar-la-ruta-de-senderismo-de-diputacion-sierra-lacera-el-portichuelo-piedra-agujereada\\\/#primaryimage\"},\"image\":{\"@id\":\"https:\\\/\\\/www.caudete.org\\\/ayuntamiento\\\/el-domingo-dia-3-de-octubre-tuvo-lugar-la-ruta-de-senderismo-de-diputacion-sierra-lacera-el-portichuelo-piedra-agujereada\\\/#primaryimage\"},\"thumbnailUrl\":\"https:\\\/\\\/www.caudete.org\\\/ayuntamiento\\\/wp-content\\\/uploads\\\/2021\\\/10\\\/foto-marcha1.jpg\",\"datePublished\":\"2021-10-04T11:20:40+00:00\",\"dateModified\":\"2021-10-04T14:31:23+00:00\",\"author\":{\"@id\":\"https:\\\/\\\/www.caudete.org\\\/ayuntamiento\\\/#\\\/schema\\\/person\\\/7656a5bb58fca95b9814e940de0fda63\"},\"description\":\"P\u00e1gina Oficial del Ayuntamiento de Caudete (Albacete)\",\"breadcrumb\":{\"@id\":\"https:\\\/\\\/www.caudete.org\\\/ayuntamiento\\\/el-domingo-dia-3-de-octubre-tuvo-lugar-la-ruta-de-senderismo-de-diputacion-sierra-lacera-el-portichuelo-piedra-agujereada\\\/#breadcrumb\"},\"inLanguage\":\"es\",\"potentialAction\":[{\"@type\":\"ReadAction\",\"target\":[\"https:\\\/\\\/www.caudete.org\\\/ayuntamiento\\\/el-domingo-dia-3-de-octubre-tuvo-lugar-la-ruta-de-senderismo-de-diputacion-sierra-lacera-el-portichuelo-piedra-agujereada\\\/\"]}]},{\"@type\":\"ImageObject\",\"inLanguage\":\"es\",\"@id\":\"https:\\\/\\\/www.caudete.org\\\/ayuntamiento\\\/el-domingo-dia-3-de-octubre-tuvo-lugar-la-ruta-de-senderismo-de-diputacion-sierra-lacera-el-portichuelo-piedra-agujereada\\\/#primaryimage\",\"url\":\"https:\\\/\\\/www.caudete.org\\\/ayuntamiento\\\/wp-content\\\/uploads\\\/2021\\\/10\\\/foto-marcha1.jpg\",\"contentUrl\":\"https:\\\/\\\/www.caudete.org\\\/ayuntamiento\\\/wp-content\\\/uploads\\\/2021\\\/10\\\/foto-marcha1.jpg\",\"width\":1024,\"height\":620},{\"@type\":\"BreadcrumbList\",\"@id\":\"https:\\\/\\\/www.caudete.org\\\/ayuntamiento\\\/el-domingo-dia-3-de-octubre-tuvo-lugar-la-ruta-de-senderismo-de-diputacion-sierra-lacera-el-portichuelo-piedra-agujereada\\\/#breadcrumb\",\"itemListElement\":[{\"@type\":\"ListItem\",\"position\":1,\"name\":\"Inicio\",\"item\":\"https:\\\/\\\/www.caudete.org\\\/ayuntamiento\\\/\"},{\"@type\":\"ListItem\",\"position\":2,\"name\":\"El domingo d\u00eda 3 tuvo lugar la Ruta de Senderismo de Diputaci\u00f3n \u201cSierra L\u00e1cera-El Portichuelo-Piedra Agujereada\u201d.\"}]},{\"@type\":\"WebSite\",\"@id\":\"https:\\\/\\\/www.caudete.org\\\/ayuntamiento\\\/#website\",\"url\":\"https:\\\/\\\/www.caudete.org\\\/ayuntamiento\\\/\",\"name\":\"MI Ayuntamiento de Caudete\",\"description\":\"P\u00e1gina Oficial del MI Ayuntamiento de Caudete\",\"potentialAction\":[{\"@type\":\"SearchAction\",\"target\":{\"@type\":\"EntryPoint\",\"urlTemplate\":\"https:\\\/\\\/www.caudete.org\\\/ayuntamiento\\\/?s={search_term_string}\"},\"query-input\":{\"@type\":\"PropertyValueSpecification\",\"valueRequired\":true,\"valueName\":\"search_term_string\"}}],\"inLanguage\":\"es\"},{\"@type\":\"Person\",\"@id\":\"https:\\\/\\\/www.caudete.org\\\/ayuntamiento\\\/#\\\/schema\\\/person\\\/7656a5bb58fca95b9814e940de0fda63\",\"name\":\"Juan\",\"image\":{\"@type\":\"ImageObject\",\"inLanguage\":\"es\",\"@id\":\"https:\\\/\\\/secure.gravatar.com\\\/avatar\\\/dd53e51c0cd6ab23f52d4f3e4f1c59730240727763de3dbbf26750b079a2c292?s=96&d=mm&r=g\",\"url\":\"https:\\\/\\\/secure.gravatar.com\\\/avatar\\\/dd53e51c0cd6ab23f52d4f3e4f1c59730240727763de3dbbf26750b079a2c292?s=96&d=mm&r=g\",\"contentUrl\":\"https:\\\/\\\/secure.gravatar.com\\\/avatar\\\/dd53e51c0cd6ab23f52d4f3e4f1c59730240727763de3dbbf26750b079a2c292?s=96&d=mm&r=g\",\"caption\":\"Juan\"},\"url\":\"https:\\\/\\\/www.caudete.org\\\/ayuntamiento\\\/author\\\/centrodeinternet\\\/\"}]}<\/script>\n<!-- \/ Yoast SEO plugin. -->","yoast_head_json":{"title":"El domingo d\u00eda 3 tuvo lugar la Ruta de Senderismo de Diputaci\u00f3n \u201cSierra L\u00e1cera-El Portichuelo-Piedra Agujereada\u201d. - MI Ayuntamiento de Caudete","description":"P\u00e1gina Oficial del Ayuntamiento de Caudete (Albacete)","robots":{"index":"index","follow":"follow","max-snippet":"max-snippet:-1","max-image-preview":"max-image-preview:large","max-video-preview":"max-video-preview:-1"},"canonical":"https:\/\/www.caudete.org\/ayuntamiento\/el-domingo-dia-3-de-octubre-tuvo-lugar-la-ruta-de-senderismo-de-diputacion-sierra-lacera-el-portichuelo-piedra-agujereada\/","og_locale":"es_ES","og_type":"article","og_title":"El domingo d\u00eda 3 tuvo lugar la Ruta de Senderismo de Diputaci\u00f3n \u201cSierra L\u00e1cera-El Portichuelo-Piedra Agujereada\u201d. - MI Ayuntamiento de Caudete","og_description":"P\u00e1gina Oficial del Ayuntamiento de Caudete (Albacete)","og_url":"https:\/\/www.caudete.org\/ayuntamiento\/el-domingo-dia-3-de-octubre-tuvo-lugar-la-ruta-de-senderismo-de-diputacion-sierra-lacera-el-portichuelo-piedra-agujereada\/","og_site_name":"MI Ayuntamiento de Caudete","article_publisher":"https:\/\/www.facebook.com\/ayuntamientocaudete\/","article_published_time":"2021-10-04T11:20:40+00:00","article_modified_time":"2021-10-04T14:31:23+00:00","og_image":[{"width":1024,"height":620,"url":"https:\/\/www.caudete.org\/ayuntamiento\/wp-content\/uploads\/2021\/10\/foto-marcha1.jpg","type":"image\/jpeg"}],"author":"Juan","twitter_card":"summary_large_image","twitter_misc":{"Escrito por":"Juan","Tiempo de lectura":"1 minuto"},"schema":{"@context":"https:\/\/schema.org","@graph":[{"@type":"Article","@id":"https:\/\/www.caudete.org\/ayuntamiento\/el-domingo-dia-3-de-octubre-tuvo-lugar-la-ruta-de-senderismo-de-diputacion-sierra-lacera-el-portichuelo-piedra-agujereada\/#article","isPartOf":{"@id":"https:\/\/www.caudete.org\/ayuntamiento\/el-domingo-dia-3-de-octubre-tuvo-lugar-la-ruta-de-senderismo-de-diputacion-sierra-lacera-el-portichuelo-piedra-agujereada\/"},"author":{"name":"Juan","@id":"https:\/\/www.caudete.org\/ayuntamiento\/#\/schema\/person\/7656a5bb58fca95b9814e940de0fda63"},"headline":"El domingo d\u00eda 3 tuvo lugar la Ruta de Senderismo de Diputaci\u00f3n \u201cSierra L\u00e1cera-El Portichuelo-Piedra Agujereada\u201d.","datePublished":"2021-10-04T11:20:40+00:00","dateModified":"2021-10-04T14:31:23+00:00","mainEntityOfPage":{"@id":"https:\/\/www.caudete.org\/ayuntamiento\/el-domingo-dia-3-de-octubre-tuvo-lugar-la-ruta-de-senderismo-de-diputacion-sierra-lacera-el-portichuelo-piedra-agujereada\/"},"wordCount":149,"image":{"@id":"https:\/\/www.caudete.org\/ayuntamiento\/el-domingo-dia-3-de-octubre-tuvo-lugar-la-ruta-de-senderismo-de-diputacion-sierra-lacera-el-portichuelo-piedra-agujereada\/#primaryimage"},"thumbnailUrl":"https:\/\/www.caudete.org\/ayuntamiento\/wp-content\/uploads\/2021\/10\/foto-marcha1.jpg","keywords":["Centro excursionista de Caudete","Senderismo","Sierra L\u00e1cera-El Portichuelo-Piedra Agujereada","VII Rutas de Senderismo de la Provincia de Albacete 2021"],"articleSection":["Turismo"],"inLanguage":"es"},{"@type":"WebPage","@id":"https:\/\/www.caudete.org\/ayuntamiento\/el-domingo-dia-3-de-octubre-tuvo-lugar-la-ruta-de-senderismo-de-diputacion-sierra-lacera-el-portichuelo-piedra-agujereada\/","url":"https:\/\/www.caudete.org\/ayuntamiento\/el-domingo-dia-3-de-octubre-tuvo-lugar-la-ruta-de-senderismo-de-diputacion-sierra-lacera-el-portichuelo-piedra-agujereada\/","name":"El domingo d\u00eda 3 tuvo lugar la Ruta de Senderismo de Diputaci\u00f3n \u201cSierra L\u00e1cera-El Portichuelo-Piedra Agujereada\u201d. - MI Ayuntamiento de Caudete","isPartOf":{"@id":"https:\/\/www.caudete.org\/ayuntamiento\/#website"},"primaryImageOfPage":{"@id":"https:\/\/www.caudete.org\/ayuntamiento\/el-domingo-dia-3-de-octubre-tuvo-lugar-la-ruta-de-senderismo-de-diputacion-sierra-lacera-el-portichuelo-piedra-agujereada\/#primaryimage"},"image":{"@id":"https:\/\/www.caudete.org\/ayuntamiento\/el-domingo-dia-3-de-octubre-tuvo-lugar-la-ruta-de-senderismo-de-diputacion-sierra-lacera-el-portichuelo-piedra-agujereada\/#primaryimage"},"thumbnailUrl":"https:\/\/www.caudete.org\/ayuntamiento\/wp-content\/uploads\/2021\/10\/foto-marcha1.jpg","datePublished":"2021-10-04T11:20:40+00:00","dateModified":"2021-10-04T14:31:23+00:00","author":{"@id":"https:\/\/www.caudete.org\/ayuntamiento\/#\/schema\/person\/7656a5bb58fca95b9814e940de0fda63"},"description":"P\u00e1gina Oficial del Ayuntamiento de Caudete (Albacete)","breadcrumb":{"@id":"https:\/\/www.caudete.org\/ayuntamiento\/el-domingo-dia-3-de-octubre-tuvo-lugar-la-ruta-de-senderismo-de-diputacion-sierra-lacera-el-portichuelo-piedra-agujereada\/#breadcrumb"},"inLanguage":"es","potentialAction":[{"@type":"ReadAction","target":["https:\/\/www.caudete.org\/ayuntamiento\/el-domingo-dia-3-de-octubre-tuvo-lugar-la-ruta-de-senderismo-de-diputacion-sierra-lacera-el-portichuelo-piedra-agujereada\/"]}]},{"@type":"ImageObject","inLanguage":"es","@id":"https:\/\/www.caudete.org\/ayuntamiento\/el-domingo-dia-3-de-octubre-tuvo-lugar-la-ruta-de-senderismo-de-diputacion-sierra-lacera-el-portichuelo-piedra-agujereada\/#primaryimage","url":"https:\/\/www.caudete.org\/ayuntamiento\/wp-content\/uploads\/2021\/10\/foto-marcha1.jpg","contentUrl":"https:\/\/www.caudete.org\/ayuntamiento\/wp-content\/uploads\/2021\/10\/foto-marcha1.jpg","width":1024,"height":620},{"@type":"BreadcrumbList","@id":"https:\/\/www.caudete.org\/ayuntamiento\/el-domingo-dia-3-de-octubre-tuvo-lugar-la-ruta-de-senderismo-de-diputacion-sierra-lacera-el-portichuelo-piedra-agujereada\/#breadcrumb","itemListElement":[{"@type":"ListItem","position":1,"name":"Inicio","item":"https:\/\/www.caudete.org\/ayuntamiento\/"},{"@type":"ListItem","position":2,"name":"El domingo d\u00eda 3 tuvo lugar la Ruta de Senderismo de Diputaci\u00f3n \u201cSierra L\u00e1cera-El Portichuelo-Piedra Agujereada\u201d."}]},{"@type":"WebSite","@id":"https:\/\/www.caudete.org\/ayuntamiento\/#website","url":"https:\/\/www.caudete.org\/ayuntamiento\/","name":"MI Ayuntamiento de Caudete","description":"P\u00e1gina Oficial del MI Ayuntamiento de Caudete","potentialAction":[{"@type":"SearchAction","target":{"@type":"EntryPoint","urlTemplate":"https:\/\/www.caudete.org\/ayuntamiento\/?s={search_term_string}"},"query-input":{"@type":"PropertyValueSpecification","valueRequired":true,"valueName":"search_term_string"}}],"inLanguage":"es"},{"@type":"Person","@id":"https:\/\/www.caudete.org\/ayuntamiento\/#\/schema\/person\/7656a5bb58fca95b9814e940de0fda63","name":"Juan","image":{"@type":"ImageObject","inLanguage":"es","@id":"https:\/\/secure.gravatar.com\/avatar\/dd53e51c0cd6ab23f52d4f3e4f1c59730240727763de3dbbf26750b079a2c292?s=96&d=mm&r=g","url":"https:\/\/secure.gravatar.com\/avatar\/dd53e51c0cd6ab23f52d4f3e4f1c59730240727763de3dbbf26750b079a2c292?s=96&d=mm&r=g","contentUrl":"https:\/\/secure.gravatar.com\/avatar\/dd53e51c0cd6ab23f52d4f3e4f1c59730240727763de3dbbf26750b079a2c292?s=96&d=mm&r=g","caption":"Juan"},"url":"https:\/\/www.caudete.org\/ayuntamiento\/author\/centrodeinternet\/"}]}},"_links":{"self":[{"href":"https:\/\/www.caudete.org\/ayuntamiento\/wp-json\/wp\/v2\/posts\/16414","targetHints":{"allow":["GET"]}}],"collection":[{"href":"https:\/\/www.caudete.org\/ayuntamiento\/wp-json\/wp\/v2\/posts"}],"about":[{"href":"https:\/\/www.caudete.org\/ayuntamiento\/wp-json\/wp\/v2\/types\/post"}],"author":[{"embeddable":true,"href":"https:\/\/www.caudete.org\/ayuntamiento\/wp-json\/wp\/v2\/users\/2"}],"replies":[{"embeddable":true,"href":"https:\/\/www.caudete.org\/ayuntamiento\/wp-json\/wp\/v2\/comments?post=16414"}],"version-history":[{"count":8,"href":"https:\/\/www.caudete.org\/ayuntamiento\/wp-json\/wp\/v2\/posts\/16414\/revisions"}],"predecessor-version":[{"id":16425,"href":"https:\/\/www.caudete.org\/ayuntamiento\/wp-json\/wp\/v2\/posts\/16414\/revisions\/16425"}],"wp:featuredmedia":[{"embeddable":true,"href":"https:\/\/www.caudete.org\/ayuntamiento\/wp-json\/wp\/v2\/media\/16419"}],"wp:attachment":[{"href":"https:\/\/www.caudete.org\/ayuntamiento\/wp-json\/wp\/v2\/media?parent=16414"}],"wp:term":[{"taxonomy":"category","embeddable":true,"href":"https:\/\/www.caudete.org\/ayuntamiento\/wp-json\/wp\/v2\/categories?post=16414"},{"taxonomy":"post_tag","embeddable":true,"href":"https:\/\/www.caudete.org\/ayuntamiento\/wp-json\/wp\/v2\/tags?post=16414"}],"curies":[{"name":"wp","href":"https:\/\/api.w.org\/{rel}","templated":true}]}}