{"id":16436,"date":"2021-10-06T09:29:25","date_gmt":"2021-10-06T07:29:25","guid":{"rendered":"https:\/\/www.caudete.org\/ayuntamiento\/?p=16436"},"modified":"2021-10-06T09:29:25","modified_gmt":"2021-10-06T07:29:25","slug":"difusion-en-sesion-informativa-on-line-del-programa-erasmus-2021-2027-en-el-que-participa-caudete","status":"publish","type":"post","link":"https:\/\/www.caudete.org\/ayuntamiento\/difusion-en-sesion-informativa-on-line-del-programa-erasmus-2021-2027-en-el-que-participa-caudete\/","title":{"rendered":"Difusi\u00f3n en sesi\u00f3n informativa on line del Programa &#8220;ERASMUS+ 2021-2027&#8221; en el que participa Caudete."},"content":{"rendered":"<p><strong>&#8220;Oportunidades sector Formaci\u00f3n Profesional y Educaci\u00f3n Adultos&#8221;<\/strong><\/p>\n<p><strong>Fecha:<\/strong> 13 de octubre de 2021<br \/>\n<strong>Hora:<\/strong> 18:00-19:00<\/p>\n<p>Inscripciones en: <a href=\"mailto:aprodel@aprodel.org\" target=\"_blank\" rel=\"nofollow\"><strong>aprodel@aprodel.org<\/strong><\/a> y en <strong><a href=\"mailto:desarrollo@caudete.org\" target=\"_blank\" rel=\"nofollow\">desarrollo@caudete.org<\/a><\/strong><\/p>\n<p>&#8211; Novedades nuevo periodo<\/p>\n<p>&#8211; Objetivos Programa<\/p>\n<p>&#8211; Proyectos de movilidades<\/p>\n<p>&#8211; Oportunidades para colectivos con perfil menos oportunidades<\/p>\n<p>&#8211; Proyectos de Cooperaci\u00f3n<\/p>\n<p>&#8211; Acreditaci\u00f3n Erasmus+<\/p>\n<p><strong>Dirigido a:<\/strong><\/p>\n<p>Personal t\u00e9cnico desarrollo local, orientadores, formadores, directivos en ayuntamientos, diputaciones, mancomunidades, asociaciones sin \u00e1nimo de lucro, Tercer Sector, empresas privadas y a cualquier entidad activa en educaci\u00f3n y formaci\u00f3n en los sectores de formaci\u00f3n profesional, tanto educativa como formaci\u00f3n profesional para el empleo o educaci\u00f3n de adultos, tanto formal como no formal, incluidas bibliotecas p\u00fablicas municipales, universidades populares, Aulas Mentor, etc.<\/p>\n<p>Asociaci\u00f3n de Profesionales para el Desarrollo Local y la Promoci\u00f3n Econ\u00f3mica de Castilla-La Mancha <strong>(APRODEL)<\/strong><\/p>\n<p><strong>M\u00aa Elia Lac\u00e1rcel Meg\u00edas<\/strong>, Agente de Empleo y Desarrollo Local Ayuntamiento de Caudete, Coordinadora Proyectos Erasmus+<\/p>\n","protected":false},"excerpt":{"rendered":"<p>&#8220;Oportunidades sector Formaci\u00f3n Profesional y Educaci\u00f3n Adultos&#8221; Fecha: 13 de octubre de 2021 Hora: 18:00-19:00 Inscripciones en: aprodel@aprodel.org y en desarrollo@caudete.org &#8211; Novedades nuevo periodo &#8211; Objetivos Programa &#8211; Proyectos de movilidades &#8211; Oportunidades para colectivos con perfil menos oportunidades &#8211; Proyectos de Cooperaci\u00f3n &#8211; Acreditaci\u00f3n Erasmus+ Dirigido a: Personal t\u00e9cnico desarrollo local, orientadores, formadores, &hellip;<\/p>\n","protected":false},"author":2,"featured_media":16441,"comment_status":"closed","ping_status":"open","sticky":false,"template":"","format":"standard","meta":{"ngg_post_thumbnail":0,"footnotes":""},"categories":[37],"tags":[],"class_list":["post-16436","post","type-post","status-publish","format-standard","has-post-thumbnail","hentry","category-empleo-y-formacion"],"yoast_head":"<!-- This site is optimized with the Yoast SEO plugin v27.4 - https:\/\/yoast.com\/product\/yoast-seo-wordpress\/ -->\n<title>Difusi\u00f3n en sesi\u00f3n informativa on line del Programa &quot;ERASMUS+ 2021-2027&quot; en el que participa Caudete. - MI Ayuntamiento de Caudete<\/title>\n<meta name=\"description\" content=\"P\u00e1gina Oficial del Ayuntamiento de Caudete (Albacete)\" \/>\n<meta name=\"robots\" content=\"index, follow, max-snippet:-1, max-image-preview:large, max-video-preview:-1\" \/>\n<link rel=\"canonical\" href=\"https:\/\/www.caudete.org\/ayuntamiento\/difusion-en-sesion-informativa-on-line-del-programa-erasmus-2021-2027-en-el-que-participa-caudete\/\" \/>\n<meta property=\"og:locale\" content=\"es_ES\" \/>\n<meta property=\"og:type\" content=\"article\" \/>\n<meta property=\"og:title\" content=\"Difusi\u00f3n en sesi\u00f3n informativa on line del Programa &quot;ERASMUS+ 2021-2027&quot; en el que participa Caudete. - MI Ayuntamiento de Caudete\" \/>\n<meta property=\"og:description\" content=\"P\u00e1gina Oficial del Ayuntamiento de Caudete (Albacete)\" \/>\n<meta property=\"og:url\" content=\"https:\/\/www.caudete.org\/ayuntamiento\/difusion-en-sesion-informativa-on-line-del-programa-erasmus-2021-2027-en-el-que-participa-caudete\/\" \/>\n<meta property=\"og:site_name\" content=\"MI Ayuntamiento de Caudete\" \/>\n<meta property=\"article:publisher\" content=\"https:\/\/www.facebook.com\/ayuntamientocaudete\/\" \/>\n<meta property=\"article:published_time\" content=\"2021-10-06T07:29:25+00:00\" \/>\n<meta property=\"og:image\" content=\"https:\/\/www.caudete.org\/ayuntamiento\/wp-content\/uploads\/2021\/10\/Sesion-Informativa-WEB.jpg\" \/>\n\t<meta property=\"og:image:width\" content=\"864\" \/>\n\t<meta property=\"og:image:height\" content=\"380\" \/>\n\t<meta property=\"og:image:type\" content=\"image\/jpeg\" \/>\n<meta name=\"author\" content=\"Juan\" \/>\n<meta name=\"twitter:card\" content=\"summary_large_image\" \/>\n<meta name=\"twitter:label1\" content=\"Escrito por\" \/>\n\t<meta name=\"twitter:data1\" content=\"Juan\" \/>\n\t<meta name=\"twitter:label2\" content=\"Tiempo de lectura\" \/>\n\t<meta name=\"twitter:data2\" content=\"1 minuto\" \/>\n<script type=\"application\/ld+json\" class=\"yoast-schema-graph\">{\"@context\":\"https:\\\/\\\/schema.org\",\"@graph\":[{\"@type\":\"Article\",\"@id\":\"https:\\\/\\\/www.caudete.org\\\/ayuntamiento\\\/difusion-en-sesion-informativa-on-line-del-programa-erasmus-2021-2027-en-el-que-participa-caudete\\\/#article\",\"isPartOf\":{\"@id\":\"https:\\\/\\\/www.caudete.org\\\/ayuntamiento\\\/difusion-en-sesion-informativa-on-line-del-programa-erasmus-2021-2027-en-el-que-participa-caudete\\\/\"},\"author\":{\"name\":\"Juan\",\"@id\":\"https:\\\/\\\/www.caudete.org\\\/ayuntamiento\\\/#\\\/schema\\\/person\\\/7656a5bb58fca95b9814e940de0fda63\"},\"headline\":\"Difusi\u00f3n en sesi\u00f3n informativa on line del Programa &#8220;ERASMUS+ 2021-2027&#8221; en el que participa Caudete.\",\"datePublished\":\"2021-10-06T07:29:25+00:00\",\"mainEntityOfPage\":{\"@id\":\"https:\\\/\\\/www.caudete.org\\\/ayuntamiento\\\/difusion-en-sesion-informativa-on-line-del-programa-erasmus-2021-2027-en-el-que-participa-caudete\\\/\"},\"wordCount\":176,\"publisher\":{\"@id\":\"https:\\\/\\\/www.caudete.org\\\/ayuntamiento\\\/#organization\"},\"image\":{\"@id\":\"https:\\\/\\\/www.caudete.org\\\/ayuntamiento\\\/difusion-en-sesion-informativa-on-line-del-programa-erasmus-2021-2027-en-el-que-participa-caudete\\\/#primaryimage\"},\"thumbnailUrl\":\"https:\\\/\\\/www.caudete.org\\\/ayuntamiento\\\/wp-content\\\/uploads\\\/2021\\\/10\\\/Sesion-Informativa-WEB.jpg\",\"articleSection\":[\"Empleo y Formaci\u00f3n\"],\"inLanguage\":\"es\"},{\"@type\":\"WebPage\",\"@id\":\"https:\\\/\\\/www.caudete.org\\\/ayuntamiento\\\/difusion-en-sesion-informativa-on-line-del-programa-erasmus-2021-2027-en-el-que-participa-caudete\\\/\",\"url\":\"https:\\\/\\\/www.caudete.org\\\/ayuntamiento\\\/difusion-en-sesion-informativa-on-line-del-programa-erasmus-2021-2027-en-el-que-participa-caudete\\\/\",\"name\":\"Difusi\u00f3n en sesi\u00f3n informativa on line del Programa \\\"ERASMUS+ 2021-2027\\\" en el que participa Caudete. - MI Ayuntamiento de Caudete\",\"isPartOf\":{\"@id\":\"https:\\\/\\\/www.caudete.org\\\/ayuntamiento\\\/#website\"},\"primaryImageOfPage\":{\"@id\":\"https:\\\/\\\/www.caudete.org\\\/ayuntamiento\\\/difusion-en-sesion-informativa-on-line-del-programa-erasmus-2021-2027-en-el-que-participa-caudete\\\/#primaryimage\"},\"image\":{\"@id\":\"https:\\\/\\\/www.caudete.org\\\/ayuntamiento\\\/difusion-en-sesion-informativa-on-line-del-programa-erasmus-2021-2027-en-el-que-participa-caudete\\\/#primaryimage\"},\"thumbnailUrl\":\"https:\\\/\\\/www.caudete.org\\\/ayuntamiento\\\/wp-content\\\/uploads\\\/2021\\\/10\\\/Sesion-Informativa-WEB.jpg\",\"datePublished\":\"2021-10-06T07:29:25+00:00\",\"description\":\"P\u00e1gina Oficial del Ayuntamiento de Caudete (Albacete)\",\"breadcrumb\":{\"@id\":\"https:\\\/\\\/www.caudete.org\\\/ayuntamiento\\\/difusion-en-sesion-informativa-on-line-del-programa-erasmus-2021-2027-en-el-que-participa-caudete\\\/#breadcrumb\"},\"inLanguage\":\"es\",\"potentialAction\":[{\"@type\":\"ReadAction\",\"target\":[\"https:\\\/\\\/www.caudete.org\\\/ayuntamiento\\\/difusion-en-sesion-informativa-on-line-del-programa-erasmus-2021-2027-en-el-que-participa-caudete\\\/\"]}]},{\"@type\":\"ImageObject\",\"inLanguage\":\"es\",\"@id\":\"https:\\\/\\\/www.caudete.org\\\/ayuntamiento\\\/difusion-en-sesion-informativa-on-line-del-programa-erasmus-2021-2027-en-el-que-participa-caudete\\\/#primaryimage\",\"url\":\"https:\\\/\\\/www.caudete.org\\\/ayuntamiento\\\/wp-content\\\/uploads\\\/2021\\\/10\\\/Sesion-Informativa-WEB.jpg\",\"contentUrl\":\"https:\\\/\\\/www.caudete.org\\\/ayuntamiento\\\/wp-content\\\/uploads\\\/2021\\\/10\\\/Sesion-Informativa-WEB.jpg\",\"width\":864,\"height\":380},{\"@type\":\"BreadcrumbList\",\"@id\":\"https:\\\/\\\/www.caudete.org\\\/ayuntamiento\\\/difusion-en-sesion-informativa-on-line-del-programa-erasmus-2021-2027-en-el-que-participa-caudete\\\/#breadcrumb\",\"itemListElement\":[{\"@type\":\"ListItem\",\"position\":1,\"name\":\"Inicio\",\"item\":\"https:\\\/\\\/www.caudete.org\\\/ayuntamiento\\\/\"},{\"@type\":\"ListItem\",\"position\":2,\"name\":\"Difusi\u00f3n en sesi\u00f3n informativa on line del Programa &#8220;ERASMUS+ 2021-2027&#8221; en el que participa Caudete.\"}]},{\"@type\":\"WebSite\",\"@id\":\"https:\\\/\\\/www.caudete.org\\\/ayuntamiento\\\/#website\",\"url\":\"https:\\\/\\\/www.caudete.org\\\/ayuntamiento\\\/\",\"name\":\"MI Ayuntamiento de Caudete\",\"description\":\"P\u00e1gina Oficial del MI Ayuntamiento de Caudete\",\"publisher\":{\"@id\":\"https:\\\/\\\/www.caudete.org\\\/ayuntamiento\\\/#organization\"},\"potentialAction\":[{\"@type\":\"SearchAction\",\"target\":{\"@type\":\"EntryPoint\",\"urlTemplate\":\"https:\\\/\\\/www.caudete.org\\\/ayuntamiento\\\/?s={search_term_string}\"},\"query-input\":{\"@type\":\"PropertyValueSpecification\",\"valueRequired\":true,\"valueName\":\"search_term_string\"}}],\"inLanguage\":\"es\"},{\"@type\":\"Organization\",\"@id\":\"https:\\\/\\\/www.caudete.org\\\/ayuntamiento\\\/#organization\",\"name\":\"Ayuntamiento de Caudete\",\"url\":\"https:\\\/\\\/www.caudete.org\\\/ayuntamiento\\\/\",\"logo\":{\"@type\":\"ImageObject\",\"inLanguage\":\"es\",\"@id\":\"https:\\\/\\\/www.caudete.org\\\/ayuntamiento\\\/#\\\/schema\\\/logo\\\/image\\\/\",\"url\":\"https:\\\/\\\/www.caudete.org\\\/ayuntamiento\\\/wp-content\\\/uploads\\\/2020\\\/11\\\/logo_ayuntamiento_caudete.jpg\",\"contentUrl\":\"https:\\\/\\\/www.caudete.org\\\/ayuntamiento\\\/wp-content\\\/uploads\\\/2020\\\/11\\\/logo_ayuntamiento_caudete.jpg\",\"width\":600,\"height\":150,\"caption\":\"Ayuntamiento de Caudete\"},\"image\":{\"@id\":\"https:\\\/\\\/www.caudete.org\\\/ayuntamiento\\\/#\\\/schema\\\/logo\\\/image\\\/\"},\"sameAs\":[\"https:\\\/\\\/www.facebook.com\\\/ayuntamientocaudete\\\/\",\"https:\\\/\\\/www.youtube.com\\\/channel\\\/UC6VztHaooNsGpw-tNoBEFnQ\"]},{\"@type\":\"Person\",\"@id\":\"https:\\\/\\\/www.caudete.org\\\/ayuntamiento\\\/#\\\/schema\\\/person\\\/7656a5bb58fca95b9814e940de0fda63\",\"name\":\"Juan\",\"image\":{\"@type\":\"ImageObject\",\"inLanguage\":\"es\",\"@id\":\"https:\\\/\\\/secure.gravatar.com\\\/avatar\\\/dd53e51c0cd6ab23f52d4f3e4f1c59730240727763de3dbbf26750b079a2c292?s=96&d=mm&r=g\",\"url\":\"https:\\\/\\\/secure.gravatar.com\\\/avatar\\\/dd53e51c0cd6ab23f52d4f3e4f1c59730240727763de3dbbf26750b079a2c292?s=96&d=mm&r=g\",\"contentUrl\":\"https:\\\/\\\/secure.gravatar.com\\\/avatar\\\/dd53e51c0cd6ab23f52d4f3e4f1c59730240727763de3dbbf26750b079a2c292?s=96&d=mm&r=g\",\"caption\":\"Juan\"},\"url\":\"https:\\\/\\\/www.caudete.org\\\/ayuntamiento\\\/author\\\/centrodeinternet\\\/\"}]}<\/script>\n<!-- \/ Yoast SEO plugin. -->","yoast_head_json":{"title":"Difusi\u00f3n en sesi\u00f3n informativa on line del Programa \"ERASMUS+ 2021-2027\" en el que participa Caudete. - MI Ayuntamiento de Caudete","description":"P\u00e1gina Oficial del Ayuntamiento de Caudete (Albacete)","robots":{"index":"index","follow":"follow","max-snippet":"max-snippet:-1","max-image-preview":"max-image-preview:large","max-video-preview":"max-video-preview:-1"},"canonical":"https:\/\/www.caudete.org\/ayuntamiento\/difusion-en-sesion-informativa-on-line-del-programa-erasmus-2021-2027-en-el-que-participa-caudete\/","og_locale":"es_ES","og_type":"article","og_title":"Difusi\u00f3n en sesi\u00f3n informativa on line del Programa \"ERASMUS+ 2021-2027\" en el que participa Caudete. - MI Ayuntamiento de Caudete","og_description":"P\u00e1gina Oficial del Ayuntamiento de Caudete (Albacete)","og_url":"https:\/\/www.caudete.org\/ayuntamiento\/difusion-en-sesion-informativa-on-line-del-programa-erasmus-2021-2027-en-el-que-participa-caudete\/","og_site_name":"MI Ayuntamiento de Caudete","article_publisher":"https:\/\/www.facebook.com\/ayuntamientocaudete\/","article_published_time":"2021-10-06T07:29:25+00:00","og_image":[{"width":864,"height":380,"url":"https:\/\/www.caudete.org\/ayuntamiento\/wp-content\/uploads\/2021\/10\/Sesion-Informativa-WEB.jpg","type":"image\/jpeg"}],"author":"Juan","twitter_card":"summary_large_image","twitter_misc":{"Escrito por":"Juan","Tiempo de lectura":"1 minuto"},"schema":{"@context":"https:\/\/schema.org","@graph":[{"@type":"Article","@id":"https:\/\/www.caudete.org\/ayuntamiento\/difusion-en-sesion-informativa-on-line-del-programa-erasmus-2021-2027-en-el-que-participa-caudete\/#article","isPartOf":{"@id":"https:\/\/www.caudete.org\/ayuntamiento\/difusion-en-sesion-informativa-on-line-del-programa-erasmus-2021-2027-en-el-que-participa-caudete\/"},"author":{"name":"Juan","@id":"https:\/\/www.caudete.org\/ayuntamiento\/#\/schema\/person\/7656a5bb58fca95b9814e940de0fda63"},"headline":"Difusi\u00f3n en sesi\u00f3n informativa on line del Programa &#8220;ERASMUS+ 2021-2027&#8221; en el que participa Caudete.","datePublished":"2021-10-06T07:29:25+00:00","mainEntityOfPage":{"@id":"https:\/\/www.caudete.org\/ayuntamiento\/difusion-en-sesion-informativa-on-line-del-programa-erasmus-2021-2027-en-el-que-participa-caudete\/"},"wordCount":176,"publisher":{"@id":"https:\/\/www.caudete.org\/ayuntamiento\/#organization"},"image":{"@id":"https:\/\/www.caudete.org\/ayuntamiento\/difusion-en-sesion-informativa-on-line-del-programa-erasmus-2021-2027-en-el-que-participa-caudete\/#primaryimage"},"thumbnailUrl":"https:\/\/www.caudete.org\/ayuntamiento\/wp-content\/uploads\/2021\/10\/Sesion-Informativa-WEB.jpg","articleSection":["Empleo y Formaci\u00f3n"],"inLanguage":"es"},{"@type":"WebPage","@id":"https:\/\/www.caudete.org\/ayuntamiento\/difusion-en-sesion-informativa-on-line-del-programa-erasmus-2021-2027-en-el-que-participa-caudete\/","url":"https:\/\/www.caudete.org\/ayuntamiento\/difusion-en-sesion-informativa-on-line-del-programa-erasmus-2021-2027-en-el-que-participa-caudete\/","name":"Difusi\u00f3n en sesi\u00f3n informativa on line del Programa \"ERASMUS+ 2021-2027\" en el que participa Caudete. - MI Ayuntamiento de Caudete","isPartOf":{"@id":"https:\/\/www.caudete.org\/ayuntamiento\/#website"},"primaryImageOfPage":{"@id":"https:\/\/www.caudete.org\/ayuntamiento\/difusion-en-sesion-informativa-on-line-del-programa-erasmus-2021-2027-en-el-que-participa-caudete\/#primaryimage"},"image":{"@id":"https:\/\/www.caudete.org\/ayuntamiento\/difusion-en-sesion-informativa-on-line-del-programa-erasmus-2021-2027-en-el-que-participa-caudete\/#primaryimage"},"thumbnailUrl":"https:\/\/www.caudete.org\/ayuntamiento\/wp-content\/uploads\/2021\/10\/Sesion-Informativa-WEB.jpg","datePublished":"2021-10-06T07:29:25+00:00","description":"P\u00e1gina Oficial del Ayuntamiento de Caudete (Albacete)","breadcrumb":{"@id":"https:\/\/www.caudete.org\/ayuntamiento\/difusion-en-sesion-informativa-on-line-del-programa-erasmus-2021-2027-en-el-que-participa-caudete\/#breadcrumb"},"inLanguage":"es","potentialAction":[{"@type":"ReadAction","target":["https:\/\/www.caudete.org\/ayuntamiento\/difusion-en-sesion-informativa-on-line-del-programa-erasmus-2021-2027-en-el-que-participa-caudete\/"]}]},{"@type":"ImageObject","inLanguage":"es","@id":"https:\/\/www.caudete.org\/ayuntamiento\/difusion-en-sesion-informativa-on-line-del-programa-erasmus-2021-2027-en-el-que-participa-caudete\/#primaryimage","url":"https:\/\/www.caudete.org\/ayuntamiento\/wp-content\/uploads\/2021\/10\/Sesion-Informativa-WEB.jpg","contentUrl":"https:\/\/www.caudete.org\/ayuntamiento\/wp-content\/uploads\/2021\/10\/Sesion-Informativa-WEB.jpg","width":864,"height":380},{"@type":"BreadcrumbList","@id":"https:\/\/www.caudete.org\/ayuntamiento\/difusion-en-sesion-informativa-on-line-del-programa-erasmus-2021-2027-en-el-que-participa-caudete\/#breadcrumb","itemListElement":[{"@type":"ListItem","position":1,"name":"Inicio","item":"https:\/\/www.caudete.org\/ayuntamiento\/"},{"@type":"ListItem","position":2,"name":"Difusi\u00f3n en sesi\u00f3n informativa on line del Programa &#8220;ERASMUS+ 2021-2027&#8221; en el que participa Caudete."}]},{"@type":"WebSite","@id":"https:\/\/www.caudete.org\/ayuntamiento\/#website","url":"https:\/\/www.caudete.org\/ayuntamiento\/","name":"MI Ayuntamiento de Caudete","description":"P\u00e1gina Oficial del MI Ayuntamiento de Caudete","publisher":{"@id":"https:\/\/www.caudete.org\/ayuntamiento\/#organization"},"potentialAction":[{"@type":"SearchAction","target":{"@type":"EntryPoint","urlTemplate":"https:\/\/www.caudete.org\/ayuntamiento\/?s={search_term_string}"},"query-input":{"@type":"PropertyValueSpecification","valueRequired":true,"valueName":"search_term_string"}}],"inLanguage":"es"},{"@type":"Organization","@id":"https:\/\/www.caudete.org\/ayuntamiento\/#organization","name":"Ayuntamiento de Caudete","url":"https:\/\/www.caudete.org\/ayuntamiento\/","logo":{"@type":"ImageObject","inLanguage":"es","@id":"https:\/\/www.caudete.org\/ayuntamiento\/#\/schema\/logo\/image\/","url":"https:\/\/www.caudete.org\/ayuntamiento\/wp-content\/uploads\/2020\/11\/logo_ayuntamiento_caudete.jpg","contentUrl":"https:\/\/www.caudete.org\/ayuntamiento\/wp-content\/uploads\/2020\/11\/logo_ayuntamiento_caudete.jpg","width":600,"height":150,"caption":"Ayuntamiento de Caudete"},"image":{"@id":"https:\/\/www.caudete.org\/ayuntamiento\/#\/schema\/logo\/image\/"},"sameAs":["https:\/\/www.facebook.com\/ayuntamientocaudete\/","https:\/\/www.youtube.com\/channel\/UC6VztHaooNsGpw-tNoBEFnQ"]},{"@type":"Person","@id":"https:\/\/www.caudete.org\/ayuntamiento\/#\/schema\/person\/7656a5bb58fca95b9814e940de0fda63","name":"Juan","image":{"@type":"ImageObject","inLanguage":"es","@id":"https:\/\/secure.gravatar.com\/avatar\/dd53e51c0cd6ab23f52d4f3e4f1c59730240727763de3dbbf26750b079a2c292?s=96&d=mm&r=g","url":"https:\/\/secure.gravatar.com\/avatar\/dd53e51c0cd6ab23f52d4f3e4f1c59730240727763de3dbbf26750b079a2c292?s=96&d=mm&r=g","contentUrl":"https:\/\/secure.gravatar.com\/avatar\/dd53e51c0cd6ab23f52d4f3e4f1c59730240727763de3dbbf26750b079a2c292?s=96&d=mm&r=g","caption":"Juan"},"url":"https:\/\/www.caudete.org\/ayuntamiento\/author\/centrodeinternet\/"}]}},"_links":{"self":[{"href":"https:\/\/www.caudete.org\/ayuntamiento\/wp-json\/wp\/v2\/posts\/16436","targetHints":{"allow":["GET"]}}],"collection":[{"href":"https:\/\/www.caudete.org\/ayuntamiento\/wp-json\/wp\/v2\/posts"}],"about":[{"href":"https:\/\/www.caudete.org\/ayuntamiento\/wp-json\/wp\/v2\/types\/post"}],"author":[{"embeddable":true,"href":"https:\/\/www.caudete.org\/ayuntamiento\/wp-json\/wp\/v2\/users\/2"}],"replies":[{"embeddable":true,"href":"https:\/\/www.caudete.org\/ayuntamiento\/wp-json\/wp\/v2\/comments?post=16436"}],"version-history":[{"count":5,"href":"https:\/\/www.caudete.org\/ayuntamiento\/wp-json\/wp\/v2\/posts\/16436\/revisions"}],"predecessor-version":[{"id":16443,"href":"https:\/\/www.caudete.org\/ayuntamiento\/wp-json\/wp\/v2\/posts\/16436\/revisions\/16443"}],"wp:featuredmedia":[{"embeddable":true,"href":"https:\/\/www.caudete.org\/ayuntamiento\/wp-json\/wp\/v2\/media\/16441"}],"wp:attachment":[{"href":"https:\/\/www.caudete.org\/ayuntamiento\/wp-json\/wp\/v2\/media?parent=16436"}],"wp:term":[{"taxonomy":"category","embeddable":true,"href":"https:\/\/www.caudete.org\/ayuntamiento\/wp-json\/wp\/v2\/categories?post=16436"},{"taxonomy":"post_tag","embeddable":true,"href":"https:\/\/www.caudete.org\/ayuntamiento\/wp-json\/wp\/v2\/tags?post=16436"}],"curies":[{"name":"wp","href":"https:\/\/api.w.org\/{rel}","templated":true}]}}