{"id":16447,"date":"2021-10-06T11:52:47","date_gmt":"2021-10-06T09:52:47","guid":{"rendered":"https:\/\/www.caudete.org\/ayuntamiento\/?p=16447"},"modified":"2021-10-06T11:52:47","modified_gmt":"2021-10-06T09:52:47","slug":"abierto-el-periodo-de-quema-de-rastrojos-y-restos-vegetales-de-poda-hasta-el-31-mayo","status":"publish","type":"post","link":"https:\/\/www.caudete.org\/ayuntamiento\/abierto-el-periodo-de-quema-de-rastrojos-y-restos-vegetales-de-poda-hasta-el-31-mayo\/","title":{"rendered":"Abierto el periodo de QUEMA de Rastrojos y Restos Vegetales de Poda, hasta el 31 Mayo"},"content":{"rendered":"<p style=\"text-align: justify;\"><span style=\"font-weight: 400;\">Desde las Concejal\u00edas de Medio Ambiente y Medio Rural, que dirige Joaqu\u00edn Pag\u00e1n, se informa del inicio de la campa\u00f1a de quema de rastrojos y materia vegetal, desde el pasado d\u00eda 1 de Octubre y hasta el pr\u00f3ximo d\u00eda 31 de Mayo.<\/span><\/p>\n<p style=\"text-align: justify;\">Antes de dar cuenta de los requisitos imprescindibles para llevar a cabo las Quemas, el Concejal ha pedido la m\u00e1xima prudencia y respeto ante la necesidad de proceder a la eliminaci\u00f3n de los restos de podas y rastrojos.<\/p>\n<p style=\"text-align: justify;\"><span style=\"font-weight: 400;\">Seg\u00fan la normativa vigente en condicionalidad y en prevenci\u00f3n de incendios forestales en Castilla-La Mancha (Orden de 16\/05\/2006), se establecen, entre otras, las siguientes medidas a adoptar por toda persona que requiera de realizar las labores de Quema:<\/span><\/p>\n<p style=\"text-align: justify;\"><span style=\"font-weight: 400;\">-Los restos de poda a quemar ser\u00e1n apilados en montones separados, situados en lugares donde no exista riesgo de propagaci\u00f3n del fuego.<\/span><\/p>\n<p style=\"text-align: justify;\"><span style=\"font-weight: 400;\">&#8211; Ha de realizarse siempre en ausencia de viento. <\/span><\/p>\n<p style=\"text-align: justify;\"><span style=\"font-weight: 400;\">&#8211; Ha de finalizar antes de las 16.00 horas.<\/span><\/p>\n<p style=\"text-align: justify;\"><span style=\"font-weight: 400;\">&#8211; A menos de 400 metros de terrenos forestales, deber\u00e1 solicitar autorizaci\u00f3n con 7 d\u00edas de antelaci\u00f3n a la fecha prevista de Quema, ante la Delegaci\u00f3n Provincial de la Consejer\u00eda de Desarrollo Sostenible.<\/span><\/p>\n<p style=\"text-align: justify;\"><span style=\"font-weight: 400;\">En dicho caso, la solicitud podr\u00e1 presentarse a trav\u00e9s del SAC del Ayuntamiento de Caudete y de forma telem\u00e1tica mediante firma electr\u00f3nica a trav\u00e9s de la sede electr\u00f3nica de la Junta de Comunidades de Castilla-La Mancha, pudiendo encontrar el modelo de solicitud en cualquiera de los enlaces siguientes:<\/span><\/p>\n<p style=\"text-align: justify;\"><a href=\"https:\/\/www.jccm.es\/tramitesygestiones\/solicitud-de-autorizacion-de-quema-de-restos-vegetales-en-monte-o-terreno\" target=\"_blank\" rel=\"nofollow\"><span style=\"font-weight: 400;\">https:\/\/www.jccm.es\/tramitesygestiones\/solicitud-de-autorizacion-de-quema-de-restos-vegetales-en-monte-o-terreno<\/span><\/a><\/p>\n<p style=\"text-align: justify;\"><a href=\"https:\/\/www.jccm.es\/tramitesygestiones\/comunicacion-previa-de-quema-de-restos-vegetales-en-terrenos-agricolas\" target=\"_blank\" rel=\"nofollow\"><span style=\"font-weight: 400;\">https:\/\/www.jccm.es\/tramitesygestiones\/comunicacion-previa-de-quema-de-restos-vegetales-en-terrenos-agricolas<\/span><\/a><\/p>\n","protected":false},"excerpt":{"rendered":"<p>Desde las Concejal\u00edas de Medio Ambiente y Medio Rural, que dirige Joaqu\u00edn Pag\u00e1n, se informa del inicio de la campa\u00f1a de quema de rastrojos y materia vegetal, desde el pasado d\u00eda 1 de Octubre y hasta el pr\u00f3ximo d\u00eda 31 de Mayo. Antes de dar cuenta de los requisitos imprescindibles para llevar a cabo las &hellip;<\/p>\n","protected":false},"author":3,"featured_media":16448,"comment_status":"closed","ping_status":"open","sticky":false,"template":"","format":"standard","meta":{"ngg_post_thumbnail":0,"footnotes":""},"categories":[50],"tags":[],"class_list":["post-16447","post","type-post","status-publish","format-standard","has-post-thumbnail","hentry","category-medio-rural"],"yoast_head":"<!-- This site is optimized with the Yoast SEO plugin v27.5 - https:\/\/yoast.com\/product\/yoast-seo-wordpress\/ -->\n<title>Abierto el periodo de QUEMA de Rastrojos y Restos Vegetales de Poda, hasta el 31 Mayo - MI Ayuntamiento de Caudete<\/title>\n<meta name=\"description\" content=\"P\u00e1gina Oficial del Ayuntamiento de Caudete (Albacete)\" \/>\n<meta name=\"robots\" content=\"index, follow, max-snippet:-1, max-image-preview:large, max-video-preview:-1\" \/>\n<link rel=\"canonical\" href=\"https:\/\/www.caudete.org\/ayuntamiento\/abierto-el-periodo-de-quema-de-rastrojos-y-restos-vegetales-de-poda-hasta-el-31-mayo\/\" \/>\n<meta property=\"og:locale\" content=\"es_ES\" \/>\n<meta property=\"og:type\" content=\"article\" \/>\n<meta property=\"og:title\" content=\"Abierto el periodo de QUEMA de Rastrojos y Restos Vegetales de Poda, hasta el 31 Mayo - MI Ayuntamiento de Caudete\" \/>\n<meta property=\"og:description\" content=\"P\u00e1gina Oficial del Ayuntamiento de Caudete (Albacete)\" \/>\n<meta property=\"og:url\" content=\"https:\/\/www.caudete.org\/ayuntamiento\/abierto-el-periodo-de-quema-de-rastrojos-y-restos-vegetales-de-poda-hasta-el-31-mayo\/\" \/>\n<meta property=\"og:site_name\" content=\"MI Ayuntamiento de Caudete\" \/>\n<meta property=\"article:publisher\" content=\"https:\/\/www.facebook.com\/ayuntamientocaudete\/\" \/>\n<meta property=\"article:published_time\" content=\"2021-10-06T09:52:47+00:00\" \/>\n<meta property=\"og:image\" content=\"https:\/\/www.caudete.org\/ayuntamiento\/wp-content\/uploads\/2021\/10\/QUEMAR-EN-ZONA-FORESTAL-ASAJA-CORDOBA.jpg\" \/>\n\t<meta property=\"og:image:width\" content=\"1086\" \/>\n\t<meta property=\"og:image:height\" content=\"700\" \/>\n\t<meta property=\"og:image:type\" content=\"image\/jpeg\" \/>\n<meta name=\"author\" content=\"alcalde\" \/>\n<meta name=\"twitter:card\" content=\"summary_large_image\" \/>\n<meta name=\"twitter:label1\" content=\"Escrito por\" \/>\n\t<meta name=\"twitter:data1\" content=\"alcalde\" \/>\n\t<meta name=\"twitter:label2\" content=\"Tiempo de lectura\" \/>\n\t<meta name=\"twitter:data2\" content=\"2 minutos\" \/>\n<script type=\"application\/ld+json\" class=\"yoast-schema-graph\">{\"@context\":\"https:\\\/\\\/schema.org\",\"@graph\":[{\"@type\":\"Article\",\"@id\":\"https:\\\/\\\/www.caudete.org\\\/ayuntamiento\\\/abierto-el-periodo-de-quema-de-rastrojos-y-restos-vegetales-de-poda-hasta-el-31-mayo\\\/#article\",\"isPartOf\":{\"@id\":\"https:\\\/\\\/www.caudete.org\\\/ayuntamiento\\\/abierto-el-periodo-de-quema-de-rastrojos-y-restos-vegetales-de-poda-hasta-el-31-mayo\\\/\"},\"author\":{\"name\":\"alcalde\",\"@id\":\"https:\\\/\\\/www.caudete.org\\\/ayuntamiento\\\/#\\\/schema\\\/person\\\/cc646da9133078ee4d8dd47457947253\"},\"headline\":\"Abierto el periodo de QUEMA de Rastrojos y Restos Vegetales de Poda, hasta el 31 Mayo\",\"datePublished\":\"2021-10-06T09:52:47+00:00\",\"mainEntityOfPage\":{\"@id\":\"https:\\\/\\\/www.caudete.org\\\/ayuntamiento\\\/abierto-el-periodo-de-quema-de-rastrojos-y-restos-vegetales-de-poda-hasta-el-31-mayo\\\/\"},\"wordCount\":283,\"image\":{\"@id\":\"https:\\\/\\\/www.caudete.org\\\/ayuntamiento\\\/abierto-el-periodo-de-quema-de-rastrojos-y-restos-vegetales-de-poda-hasta-el-31-mayo\\\/#primaryimage\"},\"thumbnailUrl\":\"https:\\\/\\\/www.caudete.org\\\/ayuntamiento\\\/wp-content\\\/uploads\\\/2021\\\/10\\\/QUEMAR-EN-ZONA-FORESTAL-ASAJA-CORDOBA.jpg\",\"articleSection\":[\"Medio Rural\"],\"inLanguage\":\"es\"},{\"@type\":\"WebPage\",\"@id\":\"https:\\\/\\\/www.caudete.org\\\/ayuntamiento\\\/abierto-el-periodo-de-quema-de-rastrojos-y-restos-vegetales-de-poda-hasta-el-31-mayo\\\/\",\"url\":\"https:\\\/\\\/www.caudete.org\\\/ayuntamiento\\\/abierto-el-periodo-de-quema-de-rastrojos-y-restos-vegetales-de-poda-hasta-el-31-mayo\\\/\",\"name\":\"Abierto el periodo de QUEMA de Rastrojos y Restos Vegetales de Poda, hasta el 31 Mayo - MI Ayuntamiento de Caudete\",\"isPartOf\":{\"@id\":\"https:\\\/\\\/www.caudete.org\\\/ayuntamiento\\\/#website\"},\"primaryImageOfPage\":{\"@id\":\"https:\\\/\\\/www.caudete.org\\\/ayuntamiento\\\/abierto-el-periodo-de-quema-de-rastrojos-y-restos-vegetales-de-poda-hasta-el-31-mayo\\\/#primaryimage\"},\"image\":{\"@id\":\"https:\\\/\\\/www.caudete.org\\\/ayuntamiento\\\/abierto-el-periodo-de-quema-de-rastrojos-y-restos-vegetales-de-poda-hasta-el-31-mayo\\\/#primaryimage\"},\"thumbnailUrl\":\"https:\\\/\\\/www.caudete.org\\\/ayuntamiento\\\/wp-content\\\/uploads\\\/2021\\\/10\\\/QUEMAR-EN-ZONA-FORESTAL-ASAJA-CORDOBA.jpg\",\"datePublished\":\"2021-10-06T09:52:47+00:00\",\"author\":{\"@id\":\"https:\\\/\\\/www.caudete.org\\\/ayuntamiento\\\/#\\\/schema\\\/person\\\/cc646da9133078ee4d8dd47457947253\"},\"description\":\"P\u00e1gina Oficial del Ayuntamiento de Caudete (Albacete)\",\"breadcrumb\":{\"@id\":\"https:\\\/\\\/www.caudete.org\\\/ayuntamiento\\\/abierto-el-periodo-de-quema-de-rastrojos-y-restos-vegetales-de-poda-hasta-el-31-mayo\\\/#breadcrumb\"},\"inLanguage\":\"es\",\"potentialAction\":[{\"@type\":\"ReadAction\",\"target\":[\"https:\\\/\\\/www.caudete.org\\\/ayuntamiento\\\/abierto-el-periodo-de-quema-de-rastrojos-y-restos-vegetales-de-poda-hasta-el-31-mayo\\\/\"]}]},{\"@type\":\"ImageObject\",\"inLanguage\":\"es\",\"@id\":\"https:\\\/\\\/www.caudete.org\\\/ayuntamiento\\\/abierto-el-periodo-de-quema-de-rastrojos-y-restos-vegetales-de-poda-hasta-el-31-mayo\\\/#primaryimage\",\"url\":\"https:\\\/\\\/www.caudete.org\\\/ayuntamiento\\\/wp-content\\\/uploads\\\/2021\\\/10\\\/QUEMAR-EN-ZONA-FORESTAL-ASAJA-CORDOBA.jpg\",\"contentUrl\":\"https:\\\/\\\/www.caudete.org\\\/ayuntamiento\\\/wp-content\\\/uploads\\\/2021\\\/10\\\/QUEMAR-EN-ZONA-FORESTAL-ASAJA-CORDOBA.jpg\",\"width\":1086,\"height\":700},{\"@type\":\"BreadcrumbList\",\"@id\":\"https:\\\/\\\/www.caudete.org\\\/ayuntamiento\\\/abierto-el-periodo-de-quema-de-rastrojos-y-restos-vegetales-de-poda-hasta-el-31-mayo\\\/#breadcrumb\",\"itemListElement\":[{\"@type\":\"ListItem\",\"position\":1,\"name\":\"Inicio\",\"item\":\"https:\\\/\\\/www.caudete.org\\\/ayuntamiento\\\/\"},{\"@type\":\"ListItem\",\"position\":2,\"name\":\"Abierto el periodo de QUEMA de Rastrojos y Restos Vegetales de Poda, hasta el 31 Mayo\"}]},{\"@type\":\"WebSite\",\"@id\":\"https:\\\/\\\/www.caudete.org\\\/ayuntamiento\\\/#website\",\"url\":\"https:\\\/\\\/www.caudete.org\\\/ayuntamiento\\\/\",\"name\":\"MI Ayuntamiento de Caudete\",\"description\":\"P\u00e1gina Oficial del MI Ayuntamiento de Caudete\",\"potentialAction\":[{\"@type\":\"SearchAction\",\"target\":{\"@type\":\"EntryPoint\",\"urlTemplate\":\"https:\\\/\\\/www.caudete.org\\\/ayuntamiento\\\/?s={search_term_string}\"},\"query-input\":{\"@type\":\"PropertyValueSpecification\",\"valueRequired\":true,\"valueName\":\"search_term_string\"}}],\"inLanguage\":\"es\"},{\"@type\":\"Person\",\"@id\":\"https:\\\/\\\/www.caudete.org\\\/ayuntamiento\\\/#\\\/schema\\\/person\\\/cc646da9133078ee4d8dd47457947253\",\"name\":\"alcalde\",\"image\":{\"@type\":\"ImageObject\",\"inLanguage\":\"es\",\"@id\":\"https:\\\/\\\/secure.gravatar.com\\\/avatar\\\/84a817ba065b29ff08d666b215a215f5c79186a645ccb25b14a663d48a130f77?s=96&d=mm&r=g\",\"url\":\"https:\\\/\\\/secure.gravatar.com\\\/avatar\\\/84a817ba065b29ff08d666b215a215f5c79186a645ccb25b14a663d48a130f77?s=96&d=mm&r=g\",\"contentUrl\":\"https:\\\/\\\/secure.gravatar.com\\\/avatar\\\/84a817ba065b29ff08d666b215a215f5c79186a645ccb25b14a663d48a130f77?s=96&d=mm&r=g\",\"caption\":\"alcalde\"},\"url\":\"https:\\\/\\\/www.caudete.org\\\/ayuntamiento\\\/author\\\/alcalde\\\/\"}]}<\/script>\n<!-- \/ Yoast SEO plugin. -->","yoast_head_json":{"title":"Abierto el periodo de QUEMA de Rastrojos y Restos Vegetales de Poda, hasta el 31 Mayo - MI Ayuntamiento de Caudete","description":"P\u00e1gina Oficial del Ayuntamiento de Caudete (Albacete)","robots":{"index":"index","follow":"follow","max-snippet":"max-snippet:-1","max-image-preview":"max-image-preview:large","max-video-preview":"max-video-preview:-1"},"canonical":"https:\/\/www.caudete.org\/ayuntamiento\/abierto-el-periodo-de-quema-de-rastrojos-y-restos-vegetales-de-poda-hasta-el-31-mayo\/","og_locale":"es_ES","og_type":"article","og_title":"Abierto el periodo de QUEMA de Rastrojos y Restos Vegetales de Poda, hasta el 31 Mayo - MI Ayuntamiento de Caudete","og_description":"P\u00e1gina Oficial del Ayuntamiento de Caudete (Albacete)","og_url":"https:\/\/www.caudete.org\/ayuntamiento\/abierto-el-periodo-de-quema-de-rastrojos-y-restos-vegetales-de-poda-hasta-el-31-mayo\/","og_site_name":"MI Ayuntamiento de Caudete","article_publisher":"https:\/\/www.facebook.com\/ayuntamientocaudete\/","article_published_time":"2021-10-06T09:52:47+00:00","og_image":[{"width":1086,"height":700,"url":"https:\/\/www.caudete.org\/ayuntamiento\/wp-content\/uploads\/2021\/10\/QUEMAR-EN-ZONA-FORESTAL-ASAJA-CORDOBA.jpg","type":"image\/jpeg"}],"author":"alcalde","twitter_card":"summary_large_image","twitter_misc":{"Escrito por":"alcalde","Tiempo de lectura":"2 minutos"},"schema":{"@context":"https:\/\/schema.org","@graph":[{"@type":"Article","@id":"https:\/\/www.caudete.org\/ayuntamiento\/abierto-el-periodo-de-quema-de-rastrojos-y-restos-vegetales-de-poda-hasta-el-31-mayo\/#article","isPartOf":{"@id":"https:\/\/www.caudete.org\/ayuntamiento\/abierto-el-periodo-de-quema-de-rastrojos-y-restos-vegetales-de-poda-hasta-el-31-mayo\/"},"author":{"name":"alcalde","@id":"https:\/\/www.caudete.org\/ayuntamiento\/#\/schema\/person\/cc646da9133078ee4d8dd47457947253"},"headline":"Abierto el periodo de QUEMA de Rastrojos y Restos Vegetales de Poda, hasta el 31 Mayo","datePublished":"2021-10-06T09:52:47+00:00","mainEntityOfPage":{"@id":"https:\/\/www.caudete.org\/ayuntamiento\/abierto-el-periodo-de-quema-de-rastrojos-y-restos-vegetales-de-poda-hasta-el-31-mayo\/"},"wordCount":283,"image":{"@id":"https:\/\/www.caudete.org\/ayuntamiento\/abierto-el-periodo-de-quema-de-rastrojos-y-restos-vegetales-de-poda-hasta-el-31-mayo\/#primaryimage"},"thumbnailUrl":"https:\/\/www.caudete.org\/ayuntamiento\/wp-content\/uploads\/2021\/10\/QUEMAR-EN-ZONA-FORESTAL-ASAJA-CORDOBA.jpg","articleSection":["Medio Rural"],"inLanguage":"es"},{"@type":"WebPage","@id":"https:\/\/www.caudete.org\/ayuntamiento\/abierto-el-periodo-de-quema-de-rastrojos-y-restos-vegetales-de-poda-hasta-el-31-mayo\/","url":"https:\/\/www.caudete.org\/ayuntamiento\/abierto-el-periodo-de-quema-de-rastrojos-y-restos-vegetales-de-poda-hasta-el-31-mayo\/","name":"Abierto el periodo de QUEMA de Rastrojos y Restos Vegetales de Poda, hasta el 31 Mayo - MI Ayuntamiento de Caudete","isPartOf":{"@id":"https:\/\/www.caudete.org\/ayuntamiento\/#website"},"primaryImageOfPage":{"@id":"https:\/\/www.caudete.org\/ayuntamiento\/abierto-el-periodo-de-quema-de-rastrojos-y-restos-vegetales-de-poda-hasta-el-31-mayo\/#primaryimage"},"image":{"@id":"https:\/\/www.caudete.org\/ayuntamiento\/abierto-el-periodo-de-quema-de-rastrojos-y-restos-vegetales-de-poda-hasta-el-31-mayo\/#primaryimage"},"thumbnailUrl":"https:\/\/www.caudete.org\/ayuntamiento\/wp-content\/uploads\/2021\/10\/QUEMAR-EN-ZONA-FORESTAL-ASAJA-CORDOBA.jpg","datePublished":"2021-10-06T09:52:47+00:00","author":{"@id":"https:\/\/www.caudete.org\/ayuntamiento\/#\/schema\/person\/cc646da9133078ee4d8dd47457947253"},"description":"P\u00e1gina Oficial del Ayuntamiento de Caudete (Albacete)","breadcrumb":{"@id":"https:\/\/www.caudete.org\/ayuntamiento\/abierto-el-periodo-de-quema-de-rastrojos-y-restos-vegetales-de-poda-hasta-el-31-mayo\/#breadcrumb"},"inLanguage":"es","potentialAction":[{"@type":"ReadAction","target":["https:\/\/www.caudete.org\/ayuntamiento\/abierto-el-periodo-de-quema-de-rastrojos-y-restos-vegetales-de-poda-hasta-el-31-mayo\/"]}]},{"@type":"ImageObject","inLanguage":"es","@id":"https:\/\/www.caudete.org\/ayuntamiento\/abierto-el-periodo-de-quema-de-rastrojos-y-restos-vegetales-de-poda-hasta-el-31-mayo\/#primaryimage","url":"https:\/\/www.caudete.org\/ayuntamiento\/wp-content\/uploads\/2021\/10\/QUEMAR-EN-ZONA-FORESTAL-ASAJA-CORDOBA.jpg","contentUrl":"https:\/\/www.caudete.org\/ayuntamiento\/wp-content\/uploads\/2021\/10\/QUEMAR-EN-ZONA-FORESTAL-ASAJA-CORDOBA.jpg","width":1086,"height":700},{"@type":"BreadcrumbList","@id":"https:\/\/www.caudete.org\/ayuntamiento\/abierto-el-periodo-de-quema-de-rastrojos-y-restos-vegetales-de-poda-hasta-el-31-mayo\/#breadcrumb","itemListElement":[{"@type":"ListItem","position":1,"name":"Inicio","item":"https:\/\/www.caudete.org\/ayuntamiento\/"},{"@type":"ListItem","position":2,"name":"Abierto el periodo de QUEMA de Rastrojos y Restos Vegetales de Poda, hasta el 31 Mayo"}]},{"@type":"WebSite","@id":"https:\/\/www.caudete.org\/ayuntamiento\/#website","url":"https:\/\/www.caudete.org\/ayuntamiento\/","name":"MI Ayuntamiento de Caudete","description":"P\u00e1gina Oficial del MI Ayuntamiento de Caudete","potentialAction":[{"@type":"SearchAction","target":{"@type":"EntryPoint","urlTemplate":"https:\/\/www.caudete.org\/ayuntamiento\/?s={search_term_string}"},"query-input":{"@type":"PropertyValueSpecification","valueRequired":true,"valueName":"search_term_string"}}],"inLanguage":"es"},{"@type":"Person","@id":"https:\/\/www.caudete.org\/ayuntamiento\/#\/schema\/person\/cc646da9133078ee4d8dd47457947253","name":"alcalde","image":{"@type":"ImageObject","inLanguage":"es","@id":"https:\/\/secure.gravatar.com\/avatar\/84a817ba065b29ff08d666b215a215f5c79186a645ccb25b14a663d48a130f77?s=96&d=mm&r=g","url":"https:\/\/secure.gravatar.com\/avatar\/84a817ba065b29ff08d666b215a215f5c79186a645ccb25b14a663d48a130f77?s=96&d=mm&r=g","contentUrl":"https:\/\/secure.gravatar.com\/avatar\/84a817ba065b29ff08d666b215a215f5c79186a645ccb25b14a663d48a130f77?s=96&d=mm&r=g","caption":"alcalde"},"url":"https:\/\/www.caudete.org\/ayuntamiento\/author\/alcalde\/"}]}},"_links":{"self":[{"href":"https:\/\/www.caudete.org\/ayuntamiento\/wp-json\/wp\/v2\/posts\/16447","targetHints":{"allow":["GET"]}}],"collection":[{"href":"https:\/\/www.caudete.org\/ayuntamiento\/wp-json\/wp\/v2\/posts"}],"about":[{"href":"https:\/\/www.caudete.org\/ayuntamiento\/wp-json\/wp\/v2\/types\/post"}],"author":[{"embeddable":true,"href":"https:\/\/www.caudete.org\/ayuntamiento\/wp-json\/wp\/v2\/users\/3"}],"replies":[{"embeddable":true,"href":"https:\/\/www.caudete.org\/ayuntamiento\/wp-json\/wp\/v2\/comments?post=16447"}],"version-history":[{"count":1,"href":"https:\/\/www.caudete.org\/ayuntamiento\/wp-json\/wp\/v2\/posts\/16447\/revisions"}],"predecessor-version":[{"id":16449,"href":"https:\/\/www.caudete.org\/ayuntamiento\/wp-json\/wp\/v2\/posts\/16447\/revisions\/16449"}],"wp:featuredmedia":[{"embeddable":true,"href":"https:\/\/www.caudete.org\/ayuntamiento\/wp-json\/wp\/v2\/media\/16448"}],"wp:attachment":[{"href":"https:\/\/www.caudete.org\/ayuntamiento\/wp-json\/wp\/v2\/media?parent=16447"}],"wp:term":[{"taxonomy":"category","embeddable":true,"href":"https:\/\/www.caudete.org\/ayuntamiento\/wp-json\/wp\/v2\/categories?post=16447"},{"taxonomy":"post_tag","embeddable":true,"href":"https:\/\/www.caudete.org\/ayuntamiento\/wp-json\/wp\/v2\/tags?post=16447"}],"curies":[{"name":"wp","href":"https:\/\/api.w.org\/{rel}","templated":true}]}}