{"id":16457,"date":"2021-10-07T17:10:20","date_gmt":"2021-10-07T15:10:20","guid":{"rendered":"https:\/\/www.caudete.org\/ayuntamiento\/?p=16457"},"modified":"2021-10-07T17:46:42","modified_gmt":"2021-10-07T15:46:42","slug":"nueva-etiqueta-energetica","status":"publish","type":"post","link":"https:\/\/www.caudete.org\/ayuntamiento\/nueva-etiqueta-energetica\/","title":{"rendered":"NUEVA \u00a0ETIQUETA \u00a0ENERG\u00c9TICA"},"content":{"rendered":"<p>La Concejal\u00eda de Comercio del\u00a0 M.I. Ayuntamiento de Caudete, desde su oficina de Informaci\u00f3n al Consumidor les informa de las nuevas caracter\u00edsticas de la etiqueta energ\u00e9tica actualizada.<\/p>\n<p>La\u00a0<strong>simplificaci\u00f3n de la etiqueta energ\u00e9tica de los electrodom\u00e9sticos,\u00a0<\/strong>volviendo a la escala inicial\u00a0<strong>de la A a la G ya es una realidad<\/strong>. Desde el <strong>1 de marzo de 2021\u00a0ya es obligatorio<\/strong> que los electrodom\u00e9sticos incorporen la nueva escala energ\u00e9tica, aunque en los pasados meses muchos de los usuarios que hayan comprado una\u00a0nueva\u00a0<strong>lavadora, lava-secadora, frigor\u00edfico o pantallas (televisores o monitores) ya <\/strong>han podido ver en el embalaje la nueva etiqueta, conviviendo con la anterior.<\/p>\n<p><strong>Los principales elementos de la nueva etiqueta son:<\/strong><\/p>\n<ul>\n<li><strong>C\u00f3digo QR<\/strong>: la adici\u00f3n del c\u00f3digo QR permite a los consumidores obtener m\u00e1s informaci\u00f3n sobre el aparato simplemente escane\u00e1ndolo con su tel\u00e9fono inteligente;<\/li>\n<li><strong>Nueva escala energ\u00e9tica<\/strong>: de A a G, sin m\u00e1s clases &#8216;+&#8217;;<\/li>\n<li><strong>Consumo energ\u00e9tico<\/strong>: es espec\u00edfico para cada producto. Los frigor\u00edficos, por ejemplo, incluir\u00e1n su consumo anual; los lavavajillas, lavadoras y lavasecadora informan del consumo de 100 ciclos; el consumo de monitores y bombillas se refiere a sus horas de uso, concretamente 1.000 horas;<\/li>\n<li><strong>Pictogramas<\/strong>: indican el rendimiento y las caracter\u00edsticas del producto. Seg\u00fan el dispositivo, el n\u00famero y el tipo de pictogramas pueden variar.<\/li>\n<\/ul>\n<p>Por tanto, la <a href=\"https:\/\/www.micasarevista.com\/cocinas\/a26140268\/cocina-mas-eficiente-con-estlo\/\" target=\"_blank\" rel=\"nofollow\">eficiencia energ\u00e9tica<\/a><a href=\"https:\/\/www.micasarevista.com\/cocinas\/a26140268\/cocina-mas-eficiente-con-estlo\/\" target=\"_blank\" rel=\"nofollow\">\u00a0<\/a>de los productos no cambia, pero s\u00ed el reescalado y la letra a la que pertenec\u00edan. Han desaparecido las clases energ\u00e9ticas A+, A++ y A+++ por saturaci\u00f3n de estos modelos en el mercado. Con esta metodolog\u00eda, resulta probado que un electrodom\u00e9stico calificado con A+++ puede aparecer ahora con una etiqueta de clase B o inferior. Conviene saber que se podr\u00e1n vender productos con el etiquetado energ\u00e9tico anterior hasta el 20 de noviembre de 2021.<\/p>\n<p>Las <strong>fuentes de iluminaci\u00f3n l\u00e1mparas <\/strong>y bombillas tambi\u00e9n se regir\u00e1n por este etiquetado energ\u00e9tico, a partir del 1 de septiembre. En 2022, el etiquetado ser\u00e1 obligatorio en el aire acondicionado y las secadoras.<\/p>\n<p>Para que puedas conocer las equivalencias entre la actual clasificaci\u00f3n y la nueva, hemos preparado una imagen comparativa. De esta forma podr\u00e1s tener una idea muy visual de c\u00f3mo queda la clasificaci\u00f3n de tus actuales electrodom\u00e9sticos con respecto a la nueva norma.<\/p>\n<p>&nbsp;<\/p>\n<p><a href=\"https:\/\/www.caudete.org\/ayuntamiento\/pdf-etiqueta-energetica\/\"><strong>NOTA DE PRENSA DEL MINISTERIO PARA LA TRANSICI\u00d3N ECOL\u00d3GICA Y EL RETO DEMOGR\u00c1FICO<\/strong><\/a><\/p>\n<p>&nbsp;<\/p>\n<p>&nbsp;<\/p>\n","protected":false},"excerpt":{"rendered":"<p>La Concejal\u00eda de Comercio del\u00a0 M.I. Ayuntamiento de Caudete, desde su oficina de Informaci\u00f3n al Consumidor les informa de las nuevas caracter\u00edsticas de la etiqueta energ\u00e9tica actualizada. La\u00a0simplificaci\u00f3n de la etiqueta energ\u00e9tica de los electrodom\u00e9sticos,\u00a0volviendo a la escala inicial\u00a0de la A a la G ya es una realidad. Desde el 1 de marzo de 2021\u00a0ya &hellip;<\/p>\n","protected":false},"author":2,"featured_media":16462,"comment_status":"closed","ping_status":"open","sticky":false,"template":"","format":"standard","meta":{"ngg_post_thumbnail":0,"footnotes":""},"categories":[42],"tags":[710,711],"class_list":["post-16457","post","type-post","status-publish","format-standard","has-post-thumbnail","hentry","category-comercio","tag-etiqueta-energetica","tag-oficina-consumidor"],"yoast_head":"<!-- This site is optimized with the Yoast SEO plugin v27.5 - https:\/\/yoast.com\/product\/yoast-seo-wordpress\/ -->\n<title>NUEVA \u00a0ETIQUETA \u00a0ENERG\u00c9TICA - MI Ayuntamiento de Caudete<\/title>\n<meta name=\"description\" content=\"P\u00e1gina Oficial del Ayuntamiento de Caudete (Albacete)\" \/>\n<meta name=\"robots\" content=\"index, follow, max-snippet:-1, max-image-preview:large, max-video-preview:-1\" \/>\n<link rel=\"canonical\" href=\"https:\/\/www.caudete.org\/ayuntamiento\/nueva-etiqueta-energetica\/\" \/>\n<meta property=\"og:locale\" content=\"es_ES\" \/>\n<meta property=\"og:type\" content=\"article\" \/>\n<meta property=\"og:title\" content=\"NUEVA \u00a0ETIQUETA \u00a0ENERG\u00c9TICA - MI Ayuntamiento de Caudete\" \/>\n<meta property=\"og:description\" content=\"P\u00e1gina Oficial del Ayuntamiento de Caudete (Albacete)\" \/>\n<meta property=\"og:url\" content=\"https:\/\/www.caudete.org\/ayuntamiento\/nueva-etiqueta-energetica\/\" \/>\n<meta property=\"og:site_name\" content=\"MI Ayuntamiento de Caudete\" \/>\n<meta property=\"article:publisher\" content=\"https:\/\/www.facebook.com\/ayuntamientocaudete\/\" \/>\n<meta property=\"article:published_time\" content=\"2021-10-07T15:10:20+00:00\" \/>\n<meta property=\"article:modified_time\" content=\"2021-10-07T15:46:42+00:00\" \/>\n<meta property=\"og:image\" content=\"https:\/\/www.caudete.org\/ayuntamiento\/wp-content\/uploads\/2021\/10\/Etiqueta-energetica-WEB-1.jpg\" \/>\n\t<meta property=\"og:image:width\" content=\"864\" \/>\n\t<meta property=\"og:image:height\" content=\"380\" \/>\n\t<meta property=\"og:image:type\" content=\"image\/jpeg\" \/>\n<meta name=\"author\" content=\"Juan\" \/>\n<meta name=\"twitter:card\" content=\"summary_large_image\" \/>\n<meta name=\"twitter:label1\" content=\"Escrito por\" \/>\n\t<meta name=\"twitter:data1\" content=\"Juan\" \/>\n\t<meta name=\"twitter:label2\" content=\"Tiempo de lectura\" \/>\n\t<meta name=\"twitter:data2\" content=\"2 minutos\" \/>\n<script type=\"application\/ld+json\" class=\"yoast-schema-graph\">{\"@context\":\"https:\\\/\\\/schema.org\",\"@graph\":[{\"@type\":\"Article\",\"@id\":\"https:\\\/\\\/www.caudete.org\\\/ayuntamiento\\\/nueva-etiqueta-energetica\\\/#article\",\"isPartOf\":{\"@id\":\"https:\\\/\\\/www.caudete.org\\\/ayuntamiento\\\/nueva-etiqueta-energetica\\\/\"},\"author\":{\"name\":\"Juan\",\"@id\":\"https:\\\/\\\/www.caudete.org\\\/ayuntamiento\\\/#\\\/schema\\\/person\\\/7656a5bb58fca95b9814e940de0fda63\"},\"headline\":\"NUEVA \u00a0ETIQUETA \u00a0ENERG\u00c9TICA\",\"datePublished\":\"2021-10-07T15:10:20+00:00\",\"dateModified\":\"2021-10-07T15:46:42+00:00\",\"mainEntityOfPage\":{\"@id\":\"https:\\\/\\\/www.caudete.org\\\/ayuntamiento\\\/nueva-etiqueta-energetica\\\/\"},\"wordCount\":423,\"image\":{\"@id\":\"https:\\\/\\\/www.caudete.org\\\/ayuntamiento\\\/nueva-etiqueta-energetica\\\/#primaryimage\"},\"thumbnailUrl\":\"https:\\\/\\\/www.caudete.org\\\/ayuntamiento\\\/wp-content\\\/uploads\\\/2021\\\/10\\\/Etiqueta-energetica-WEB-1.jpg\",\"keywords\":[\"Etiqueta energetica\",\"Oficina consumidor\"],\"articleSection\":[\"Comercio\"],\"inLanguage\":\"es\"},{\"@type\":\"WebPage\",\"@id\":\"https:\\\/\\\/www.caudete.org\\\/ayuntamiento\\\/nueva-etiqueta-energetica\\\/\",\"url\":\"https:\\\/\\\/www.caudete.org\\\/ayuntamiento\\\/nueva-etiqueta-energetica\\\/\",\"name\":\"NUEVA \u00a0ETIQUETA \u00a0ENERG\u00c9TICA - MI Ayuntamiento de Caudete\",\"isPartOf\":{\"@id\":\"https:\\\/\\\/www.caudete.org\\\/ayuntamiento\\\/#website\"},\"primaryImageOfPage\":{\"@id\":\"https:\\\/\\\/www.caudete.org\\\/ayuntamiento\\\/nueva-etiqueta-energetica\\\/#primaryimage\"},\"image\":{\"@id\":\"https:\\\/\\\/www.caudete.org\\\/ayuntamiento\\\/nueva-etiqueta-energetica\\\/#primaryimage\"},\"thumbnailUrl\":\"https:\\\/\\\/www.caudete.org\\\/ayuntamiento\\\/wp-content\\\/uploads\\\/2021\\\/10\\\/Etiqueta-energetica-WEB-1.jpg\",\"datePublished\":\"2021-10-07T15:10:20+00:00\",\"dateModified\":\"2021-10-07T15:46:42+00:00\",\"author\":{\"@id\":\"https:\\\/\\\/www.caudete.org\\\/ayuntamiento\\\/#\\\/schema\\\/person\\\/7656a5bb58fca95b9814e940de0fda63\"},\"description\":\"P\u00e1gina Oficial del Ayuntamiento de Caudete (Albacete)\",\"breadcrumb\":{\"@id\":\"https:\\\/\\\/www.caudete.org\\\/ayuntamiento\\\/nueva-etiqueta-energetica\\\/#breadcrumb\"},\"inLanguage\":\"es\",\"potentialAction\":[{\"@type\":\"ReadAction\",\"target\":[\"https:\\\/\\\/www.caudete.org\\\/ayuntamiento\\\/nueva-etiqueta-energetica\\\/\"]}]},{\"@type\":\"ImageObject\",\"inLanguage\":\"es\",\"@id\":\"https:\\\/\\\/www.caudete.org\\\/ayuntamiento\\\/nueva-etiqueta-energetica\\\/#primaryimage\",\"url\":\"https:\\\/\\\/www.caudete.org\\\/ayuntamiento\\\/wp-content\\\/uploads\\\/2021\\\/10\\\/Etiqueta-energetica-WEB-1.jpg\",\"contentUrl\":\"https:\\\/\\\/www.caudete.org\\\/ayuntamiento\\\/wp-content\\\/uploads\\\/2021\\\/10\\\/Etiqueta-energetica-WEB-1.jpg\",\"width\":864,\"height\":380},{\"@type\":\"BreadcrumbList\",\"@id\":\"https:\\\/\\\/www.caudete.org\\\/ayuntamiento\\\/nueva-etiqueta-energetica\\\/#breadcrumb\",\"itemListElement\":[{\"@type\":\"ListItem\",\"position\":1,\"name\":\"Inicio\",\"item\":\"https:\\\/\\\/www.caudete.org\\\/ayuntamiento\\\/\"},{\"@type\":\"ListItem\",\"position\":2,\"name\":\"NUEVA \u00a0ETIQUETA \u00a0ENERG\u00c9TICA\"}]},{\"@type\":\"WebSite\",\"@id\":\"https:\\\/\\\/www.caudete.org\\\/ayuntamiento\\\/#website\",\"url\":\"https:\\\/\\\/www.caudete.org\\\/ayuntamiento\\\/\",\"name\":\"MI Ayuntamiento de Caudete\",\"description\":\"P\u00e1gina Oficial del MI Ayuntamiento de Caudete\",\"potentialAction\":[{\"@type\":\"SearchAction\",\"target\":{\"@type\":\"EntryPoint\",\"urlTemplate\":\"https:\\\/\\\/www.caudete.org\\\/ayuntamiento\\\/?s={search_term_string}\"},\"query-input\":{\"@type\":\"PropertyValueSpecification\",\"valueRequired\":true,\"valueName\":\"search_term_string\"}}],\"inLanguage\":\"es\"},{\"@type\":\"Person\",\"@id\":\"https:\\\/\\\/www.caudete.org\\\/ayuntamiento\\\/#\\\/schema\\\/person\\\/7656a5bb58fca95b9814e940de0fda63\",\"name\":\"Juan\",\"image\":{\"@type\":\"ImageObject\",\"inLanguage\":\"es\",\"@id\":\"https:\\\/\\\/secure.gravatar.com\\\/avatar\\\/dd53e51c0cd6ab23f52d4f3e4f1c59730240727763de3dbbf26750b079a2c292?s=96&d=mm&r=g\",\"url\":\"https:\\\/\\\/secure.gravatar.com\\\/avatar\\\/dd53e51c0cd6ab23f52d4f3e4f1c59730240727763de3dbbf26750b079a2c292?s=96&d=mm&r=g\",\"contentUrl\":\"https:\\\/\\\/secure.gravatar.com\\\/avatar\\\/dd53e51c0cd6ab23f52d4f3e4f1c59730240727763de3dbbf26750b079a2c292?s=96&d=mm&r=g\",\"caption\":\"Juan\"},\"url\":\"https:\\\/\\\/www.caudete.org\\\/ayuntamiento\\\/author\\\/centrodeinternet\\\/\"}]}<\/script>\n<!-- \/ Yoast SEO plugin. -->","yoast_head_json":{"title":"NUEVA \u00a0ETIQUETA \u00a0ENERG\u00c9TICA - MI Ayuntamiento de Caudete","description":"P\u00e1gina Oficial del Ayuntamiento de Caudete (Albacete)","robots":{"index":"index","follow":"follow","max-snippet":"max-snippet:-1","max-image-preview":"max-image-preview:large","max-video-preview":"max-video-preview:-1"},"canonical":"https:\/\/www.caudete.org\/ayuntamiento\/nueva-etiqueta-energetica\/","og_locale":"es_ES","og_type":"article","og_title":"NUEVA \u00a0ETIQUETA \u00a0ENERG\u00c9TICA - MI Ayuntamiento de Caudete","og_description":"P\u00e1gina Oficial del Ayuntamiento de Caudete (Albacete)","og_url":"https:\/\/www.caudete.org\/ayuntamiento\/nueva-etiqueta-energetica\/","og_site_name":"MI Ayuntamiento de Caudete","article_publisher":"https:\/\/www.facebook.com\/ayuntamientocaudete\/","article_published_time":"2021-10-07T15:10:20+00:00","article_modified_time":"2021-10-07T15:46:42+00:00","og_image":[{"width":864,"height":380,"url":"https:\/\/www.caudete.org\/ayuntamiento\/wp-content\/uploads\/2021\/10\/Etiqueta-energetica-WEB-1.jpg","type":"image\/jpeg"}],"author":"Juan","twitter_card":"summary_large_image","twitter_misc":{"Escrito por":"Juan","Tiempo de lectura":"2 minutos"},"schema":{"@context":"https:\/\/schema.org","@graph":[{"@type":"Article","@id":"https:\/\/www.caudete.org\/ayuntamiento\/nueva-etiqueta-energetica\/#article","isPartOf":{"@id":"https:\/\/www.caudete.org\/ayuntamiento\/nueva-etiqueta-energetica\/"},"author":{"name":"Juan","@id":"https:\/\/www.caudete.org\/ayuntamiento\/#\/schema\/person\/7656a5bb58fca95b9814e940de0fda63"},"headline":"NUEVA \u00a0ETIQUETA \u00a0ENERG\u00c9TICA","datePublished":"2021-10-07T15:10:20+00:00","dateModified":"2021-10-07T15:46:42+00:00","mainEntityOfPage":{"@id":"https:\/\/www.caudete.org\/ayuntamiento\/nueva-etiqueta-energetica\/"},"wordCount":423,"image":{"@id":"https:\/\/www.caudete.org\/ayuntamiento\/nueva-etiqueta-energetica\/#primaryimage"},"thumbnailUrl":"https:\/\/www.caudete.org\/ayuntamiento\/wp-content\/uploads\/2021\/10\/Etiqueta-energetica-WEB-1.jpg","keywords":["Etiqueta energetica","Oficina consumidor"],"articleSection":["Comercio"],"inLanguage":"es"},{"@type":"WebPage","@id":"https:\/\/www.caudete.org\/ayuntamiento\/nueva-etiqueta-energetica\/","url":"https:\/\/www.caudete.org\/ayuntamiento\/nueva-etiqueta-energetica\/","name":"NUEVA \u00a0ETIQUETA \u00a0ENERG\u00c9TICA - MI Ayuntamiento de Caudete","isPartOf":{"@id":"https:\/\/www.caudete.org\/ayuntamiento\/#website"},"primaryImageOfPage":{"@id":"https:\/\/www.caudete.org\/ayuntamiento\/nueva-etiqueta-energetica\/#primaryimage"},"image":{"@id":"https:\/\/www.caudete.org\/ayuntamiento\/nueva-etiqueta-energetica\/#primaryimage"},"thumbnailUrl":"https:\/\/www.caudete.org\/ayuntamiento\/wp-content\/uploads\/2021\/10\/Etiqueta-energetica-WEB-1.jpg","datePublished":"2021-10-07T15:10:20+00:00","dateModified":"2021-10-07T15:46:42+00:00","author":{"@id":"https:\/\/www.caudete.org\/ayuntamiento\/#\/schema\/person\/7656a5bb58fca95b9814e940de0fda63"},"description":"P\u00e1gina Oficial del Ayuntamiento de Caudete (Albacete)","breadcrumb":{"@id":"https:\/\/www.caudete.org\/ayuntamiento\/nueva-etiqueta-energetica\/#breadcrumb"},"inLanguage":"es","potentialAction":[{"@type":"ReadAction","target":["https:\/\/www.caudete.org\/ayuntamiento\/nueva-etiqueta-energetica\/"]}]},{"@type":"ImageObject","inLanguage":"es","@id":"https:\/\/www.caudete.org\/ayuntamiento\/nueva-etiqueta-energetica\/#primaryimage","url":"https:\/\/www.caudete.org\/ayuntamiento\/wp-content\/uploads\/2021\/10\/Etiqueta-energetica-WEB-1.jpg","contentUrl":"https:\/\/www.caudete.org\/ayuntamiento\/wp-content\/uploads\/2021\/10\/Etiqueta-energetica-WEB-1.jpg","width":864,"height":380},{"@type":"BreadcrumbList","@id":"https:\/\/www.caudete.org\/ayuntamiento\/nueva-etiqueta-energetica\/#breadcrumb","itemListElement":[{"@type":"ListItem","position":1,"name":"Inicio","item":"https:\/\/www.caudete.org\/ayuntamiento\/"},{"@type":"ListItem","position":2,"name":"NUEVA \u00a0ETIQUETA \u00a0ENERG\u00c9TICA"}]},{"@type":"WebSite","@id":"https:\/\/www.caudete.org\/ayuntamiento\/#website","url":"https:\/\/www.caudete.org\/ayuntamiento\/","name":"MI Ayuntamiento de Caudete","description":"P\u00e1gina Oficial del MI Ayuntamiento de Caudete","potentialAction":[{"@type":"SearchAction","target":{"@type":"EntryPoint","urlTemplate":"https:\/\/www.caudete.org\/ayuntamiento\/?s={search_term_string}"},"query-input":{"@type":"PropertyValueSpecification","valueRequired":true,"valueName":"search_term_string"}}],"inLanguage":"es"},{"@type":"Person","@id":"https:\/\/www.caudete.org\/ayuntamiento\/#\/schema\/person\/7656a5bb58fca95b9814e940de0fda63","name":"Juan","image":{"@type":"ImageObject","inLanguage":"es","@id":"https:\/\/secure.gravatar.com\/avatar\/dd53e51c0cd6ab23f52d4f3e4f1c59730240727763de3dbbf26750b079a2c292?s=96&d=mm&r=g","url":"https:\/\/secure.gravatar.com\/avatar\/dd53e51c0cd6ab23f52d4f3e4f1c59730240727763de3dbbf26750b079a2c292?s=96&d=mm&r=g","contentUrl":"https:\/\/secure.gravatar.com\/avatar\/dd53e51c0cd6ab23f52d4f3e4f1c59730240727763de3dbbf26750b079a2c292?s=96&d=mm&r=g","caption":"Juan"},"url":"https:\/\/www.caudete.org\/ayuntamiento\/author\/centrodeinternet\/"}]}},"_links":{"self":[{"href":"https:\/\/www.caudete.org\/ayuntamiento\/wp-json\/wp\/v2\/posts\/16457","targetHints":{"allow":["GET"]}}],"collection":[{"href":"https:\/\/www.caudete.org\/ayuntamiento\/wp-json\/wp\/v2\/posts"}],"about":[{"href":"https:\/\/www.caudete.org\/ayuntamiento\/wp-json\/wp\/v2\/types\/post"}],"author":[{"embeddable":true,"href":"https:\/\/www.caudete.org\/ayuntamiento\/wp-json\/wp\/v2\/users\/2"}],"replies":[{"embeddable":true,"href":"https:\/\/www.caudete.org\/ayuntamiento\/wp-json\/wp\/v2\/comments?post=16457"}],"version-history":[{"count":6,"href":"https:\/\/www.caudete.org\/ayuntamiento\/wp-json\/wp\/v2\/posts\/16457\/revisions"}],"predecessor-version":[{"id":16467,"href":"https:\/\/www.caudete.org\/ayuntamiento\/wp-json\/wp\/v2\/posts\/16457\/revisions\/16467"}],"wp:featuredmedia":[{"embeddable":true,"href":"https:\/\/www.caudete.org\/ayuntamiento\/wp-json\/wp\/v2\/media\/16462"}],"wp:attachment":[{"href":"https:\/\/www.caudete.org\/ayuntamiento\/wp-json\/wp\/v2\/media?parent=16457"}],"wp:term":[{"taxonomy":"category","embeddable":true,"href":"https:\/\/www.caudete.org\/ayuntamiento\/wp-json\/wp\/v2\/categories?post=16457"},{"taxonomy":"post_tag","embeddable":true,"href":"https:\/\/www.caudete.org\/ayuntamiento\/wp-json\/wp\/v2\/tags?post=16457"}],"curies":[{"name":"wp","href":"https:\/\/api.w.org\/{rel}","templated":true}]}}