{"id":16483,"date":"2021-10-13T19:48:14","date_gmt":"2021-10-13T17:48:14","guid":{"rendered":"https:\/\/www.caudete.org\/ayuntamiento\/?p=16483"},"modified":"2021-10-13T21:37:14","modified_gmt":"2021-10-13T19:37:14","slug":"el-ayuntamiento-intervendra-en-la-consolidacion-de-la-torre-de-bogarra","status":"publish","type":"post","link":"https:\/\/www.caudete.org\/ayuntamiento\/el-ayuntamiento-intervendra-en-la-consolidacion-de-la-torre-de-bogarra\/","title":{"rendered":"El Ayuntamiento intervendr\u00e1 en la Consolidaci\u00f3n de los Restos de &#8220;TORRE DE BOGARRA&#8221;"},"content":{"rendered":"<p><a href=\"https:\/\/www.caudete.org\/ayuntamiento\/wp-content\/uploads\/2021\/10\/IMG-20211008-WA0013.jpg\" rel='prettyPhoto'><img decoding=\"async\" class=\"aligncenter wp-image-16485 size-medium\" src=\"https:\/\/www.caudete.org\/ayuntamiento\/wp-content\/uploads\/2021\/10\/IMG-20211008-WA0013-300x135.jpg\" alt=\"\" width=\"300\" height=\"135\" srcset=\"https:\/\/www.caudete.org\/ayuntamiento\/wp-content\/uploads\/2021\/10\/IMG-20211008-WA0013-300x135.jpg 300w, https:\/\/www.caudete.org\/ayuntamiento\/wp-content\/uploads\/2021\/10\/IMG-20211008-WA0013-1024x461.jpg 1024w, https:\/\/www.caudete.org\/ayuntamiento\/wp-content\/uploads\/2021\/10\/IMG-20211008-WA0013-768x346.jpg 768w, https:\/\/www.caudete.org\/ayuntamiento\/wp-content\/uploads\/2021\/10\/IMG-20211008-WA0013-1536x691.jpg 1536w, https:\/\/www.caudete.org\/ayuntamiento\/wp-content\/uploads\/2021\/10\/IMG-20211008-WA0013.jpg 1600w\" sizes=\"(max-width: 300px) 100vw, 300px\" \/><\/a><\/p>\n<p style=\"text-align: justify;\">El pasado viernes el Alcalde Mois\u00e9s L\u00f3pez, y el Concejal de Patrimonio Hist\u00f3rico Diego Cuenca, recib\u00edan en la Sala de Prensa al Doctor Arquitecto Joaqu\u00edn Garc\u00eda qui\u00e9n hac\u00eda acto de entrega del Proyecto de Consolidaci\u00f3n de la Torre de Bogarra.<\/p>\n<p style=\"text-align: justify;\">Garc\u00eda result\u00f3 ser el T\u00e9cnico adjudicatario del contrato con el que el Consistorio caudetano da un paso m\u00e1s para hacer realidad la consolidaci\u00f3n de los restos de la Torre de Bogarra, la cual &#8220;<em>se encuentra en un estado de deterioro avanzado que hace peligrar su estabilidad si no se act\u00faa con celeridad<\/em>&#8221; tal y como expresaba el Arquitecto.<\/p>\n<p><a href=\"https:\/\/www.caudete.org\/ayuntamiento\/wp-content\/uploads\/2021\/10\/IMG_0147.jpg\" rel='prettyPhoto'><img fetchpriority=\"high\" decoding=\"async\" class=\"aligncenter wp-image-16487 size-medium\" src=\"https:\/\/www.caudete.org\/ayuntamiento\/wp-content\/uploads\/2021\/10\/IMG_0147-300x200.jpg\" alt=\"\" width=\"300\" height=\"200\" srcset=\"https:\/\/www.caudete.org\/ayuntamiento\/wp-content\/uploads\/2021\/10\/IMG_0147-300x200.jpg 300w, https:\/\/www.caudete.org\/ayuntamiento\/wp-content\/uploads\/2021\/10\/IMG_0147-1024x682.jpg 1024w, https:\/\/www.caudete.org\/ayuntamiento\/wp-content\/uploads\/2021\/10\/IMG_0147-768x512.jpg 768w, https:\/\/www.caudete.org\/ayuntamiento\/wp-content\/uploads\/2021\/10\/IMG_0147-1536x1023.jpg 1536w, https:\/\/www.caudete.org\/ayuntamiento\/wp-content\/uploads\/2021\/10\/IMG_0147.jpg 1600w\" sizes=\"(max-width: 300px) 100vw, 300px\" \/><\/a><\/p>\n<p style=\"text-align: justify;\">El Proyecto, tal y como explicaba Joaqu\u00edn Garc\u00eda, aborda la <strong>consolidaci\u00f3n de de las estructuras existentes<\/strong> as\u00ed como la recomposici\u00f3n de las deterioradas, <strong>sin experimentar el inmueble ampliaci\u00f3n de volumen<\/strong> alguna. Todo ello, previa limpieza de los restos, finalizando con el tapado de las catas existentes desde hace d\u00e9cadas, la protecci\u00f3n de muros y terreno, vallado y <strong>panelizaci\u00f3n a pie de Torre<\/strong>, as\u00ed como <strong>se\u00f1alizaci\u00f3n direccional desde el casco urbano.<\/strong><\/p>\n<p style=\"text-align: justify;\">El Concejal por su parte, expresaba su satisfacci\u00f3n por el trabajo realizado hasta el momento, un gran paso que materializa los objetivos fijados por la Concejal\u00eda de Patrimonio para la presente legislatura, donde la Torre de Bogarra figura como lugar primordial de actuaci\u00f3n, para conservarla, ponerla en valor y hacerla como un lugar visitable dentro del patrimonio del que Caudete cuenta.<\/p>\n<p style=\"text-align: justify;\">Para finalizar, el Alcalde Mois\u00e9s L\u00f3pez felicitaba a ambos por su labor, cada uno desde su posici\u00f3n, donde el compromiso y la experiencia permitir\u00e1n poner freno al deterioro que Bogarra presenta, y d\u00f3nde se pone de manifiesto el cumplimiento del Equipo de Gobierno con los caudetanos, as\u00ed como con el pasado, el presente y el futuro de la historia local.<\/p>\n<p style=\"text-align: justify;\">Adelantaba que <strong>una vez sea autorizada<\/strong> la intervenci\u00f3n por la Consejer\u00eda de Cultura, <strong>el Ayuntamiento emprender\u00e1 la primera parte de la actuaci\u00f3n<\/strong>, siendo el Presupuesto Municipal quien costear\u00e1 las obras en su totalidad, gracias al Remanente de 2020.<\/p>\n<p><a href=\"https:\/\/www.caudete.org\/ayuntamiento\/wp-content\/uploads\/2021\/10\/IMG_0173.jpg\" rel='prettyPhoto'><img decoding=\"async\" class=\"aligncenter wp-image-16486 size-medium\" src=\"https:\/\/www.caudete.org\/ayuntamiento\/wp-content\/uploads\/2021\/10\/IMG_0173-300x200.jpg\" alt=\"\" width=\"300\" height=\"200\" srcset=\"https:\/\/www.caudete.org\/ayuntamiento\/wp-content\/uploads\/2021\/10\/IMG_0173-300x200.jpg 300w, https:\/\/www.caudete.org\/ayuntamiento\/wp-content\/uploads\/2021\/10\/IMG_0173-1024x682.jpg 1024w, https:\/\/www.caudete.org\/ayuntamiento\/wp-content\/uploads\/2021\/10\/IMG_0173-768x512.jpg 768w, https:\/\/www.caudete.org\/ayuntamiento\/wp-content\/uploads\/2021\/10\/IMG_0173-1536x1023.jpg 1536w, https:\/\/www.caudete.org\/ayuntamiento\/wp-content\/uploads\/2021\/10\/IMG_0173.jpg 1600w\" sizes=\"(max-width: 300px) 100vw, 300px\" \/><\/a><\/p>\n","protected":false},"excerpt":{"rendered":"<p>El pasado viernes el Alcalde Mois\u00e9s L\u00f3pez, y el Concejal de Patrimonio Hist\u00f3rico Diego Cuenca, recib\u00edan en la Sala de Prensa al Doctor Arquitecto Joaqu\u00edn Garc\u00eda qui\u00e9n hac\u00eda acto de entrega del Proyecto de Consolidaci\u00f3n de la Torre de Bogarra. Garc\u00eda result\u00f3 ser el T\u00e9cnico adjudicatario del contrato con el que el Consistorio caudetano da &hellip;<\/p>\n","protected":false},"author":3,"featured_media":16488,"comment_status":"closed","ping_status":"open","sticky":false,"template":"","format":"standard","meta":{"ngg_post_thumbnail":0,"footnotes":""},"categories":[45],"tags":[],"class_list":["post-16483","post","type-post","status-publish","format-standard","has-post-thumbnail","hentry","category-patrimonio"],"yoast_head":"<!-- This site is optimized with the Yoast SEO plugin v27.5 - https:\/\/yoast.com\/product\/yoast-seo-wordpress\/ -->\n<title>El Ayuntamiento intervendr\u00e1 en la Consolidaci\u00f3n de los Restos de &quot;TORRE DE BOGARRA&quot; - MI Ayuntamiento de Caudete<\/title>\n<meta name=\"description\" content=\"P\u00e1gina Oficial del Ayuntamiento de Caudete (Albacete)\" \/>\n<meta name=\"robots\" content=\"index, follow, max-snippet:-1, max-image-preview:large, max-video-preview:-1\" \/>\n<link rel=\"canonical\" href=\"https:\/\/www.caudete.org\/ayuntamiento\/el-ayuntamiento-intervendra-en-la-consolidacion-de-la-torre-de-bogarra\/\" \/>\n<meta property=\"og:locale\" content=\"es_ES\" \/>\n<meta property=\"og:type\" content=\"article\" \/>\n<meta property=\"og:title\" content=\"El Ayuntamiento intervendr\u00e1 en la Consolidaci\u00f3n de los Restos de &quot;TORRE DE BOGARRA&quot; - MI Ayuntamiento de Caudete\" \/>\n<meta property=\"og:description\" content=\"P\u00e1gina Oficial del Ayuntamiento de Caudete (Albacete)\" \/>\n<meta property=\"og:url\" content=\"https:\/\/www.caudete.org\/ayuntamiento\/el-ayuntamiento-intervendra-en-la-consolidacion-de-la-torre-de-bogarra\/\" \/>\n<meta property=\"og:site_name\" content=\"MI Ayuntamiento de Caudete\" \/>\n<meta property=\"article:publisher\" content=\"https:\/\/www.facebook.com\/ayuntamientocaudete\/\" \/>\n<meta property=\"article:published_time\" content=\"2021-10-13T17:48:14+00:00\" \/>\n<meta property=\"article:modified_time\" content=\"2021-10-13T19:37:14+00:00\" \/>\n<meta property=\"og:image\" content=\"https:\/\/www.caudete.org\/ayuntamiento\/wp-content\/uploads\/2021\/10\/IMG_0195-1.jpg\" \/>\n\t<meta property=\"og:image:width\" content=\"1600\" \/>\n\t<meta property=\"og:image:height\" content=\"1066\" \/>\n\t<meta property=\"og:image:type\" content=\"image\/jpeg\" \/>\n<meta name=\"author\" content=\"alcalde\" \/>\n<meta name=\"twitter:card\" content=\"summary_large_image\" \/>\n<meta name=\"twitter:label1\" content=\"Escrito por\" \/>\n\t<meta name=\"twitter:data1\" content=\"alcalde\" \/>\n\t<meta name=\"twitter:label2\" content=\"Tiempo de lectura\" \/>\n\t<meta name=\"twitter:data2\" content=\"3 minutos\" \/>\n<script type=\"application\/ld+json\" class=\"yoast-schema-graph\">{\"@context\":\"https:\\\/\\\/schema.org\",\"@graph\":[{\"@type\":\"Article\",\"@id\":\"https:\\\/\\\/www.caudete.org\\\/ayuntamiento\\\/el-ayuntamiento-intervendra-en-la-consolidacion-de-la-torre-de-bogarra\\\/#article\",\"isPartOf\":{\"@id\":\"https:\\\/\\\/www.caudete.org\\\/ayuntamiento\\\/el-ayuntamiento-intervendra-en-la-consolidacion-de-la-torre-de-bogarra\\\/\"},\"author\":{\"name\":\"alcalde\",\"@id\":\"https:\\\/\\\/www.caudete.org\\\/ayuntamiento\\\/#\\\/schema\\\/person\\\/cc646da9133078ee4d8dd47457947253\"},\"headline\":\"El Ayuntamiento intervendr\u00e1 en la Consolidaci\u00f3n de los Restos de &#8220;TORRE DE BOGARRA&#8221;\",\"datePublished\":\"2021-10-13T17:48:14+00:00\",\"dateModified\":\"2021-10-13T19:37:14+00:00\",\"mainEntityOfPage\":{\"@id\":\"https:\\\/\\\/www.caudete.org\\\/ayuntamiento\\\/el-ayuntamiento-intervendra-en-la-consolidacion-de-la-torre-de-bogarra\\\/\"},\"wordCount\":375,\"image\":{\"@id\":\"https:\\\/\\\/www.caudete.org\\\/ayuntamiento\\\/el-ayuntamiento-intervendra-en-la-consolidacion-de-la-torre-de-bogarra\\\/#primaryimage\"},\"thumbnailUrl\":\"https:\\\/\\\/www.caudete.org\\\/ayuntamiento\\\/wp-content\\\/uploads\\\/2021\\\/10\\\/IMG_0195-1.jpg\",\"articleSection\":[\"Patrimonio\"],\"inLanguage\":\"es\"},{\"@type\":\"WebPage\",\"@id\":\"https:\\\/\\\/www.caudete.org\\\/ayuntamiento\\\/el-ayuntamiento-intervendra-en-la-consolidacion-de-la-torre-de-bogarra\\\/\",\"url\":\"https:\\\/\\\/www.caudete.org\\\/ayuntamiento\\\/el-ayuntamiento-intervendra-en-la-consolidacion-de-la-torre-de-bogarra\\\/\",\"name\":\"El Ayuntamiento intervendr\u00e1 en la Consolidaci\u00f3n de los Restos de \\\"TORRE DE BOGARRA\\\" - MI Ayuntamiento de Caudete\",\"isPartOf\":{\"@id\":\"https:\\\/\\\/www.caudete.org\\\/ayuntamiento\\\/#website\"},\"primaryImageOfPage\":{\"@id\":\"https:\\\/\\\/www.caudete.org\\\/ayuntamiento\\\/el-ayuntamiento-intervendra-en-la-consolidacion-de-la-torre-de-bogarra\\\/#primaryimage\"},\"image\":{\"@id\":\"https:\\\/\\\/www.caudete.org\\\/ayuntamiento\\\/el-ayuntamiento-intervendra-en-la-consolidacion-de-la-torre-de-bogarra\\\/#primaryimage\"},\"thumbnailUrl\":\"https:\\\/\\\/www.caudete.org\\\/ayuntamiento\\\/wp-content\\\/uploads\\\/2021\\\/10\\\/IMG_0195-1.jpg\",\"datePublished\":\"2021-10-13T17:48:14+00:00\",\"dateModified\":\"2021-10-13T19:37:14+00:00\",\"author\":{\"@id\":\"https:\\\/\\\/www.caudete.org\\\/ayuntamiento\\\/#\\\/schema\\\/person\\\/cc646da9133078ee4d8dd47457947253\"},\"description\":\"P\u00e1gina Oficial del Ayuntamiento de Caudete (Albacete)\",\"breadcrumb\":{\"@id\":\"https:\\\/\\\/www.caudete.org\\\/ayuntamiento\\\/el-ayuntamiento-intervendra-en-la-consolidacion-de-la-torre-de-bogarra\\\/#breadcrumb\"},\"inLanguage\":\"es\",\"potentialAction\":[{\"@type\":\"ReadAction\",\"target\":[\"https:\\\/\\\/www.caudete.org\\\/ayuntamiento\\\/el-ayuntamiento-intervendra-en-la-consolidacion-de-la-torre-de-bogarra\\\/\"]}]},{\"@type\":\"ImageObject\",\"inLanguage\":\"es\",\"@id\":\"https:\\\/\\\/www.caudete.org\\\/ayuntamiento\\\/el-ayuntamiento-intervendra-en-la-consolidacion-de-la-torre-de-bogarra\\\/#primaryimage\",\"url\":\"https:\\\/\\\/www.caudete.org\\\/ayuntamiento\\\/wp-content\\\/uploads\\\/2021\\\/10\\\/IMG_0195-1.jpg\",\"contentUrl\":\"https:\\\/\\\/www.caudete.org\\\/ayuntamiento\\\/wp-content\\\/uploads\\\/2021\\\/10\\\/IMG_0195-1.jpg\",\"width\":1600,\"height\":1066},{\"@type\":\"BreadcrumbList\",\"@id\":\"https:\\\/\\\/www.caudete.org\\\/ayuntamiento\\\/el-ayuntamiento-intervendra-en-la-consolidacion-de-la-torre-de-bogarra\\\/#breadcrumb\",\"itemListElement\":[{\"@type\":\"ListItem\",\"position\":1,\"name\":\"Inicio\",\"item\":\"https:\\\/\\\/www.caudete.org\\\/ayuntamiento\\\/\"},{\"@type\":\"ListItem\",\"position\":2,\"name\":\"El Ayuntamiento intervendr\u00e1 en la Consolidaci\u00f3n de los Restos de &#8220;TORRE DE BOGARRA&#8221;\"}]},{\"@type\":\"WebSite\",\"@id\":\"https:\\\/\\\/www.caudete.org\\\/ayuntamiento\\\/#website\",\"url\":\"https:\\\/\\\/www.caudete.org\\\/ayuntamiento\\\/\",\"name\":\"MI Ayuntamiento de Caudete\",\"description\":\"P\u00e1gina Oficial del MI Ayuntamiento de Caudete\",\"potentialAction\":[{\"@type\":\"SearchAction\",\"target\":{\"@type\":\"EntryPoint\",\"urlTemplate\":\"https:\\\/\\\/www.caudete.org\\\/ayuntamiento\\\/?s={search_term_string}\"},\"query-input\":{\"@type\":\"PropertyValueSpecification\",\"valueRequired\":true,\"valueName\":\"search_term_string\"}}],\"inLanguage\":\"es\"},{\"@type\":\"Person\",\"@id\":\"https:\\\/\\\/www.caudete.org\\\/ayuntamiento\\\/#\\\/schema\\\/person\\\/cc646da9133078ee4d8dd47457947253\",\"name\":\"alcalde\",\"image\":{\"@type\":\"ImageObject\",\"inLanguage\":\"es\",\"@id\":\"https:\\\/\\\/secure.gravatar.com\\\/avatar\\\/84a817ba065b29ff08d666b215a215f5c79186a645ccb25b14a663d48a130f77?s=96&d=mm&r=g\",\"url\":\"https:\\\/\\\/secure.gravatar.com\\\/avatar\\\/84a817ba065b29ff08d666b215a215f5c79186a645ccb25b14a663d48a130f77?s=96&d=mm&r=g\",\"contentUrl\":\"https:\\\/\\\/secure.gravatar.com\\\/avatar\\\/84a817ba065b29ff08d666b215a215f5c79186a645ccb25b14a663d48a130f77?s=96&d=mm&r=g\",\"caption\":\"alcalde\"},\"url\":\"https:\\\/\\\/www.caudete.org\\\/ayuntamiento\\\/author\\\/alcalde\\\/\"}]}<\/script>\n<!-- \/ Yoast SEO plugin. -->","yoast_head_json":{"title":"El Ayuntamiento intervendr\u00e1 en la Consolidaci\u00f3n de los Restos de \"TORRE DE BOGARRA\" - MI Ayuntamiento de Caudete","description":"P\u00e1gina Oficial del Ayuntamiento de Caudete (Albacete)","robots":{"index":"index","follow":"follow","max-snippet":"max-snippet:-1","max-image-preview":"max-image-preview:large","max-video-preview":"max-video-preview:-1"},"canonical":"https:\/\/www.caudete.org\/ayuntamiento\/el-ayuntamiento-intervendra-en-la-consolidacion-de-la-torre-de-bogarra\/","og_locale":"es_ES","og_type":"article","og_title":"El Ayuntamiento intervendr\u00e1 en la Consolidaci\u00f3n de los Restos de \"TORRE DE BOGARRA\" - MI Ayuntamiento de Caudete","og_description":"P\u00e1gina Oficial del Ayuntamiento de Caudete (Albacete)","og_url":"https:\/\/www.caudete.org\/ayuntamiento\/el-ayuntamiento-intervendra-en-la-consolidacion-de-la-torre-de-bogarra\/","og_site_name":"MI Ayuntamiento de Caudete","article_publisher":"https:\/\/www.facebook.com\/ayuntamientocaudete\/","article_published_time":"2021-10-13T17:48:14+00:00","article_modified_time":"2021-10-13T19:37:14+00:00","og_image":[{"width":1600,"height":1066,"url":"https:\/\/www.caudete.org\/ayuntamiento\/wp-content\/uploads\/2021\/10\/IMG_0195-1.jpg","type":"image\/jpeg"}],"author":"alcalde","twitter_card":"summary_large_image","twitter_misc":{"Escrito por":"alcalde","Tiempo de lectura":"3 minutos"},"schema":{"@context":"https:\/\/schema.org","@graph":[{"@type":"Article","@id":"https:\/\/www.caudete.org\/ayuntamiento\/el-ayuntamiento-intervendra-en-la-consolidacion-de-la-torre-de-bogarra\/#article","isPartOf":{"@id":"https:\/\/www.caudete.org\/ayuntamiento\/el-ayuntamiento-intervendra-en-la-consolidacion-de-la-torre-de-bogarra\/"},"author":{"name":"alcalde","@id":"https:\/\/www.caudete.org\/ayuntamiento\/#\/schema\/person\/cc646da9133078ee4d8dd47457947253"},"headline":"El Ayuntamiento intervendr\u00e1 en la Consolidaci\u00f3n de los Restos de &#8220;TORRE DE BOGARRA&#8221;","datePublished":"2021-10-13T17:48:14+00:00","dateModified":"2021-10-13T19:37:14+00:00","mainEntityOfPage":{"@id":"https:\/\/www.caudete.org\/ayuntamiento\/el-ayuntamiento-intervendra-en-la-consolidacion-de-la-torre-de-bogarra\/"},"wordCount":375,"image":{"@id":"https:\/\/www.caudete.org\/ayuntamiento\/el-ayuntamiento-intervendra-en-la-consolidacion-de-la-torre-de-bogarra\/#primaryimage"},"thumbnailUrl":"https:\/\/www.caudete.org\/ayuntamiento\/wp-content\/uploads\/2021\/10\/IMG_0195-1.jpg","articleSection":["Patrimonio"],"inLanguage":"es"},{"@type":"WebPage","@id":"https:\/\/www.caudete.org\/ayuntamiento\/el-ayuntamiento-intervendra-en-la-consolidacion-de-la-torre-de-bogarra\/","url":"https:\/\/www.caudete.org\/ayuntamiento\/el-ayuntamiento-intervendra-en-la-consolidacion-de-la-torre-de-bogarra\/","name":"El Ayuntamiento intervendr\u00e1 en la Consolidaci\u00f3n de los Restos de \"TORRE DE BOGARRA\" - MI Ayuntamiento de Caudete","isPartOf":{"@id":"https:\/\/www.caudete.org\/ayuntamiento\/#website"},"primaryImageOfPage":{"@id":"https:\/\/www.caudete.org\/ayuntamiento\/el-ayuntamiento-intervendra-en-la-consolidacion-de-la-torre-de-bogarra\/#primaryimage"},"image":{"@id":"https:\/\/www.caudete.org\/ayuntamiento\/el-ayuntamiento-intervendra-en-la-consolidacion-de-la-torre-de-bogarra\/#primaryimage"},"thumbnailUrl":"https:\/\/www.caudete.org\/ayuntamiento\/wp-content\/uploads\/2021\/10\/IMG_0195-1.jpg","datePublished":"2021-10-13T17:48:14+00:00","dateModified":"2021-10-13T19:37:14+00:00","author":{"@id":"https:\/\/www.caudete.org\/ayuntamiento\/#\/schema\/person\/cc646da9133078ee4d8dd47457947253"},"description":"P\u00e1gina Oficial del Ayuntamiento de Caudete (Albacete)","breadcrumb":{"@id":"https:\/\/www.caudete.org\/ayuntamiento\/el-ayuntamiento-intervendra-en-la-consolidacion-de-la-torre-de-bogarra\/#breadcrumb"},"inLanguage":"es","potentialAction":[{"@type":"ReadAction","target":["https:\/\/www.caudete.org\/ayuntamiento\/el-ayuntamiento-intervendra-en-la-consolidacion-de-la-torre-de-bogarra\/"]}]},{"@type":"ImageObject","inLanguage":"es","@id":"https:\/\/www.caudete.org\/ayuntamiento\/el-ayuntamiento-intervendra-en-la-consolidacion-de-la-torre-de-bogarra\/#primaryimage","url":"https:\/\/www.caudete.org\/ayuntamiento\/wp-content\/uploads\/2021\/10\/IMG_0195-1.jpg","contentUrl":"https:\/\/www.caudete.org\/ayuntamiento\/wp-content\/uploads\/2021\/10\/IMG_0195-1.jpg","width":1600,"height":1066},{"@type":"BreadcrumbList","@id":"https:\/\/www.caudete.org\/ayuntamiento\/el-ayuntamiento-intervendra-en-la-consolidacion-de-la-torre-de-bogarra\/#breadcrumb","itemListElement":[{"@type":"ListItem","position":1,"name":"Inicio","item":"https:\/\/www.caudete.org\/ayuntamiento\/"},{"@type":"ListItem","position":2,"name":"El Ayuntamiento intervendr\u00e1 en la Consolidaci\u00f3n de los Restos de &#8220;TORRE DE BOGARRA&#8221;"}]},{"@type":"WebSite","@id":"https:\/\/www.caudete.org\/ayuntamiento\/#website","url":"https:\/\/www.caudete.org\/ayuntamiento\/","name":"MI Ayuntamiento de Caudete","description":"P\u00e1gina Oficial del MI Ayuntamiento de Caudete","potentialAction":[{"@type":"SearchAction","target":{"@type":"EntryPoint","urlTemplate":"https:\/\/www.caudete.org\/ayuntamiento\/?s={search_term_string}"},"query-input":{"@type":"PropertyValueSpecification","valueRequired":true,"valueName":"search_term_string"}}],"inLanguage":"es"},{"@type":"Person","@id":"https:\/\/www.caudete.org\/ayuntamiento\/#\/schema\/person\/cc646da9133078ee4d8dd47457947253","name":"alcalde","image":{"@type":"ImageObject","inLanguage":"es","@id":"https:\/\/secure.gravatar.com\/avatar\/84a817ba065b29ff08d666b215a215f5c79186a645ccb25b14a663d48a130f77?s=96&d=mm&r=g","url":"https:\/\/secure.gravatar.com\/avatar\/84a817ba065b29ff08d666b215a215f5c79186a645ccb25b14a663d48a130f77?s=96&d=mm&r=g","contentUrl":"https:\/\/secure.gravatar.com\/avatar\/84a817ba065b29ff08d666b215a215f5c79186a645ccb25b14a663d48a130f77?s=96&d=mm&r=g","caption":"alcalde"},"url":"https:\/\/www.caudete.org\/ayuntamiento\/author\/alcalde\/"}]}},"_links":{"self":[{"href":"https:\/\/www.caudete.org\/ayuntamiento\/wp-json\/wp\/v2\/posts\/16483","targetHints":{"allow":["GET"]}}],"collection":[{"href":"https:\/\/www.caudete.org\/ayuntamiento\/wp-json\/wp\/v2\/posts"}],"about":[{"href":"https:\/\/www.caudete.org\/ayuntamiento\/wp-json\/wp\/v2\/types\/post"}],"author":[{"embeddable":true,"href":"https:\/\/www.caudete.org\/ayuntamiento\/wp-json\/wp\/v2\/users\/3"}],"replies":[{"embeddable":true,"href":"https:\/\/www.caudete.org\/ayuntamiento\/wp-json\/wp\/v2\/comments?post=16483"}],"version-history":[{"count":6,"href":"https:\/\/www.caudete.org\/ayuntamiento\/wp-json\/wp\/v2\/posts\/16483\/revisions"}],"predecessor-version":[{"id":16494,"href":"https:\/\/www.caudete.org\/ayuntamiento\/wp-json\/wp\/v2\/posts\/16483\/revisions\/16494"}],"wp:featuredmedia":[{"embeddable":true,"href":"https:\/\/www.caudete.org\/ayuntamiento\/wp-json\/wp\/v2\/media\/16488"}],"wp:attachment":[{"href":"https:\/\/www.caudete.org\/ayuntamiento\/wp-json\/wp\/v2\/media?parent=16483"}],"wp:term":[{"taxonomy":"category","embeddable":true,"href":"https:\/\/www.caudete.org\/ayuntamiento\/wp-json\/wp\/v2\/categories?post=16483"},{"taxonomy":"post_tag","embeddable":true,"href":"https:\/\/www.caudete.org\/ayuntamiento\/wp-json\/wp\/v2\/tags?post=16483"}],"curies":[{"name":"wp","href":"https:\/\/api.w.org\/{rel}","templated":true}]}}