{"id":16498,"date":"2021-10-14T20:22:57","date_gmt":"2021-10-14T18:22:57","guid":{"rendered":"https:\/\/www.caudete.org\/ayuntamiento\/?p=16498"},"modified":"2021-10-14T20:22:57","modified_gmt":"2021-10-14T18:22:57","slug":"ali-baba-el-musical","status":"publish","type":"post","link":"https:\/\/www.caudete.org\/ayuntamiento\/ali-baba-el-musical\/","title":{"rendered":"\u00a0\u201cAL\u00cd BAB\u00c1 EL MUSICAL\u201d"},"content":{"rendered":"<p><strong>S\u00e1bado 16 octubre. 18:30 horas.\u00a0 Auditorio Municipal.<\/strong><br \/>\n<strong>Recomendado a partir de 3 a\u00f1os.<\/strong><br \/>\n<strong>Duraci\u00f3n: 1h. 30m.<\/strong><\/p>\n<p>La Concejal\u00eda de Cultura del M.I. Ayuntamiento de Caudete contin\u00faa con la programaci\u00f3n de actividades para este oto\u00f1o 2021 en el Auditorio Municipal y este s\u00e1bado 16 de octubre se representar\u00e1 \u201cAl\u00ed Bab\u00e1 El Musical\u201d a las 18:30 horas. Producciones Tel\u00f3n presenta\u00a0 el \u00faltimo y m\u00e1s famoso cuento de las mil y una noches con diecis\u00e9is personas en escena en una versi\u00f3n en la que la m\u00fasica, circo, acrobacias y teatro se fusionan en un espect\u00e1culo total especialmente dirigido a los ni\u00f1os, pero del gusto de toda la familia.<\/p>\n<p>Desde que se abre el tel\u00f3n, el espect\u00e1culo nos traslada a un lejano y fant\u00e1stico pa\u00eds oriental, de brillantes colores, donde todo es posible. Donde se vislumbran un mundo de sultanes, faquires, alfombras voladoras y l\u00e1mparas m\u00e1gicas\u00a0 alborozado con el acento de Bollywood. La m\u00fasica original, las danzas, el vestuario, la historia rom\u00e1ntica y el chispeante final feliz nos llevar\u00e1n en volandas por la historia. El objetivo es atrapar la constante atenci\u00f3n de los ni\u00f1os, intercalando la aventura con la risa, los n\u00fameros musicales y los efectos visuales.<\/p>\n<p>Esta actividad forma parte del programa Actuamos de la Junta de Comunidades de Castilla La Mancha y de Cultural Albacete.<\/p>\n<p>Las entradas se pueden adquirir en la Casa de Cultura en el horario habitual y una hora antes en taquilla.<\/p>\n<p><a href=\"https:\/\/www.caudete.org\/ayuntamiento\/wp-content\/uploads\/2021\/10\/Ali-Baba-TEXTO-VERTICAL-scaled.jpg\" rel='prettyPhoto'><img fetchpriority=\"high\" decoding=\"async\" class=\"aligncenter wp-image-16503 size-medium\" src=\"https:\/\/www.caudete.org\/ayuntamiento\/wp-content\/uploads\/2021\/10\/Ali-Baba-TEXTO-VERTICAL-212x300.jpg\" alt=\"\" width=\"212\" height=\"300\" srcset=\"https:\/\/www.caudete.org\/ayuntamiento\/wp-content\/uploads\/2021\/10\/Ali-Baba-TEXTO-VERTICAL-212x300.jpg 212w, https:\/\/www.caudete.org\/ayuntamiento\/wp-content\/uploads\/2021\/10\/Ali-Baba-TEXTO-VERTICAL-724x1024.jpg 724w, https:\/\/www.caudete.org\/ayuntamiento\/wp-content\/uploads\/2021\/10\/Ali-Baba-TEXTO-VERTICAL-768x1086.jpg 768w, https:\/\/www.caudete.org\/ayuntamiento\/wp-content\/uploads\/2021\/10\/Ali-Baba-TEXTO-VERTICAL-1086x1536.jpg 1086w, https:\/\/www.caudete.org\/ayuntamiento\/wp-content\/uploads\/2021\/10\/Ali-Baba-TEXTO-VERTICAL-1448x2048.jpg 1448w, https:\/\/www.caudete.org\/ayuntamiento\/wp-content\/uploads\/2021\/10\/Ali-Baba-TEXTO-VERTICAL-scaled.jpg 1810w\" sizes=\"(max-width: 212px) 100vw, 212px\" \/><\/a><\/p>\n<p>\ud835\udc13\ud835\udc11\ud835\udc00\ud835\udc08\ud835\udc0b\ud835\udc04\ud835\udc11 \ud835\udc00\ud835\udc0b\ud835\udc08\u0301 \ud835\udc01\ud835\udc00\ud835\udc01\ud835\udc00\u0301 \ud835\udc04\ud835\udc25 \ud835\udc0c\ud835\udc2e\ud835\udc2c\ud835\udc22\ud835\udc1c\ud835\udc1a\ud835\udc25<\/p>\n<p><a href=\"https:\/\/l.facebook.com\/l.php?u=https%3A%2F%2Fwww.youtube.com%2Fwatch%3Fv%3DEOqjPn-f-o4%26t%3D12s%26fbclid%3DIwAR2pg3mIU9z-upD88WoC-OCmX2aNczJF38ySkAErcao0bF_rTw96ihao2tU&amp;h=AT2GmGm0ZZXRvuLbzbdw3M4C2aWXZsCfT8rNAqGohfJ23yczuuOYJhpcnLXN6zeTMsP15D5E1Pfvk5r-NbJgSHrf2cIFU8-UelM0cwuGO2Zd8Frw1vApG3FFJHu8Lyxcxd4O&amp;__tn__=-UK-R&amp;c%5b0%5d=AT2NyObcmuz-4jndWwkNUtiJZ5J1Jb0UIAijMPWvPa-C_OjDEM9ha-YO323NRoIK0Lk-XzWohm6FPIlkFKpHGT6ASF_pqeF2sgn3qkw7aIdv0IX2ELb7MOnEt6T0R-a2hP0unWvHgQy030jcztQ20nJ9dkjMXEXpe4wMfqB21NIIINA\" target=\"_blank\" rel=\"nofollow\">https:\/\/www.youtube.com\/watch?v=EOqjPn-f-o4&amp;t=12s<\/a><\/p>\n<p>&nbsp;<\/p>\n<p><strong>#CaudeteEsCultura<\/strong><\/p>\n","protected":false},"excerpt":{"rendered":"<p>S\u00e1bado 16 octubre. 18:30 horas.\u00a0 Auditorio Municipal. Recomendado a partir de 3 a\u00f1os. Duraci\u00f3n: 1h. 30m. La Concejal\u00eda de Cultura del M.I. Ayuntamiento de Caudete contin\u00faa con la programaci\u00f3n de actividades para este oto\u00f1o 2021 en el Auditorio Municipal y este s\u00e1bado 16 de octubre se representar\u00e1 \u201cAl\u00ed Bab\u00e1 El Musical\u201d a las 18:30 horas. &hellip;<\/p>\n","protected":false},"author":2,"featured_media":16504,"comment_status":"closed","ping_status":"open","sticky":false,"template":"","format":"standard","meta":{"ngg_post_thumbnail":0,"footnotes":""},"categories":[14],"tags":[713,568],"class_list":["post-16498","post","type-post","status-publish","format-standard","has-post-thumbnail","hentry","category-cultura","tag-ali-baba-el-musical","tag-musical-familiar"],"yoast_head":"<!-- This site is optimized with the Yoast SEO plugin v27.5 - https:\/\/yoast.com\/product\/yoast-seo-wordpress\/ -->\n<title>\u00a0\u201cAL\u00cd BAB\u00c1 EL MUSICAL\u201d - MI Ayuntamiento de Caudete<\/title>\n<meta name=\"description\" content=\"P\u00e1gina Oficial del Ayuntamiento de Caudete (Albacete)\" \/>\n<meta name=\"robots\" content=\"index, follow, max-snippet:-1, max-image-preview:large, max-video-preview:-1\" \/>\n<link rel=\"canonical\" href=\"https:\/\/www.caudete.org\/ayuntamiento\/ali-baba-el-musical\/\" \/>\n<meta property=\"og:locale\" content=\"es_ES\" \/>\n<meta property=\"og:type\" content=\"article\" \/>\n<meta property=\"og:title\" content=\"\u00a0\u201cAL\u00cd BAB\u00c1 EL MUSICAL\u201d - MI Ayuntamiento de Caudete\" \/>\n<meta property=\"og:description\" content=\"P\u00e1gina Oficial del Ayuntamiento de Caudete (Albacete)\" \/>\n<meta property=\"og:url\" content=\"https:\/\/www.caudete.org\/ayuntamiento\/ali-baba-el-musical\/\" \/>\n<meta property=\"og:site_name\" content=\"MI Ayuntamiento de Caudete\" \/>\n<meta property=\"article:publisher\" content=\"https:\/\/www.facebook.com\/ayuntamientocaudete\/\" \/>\n<meta property=\"article:published_time\" content=\"2021-10-14T18:22:57+00:00\" \/>\n<meta property=\"og:image\" content=\"https:\/\/www.caudete.org\/ayuntamiento\/wp-content\/uploads\/2021\/10\/Ali-Baba-WEB-otro.jpg\" \/>\n\t<meta property=\"og:image:width\" content=\"864\" \/>\n\t<meta property=\"og:image:height\" content=\"380\" \/>\n\t<meta property=\"og:image:type\" content=\"image\/jpeg\" \/>\n<meta name=\"author\" content=\"Juan\" \/>\n<meta name=\"twitter:card\" content=\"summary_large_image\" \/>\n<meta name=\"twitter:label1\" content=\"Escrito por\" \/>\n\t<meta name=\"twitter:data1\" content=\"Juan\" \/>\n\t<meta name=\"twitter:label2\" content=\"Tiempo de lectura\" \/>\n\t<meta name=\"twitter:data2\" content=\"1 minuto\" \/>\n<script type=\"application\/ld+json\" class=\"yoast-schema-graph\">{\"@context\":\"https:\\\/\\\/schema.org\",\"@graph\":[{\"@type\":\"Article\",\"@id\":\"https:\\\/\\\/www.caudete.org\\\/ayuntamiento\\\/ali-baba-el-musical\\\/#article\",\"isPartOf\":{\"@id\":\"https:\\\/\\\/www.caudete.org\\\/ayuntamiento\\\/ali-baba-el-musical\\\/\"},\"author\":{\"name\":\"Juan\",\"@id\":\"https:\\\/\\\/www.caudete.org\\\/ayuntamiento\\\/#\\\/schema\\\/person\\\/7656a5bb58fca95b9814e940de0fda63\"},\"headline\":\"\u00a0\u201cAL\u00cd BAB\u00c1 EL MUSICAL\u201d\",\"datePublished\":\"2021-10-14T18:22:57+00:00\",\"mainEntityOfPage\":{\"@id\":\"https:\\\/\\\/www.caudete.org\\\/ayuntamiento\\\/ali-baba-el-musical\\\/\"},\"wordCount\":271,\"publisher\":{\"@id\":\"https:\\\/\\\/www.caudete.org\\\/ayuntamiento\\\/#organization\"},\"image\":{\"@id\":\"https:\\\/\\\/www.caudete.org\\\/ayuntamiento\\\/ali-baba-el-musical\\\/#primaryimage\"},\"thumbnailUrl\":\"https:\\\/\\\/www.caudete.org\\\/ayuntamiento\\\/wp-content\\\/uploads\\\/2021\\\/10\\\/Ali-Baba-WEB-otro.jpg\",\"keywords\":[\"Ali Baba el Musical\",\"Musical familiar\"],\"articleSection\":[\"Cultura\"],\"inLanguage\":\"es\"},{\"@type\":\"WebPage\",\"@id\":\"https:\\\/\\\/www.caudete.org\\\/ayuntamiento\\\/ali-baba-el-musical\\\/\",\"url\":\"https:\\\/\\\/www.caudete.org\\\/ayuntamiento\\\/ali-baba-el-musical\\\/\",\"name\":\"\u00a0\u201cAL\u00cd BAB\u00c1 EL MUSICAL\u201d - MI Ayuntamiento de Caudete\",\"isPartOf\":{\"@id\":\"https:\\\/\\\/www.caudete.org\\\/ayuntamiento\\\/#website\"},\"primaryImageOfPage\":{\"@id\":\"https:\\\/\\\/www.caudete.org\\\/ayuntamiento\\\/ali-baba-el-musical\\\/#primaryimage\"},\"image\":{\"@id\":\"https:\\\/\\\/www.caudete.org\\\/ayuntamiento\\\/ali-baba-el-musical\\\/#primaryimage\"},\"thumbnailUrl\":\"https:\\\/\\\/www.caudete.org\\\/ayuntamiento\\\/wp-content\\\/uploads\\\/2021\\\/10\\\/Ali-Baba-WEB-otro.jpg\",\"datePublished\":\"2021-10-14T18:22:57+00:00\",\"description\":\"P\u00e1gina Oficial del Ayuntamiento de Caudete (Albacete)\",\"breadcrumb\":{\"@id\":\"https:\\\/\\\/www.caudete.org\\\/ayuntamiento\\\/ali-baba-el-musical\\\/#breadcrumb\"},\"inLanguage\":\"es\",\"potentialAction\":[{\"@type\":\"ReadAction\",\"target\":[\"https:\\\/\\\/www.caudete.org\\\/ayuntamiento\\\/ali-baba-el-musical\\\/\"]}]},{\"@type\":\"ImageObject\",\"inLanguage\":\"es\",\"@id\":\"https:\\\/\\\/www.caudete.org\\\/ayuntamiento\\\/ali-baba-el-musical\\\/#primaryimage\",\"url\":\"https:\\\/\\\/www.caudete.org\\\/ayuntamiento\\\/wp-content\\\/uploads\\\/2021\\\/10\\\/Ali-Baba-WEB-otro.jpg\",\"contentUrl\":\"https:\\\/\\\/www.caudete.org\\\/ayuntamiento\\\/wp-content\\\/uploads\\\/2021\\\/10\\\/Ali-Baba-WEB-otro.jpg\",\"width\":864,\"height\":380},{\"@type\":\"BreadcrumbList\",\"@id\":\"https:\\\/\\\/www.caudete.org\\\/ayuntamiento\\\/ali-baba-el-musical\\\/#breadcrumb\",\"itemListElement\":[{\"@type\":\"ListItem\",\"position\":1,\"name\":\"Inicio\",\"item\":\"https:\\\/\\\/www.caudete.org\\\/ayuntamiento\\\/\"},{\"@type\":\"ListItem\",\"position\":2,\"name\":\"\u00a0\u201cAL\u00cd BAB\u00c1 EL MUSICAL\u201d\"}]},{\"@type\":\"WebSite\",\"@id\":\"https:\\\/\\\/www.caudete.org\\\/ayuntamiento\\\/#website\",\"url\":\"https:\\\/\\\/www.caudete.org\\\/ayuntamiento\\\/\",\"name\":\"MI Ayuntamiento de Caudete\",\"description\":\"P\u00e1gina Oficial del MI Ayuntamiento de Caudete\",\"publisher\":{\"@id\":\"https:\\\/\\\/www.caudete.org\\\/ayuntamiento\\\/#organization\"},\"potentialAction\":[{\"@type\":\"SearchAction\",\"target\":{\"@type\":\"EntryPoint\",\"urlTemplate\":\"https:\\\/\\\/www.caudete.org\\\/ayuntamiento\\\/?s={search_term_string}\"},\"query-input\":{\"@type\":\"PropertyValueSpecification\",\"valueRequired\":true,\"valueName\":\"search_term_string\"}}],\"inLanguage\":\"es\"},{\"@type\":\"Organization\",\"@id\":\"https:\\\/\\\/www.caudete.org\\\/ayuntamiento\\\/#organization\",\"name\":\"Ayuntamiento de Caudete\",\"url\":\"https:\\\/\\\/www.caudete.org\\\/ayuntamiento\\\/\",\"logo\":{\"@type\":\"ImageObject\",\"inLanguage\":\"es\",\"@id\":\"https:\\\/\\\/www.caudete.org\\\/ayuntamiento\\\/#\\\/schema\\\/logo\\\/image\\\/\",\"url\":\"https:\\\/\\\/www.caudete.org\\\/ayuntamiento\\\/wp-content\\\/uploads\\\/2020\\\/11\\\/logo_ayuntamiento_caudete.jpg\",\"contentUrl\":\"https:\\\/\\\/www.caudete.org\\\/ayuntamiento\\\/wp-content\\\/uploads\\\/2020\\\/11\\\/logo_ayuntamiento_caudete.jpg\",\"width\":600,\"height\":150,\"caption\":\"Ayuntamiento de Caudete\"},\"image\":{\"@id\":\"https:\\\/\\\/www.caudete.org\\\/ayuntamiento\\\/#\\\/schema\\\/logo\\\/image\\\/\"},\"sameAs\":[\"https:\\\/\\\/www.facebook.com\\\/ayuntamientocaudete\\\/\",\"https:\\\/\\\/www.youtube.com\\\/channel\\\/UC6VztHaooNsGpw-tNoBEFnQ\"]},{\"@type\":\"Person\",\"@id\":\"https:\\\/\\\/www.caudete.org\\\/ayuntamiento\\\/#\\\/schema\\\/person\\\/7656a5bb58fca95b9814e940de0fda63\",\"name\":\"Juan\",\"image\":{\"@type\":\"ImageObject\",\"inLanguage\":\"es\",\"@id\":\"https:\\\/\\\/secure.gravatar.com\\\/avatar\\\/dd53e51c0cd6ab23f52d4f3e4f1c59730240727763de3dbbf26750b079a2c292?s=96&d=mm&r=g\",\"url\":\"https:\\\/\\\/secure.gravatar.com\\\/avatar\\\/dd53e51c0cd6ab23f52d4f3e4f1c59730240727763de3dbbf26750b079a2c292?s=96&d=mm&r=g\",\"contentUrl\":\"https:\\\/\\\/secure.gravatar.com\\\/avatar\\\/dd53e51c0cd6ab23f52d4f3e4f1c59730240727763de3dbbf26750b079a2c292?s=96&d=mm&r=g\",\"caption\":\"Juan\"},\"url\":\"https:\\\/\\\/www.caudete.org\\\/ayuntamiento\\\/author\\\/centrodeinternet\\\/\"}]}<\/script>\n<!-- \/ Yoast SEO plugin. -->","yoast_head_json":{"title":"\u00a0\u201cAL\u00cd BAB\u00c1 EL MUSICAL\u201d - MI Ayuntamiento de Caudete","description":"P\u00e1gina Oficial del Ayuntamiento de Caudete (Albacete)","robots":{"index":"index","follow":"follow","max-snippet":"max-snippet:-1","max-image-preview":"max-image-preview:large","max-video-preview":"max-video-preview:-1"},"canonical":"https:\/\/www.caudete.org\/ayuntamiento\/ali-baba-el-musical\/","og_locale":"es_ES","og_type":"article","og_title":"\u00a0\u201cAL\u00cd BAB\u00c1 EL MUSICAL\u201d - MI Ayuntamiento de Caudete","og_description":"P\u00e1gina Oficial del Ayuntamiento de Caudete (Albacete)","og_url":"https:\/\/www.caudete.org\/ayuntamiento\/ali-baba-el-musical\/","og_site_name":"MI Ayuntamiento de Caudete","article_publisher":"https:\/\/www.facebook.com\/ayuntamientocaudete\/","article_published_time":"2021-10-14T18:22:57+00:00","og_image":[{"width":864,"height":380,"url":"https:\/\/www.caudete.org\/ayuntamiento\/wp-content\/uploads\/2021\/10\/Ali-Baba-WEB-otro.jpg","type":"image\/jpeg"}],"author":"Juan","twitter_card":"summary_large_image","twitter_misc":{"Escrito por":"Juan","Tiempo de lectura":"1 minuto"},"schema":{"@context":"https:\/\/schema.org","@graph":[{"@type":"Article","@id":"https:\/\/www.caudete.org\/ayuntamiento\/ali-baba-el-musical\/#article","isPartOf":{"@id":"https:\/\/www.caudete.org\/ayuntamiento\/ali-baba-el-musical\/"},"author":{"name":"Juan","@id":"https:\/\/www.caudete.org\/ayuntamiento\/#\/schema\/person\/7656a5bb58fca95b9814e940de0fda63"},"headline":"\u00a0\u201cAL\u00cd BAB\u00c1 EL MUSICAL\u201d","datePublished":"2021-10-14T18:22:57+00:00","mainEntityOfPage":{"@id":"https:\/\/www.caudete.org\/ayuntamiento\/ali-baba-el-musical\/"},"wordCount":271,"publisher":{"@id":"https:\/\/www.caudete.org\/ayuntamiento\/#organization"},"image":{"@id":"https:\/\/www.caudete.org\/ayuntamiento\/ali-baba-el-musical\/#primaryimage"},"thumbnailUrl":"https:\/\/www.caudete.org\/ayuntamiento\/wp-content\/uploads\/2021\/10\/Ali-Baba-WEB-otro.jpg","keywords":["Ali Baba el Musical","Musical familiar"],"articleSection":["Cultura"],"inLanguage":"es"},{"@type":"WebPage","@id":"https:\/\/www.caudete.org\/ayuntamiento\/ali-baba-el-musical\/","url":"https:\/\/www.caudete.org\/ayuntamiento\/ali-baba-el-musical\/","name":"\u00a0\u201cAL\u00cd BAB\u00c1 EL MUSICAL\u201d - MI Ayuntamiento de Caudete","isPartOf":{"@id":"https:\/\/www.caudete.org\/ayuntamiento\/#website"},"primaryImageOfPage":{"@id":"https:\/\/www.caudete.org\/ayuntamiento\/ali-baba-el-musical\/#primaryimage"},"image":{"@id":"https:\/\/www.caudete.org\/ayuntamiento\/ali-baba-el-musical\/#primaryimage"},"thumbnailUrl":"https:\/\/www.caudete.org\/ayuntamiento\/wp-content\/uploads\/2021\/10\/Ali-Baba-WEB-otro.jpg","datePublished":"2021-10-14T18:22:57+00:00","description":"P\u00e1gina Oficial del Ayuntamiento de Caudete (Albacete)","breadcrumb":{"@id":"https:\/\/www.caudete.org\/ayuntamiento\/ali-baba-el-musical\/#breadcrumb"},"inLanguage":"es","potentialAction":[{"@type":"ReadAction","target":["https:\/\/www.caudete.org\/ayuntamiento\/ali-baba-el-musical\/"]}]},{"@type":"ImageObject","inLanguage":"es","@id":"https:\/\/www.caudete.org\/ayuntamiento\/ali-baba-el-musical\/#primaryimage","url":"https:\/\/www.caudete.org\/ayuntamiento\/wp-content\/uploads\/2021\/10\/Ali-Baba-WEB-otro.jpg","contentUrl":"https:\/\/www.caudete.org\/ayuntamiento\/wp-content\/uploads\/2021\/10\/Ali-Baba-WEB-otro.jpg","width":864,"height":380},{"@type":"BreadcrumbList","@id":"https:\/\/www.caudete.org\/ayuntamiento\/ali-baba-el-musical\/#breadcrumb","itemListElement":[{"@type":"ListItem","position":1,"name":"Inicio","item":"https:\/\/www.caudete.org\/ayuntamiento\/"},{"@type":"ListItem","position":2,"name":"\u00a0\u201cAL\u00cd BAB\u00c1 EL MUSICAL\u201d"}]},{"@type":"WebSite","@id":"https:\/\/www.caudete.org\/ayuntamiento\/#website","url":"https:\/\/www.caudete.org\/ayuntamiento\/","name":"MI Ayuntamiento de Caudete","description":"P\u00e1gina Oficial del MI Ayuntamiento de Caudete","publisher":{"@id":"https:\/\/www.caudete.org\/ayuntamiento\/#organization"},"potentialAction":[{"@type":"SearchAction","target":{"@type":"EntryPoint","urlTemplate":"https:\/\/www.caudete.org\/ayuntamiento\/?s={search_term_string}"},"query-input":{"@type":"PropertyValueSpecification","valueRequired":true,"valueName":"search_term_string"}}],"inLanguage":"es"},{"@type":"Organization","@id":"https:\/\/www.caudete.org\/ayuntamiento\/#organization","name":"Ayuntamiento de Caudete","url":"https:\/\/www.caudete.org\/ayuntamiento\/","logo":{"@type":"ImageObject","inLanguage":"es","@id":"https:\/\/www.caudete.org\/ayuntamiento\/#\/schema\/logo\/image\/","url":"https:\/\/www.caudete.org\/ayuntamiento\/wp-content\/uploads\/2020\/11\/logo_ayuntamiento_caudete.jpg","contentUrl":"https:\/\/www.caudete.org\/ayuntamiento\/wp-content\/uploads\/2020\/11\/logo_ayuntamiento_caudete.jpg","width":600,"height":150,"caption":"Ayuntamiento de Caudete"},"image":{"@id":"https:\/\/www.caudete.org\/ayuntamiento\/#\/schema\/logo\/image\/"},"sameAs":["https:\/\/www.facebook.com\/ayuntamientocaudete\/","https:\/\/www.youtube.com\/channel\/UC6VztHaooNsGpw-tNoBEFnQ"]},{"@type":"Person","@id":"https:\/\/www.caudete.org\/ayuntamiento\/#\/schema\/person\/7656a5bb58fca95b9814e940de0fda63","name":"Juan","image":{"@type":"ImageObject","inLanguage":"es","@id":"https:\/\/secure.gravatar.com\/avatar\/dd53e51c0cd6ab23f52d4f3e4f1c59730240727763de3dbbf26750b079a2c292?s=96&d=mm&r=g","url":"https:\/\/secure.gravatar.com\/avatar\/dd53e51c0cd6ab23f52d4f3e4f1c59730240727763de3dbbf26750b079a2c292?s=96&d=mm&r=g","contentUrl":"https:\/\/secure.gravatar.com\/avatar\/dd53e51c0cd6ab23f52d4f3e4f1c59730240727763de3dbbf26750b079a2c292?s=96&d=mm&r=g","caption":"Juan"},"url":"https:\/\/www.caudete.org\/ayuntamiento\/author\/centrodeinternet\/"}]}},"_links":{"self":[{"href":"https:\/\/www.caudete.org\/ayuntamiento\/wp-json\/wp\/v2\/posts\/16498","targetHints":{"allow":["GET"]}}],"collection":[{"href":"https:\/\/www.caudete.org\/ayuntamiento\/wp-json\/wp\/v2\/posts"}],"about":[{"href":"https:\/\/www.caudete.org\/ayuntamiento\/wp-json\/wp\/v2\/types\/post"}],"author":[{"embeddable":true,"href":"https:\/\/www.caudete.org\/ayuntamiento\/wp-json\/wp\/v2\/users\/2"}],"replies":[{"embeddable":true,"href":"https:\/\/www.caudete.org\/ayuntamiento\/wp-json\/wp\/v2\/comments?post=16498"}],"version-history":[{"count":4,"href":"https:\/\/www.caudete.org\/ayuntamiento\/wp-json\/wp\/v2\/posts\/16498\/revisions"}],"predecessor-version":[{"id":16507,"href":"https:\/\/www.caudete.org\/ayuntamiento\/wp-json\/wp\/v2\/posts\/16498\/revisions\/16507"}],"wp:featuredmedia":[{"embeddable":true,"href":"https:\/\/www.caudete.org\/ayuntamiento\/wp-json\/wp\/v2\/media\/16504"}],"wp:attachment":[{"href":"https:\/\/www.caudete.org\/ayuntamiento\/wp-json\/wp\/v2\/media?parent=16498"}],"wp:term":[{"taxonomy":"category","embeddable":true,"href":"https:\/\/www.caudete.org\/ayuntamiento\/wp-json\/wp\/v2\/categories?post=16498"},{"taxonomy":"post_tag","embeddable":true,"href":"https:\/\/www.caudete.org\/ayuntamiento\/wp-json\/wp\/v2\/tags?post=16498"}],"curies":[{"name":"wp","href":"https:\/\/api.w.org\/{rel}","templated":true}]}}