{"id":16509,"date":"2021-10-14T21:26:50","date_gmt":"2021-10-14T19:26:50","guid":{"rendered":"https:\/\/www.caudete.org\/ayuntamiento\/?p=16509"},"modified":"2021-10-14T21:26:50","modified_gmt":"2021-10-14T19:26:50","slug":"comienza-la-reparacion-del-firme-en-vereda-de-sta-ana-y-avda-valencia","status":"publish","type":"post","link":"https:\/\/www.caudete.org\/ayuntamiento\/comienza-la-reparacion-del-firme-en-vereda-de-sta-ana-y-avda-valencia\/","title":{"rendered":"Comienza la reparaci\u00f3n del firme en VEREDA de Sta. Ana y AVDA. VALENCIA"},"content":{"rendered":"<p style=\"text-align: justify;\">Durante la presente semana, la Brigada de Obras del Ayuntamiento ha dado comienzo con las labores de sustituci\u00f3n de registros y canalizaciones en la Avenida de Valencia, con el fin de que la UTE encargada de las obras de la Autov\u00eda A-33 (Valencia-Murcia) pueda en semanas pr\u00f3ximas comenzar con la reparaci\u00f3n de zonas deprimidas y posterior reasfaltado de dicha v\u00eda.<\/p>\n<p style=\"text-align: justify;\">Tal y como informaba el Concejal Joaqu\u00edn Pag\u00e1n, ma\u00f1ana viernes la UTE dar\u00e1 comienzo a la reparaci\u00f3n de la Vereda de Santa Ana, con el fresado de la misma en el tramo intersecto entre\u00a0 Avenida de Valencia hasta la bifurcaci\u00f3n que dirige hacia el Camino de Los Molinos (donde se ubican dos empresas locales).<\/p>\n<p style=\"text-align: justify;\">Por parte de la Polic\u00eda Local se ha procedido a la se\u00f1alizaci\u00f3n de la zona, y desde la Concejal\u00eda de Movilidad se ha procedido al aviso de las obras a las diferentes empresas ubicadas en la zona para que no estacionen en la misma v\u00eda.<\/p>\n<p style=\"text-align: justify;\">Tras el fresado de ma\u00f1ana, si no surge imprevisto alguno ser\u00e1 el pr\u00f3ximo mi\u00e9rcoles cuando se proceda al asfaltado de dicha zona, quedando restituida la zona para un tr\u00e1nsito seguro de los vecinos, trabajos que tambi\u00e9n se extender\u00e1n en la zona pr\u00f3xima del Matadero Municipal.<\/p>\n<p style=\"text-align: justify;\">Para la Avenida de Valencia, se han establecido 4 fases de trabajo con el fin de causar las m\u00ednimas molestias a quienes transitan la v\u00eda. Los trabajos, est\u00e1n previstos comienecen la semana pr\u00f3xima y se extiendan cerca de 3 semanas hasta quedar completamente terminadas.<\/p>\n<p style=\"text-align: justify;\">Desde la Concejal\u00eda de Movilidad se pide prudencia a los conductores durante el transcurso de las obras, y paciencia con las mismas.<\/p>\n<p>&nbsp;<\/p>\n","protected":false},"excerpt":{"rendered":"<p>Durante la presente semana, la Brigada de Obras del Ayuntamiento ha dado comienzo con las labores de sustituci\u00f3n de registros y canalizaciones en la Avenida de Valencia, con el fin de que la UTE encargada de las obras de la Autov\u00eda A-33 (Valencia-Murcia) pueda en semanas pr\u00f3ximas comenzar con la reparaci\u00f3n de zonas deprimidas y &hellip;<\/p>\n","protected":false},"author":3,"featured_media":16510,"comment_status":"closed","ping_status":"open","sticky":false,"template":"","format":"standard","meta":{"ngg_post_thumbnail":0,"footnotes":""},"categories":[46],"tags":[],"class_list":["post-16509","post","type-post","status-publish","format-standard","has-post-thumbnail","hentry","category-movilidad-urbana"],"yoast_head":"<!-- This site is optimized with the Yoast SEO plugin v27.5 - https:\/\/yoast.com\/product\/yoast-seo-wordpress\/ -->\n<title>Comienza la reparaci\u00f3n del firme en VEREDA de Sta. Ana y AVDA. VALENCIA - MI Ayuntamiento de Caudete<\/title>\n<meta name=\"description\" content=\"P\u00e1gina Oficial del Ayuntamiento de Caudete (Albacete)\" \/>\n<meta name=\"robots\" content=\"index, follow, max-snippet:-1, max-image-preview:large, max-video-preview:-1\" \/>\n<link rel=\"canonical\" href=\"https:\/\/www.caudete.org\/ayuntamiento\/comienza-la-reparacion-del-firme-en-vereda-de-sta-ana-y-avda-valencia\/\" \/>\n<meta property=\"og:locale\" content=\"es_ES\" \/>\n<meta property=\"og:type\" content=\"article\" \/>\n<meta property=\"og:title\" content=\"Comienza la reparaci\u00f3n del firme en VEREDA de Sta. Ana y AVDA. VALENCIA - MI Ayuntamiento de Caudete\" \/>\n<meta property=\"og:description\" content=\"P\u00e1gina Oficial del Ayuntamiento de Caudete (Albacete)\" \/>\n<meta property=\"og:url\" content=\"https:\/\/www.caudete.org\/ayuntamiento\/comienza-la-reparacion-del-firme-en-vereda-de-sta-ana-y-avda-valencia\/\" \/>\n<meta property=\"og:site_name\" content=\"MI Ayuntamiento de Caudete\" \/>\n<meta property=\"article:publisher\" content=\"https:\/\/www.facebook.com\/ayuntamientocaudete\/\" \/>\n<meta property=\"article:published_time\" content=\"2021-10-14T19:26:50+00:00\" \/>\n<meta property=\"og:image\" content=\"https:\/\/www.caudete.org\/ayuntamiento\/wp-content\/uploads\/2021\/10\/WhatsApp-Image-2021-10-14-at-20.37.12.jpeg\" \/>\n\t<meta property=\"og:image:width\" content=\"1600\" \/>\n\t<meta property=\"og:image:height\" content=\"1200\" \/>\n\t<meta property=\"og:image:type\" content=\"image\/jpeg\" \/>\n<meta name=\"author\" content=\"alcalde\" \/>\n<meta name=\"twitter:card\" content=\"summary_large_image\" \/>\n<meta name=\"twitter:label1\" content=\"Escrito por\" \/>\n\t<meta name=\"twitter:data1\" content=\"alcalde\" \/>\n\t<meta name=\"twitter:label2\" content=\"Tiempo de lectura\" \/>\n\t<meta name=\"twitter:data2\" content=\"2 minutos\" \/>\n<script type=\"application\/ld+json\" class=\"yoast-schema-graph\">{\"@context\":\"https:\\\/\\\/schema.org\",\"@graph\":[{\"@type\":\"Article\",\"@id\":\"https:\\\/\\\/www.caudete.org\\\/ayuntamiento\\\/comienza-la-reparacion-del-firme-en-vereda-de-sta-ana-y-avda-valencia\\\/#article\",\"isPartOf\":{\"@id\":\"https:\\\/\\\/www.caudete.org\\\/ayuntamiento\\\/comienza-la-reparacion-del-firme-en-vereda-de-sta-ana-y-avda-valencia\\\/\"},\"author\":{\"name\":\"alcalde\",\"@id\":\"https:\\\/\\\/www.caudete.org\\\/ayuntamiento\\\/#\\\/schema\\\/person\\\/cc646da9133078ee4d8dd47457947253\"},\"headline\":\"Comienza la reparaci\u00f3n del firme en VEREDA de Sta. Ana y AVDA. VALENCIA\",\"datePublished\":\"2021-10-14T19:26:50+00:00\",\"mainEntityOfPage\":{\"@id\":\"https:\\\/\\\/www.caudete.org\\\/ayuntamiento\\\/comienza-la-reparacion-del-firme-en-vereda-de-sta-ana-y-avda-valencia\\\/\"},\"wordCount\":310,\"image\":{\"@id\":\"https:\\\/\\\/www.caudete.org\\\/ayuntamiento\\\/comienza-la-reparacion-del-firme-en-vereda-de-sta-ana-y-avda-valencia\\\/#primaryimage\"},\"thumbnailUrl\":\"https:\\\/\\\/www.caudete.org\\\/ayuntamiento\\\/wp-content\\\/uploads\\\/2021\\\/10\\\/WhatsApp-Image-2021-10-14-at-20.37.12.jpeg\",\"articleSection\":[\"Movilidad Urbana\"],\"inLanguage\":\"es\"},{\"@type\":\"WebPage\",\"@id\":\"https:\\\/\\\/www.caudete.org\\\/ayuntamiento\\\/comienza-la-reparacion-del-firme-en-vereda-de-sta-ana-y-avda-valencia\\\/\",\"url\":\"https:\\\/\\\/www.caudete.org\\\/ayuntamiento\\\/comienza-la-reparacion-del-firme-en-vereda-de-sta-ana-y-avda-valencia\\\/\",\"name\":\"Comienza la reparaci\u00f3n del firme en VEREDA de Sta. Ana y AVDA. VALENCIA - MI Ayuntamiento de Caudete\",\"isPartOf\":{\"@id\":\"https:\\\/\\\/www.caudete.org\\\/ayuntamiento\\\/#website\"},\"primaryImageOfPage\":{\"@id\":\"https:\\\/\\\/www.caudete.org\\\/ayuntamiento\\\/comienza-la-reparacion-del-firme-en-vereda-de-sta-ana-y-avda-valencia\\\/#primaryimage\"},\"image\":{\"@id\":\"https:\\\/\\\/www.caudete.org\\\/ayuntamiento\\\/comienza-la-reparacion-del-firme-en-vereda-de-sta-ana-y-avda-valencia\\\/#primaryimage\"},\"thumbnailUrl\":\"https:\\\/\\\/www.caudete.org\\\/ayuntamiento\\\/wp-content\\\/uploads\\\/2021\\\/10\\\/WhatsApp-Image-2021-10-14-at-20.37.12.jpeg\",\"datePublished\":\"2021-10-14T19:26:50+00:00\",\"author\":{\"@id\":\"https:\\\/\\\/www.caudete.org\\\/ayuntamiento\\\/#\\\/schema\\\/person\\\/cc646da9133078ee4d8dd47457947253\"},\"description\":\"P\u00e1gina Oficial del Ayuntamiento de Caudete (Albacete)\",\"breadcrumb\":{\"@id\":\"https:\\\/\\\/www.caudete.org\\\/ayuntamiento\\\/comienza-la-reparacion-del-firme-en-vereda-de-sta-ana-y-avda-valencia\\\/#breadcrumb\"},\"inLanguage\":\"es\",\"potentialAction\":[{\"@type\":\"ReadAction\",\"target\":[\"https:\\\/\\\/www.caudete.org\\\/ayuntamiento\\\/comienza-la-reparacion-del-firme-en-vereda-de-sta-ana-y-avda-valencia\\\/\"]}]},{\"@type\":\"ImageObject\",\"inLanguage\":\"es\",\"@id\":\"https:\\\/\\\/www.caudete.org\\\/ayuntamiento\\\/comienza-la-reparacion-del-firme-en-vereda-de-sta-ana-y-avda-valencia\\\/#primaryimage\",\"url\":\"https:\\\/\\\/www.caudete.org\\\/ayuntamiento\\\/wp-content\\\/uploads\\\/2021\\\/10\\\/WhatsApp-Image-2021-10-14-at-20.37.12.jpeg\",\"contentUrl\":\"https:\\\/\\\/www.caudete.org\\\/ayuntamiento\\\/wp-content\\\/uploads\\\/2021\\\/10\\\/WhatsApp-Image-2021-10-14-at-20.37.12.jpeg\",\"width\":1600,\"height\":1200},{\"@type\":\"BreadcrumbList\",\"@id\":\"https:\\\/\\\/www.caudete.org\\\/ayuntamiento\\\/comienza-la-reparacion-del-firme-en-vereda-de-sta-ana-y-avda-valencia\\\/#breadcrumb\",\"itemListElement\":[{\"@type\":\"ListItem\",\"position\":1,\"name\":\"Inicio\",\"item\":\"https:\\\/\\\/www.caudete.org\\\/ayuntamiento\\\/\"},{\"@type\":\"ListItem\",\"position\":2,\"name\":\"Comienza la reparaci\u00f3n del firme en VEREDA de Sta. Ana y AVDA. VALENCIA\"}]},{\"@type\":\"WebSite\",\"@id\":\"https:\\\/\\\/www.caudete.org\\\/ayuntamiento\\\/#website\",\"url\":\"https:\\\/\\\/www.caudete.org\\\/ayuntamiento\\\/\",\"name\":\"MI Ayuntamiento de Caudete\",\"description\":\"P\u00e1gina Oficial del MI Ayuntamiento de Caudete\",\"potentialAction\":[{\"@type\":\"SearchAction\",\"target\":{\"@type\":\"EntryPoint\",\"urlTemplate\":\"https:\\\/\\\/www.caudete.org\\\/ayuntamiento\\\/?s={search_term_string}\"},\"query-input\":{\"@type\":\"PropertyValueSpecification\",\"valueRequired\":true,\"valueName\":\"search_term_string\"}}],\"inLanguage\":\"es\"},{\"@type\":\"Person\",\"@id\":\"https:\\\/\\\/www.caudete.org\\\/ayuntamiento\\\/#\\\/schema\\\/person\\\/cc646da9133078ee4d8dd47457947253\",\"name\":\"alcalde\",\"image\":{\"@type\":\"ImageObject\",\"inLanguage\":\"es\",\"@id\":\"https:\\\/\\\/secure.gravatar.com\\\/avatar\\\/84a817ba065b29ff08d666b215a215f5c79186a645ccb25b14a663d48a130f77?s=96&d=mm&r=g\",\"url\":\"https:\\\/\\\/secure.gravatar.com\\\/avatar\\\/84a817ba065b29ff08d666b215a215f5c79186a645ccb25b14a663d48a130f77?s=96&d=mm&r=g\",\"contentUrl\":\"https:\\\/\\\/secure.gravatar.com\\\/avatar\\\/84a817ba065b29ff08d666b215a215f5c79186a645ccb25b14a663d48a130f77?s=96&d=mm&r=g\",\"caption\":\"alcalde\"},\"url\":\"https:\\\/\\\/www.caudete.org\\\/ayuntamiento\\\/author\\\/alcalde\\\/\"}]}<\/script>\n<!-- \/ Yoast SEO plugin. -->","yoast_head_json":{"title":"Comienza la reparaci\u00f3n del firme en VEREDA de Sta. Ana y AVDA. VALENCIA - MI Ayuntamiento de Caudete","description":"P\u00e1gina Oficial del Ayuntamiento de Caudete (Albacete)","robots":{"index":"index","follow":"follow","max-snippet":"max-snippet:-1","max-image-preview":"max-image-preview:large","max-video-preview":"max-video-preview:-1"},"canonical":"https:\/\/www.caudete.org\/ayuntamiento\/comienza-la-reparacion-del-firme-en-vereda-de-sta-ana-y-avda-valencia\/","og_locale":"es_ES","og_type":"article","og_title":"Comienza la reparaci\u00f3n del firme en VEREDA de Sta. Ana y AVDA. VALENCIA - MI Ayuntamiento de Caudete","og_description":"P\u00e1gina Oficial del Ayuntamiento de Caudete (Albacete)","og_url":"https:\/\/www.caudete.org\/ayuntamiento\/comienza-la-reparacion-del-firme-en-vereda-de-sta-ana-y-avda-valencia\/","og_site_name":"MI Ayuntamiento de Caudete","article_publisher":"https:\/\/www.facebook.com\/ayuntamientocaudete\/","article_published_time":"2021-10-14T19:26:50+00:00","og_image":[{"width":1600,"height":1200,"url":"https:\/\/www.caudete.org\/ayuntamiento\/wp-content\/uploads\/2021\/10\/WhatsApp-Image-2021-10-14-at-20.37.12.jpeg","type":"image\/jpeg"}],"author":"alcalde","twitter_card":"summary_large_image","twitter_misc":{"Escrito por":"alcalde","Tiempo de lectura":"2 minutos"},"schema":{"@context":"https:\/\/schema.org","@graph":[{"@type":"Article","@id":"https:\/\/www.caudete.org\/ayuntamiento\/comienza-la-reparacion-del-firme-en-vereda-de-sta-ana-y-avda-valencia\/#article","isPartOf":{"@id":"https:\/\/www.caudete.org\/ayuntamiento\/comienza-la-reparacion-del-firme-en-vereda-de-sta-ana-y-avda-valencia\/"},"author":{"name":"alcalde","@id":"https:\/\/www.caudete.org\/ayuntamiento\/#\/schema\/person\/cc646da9133078ee4d8dd47457947253"},"headline":"Comienza la reparaci\u00f3n del firme en VEREDA de Sta. Ana y AVDA. VALENCIA","datePublished":"2021-10-14T19:26:50+00:00","mainEntityOfPage":{"@id":"https:\/\/www.caudete.org\/ayuntamiento\/comienza-la-reparacion-del-firme-en-vereda-de-sta-ana-y-avda-valencia\/"},"wordCount":310,"image":{"@id":"https:\/\/www.caudete.org\/ayuntamiento\/comienza-la-reparacion-del-firme-en-vereda-de-sta-ana-y-avda-valencia\/#primaryimage"},"thumbnailUrl":"https:\/\/www.caudete.org\/ayuntamiento\/wp-content\/uploads\/2021\/10\/WhatsApp-Image-2021-10-14-at-20.37.12.jpeg","articleSection":["Movilidad Urbana"],"inLanguage":"es"},{"@type":"WebPage","@id":"https:\/\/www.caudete.org\/ayuntamiento\/comienza-la-reparacion-del-firme-en-vereda-de-sta-ana-y-avda-valencia\/","url":"https:\/\/www.caudete.org\/ayuntamiento\/comienza-la-reparacion-del-firme-en-vereda-de-sta-ana-y-avda-valencia\/","name":"Comienza la reparaci\u00f3n del firme en VEREDA de Sta. Ana y AVDA. VALENCIA - MI Ayuntamiento de Caudete","isPartOf":{"@id":"https:\/\/www.caudete.org\/ayuntamiento\/#website"},"primaryImageOfPage":{"@id":"https:\/\/www.caudete.org\/ayuntamiento\/comienza-la-reparacion-del-firme-en-vereda-de-sta-ana-y-avda-valencia\/#primaryimage"},"image":{"@id":"https:\/\/www.caudete.org\/ayuntamiento\/comienza-la-reparacion-del-firme-en-vereda-de-sta-ana-y-avda-valencia\/#primaryimage"},"thumbnailUrl":"https:\/\/www.caudete.org\/ayuntamiento\/wp-content\/uploads\/2021\/10\/WhatsApp-Image-2021-10-14-at-20.37.12.jpeg","datePublished":"2021-10-14T19:26:50+00:00","author":{"@id":"https:\/\/www.caudete.org\/ayuntamiento\/#\/schema\/person\/cc646da9133078ee4d8dd47457947253"},"description":"P\u00e1gina Oficial del Ayuntamiento de Caudete (Albacete)","breadcrumb":{"@id":"https:\/\/www.caudete.org\/ayuntamiento\/comienza-la-reparacion-del-firme-en-vereda-de-sta-ana-y-avda-valencia\/#breadcrumb"},"inLanguage":"es","potentialAction":[{"@type":"ReadAction","target":["https:\/\/www.caudete.org\/ayuntamiento\/comienza-la-reparacion-del-firme-en-vereda-de-sta-ana-y-avda-valencia\/"]}]},{"@type":"ImageObject","inLanguage":"es","@id":"https:\/\/www.caudete.org\/ayuntamiento\/comienza-la-reparacion-del-firme-en-vereda-de-sta-ana-y-avda-valencia\/#primaryimage","url":"https:\/\/www.caudete.org\/ayuntamiento\/wp-content\/uploads\/2021\/10\/WhatsApp-Image-2021-10-14-at-20.37.12.jpeg","contentUrl":"https:\/\/www.caudete.org\/ayuntamiento\/wp-content\/uploads\/2021\/10\/WhatsApp-Image-2021-10-14-at-20.37.12.jpeg","width":1600,"height":1200},{"@type":"BreadcrumbList","@id":"https:\/\/www.caudete.org\/ayuntamiento\/comienza-la-reparacion-del-firme-en-vereda-de-sta-ana-y-avda-valencia\/#breadcrumb","itemListElement":[{"@type":"ListItem","position":1,"name":"Inicio","item":"https:\/\/www.caudete.org\/ayuntamiento\/"},{"@type":"ListItem","position":2,"name":"Comienza la reparaci\u00f3n del firme en VEREDA de Sta. Ana y AVDA. VALENCIA"}]},{"@type":"WebSite","@id":"https:\/\/www.caudete.org\/ayuntamiento\/#website","url":"https:\/\/www.caudete.org\/ayuntamiento\/","name":"MI Ayuntamiento de Caudete","description":"P\u00e1gina Oficial del MI Ayuntamiento de Caudete","potentialAction":[{"@type":"SearchAction","target":{"@type":"EntryPoint","urlTemplate":"https:\/\/www.caudete.org\/ayuntamiento\/?s={search_term_string}"},"query-input":{"@type":"PropertyValueSpecification","valueRequired":true,"valueName":"search_term_string"}}],"inLanguage":"es"},{"@type":"Person","@id":"https:\/\/www.caudete.org\/ayuntamiento\/#\/schema\/person\/cc646da9133078ee4d8dd47457947253","name":"alcalde","image":{"@type":"ImageObject","inLanguage":"es","@id":"https:\/\/secure.gravatar.com\/avatar\/84a817ba065b29ff08d666b215a215f5c79186a645ccb25b14a663d48a130f77?s=96&d=mm&r=g","url":"https:\/\/secure.gravatar.com\/avatar\/84a817ba065b29ff08d666b215a215f5c79186a645ccb25b14a663d48a130f77?s=96&d=mm&r=g","contentUrl":"https:\/\/secure.gravatar.com\/avatar\/84a817ba065b29ff08d666b215a215f5c79186a645ccb25b14a663d48a130f77?s=96&d=mm&r=g","caption":"alcalde"},"url":"https:\/\/www.caudete.org\/ayuntamiento\/author\/alcalde\/"}]}},"_links":{"self":[{"href":"https:\/\/www.caudete.org\/ayuntamiento\/wp-json\/wp\/v2\/posts\/16509","targetHints":{"allow":["GET"]}}],"collection":[{"href":"https:\/\/www.caudete.org\/ayuntamiento\/wp-json\/wp\/v2\/posts"}],"about":[{"href":"https:\/\/www.caudete.org\/ayuntamiento\/wp-json\/wp\/v2\/types\/post"}],"author":[{"embeddable":true,"href":"https:\/\/www.caudete.org\/ayuntamiento\/wp-json\/wp\/v2\/users\/3"}],"replies":[{"embeddable":true,"href":"https:\/\/www.caudete.org\/ayuntamiento\/wp-json\/wp\/v2\/comments?post=16509"}],"version-history":[{"count":1,"href":"https:\/\/www.caudete.org\/ayuntamiento\/wp-json\/wp\/v2\/posts\/16509\/revisions"}],"predecessor-version":[{"id":16511,"href":"https:\/\/www.caudete.org\/ayuntamiento\/wp-json\/wp\/v2\/posts\/16509\/revisions\/16511"}],"wp:featuredmedia":[{"embeddable":true,"href":"https:\/\/www.caudete.org\/ayuntamiento\/wp-json\/wp\/v2\/media\/16510"}],"wp:attachment":[{"href":"https:\/\/www.caudete.org\/ayuntamiento\/wp-json\/wp\/v2\/media?parent=16509"}],"wp:term":[{"taxonomy":"category","embeddable":true,"href":"https:\/\/www.caudete.org\/ayuntamiento\/wp-json\/wp\/v2\/categories?post=16509"},{"taxonomy":"post_tag","embeddable":true,"href":"https:\/\/www.caudete.org\/ayuntamiento\/wp-json\/wp\/v2\/tags?post=16509"}],"curies":[{"name":"wp","href":"https:\/\/api.w.org\/{rel}","templated":true}]}}