{"id":16524,"date":"2021-10-18T09:00:27","date_gmt":"2021-10-18T07:00:27","guid":{"rendered":"https:\/\/www.caudete.org\/ayuntamiento\/?p=16524"},"modified":"2021-10-18T10:16:17","modified_gmt":"2021-10-18T08:16:17","slug":"ayuntamiento-y-comercio-lanzan-la-campana-navidena","status":"publish","type":"post","link":"https:\/\/www.caudete.org\/ayuntamiento\/ayuntamiento-y-comercio-lanzan-la-campana-navidena\/","title":{"rendered":"Ayuntamiento y COMERCIO lanzan la CAMPA\u00d1A NAVIDE\u00d1A"},"content":{"rendered":"<p style=\"text-align: justify;\">Diego Cuenca, Concejal de Comercio junto a la Presidenta de la Asociaci\u00f3n del Comercio, Manoli Gonz\u00e1lez, y el Delgado de FEDA de la localidad, Carlos Beneit, han presentado esta ma\u00f1ana la \u201cCampa\u00f1a de Navidad\u201d para conocimiento de todos los caudetanos.<\/p>\n<p style=\"text-align: justify;\">Esta campa\u00f1a, tal y como expresaba el Edil est\u00e1 pensada y dirig\u00eda &#8220;<em>a todos los comercios y servicios de Caudete, tanto si est\u00e1n asociados o no<\/em>&#8221; a quienes &#8220;<em>invita a participar y formar parte de ella<\/em>&#8220;, siendo los caudetanos qui\u00e9nes dar\u00e1n sentido, vida y \u00e9xito a la misma.<\/p>\n<p style=\"text-align: justify;\">La Campa\u00f1a \u201cESTA NAVIDAD YO COMPRO EN CAUDETE\u201d, dar\u00e1 comienzo el d\u00eda 22 de noviembre y se extender\u00e1 hasta el 7 de enero, con la siguientes actividades:<\/p>\n<p style=\"text-align: justify;\"><strong><span style=\"text-decoration: underline;\">Black Friday. <\/span><\/strong><\/p>\n<p style=\"text-align: justify;\">Semana del 22 al 27 de Noviembre de 2021 con descuentos y promociones en los comercios participantes.<\/p>\n<p style=\"text-align: justify;\"><span style=\"text-decoration: underline;\"><strong>Mercadillo Navide\u00f1o. <\/strong><\/span><\/p>\n<p style=\"text-align: justify;\">Mercadillo tradicional en la Plaza de la Iglesia, los d\u00eda 10, 11 y 12 de Diciembre.<\/p>\n<p style=\"text-align: justify;\"><span style=\"text-decoration: underline;\"><strong>Sorteo de 4.000 \u20ac en Premios.<\/strong><\/span><\/p>\n<p style=\"text-align: justify;\">A consumir en los establecimientos participantes, a trav\u00e9s de las tradicionales papeletas.<\/p>\n<p style=\"text-align: justify;\"><span style=\"text-decoration: underline;\"><strong>Apertura de s\u00e1bado tarde.<\/strong><\/span><\/p>\n<p style=\"text-align: justify;\">Con publicidad y promociones, los participantes que quieran, el d\u00eda 18 de diciembre.<\/p>\n<p style=\"text-align: justify;\">Los representantes del Comercio local, Gonz\u00e1lez y Beneit\u00a0 animan &#8220;<em>a participar en esta Campa\u00f1a de Navidad, ya que la uni\u00f3n de todos, un trabajo com\u00fan y una ilusi\u00f3n decidida y comprometida, se conseguir\u00e1 unos buenos resultados para la econom\u00eda de nuestros comercios y servicios.<\/em>\u201d<\/p>\n<p style=\"text-align: justify;\">Finalizando la rueda de prensa, el Concejal matizaba que &#8220;<em>han sido a\u00f1os y Navidades muy diferentes con motivo de la pandemia y desde esta Concejal\u00eda animamos a todos los comercios a formar parte de la campa\u00f1a para engrandecerla y a todos los ciudadanos a apoyar a los establecimientos de proximidad y contribuir a la recuperaci\u00f3n de un sector muy castigado por el Covid-19<\/em>.&#8221;<\/p>\n","protected":false},"excerpt":{"rendered":"<p>Diego Cuenca, Concejal de Comercio junto a la Presidenta de la Asociaci\u00f3n del Comercio, Manoli Gonz\u00e1lez, y el Delgado de FEDA de la localidad, Carlos Beneit, han presentado esta ma\u00f1ana la \u201cCampa\u00f1a de Navidad\u201d para conocimiento de todos los caudetanos. Esta campa\u00f1a, tal y como expresaba el Edil est\u00e1 pensada y dirig\u00eda &#8220;a todos los &hellip;<\/p>\n","protected":false},"author":3,"featured_media":16526,"comment_status":"closed","ping_status":"open","sticky":false,"template":"","format":"standard","meta":{"ngg_post_thumbnail":0,"footnotes":""},"categories":[42],"tags":[],"class_list":["post-16524","post","type-post","status-publish","format-standard","has-post-thumbnail","hentry","category-comercio"],"yoast_head":"<!-- This site is optimized with the Yoast SEO plugin v27.5 - https:\/\/yoast.com\/product\/yoast-seo-wordpress\/ -->\n<title>Ayuntamiento y COMERCIO lanzan la CAMPA\u00d1A NAVIDE\u00d1A - MI Ayuntamiento de Caudete<\/title>\n<meta name=\"description\" content=\"P\u00e1gina Oficial del Ayuntamiento de Caudete (Albacete)\" \/>\n<meta name=\"robots\" content=\"index, follow, max-snippet:-1, max-image-preview:large, max-video-preview:-1\" \/>\n<link rel=\"canonical\" href=\"https:\/\/www.caudete.org\/ayuntamiento\/ayuntamiento-y-comercio-lanzan-la-campana-navidena\/\" \/>\n<meta property=\"og:locale\" content=\"es_ES\" \/>\n<meta property=\"og:type\" content=\"article\" \/>\n<meta property=\"og:title\" content=\"Ayuntamiento y COMERCIO lanzan la CAMPA\u00d1A NAVIDE\u00d1A - MI Ayuntamiento de Caudete\" \/>\n<meta property=\"og:description\" content=\"P\u00e1gina Oficial del Ayuntamiento de Caudete (Albacete)\" \/>\n<meta property=\"og:url\" content=\"https:\/\/www.caudete.org\/ayuntamiento\/ayuntamiento-y-comercio-lanzan-la-campana-navidena\/\" \/>\n<meta property=\"og:site_name\" content=\"MI Ayuntamiento de Caudete\" \/>\n<meta property=\"article:publisher\" content=\"https:\/\/www.facebook.com\/ayuntamientocaudete\/\" \/>\n<meta property=\"article:published_time\" content=\"2021-10-18T07:00:27+00:00\" \/>\n<meta property=\"article:modified_time\" content=\"2021-10-18T08:16:17+00:00\" \/>\n<meta property=\"og:image\" content=\"https:\/\/www.caudete.org\/ayuntamiento\/wp-content\/uploads\/2021\/10\/IMG_20211017_210051.jpg\" \/>\n\t<meta property=\"og:image:width\" content=\"788\" \/>\n\t<meta property=\"og:image:height\" content=\"563\" \/>\n\t<meta property=\"og:image:type\" content=\"image\/jpeg\" \/>\n<meta name=\"author\" content=\"alcalde\" \/>\n<meta name=\"twitter:card\" content=\"summary_large_image\" \/>\n<meta name=\"twitter:label1\" content=\"Escrito por\" \/>\n\t<meta name=\"twitter:data1\" content=\"alcalde\" \/>\n\t<meta name=\"twitter:label2\" content=\"Tiempo de lectura\" \/>\n\t<meta name=\"twitter:data2\" content=\"1 minuto\" \/>\n<script type=\"application\/ld+json\" class=\"yoast-schema-graph\">{\"@context\":\"https:\\\/\\\/schema.org\",\"@graph\":[{\"@type\":\"Article\",\"@id\":\"https:\\\/\\\/www.caudete.org\\\/ayuntamiento\\\/ayuntamiento-y-comercio-lanzan-la-campana-navidena\\\/#article\",\"isPartOf\":{\"@id\":\"https:\\\/\\\/www.caudete.org\\\/ayuntamiento\\\/ayuntamiento-y-comercio-lanzan-la-campana-navidena\\\/\"},\"author\":{\"name\":\"alcalde\",\"@id\":\"https:\\\/\\\/www.caudete.org\\\/ayuntamiento\\\/#\\\/schema\\\/person\\\/cc646da9133078ee4d8dd47457947253\"},\"headline\":\"Ayuntamiento y COMERCIO lanzan la CAMPA\u00d1A NAVIDE\u00d1A\",\"datePublished\":\"2021-10-18T07:00:27+00:00\",\"dateModified\":\"2021-10-18T08:16:17+00:00\",\"mainEntityOfPage\":{\"@id\":\"https:\\\/\\\/www.caudete.org\\\/ayuntamiento\\\/ayuntamiento-y-comercio-lanzan-la-campana-navidena\\\/\"},\"wordCount\":318,\"publisher\":{\"@id\":\"https:\\\/\\\/www.caudete.org\\\/ayuntamiento\\\/#organization\"},\"image\":{\"@id\":\"https:\\\/\\\/www.caudete.org\\\/ayuntamiento\\\/ayuntamiento-y-comercio-lanzan-la-campana-navidena\\\/#primaryimage\"},\"thumbnailUrl\":\"https:\\\/\\\/www.caudete.org\\\/ayuntamiento\\\/wp-content\\\/uploads\\\/2021\\\/10\\\/IMG_20211017_210051.jpg\",\"articleSection\":[\"Comercio\"],\"inLanguage\":\"es\"},{\"@type\":\"WebPage\",\"@id\":\"https:\\\/\\\/www.caudete.org\\\/ayuntamiento\\\/ayuntamiento-y-comercio-lanzan-la-campana-navidena\\\/\",\"url\":\"https:\\\/\\\/www.caudete.org\\\/ayuntamiento\\\/ayuntamiento-y-comercio-lanzan-la-campana-navidena\\\/\",\"name\":\"Ayuntamiento y COMERCIO lanzan la CAMPA\u00d1A NAVIDE\u00d1A - MI Ayuntamiento de Caudete\",\"isPartOf\":{\"@id\":\"https:\\\/\\\/www.caudete.org\\\/ayuntamiento\\\/#website\"},\"primaryImageOfPage\":{\"@id\":\"https:\\\/\\\/www.caudete.org\\\/ayuntamiento\\\/ayuntamiento-y-comercio-lanzan-la-campana-navidena\\\/#primaryimage\"},\"image\":{\"@id\":\"https:\\\/\\\/www.caudete.org\\\/ayuntamiento\\\/ayuntamiento-y-comercio-lanzan-la-campana-navidena\\\/#primaryimage\"},\"thumbnailUrl\":\"https:\\\/\\\/www.caudete.org\\\/ayuntamiento\\\/wp-content\\\/uploads\\\/2021\\\/10\\\/IMG_20211017_210051.jpg\",\"datePublished\":\"2021-10-18T07:00:27+00:00\",\"dateModified\":\"2021-10-18T08:16:17+00:00\",\"description\":\"P\u00e1gina Oficial del Ayuntamiento de Caudete (Albacete)\",\"breadcrumb\":{\"@id\":\"https:\\\/\\\/www.caudete.org\\\/ayuntamiento\\\/ayuntamiento-y-comercio-lanzan-la-campana-navidena\\\/#breadcrumb\"},\"inLanguage\":\"es\",\"potentialAction\":[{\"@type\":\"ReadAction\",\"target\":[\"https:\\\/\\\/www.caudete.org\\\/ayuntamiento\\\/ayuntamiento-y-comercio-lanzan-la-campana-navidena\\\/\"]}]},{\"@type\":\"ImageObject\",\"inLanguage\":\"es\",\"@id\":\"https:\\\/\\\/www.caudete.org\\\/ayuntamiento\\\/ayuntamiento-y-comercio-lanzan-la-campana-navidena\\\/#primaryimage\",\"url\":\"https:\\\/\\\/www.caudete.org\\\/ayuntamiento\\\/wp-content\\\/uploads\\\/2021\\\/10\\\/IMG_20211017_210051.jpg\",\"contentUrl\":\"https:\\\/\\\/www.caudete.org\\\/ayuntamiento\\\/wp-content\\\/uploads\\\/2021\\\/10\\\/IMG_20211017_210051.jpg\",\"width\":788,\"height\":563},{\"@type\":\"BreadcrumbList\",\"@id\":\"https:\\\/\\\/www.caudete.org\\\/ayuntamiento\\\/ayuntamiento-y-comercio-lanzan-la-campana-navidena\\\/#breadcrumb\",\"itemListElement\":[{\"@type\":\"ListItem\",\"position\":1,\"name\":\"Inicio\",\"item\":\"https:\\\/\\\/www.caudete.org\\\/ayuntamiento\\\/\"},{\"@type\":\"ListItem\",\"position\":2,\"name\":\"Ayuntamiento y COMERCIO lanzan la CAMPA\u00d1A NAVIDE\u00d1A\"}]},{\"@type\":\"WebSite\",\"@id\":\"https:\\\/\\\/www.caudete.org\\\/ayuntamiento\\\/#website\",\"url\":\"https:\\\/\\\/www.caudete.org\\\/ayuntamiento\\\/\",\"name\":\"MI Ayuntamiento de Caudete\",\"description\":\"P\u00e1gina Oficial del MI Ayuntamiento de Caudete\",\"publisher\":{\"@id\":\"https:\\\/\\\/www.caudete.org\\\/ayuntamiento\\\/#organization\"},\"potentialAction\":[{\"@type\":\"SearchAction\",\"target\":{\"@type\":\"EntryPoint\",\"urlTemplate\":\"https:\\\/\\\/www.caudete.org\\\/ayuntamiento\\\/?s={search_term_string}\"},\"query-input\":{\"@type\":\"PropertyValueSpecification\",\"valueRequired\":true,\"valueName\":\"search_term_string\"}}],\"inLanguage\":\"es\"},{\"@type\":\"Organization\",\"@id\":\"https:\\\/\\\/www.caudete.org\\\/ayuntamiento\\\/#organization\",\"name\":\"Ayuntamiento de Caudete\",\"url\":\"https:\\\/\\\/www.caudete.org\\\/ayuntamiento\\\/\",\"logo\":{\"@type\":\"ImageObject\",\"inLanguage\":\"es\",\"@id\":\"https:\\\/\\\/www.caudete.org\\\/ayuntamiento\\\/#\\\/schema\\\/logo\\\/image\\\/\",\"url\":\"https:\\\/\\\/www.caudete.org\\\/ayuntamiento\\\/wp-content\\\/uploads\\\/2020\\\/11\\\/logo_ayuntamiento_caudete.jpg\",\"contentUrl\":\"https:\\\/\\\/www.caudete.org\\\/ayuntamiento\\\/wp-content\\\/uploads\\\/2020\\\/11\\\/logo_ayuntamiento_caudete.jpg\",\"width\":600,\"height\":150,\"caption\":\"Ayuntamiento de Caudete\"},\"image\":{\"@id\":\"https:\\\/\\\/www.caudete.org\\\/ayuntamiento\\\/#\\\/schema\\\/logo\\\/image\\\/\"},\"sameAs\":[\"https:\\\/\\\/www.facebook.com\\\/ayuntamientocaudete\\\/\",\"https:\\\/\\\/www.youtube.com\\\/channel\\\/UC6VztHaooNsGpw-tNoBEFnQ\"]},{\"@type\":\"Person\",\"@id\":\"https:\\\/\\\/www.caudete.org\\\/ayuntamiento\\\/#\\\/schema\\\/person\\\/cc646da9133078ee4d8dd47457947253\",\"name\":\"alcalde\",\"image\":{\"@type\":\"ImageObject\",\"inLanguage\":\"es\",\"@id\":\"https:\\\/\\\/secure.gravatar.com\\\/avatar\\\/84a817ba065b29ff08d666b215a215f5c79186a645ccb25b14a663d48a130f77?s=96&d=mm&r=g\",\"url\":\"https:\\\/\\\/secure.gravatar.com\\\/avatar\\\/84a817ba065b29ff08d666b215a215f5c79186a645ccb25b14a663d48a130f77?s=96&d=mm&r=g\",\"contentUrl\":\"https:\\\/\\\/secure.gravatar.com\\\/avatar\\\/84a817ba065b29ff08d666b215a215f5c79186a645ccb25b14a663d48a130f77?s=96&d=mm&r=g\",\"caption\":\"alcalde\"},\"url\":\"https:\\\/\\\/www.caudete.org\\\/ayuntamiento\\\/author\\\/alcalde\\\/\"}]}<\/script>\n<!-- \/ Yoast SEO plugin. -->","yoast_head_json":{"title":"Ayuntamiento y COMERCIO lanzan la CAMPA\u00d1A NAVIDE\u00d1A - MI Ayuntamiento de Caudete","description":"P\u00e1gina Oficial del Ayuntamiento de Caudete (Albacete)","robots":{"index":"index","follow":"follow","max-snippet":"max-snippet:-1","max-image-preview":"max-image-preview:large","max-video-preview":"max-video-preview:-1"},"canonical":"https:\/\/www.caudete.org\/ayuntamiento\/ayuntamiento-y-comercio-lanzan-la-campana-navidena\/","og_locale":"es_ES","og_type":"article","og_title":"Ayuntamiento y COMERCIO lanzan la CAMPA\u00d1A NAVIDE\u00d1A - MI Ayuntamiento de Caudete","og_description":"P\u00e1gina Oficial del Ayuntamiento de Caudete (Albacete)","og_url":"https:\/\/www.caudete.org\/ayuntamiento\/ayuntamiento-y-comercio-lanzan-la-campana-navidena\/","og_site_name":"MI Ayuntamiento de Caudete","article_publisher":"https:\/\/www.facebook.com\/ayuntamientocaudete\/","article_published_time":"2021-10-18T07:00:27+00:00","article_modified_time":"2021-10-18T08:16:17+00:00","og_image":[{"width":788,"height":563,"url":"https:\/\/www.caudete.org\/ayuntamiento\/wp-content\/uploads\/2021\/10\/IMG_20211017_210051.jpg","type":"image\/jpeg"}],"author":"alcalde","twitter_card":"summary_large_image","twitter_misc":{"Escrito por":"alcalde","Tiempo de lectura":"1 minuto"},"schema":{"@context":"https:\/\/schema.org","@graph":[{"@type":"Article","@id":"https:\/\/www.caudete.org\/ayuntamiento\/ayuntamiento-y-comercio-lanzan-la-campana-navidena\/#article","isPartOf":{"@id":"https:\/\/www.caudete.org\/ayuntamiento\/ayuntamiento-y-comercio-lanzan-la-campana-navidena\/"},"author":{"name":"alcalde","@id":"https:\/\/www.caudete.org\/ayuntamiento\/#\/schema\/person\/cc646da9133078ee4d8dd47457947253"},"headline":"Ayuntamiento y COMERCIO lanzan la CAMPA\u00d1A NAVIDE\u00d1A","datePublished":"2021-10-18T07:00:27+00:00","dateModified":"2021-10-18T08:16:17+00:00","mainEntityOfPage":{"@id":"https:\/\/www.caudete.org\/ayuntamiento\/ayuntamiento-y-comercio-lanzan-la-campana-navidena\/"},"wordCount":318,"publisher":{"@id":"https:\/\/www.caudete.org\/ayuntamiento\/#organization"},"image":{"@id":"https:\/\/www.caudete.org\/ayuntamiento\/ayuntamiento-y-comercio-lanzan-la-campana-navidena\/#primaryimage"},"thumbnailUrl":"https:\/\/www.caudete.org\/ayuntamiento\/wp-content\/uploads\/2021\/10\/IMG_20211017_210051.jpg","articleSection":["Comercio"],"inLanguage":"es"},{"@type":"WebPage","@id":"https:\/\/www.caudete.org\/ayuntamiento\/ayuntamiento-y-comercio-lanzan-la-campana-navidena\/","url":"https:\/\/www.caudete.org\/ayuntamiento\/ayuntamiento-y-comercio-lanzan-la-campana-navidena\/","name":"Ayuntamiento y COMERCIO lanzan la CAMPA\u00d1A NAVIDE\u00d1A - MI Ayuntamiento de Caudete","isPartOf":{"@id":"https:\/\/www.caudete.org\/ayuntamiento\/#website"},"primaryImageOfPage":{"@id":"https:\/\/www.caudete.org\/ayuntamiento\/ayuntamiento-y-comercio-lanzan-la-campana-navidena\/#primaryimage"},"image":{"@id":"https:\/\/www.caudete.org\/ayuntamiento\/ayuntamiento-y-comercio-lanzan-la-campana-navidena\/#primaryimage"},"thumbnailUrl":"https:\/\/www.caudete.org\/ayuntamiento\/wp-content\/uploads\/2021\/10\/IMG_20211017_210051.jpg","datePublished":"2021-10-18T07:00:27+00:00","dateModified":"2021-10-18T08:16:17+00:00","description":"P\u00e1gina Oficial del Ayuntamiento de Caudete (Albacete)","breadcrumb":{"@id":"https:\/\/www.caudete.org\/ayuntamiento\/ayuntamiento-y-comercio-lanzan-la-campana-navidena\/#breadcrumb"},"inLanguage":"es","potentialAction":[{"@type":"ReadAction","target":["https:\/\/www.caudete.org\/ayuntamiento\/ayuntamiento-y-comercio-lanzan-la-campana-navidena\/"]}]},{"@type":"ImageObject","inLanguage":"es","@id":"https:\/\/www.caudete.org\/ayuntamiento\/ayuntamiento-y-comercio-lanzan-la-campana-navidena\/#primaryimage","url":"https:\/\/www.caudete.org\/ayuntamiento\/wp-content\/uploads\/2021\/10\/IMG_20211017_210051.jpg","contentUrl":"https:\/\/www.caudete.org\/ayuntamiento\/wp-content\/uploads\/2021\/10\/IMG_20211017_210051.jpg","width":788,"height":563},{"@type":"BreadcrumbList","@id":"https:\/\/www.caudete.org\/ayuntamiento\/ayuntamiento-y-comercio-lanzan-la-campana-navidena\/#breadcrumb","itemListElement":[{"@type":"ListItem","position":1,"name":"Inicio","item":"https:\/\/www.caudete.org\/ayuntamiento\/"},{"@type":"ListItem","position":2,"name":"Ayuntamiento y COMERCIO lanzan la CAMPA\u00d1A NAVIDE\u00d1A"}]},{"@type":"WebSite","@id":"https:\/\/www.caudete.org\/ayuntamiento\/#website","url":"https:\/\/www.caudete.org\/ayuntamiento\/","name":"MI Ayuntamiento de Caudete","description":"P\u00e1gina Oficial del MI Ayuntamiento de Caudete","publisher":{"@id":"https:\/\/www.caudete.org\/ayuntamiento\/#organization"},"potentialAction":[{"@type":"SearchAction","target":{"@type":"EntryPoint","urlTemplate":"https:\/\/www.caudete.org\/ayuntamiento\/?s={search_term_string}"},"query-input":{"@type":"PropertyValueSpecification","valueRequired":true,"valueName":"search_term_string"}}],"inLanguage":"es"},{"@type":"Organization","@id":"https:\/\/www.caudete.org\/ayuntamiento\/#organization","name":"Ayuntamiento de Caudete","url":"https:\/\/www.caudete.org\/ayuntamiento\/","logo":{"@type":"ImageObject","inLanguage":"es","@id":"https:\/\/www.caudete.org\/ayuntamiento\/#\/schema\/logo\/image\/","url":"https:\/\/www.caudete.org\/ayuntamiento\/wp-content\/uploads\/2020\/11\/logo_ayuntamiento_caudete.jpg","contentUrl":"https:\/\/www.caudete.org\/ayuntamiento\/wp-content\/uploads\/2020\/11\/logo_ayuntamiento_caudete.jpg","width":600,"height":150,"caption":"Ayuntamiento de Caudete"},"image":{"@id":"https:\/\/www.caudete.org\/ayuntamiento\/#\/schema\/logo\/image\/"},"sameAs":["https:\/\/www.facebook.com\/ayuntamientocaudete\/","https:\/\/www.youtube.com\/channel\/UC6VztHaooNsGpw-tNoBEFnQ"]},{"@type":"Person","@id":"https:\/\/www.caudete.org\/ayuntamiento\/#\/schema\/person\/cc646da9133078ee4d8dd47457947253","name":"alcalde","image":{"@type":"ImageObject","inLanguage":"es","@id":"https:\/\/secure.gravatar.com\/avatar\/84a817ba065b29ff08d666b215a215f5c79186a645ccb25b14a663d48a130f77?s=96&d=mm&r=g","url":"https:\/\/secure.gravatar.com\/avatar\/84a817ba065b29ff08d666b215a215f5c79186a645ccb25b14a663d48a130f77?s=96&d=mm&r=g","contentUrl":"https:\/\/secure.gravatar.com\/avatar\/84a817ba065b29ff08d666b215a215f5c79186a645ccb25b14a663d48a130f77?s=96&d=mm&r=g","caption":"alcalde"},"url":"https:\/\/www.caudete.org\/ayuntamiento\/author\/alcalde\/"}]}},"_links":{"self":[{"href":"https:\/\/www.caudete.org\/ayuntamiento\/wp-json\/wp\/v2\/posts\/16524","targetHints":{"allow":["GET"]}}],"collection":[{"href":"https:\/\/www.caudete.org\/ayuntamiento\/wp-json\/wp\/v2\/posts"}],"about":[{"href":"https:\/\/www.caudete.org\/ayuntamiento\/wp-json\/wp\/v2\/types\/post"}],"author":[{"embeddable":true,"href":"https:\/\/www.caudete.org\/ayuntamiento\/wp-json\/wp\/v2\/users\/3"}],"replies":[{"embeddable":true,"href":"https:\/\/www.caudete.org\/ayuntamiento\/wp-json\/wp\/v2\/comments?post=16524"}],"version-history":[{"count":2,"href":"https:\/\/www.caudete.org\/ayuntamiento\/wp-json\/wp\/v2\/posts\/16524\/revisions"}],"predecessor-version":[{"id":16527,"href":"https:\/\/www.caudete.org\/ayuntamiento\/wp-json\/wp\/v2\/posts\/16524\/revisions\/16527"}],"wp:featuredmedia":[{"embeddable":true,"href":"https:\/\/www.caudete.org\/ayuntamiento\/wp-json\/wp\/v2\/media\/16526"}],"wp:attachment":[{"href":"https:\/\/www.caudete.org\/ayuntamiento\/wp-json\/wp\/v2\/media?parent=16524"}],"wp:term":[{"taxonomy":"category","embeddable":true,"href":"https:\/\/www.caudete.org\/ayuntamiento\/wp-json\/wp\/v2\/categories?post=16524"},{"taxonomy":"post_tag","embeddable":true,"href":"https:\/\/www.caudete.org\/ayuntamiento\/wp-json\/wp\/v2\/tags?post=16524"}],"curies":[{"name":"wp","href":"https:\/\/api.w.org\/{rel}","templated":true}]}}