{"id":16570,"date":"2021-10-20T16:25:43","date_gmt":"2021-10-20T14:25:43","guid":{"rendered":"https:\/\/www.caudete.org\/ayuntamiento\/?p=16570"},"modified":"2021-10-20T22:55:07","modified_gmt":"2021-10-20T20:55:07","slug":"asfaltada-la-vereda-de-sta-ana-tras-el-deterioro-por-las-obras-de-la-autovia","status":"publish","type":"post","link":"https:\/\/www.caudete.org\/ayuntamiento\/asfaltada-la-vereda-de-sta-ana-tras-el-deterioro-por-las-obras-de-la-autovia\/","title":{"rendered":"Asfaltada la VEREDA DE STA.ANA tras el deterioro por las obras de la Autov\u00eda"},"content":{"rendered":"<p style=\"text-align: justify;\">Esta ma\u00f1ana la empresa adjudicataria de las obras de la Autov\u00eda proced\u00eda al asfaltado de la Vereda de Santa Ana, tras los trabajos de fresado realizados la pasada semana.<\/p>\n<p style=\"text-align: justify;\">Hasta el lugar se ha desplazado el Concejal de Movilidad, Joaqu\u00edn Pag\u00e1n, para comprobar la ejecuci\u00f3n de las obras.<\/p>\n<p><a href=\"https:\/\/www.caudete.org\/ayuntamiento\/wp-content\/uploads\/2021\/10\/IMG-20211020-WA0029.jpg\" rel='prettyPhoto'><img fetchpriority=\"high\" decoding=\"async\" class=\"aligncenter wp-image-16572 size-medium\" src=\"https:\/\/www.caudete.org\/ayuntamiento\/wp-content\/uploads\/2021\/10\/IMG-20211020-WA0029-300x169.jpg\" alt=\"\" width=\"300\" height=\"169\" srcset=\"https:\/\/www.caudete.org\/ayuntamiento\/wp-content\/uploads\/2021\/10\/IMG-20211020-WA0029-300x169.jpg 300w, https:\/\/www.caudete.org\/ayuntamiento\/wp-content\/uploads\/2021\/10\/IMG-20211020-WA0029-1024x576.jpg 1024w, https:\/\/www.caudete.org\/ayuntamiento\/wp-content\/uploads\/2021\/10\/IMG-20211020-WA0029-768x432.jpg 768w, https:\/\/www.caudete.org\/ayuntamiento\/wp-content\/uploads\/2021\/10\/IMG-20211020-WA0029-1536x864.jpg 1536w, https:\/\/www.caudete.org\/ayuntamiento\/wp-content\/uploads\/2021\/10\/IMG-20211020-WA0029.jpg 2048w\" sizes=\"(max-width: 300px) 100vw, 300px\" \/><\/a><\/p>\n<p style=\"text-align: justify;\">Estas se realizan tras el deterioro sufrido con motivo de las obras de la Autov\u00eda, al ser necesario el desv\u00edo del tr\u00e1fico durante un tiempo amplio.<\/p>\n<p style=\"text-align: justify;\">As\u00ed pues, el Alcalde Mois\u00e9s L\u00f3pez y el Edil Pag\u00e1n, acordaron con la empresa la reparaci\u00f3n del firme en aquellas zonas deterioradas por la causa expuesta anteriormente, acci\u00f3n que est\u00e1n llevando a cabo seg\u00fan las previsiones.<\/p>\n<p><a href=\"https:\/\/www.caudete.org\/ayuntamiento\/wp-content\/uploads\/2021\/10\/IMG-20211020-WA0069.jpg\" rel='prettyPhoto'><img decoding=\"async\" class=\"aligncenter wp-image-16573 size-medium\" src=\"https:\/\/www.caudete.org\/ayuntamiento\/wp-content\/uploads\/2021\/10\/IMG-20211020-WA0069-300x169.jpg\" alt=\"\" width=\"300\" height=\"169\" srcset=\"https:\/\/www.caudete.org\/ayuntamiento\/wp-content\/uploads\/2021\/10\/IMG-20211020-WA0069-300x169.jpg 300w, https:\/\/www.caudete.org\/ayuntamiento\/wp-content\/uploads\/2021\/10\/IMG-20211020-WA0069-1024x576.jpg 1024w, https:\/\/www.caudete.org\/ayuntamiento\/wp-content\/uploads\/2021\/10\/IMG-20211020-WA0069-768x432.jpg 768w, https:\/\/www.caudete.org\/ayuntamiento\/wp-content\/uploads\/2021\/10\/IMG-20211020-WA0069-1536x864.jpg 1536w, https:\/\/www.caudete.org\/ayuntamiento\/wp-content\/uploads\/2021\/10\/IMG-20211020-WA0069.jpg 2048w\" sizes=\"(max-width: 300px) 100vw, 300px\" \/><\/a><\/p>\n<p style=\"text-align: justify;\">En semanas venideras, informaba Joaqu\u00edn Pag\u00e1n, se completar\u00e1n las obras de reparaci\u00f3n de la Avenida de Valencia para ser asfaltada.<\/p>\n<p><a href=\"https:\/\/www.caudete.org\/ayuntamiento\/wp-content\/uploads\/2021\/10\/IMG-20211020-WA0063.jpg\" rel='prettyPhoto'><img decoding=\"async\" class=\"aligncenter wp-image-16574 size-medium\" src=\"https:\/\/www.caudete.org\/ayuntamiento\/wp-content\/uploads\/2021\/10\/IMG-20211020-WA0063-300x225.jpg\" alt=\"\" width=\"300\" height=\"225\" srcset=\"https:\/\/www.caudete.org\/ayuntamiento\/wp-content\/uploads\/2021\/10\/IMG-20211020-WA0063-300x225.jpg 300w, https:\/\/www.caudete.org\/ayuntamiento\/wp-content\/uploads\/2021\/10\/IMG-20211020-WA0063-1024x768.jpg 1024w, https:\/\/www.caudete.org\/ayuntamiento\/wp-content\/uploads\/2021\/10\/IMG-20211020-WA0063-768x576.jpg 768w, https:\/\/www.caudete.org\/ayuntamiento\/wp-content\/uploads\/2021\/10\/IMG-20211020-WA0063-1536x1152.jpg 1536w, https:\/\/www.caudete.org\/ayuntamiento\/wp-content\/uploads\/2021\/10\/IMG-20211020-WA0063.jpg 2048w\" sizes=\"(max-width: 300px) 100vw, 300px\" \/><\/a><\/p>\n","protected":false},"excerpt":{"rendered":"<p>Esta ma\u00f1ana la empresa adjudicataria de las obras de la Autov\u00eda proced\u00eda al asfaltado de la Vereda de Santa Ana, tras los trabajos de fresado realizados la pasada semana. Hasta el lugar se ha desplazado el Concejal de Movilidad, Joaqu\u00edn Pag\u00e1n, para comprobar la ejecuci\u00f3n de las obras. Estas se realizan tras el deterioro sufrido &hellip;<\/p>\n","protected":false},"author":3,"featured_media":16571,"comment_status":"closed","ping_status":"open","sticky":false,"template":"","format":"standard","meta":{"ngg_post_thumbnail":0,"footnotes":""},"categories":[46],"tags":[],"class_list":["post-16570","post","type-post","status-publish","format-standard","has-post-thumbnail","hentry","category-movilidad-urbana"],"yoast_head":"<!-- This site is optimized with the Yoast SEO plugin v27.5 - https:\/\/yoast.com\/product\/yoast-seo-wordpress\/ -->\n<title>Asfaltada la VEREDA DE STA.ANA tras el deterioro por las obras de la Autov\u00eda - MI Ayuntamiento de Caudete<\/title>\n<meta name=\"description\" content=\"P\u00e1gina Oficial del Ayuntamiento de Caudete (Albacete)\" \/>\n<meta name=\"robots\" content=\"index, follow, max-snippet:-1, max-image-preview:large, max-video-preview:-1\" \/>\n<link rel=\"canonical\" href=\"https:\/\/www.caudete.org\/ayuntamiento\/asfaltada-la-vereda-de-sta-ana-tras-el-deterioro-por-las-obras-de-la-autovia\/\" \/>\n<meta property=\"og:locale\" content=\"es_ES\" \/>\n<meta property=\"og:type\" content=\"article\" \/>\n<meta property=\"og:title\" content=\"Asfaltada la VEREDA DE STA.ANA tras el deterioro por las obras de la Autov\u00eda - MI Ayuntamiento de Caudete\" \/>\n<meta property=\"og:description\" content=\"P\u00e1gina Oficial del Ayuntamiento de Caudete (Albacete)\" \/>\n<meta property=\"og:url\" content=\"https:\/\/www.caudete.org\/ayuntamiento\/asfaltada-la-vereda-de-sta-ana-tras-el-deterioro-por-las-obras-de-la-autovia\/\" \/>\n<meta property=\"og:site_name\" content=\"MI Ayuntamiento de Caudete\" \/>\n<meta property=\"article:publisher\" content=\"https:\/\/www.facebook.com\/ayuntamientocaudete\/\" \/>\n<meta property=\"article:published_time\" content=\"2021-10-20T14:25:43+00:00\" \/>\n<meta property=\"article:modified_time\" content=\"2021-10-20T20:55:07+00:00\" \/>\n<meta property=\"og:image\" content=\"https:\/\/www.caudete.org\/ayuntamiento\/wp-content\/uploads\/2021\/10\/IMG-20211020-WA0064.jpg\" \/>\n\t<meta property=\"og:image:width\" content=\"2048\" \/>\n\t<meta property=\"og:image:height\" content=\"1536\" \/>\n\t<meta property=\"og:image:type\" content=\"image\/jpeg\" \/>\n<meta name=\"author\" content=\"alcalde\" \/>\n<meta name=\"twitter:card\" content=\"summary_large_image\" \/>\n<meta name=\"twitter:label1\" content=\"Escrito por\" \/>\n\t<meta name=\"twitter:data1\" content=\"alcalde\" \/>\n\t<meta name=\"twitter:label2\" content=\"Tiempo de lectura\" \/>\n\t<meta name=\"twitter:data2\" content=\"2 minutos\" \/>\n<script type=\"application\/ld+json\" class=\"yoast-schema-graph\">{\"@context\":\"https:\\\/\\\/schema.org\",\"@graph\":[{\"@type\":\"Article\",\"@id\":\"https:\\\/\\\/www.caudete.org\\\/ayuntamiento\\\/asfaltada-la-vereda-de-sta-ana-tras-el-deterioro-por-las-obras-de-la-autovia\\\/#article\",\"isPartOf\":{\"@id\":\"https:\\\/\\\/www.caudete.org\\\/ayuntamiento\\\/asfaltada-la-vereda-de-sta-ana-tras-el-deterioro-por-las-obras-de-la-autovia\\\/\"},\"author\":{\"name\":\"alcalde\",\"@id\":\"https:\\\/\\\/www.caudete.org\\\/ayuntamiento\\\/#\\\/schema\\\/person\\\/cc646da9133078ee4d8dd47457947253\"},\"headline\":\"Asfaltada la VEREDA DE STA.ANA tras el deterioro por las obras de la Autov\u00eda\",\"datePublished\":\"2021-10-20T14:25:43+00:00\",\"dateModified\":\"2021-10-20T20:55:07+00:00\",\"mainEntityOfPage\":{\"@id\":\"https:\\\/\\\/www.caudete.org\\\/ayuntamiento\\\/asfaltada-la-vereda-de-sta-ana-tras-el-deterioro-por-las-obras-de-la-autovia\\\/\"},\"wordCount\":166,\"image\":{\"@id\":\"https:\\\/\\\/www.caudete.org\\\/ayuntamiento\\\/asfaltada-la-vereda-de-sta-ana-tras-el-deterioro-por-las-obras-de-la-autovia\\\/#primaryimage\"},\"thumbnailUrl\":\"https:\\\/\\\/www.caudete.org\\\/ayuntamiento\\\/wp-content\\\/uploads\\\/2021\\\/10\\\/IMG-20211020-WA0064.jpg\",\"articleSection\":[\"Movilidad Urbana\"],\"inLanguage\":\"es\"},{\"@type\":\"WebPage\",\"@id\":\"https:\\\/\\\/www.caudete.org\\\/ayuntamiento\\\/asfaltada-la-vereda-de-sta-ana-tras-el-deterioro-por-las-obras-de-la-autovia\\\/\",\"url\":\"https:\\\/\\\/www.caudete.org\\\/ayuntamiento\\\/asfaltada-la-vereda-de-sta-ana-tras-el-deterioro-por-las-obras-de-la-autovia\\\/\",\"name\":\"Asfaltada la VEREDA DE STA.ANA tras el deterioro por las obras de la Autov\u00eda - MI Ayuntamiento de Caudete\",\"isPartOf\":{\"@id\":\"https:\\\/\\\/www.caudete.org\\\/ayuntamiento\\\/#website\"},\"primaryImageOfPage\":{\"@id\":\"https:\\\/\\\/www.caudete.org\\\/ayuntamiento\\\/asfaltada-la-vereda-de-sta-ana-tras-el-deterioro-por-las-obras-de-la-autovia\\\/#primaryimage\"},\"image\":{\"@id\":\"https:\\\/\\\/www.caudete.org\\\/ayuntamiento\\\/asfaltada-la-vereda-de-sta-ana-tras-el-deterioro-por-las-obras-de-la-autovia\\\/#primaryimage\"},\"thumbnailUrl\":\"https:\\\/\\\/www.caudete.org\\\/ayuntamiento\\\/wp-content\\\/uploads\\\/2021\\\/10\\\/IMG-20211020-WA0064.jpg\",\"datePublished\":\"2021-10-20T14:25:43+00:00\",\"dateModified\":\"2021-10-20T20:55:07+00:00\",\"author\":{\"@id\":\"https:\\\/\\\/www.caudete.org\\\/ayuntamiento\\\/#\\\/schema\\\/person\\\/cc646da9133078ee4d8dd47457947253\"},\"description\":\"P\u00e1gina Oficial del Ayuntamiento de Caudete (Albacete)\",\"breadcrumb\":{\"@id\":\"https:\\\/\\\/www.caudete.org\\\/ayuntamiento\\\/asfaltada-la-vereda-de-sta-ana-tras-el-deterioro-por-las-obras-de-la-autovia\\\/#breadcrumb\"},\"inLanguage\":\"es\",\"potentialAction\":[{\"@type\":\"ReadAction\",\"target\":[\"https:\\\/\\\/www.caudete.org\\\/ayuntamiento\\\/asfaltada-la-vereda-de-sta-ana-tras-el-deterioro-por-las-obras-de-la-autovia\\\/\"]}]},{\"@type\":\"ImageObject\",\"inLanguage\":\"es\",\"@id\":\"https:\\\/\\\/www.caudete.org\\\/ayuntamiento\\\/asfaltada-la-vereda-de-sta-ana-tras-el-deterioro-por-las-obras-de-la-autovia\\\/#primaryimage\",\"url\":\"https:\\\/\\\/www.caudete.org\\\/ayuntamiento\\\/wp-content\\\/uploads\\\/2021\\\/10\\\/IMG-20211020-WA0064.jpg\",\"contentUrl\":\"https:\\\/\\\/www.caudete.org\\\/ayuntamiento\\\/wp-content\\\/uploads\\\/2021\\\/10\\\/IMG-20211020-WA0064.jpg\",\"width\":2048,\"height\":1536},{\"@type\":\"BreadcrumbList\",\"@id\":\"https:\\\/\\\/www.caudete.org\\\/ayuntamiento\\\/asfaltada-la-vereda-de-sta-ana-tras-el-deterioro-por-las-obras-de-la-autovia\\\/#breadcrumb\",\"itemListElement\":[{\"@type\":\"ListItem\",\"position\":1,\"name\":\"Inicio\",\"item\":\"https:\\\/\\\/www.caudete.org\\\/ayuntamiento\\\/\"},{\"@type\":\"ListItem\",\"position\":2,\"name\":\"Asfaltada la VEREDA DE STA.ANA tras el deterioro por las obras de la Autov\u00eda\"}]},{\"@type\":\"WebSite\",\"@id\":\"https:\\\/\\\/www.caudete.org\\\/ayuntamiento\\\/#website\",\"url\":\"https:\\\/\\\/www.caudete.org\\\/ayuntamiento\\\/\",\"name\":\"MI Ayuntamiento de Caudete\",\"description\":\"P\u00e1gina Oficial del MI Ayuntamiento de Caudete\",\"potentialAction\":[{\"@type\":\"SearchAction\",\"target\":{\"@type\":\"EntryPoint\",\"urlTemplate\":\"https:\\\/\\\/www.caudete.org\\\/ayuntamiento\\\/?s={search_term_string}\"},\"query-input\":{\"@type\":\"PropertyValueSpecification\",\"valueRequired\":true,\"valueName\":\"search_term_string\"}}],\"inLanguage\":\"es\"},{\"@type\":\"Person\",\"@id\":\"https:\\\/\\\/www.caudete.org\\\/ayuntamiento\\\/#\\\/schema\\\/person\\\/cc646da9133078ee4d8dd47457947253\",\"name\":\"alcalde\",\"image\":{\"@type\":\"ImageObject\",\"inLanguage\":\"es\",\"@id\":\"https:\\\/\\\/secure.gravatar.com\\\/avatar\\\/84a817ba065b29ff08d666b215a215f5c79186a645ccb25b14a663d48a130f77?s=96&d=mm&r=g\",\"url\":\"https:\\\/\\\/secure.gravatar.com\\\/avatar\\\/84a817ba065b29ff08d666b215a215f5c79186a645ccb25b14a663d48a130f77?s=96&d=mm&r=g\",\"contentUrl\":\"https:\\\/\\\/secure.gravatar.com\\\/avatar\\\/84a817ba065b29ff08d666b215a215f5c79186a645ccb25b14a663d48a130f77?s=96&d=mm&r=g\",\"caption\":\"alcalde\"},\"url\":\"https:\\\/\\\/www.caudete.org\\\/ayuntamiento\\\/author\\\/alcalde\\\/\"}]}<\/script>\n<!-- \/ Yoast SEO plugin. -->","yoast_head_json":{"title":"Asfaltada la VEREDA DE STA.ANA tras el deterioro por las obras de la Autov\u00eda - MI Ayuntamiento de Caudete","description":"P\u00e1gina Oficial del Ayuntamiento de Caudete (Albacete)","robots":{"index":"index","follow":"follow","max-snippet":"max-snippet:-1","max-image-preview":"max-image-preview:large","max-video-preview":"max-video-preview:-1"},"canonical":"https:\/\/www.caudete.org\/ayuntamiento\/asfaltada-la-vereda-de-sta-ana-tras-el-deterioro-por-las-obras-de-la-autovia\/","og_locale":"es_ES","og_type":"article","og_title":"Asfaltada la VEREDA DE STA.ANA tras el deterioro por las obras de la Autov\u00eda - MI Ayuntamiento de Caudete","og_description":"P\u00e1gina Oficial del Ayuntamiento de Caudete (Albacete)","og_url":"https:\/\/www.caudete.org\/ayuntamiento\/asfaltada-la-vereda-de-sta-ana-tras-el-deterioro-por-las-obras-de-la-autovia\/","og_site_name":"MI Ayuntamiento de Caudete","article_publisher":"https:\/\/www.facebook.com\/ayuntamientocaudete\/","article_published_time":"2021-10-20T14:25:43+00:00","article_modified_time":"2021-10-20T20:55:07+00:00","og_image":[{"width":2048,"height":1536,"url":"https:\/\/www.caudete.org\/ayuntamiento\/wp-content\/uploads\/2021\/10\/IMG-20211020-WA0064.jpg","type":"image\/jpeg"}],"author":"alcalde","twitter_card":"summary_large_image","twitter_misc":{"Escrito por":"alcalde","Tiempo de lectura":"2 minutos"},"schema":{"@context":"https:\/\/schema.org","@graph":[{"@type":"Article","@id":"https:\/\/www.caudete.org\/ayuntamiento\/asfaltada-la-vereda-de-sta-ana-tras-el-deterioro-por-las-obras-de-la-autovia\/#article","isPartOf":{"@id":"https:\/\/www.caudete.org\/ayuntamiento\/asfaltada-la-vereda-de-sta-ana-tras-el-deterioro-por-las-obras-de-la-autovia\/"},"author":{"name":"alcalde","@id":"https:\/\/www.caudete.org\/ayuntamiento\/#\/schema\/person\/cc646da9133078ee4d8dd47457947253"},"headline":"Asfaltada la VEREDA DE STA.ANA tras el deterioro por las obras de la Autov\u00eda","datePublished":"2021-10-20T14:25:43+00:00","dateModified":"2021-10-20T20:55:07+00:00","mainEntityOfPage":{"@id":"https:\/\/www.caudete.org\/ayuntamiento\/asfaltada-la-vereda-de-sta-ana-tras-el-deterioro-por-las-obras-de-la-autovia\/"},"wordCount":166,"image":{"@id":"https:\/\/www.caudete.org\/ayuntamiento\/asfaltada-la-vereda-de-sta-ana-tras-el-deterioro-por-las-obras-de-la-autovia\/#primaryimage"},"thumbnailUrl":"https:\/\/www.caudete.org\/ayuntamiento\/wp-content\/uploads\/2021\/10\/IMG-20211020-WA0064.jpg","articleSection":["Movilidad Urbana"],"inLanguage":"es"},{"@type":"WebPage","@id":"https:\/\/www.caudete.org\/ayuntamiento\/asfaltada-la-vereda-de-sta-ana-tras-el-deterioro-por-las-obras-de-la-autovia\/","url":"https:\/\/www.caudete.org\/ayuntamiento\/asfaltada-la-vereda-de-sta-ana-tras-el-deterioro-por-las-obras-de-la-autovia\/","name":"Asfaltada la VEREDA DE STA.ANA tras el deterioro por las obras de la Autov\u00eda - MI Ayuntamiento de Caudete","isPartOf":{"@id":"https:\/\/www.caudete.org\/ayuntamiento\/#website"},"primaryImageOfPage":{"@id":"https:\/\/www.caudete.org\/ayuntamiento\/asfaltada-la-vereda-de-sta-ana-tras-el-deterioro-por-las-obras-de-la-autovia\/#primaryimage"},"image":{"@id":"https:\/\/www.caudete.org\/ayuntamiento\/asfaltada-la-vereda-de-sta-ana-tras-el-deterioro-por-las-obras-de-la-autovia\/#primaryimage"},"thumbnailUrl":"https:\/\/www.caudete.org\/ayuntamiento\/wp-content\/uploads\/2021\/10\/IMG-20211020-WA0064.jpg","datePublished":"2021-10-20T14:25:43+00:00","dateModified":"2021-10-20T20:55:07+00:00","author":{"@id":"https:\/\/www.caudete.org\/ayuntamiento\/#\/schema\/person\/cc646da9133078ee4d8dd47457947253"},"description":"P\u00e1gina Oficial del Ayuntamiento de Caudete (Albacete)","breadcrumb":{"@id":"https:\/\/www.caudete.org\/ayuntamiento\/asfaltada-la-vereda-de-sta-ana-tras-el-deterioro-por-las-obras-de-la-autovia\/#breadcrumb"},"inLanguage":"es","potentialAction":[{"@type":"ReadAction","target":["https:\/\/www.caudete.org\/ayuntamiento\/asfaltada-la-vereda-de-sta-ana-tras-el-deterioro-por-las-obras-de-la-autovia\/"]}]},{"@type":"ImageObject","inLanguage":"es","@id":"https:\/\/www.caudete.org\/ayuntamiento\/asfaltada-la-vereda-de-sta-ana-tras-el-deterioro-por-las-obras-de-la-autovia\/#primaryimage","url":"https:\/\/www.caudete.org\/ayuntamiento\/wp-content\/uploads\/2021\/10\/IMG-20211020-WA0064.jpg","contentUrl":"https:\/\/www.caudete.org\/ayuntamiento\/wp-content\/uploads\/2021\/10\/IMG-20211020-WA0064.jpg","width":2048,"height":1536},{"@type":"BreadcrumbList","@id":"https:\/\/www.caudete.org\/ayuntamiento\/asfaltada-la-vereda-de-sta-ana-tras-el-deterioro-por-las-obras-de-la-autovia\/#breadcrumb","itemListElement":[{"@type":"ListItem","position":1,"name":"Inicio","item":"https:\/\/www.caudete.org\/ayuntamiento\/"},{"@type":"ListItem","position":2,"name":"Asfaltada la VEREDA DE STA.ANA tras el deterioro por las obras de la Autov\u00eda"}]},{"@type":"WebSite","@id":"https:\/\/www.caudete.org\/ayuntamiento\/#website","url":"https:\/\/www.caudete.org\/ayuntamiento\/","name":"MI Ayuntamiento de Caudete","description":"P\u00e1gina Oficial del MI Ayuntamiento de Caudete","potentialAction":[{"@type":"SearchAction","target":{"@type":"EntryPoint","urlTemplate":"https:\/\/www.caudete.org\/ayuntamiento\/?s={search_term_string}"},"query-input":{"@type":"PropertyValueSpecification","valueRequired":true,"valueName":"search_term_string"}}],"inLanguage":"es"},{"@type":"Person","@id":"https:\/\/www.caudete.org\/ayuntamiento\/#\/schema\/person\/cc646da9133078ee4d8dd47457947253","name":"alcalde","image":{"@type":"ImageObject","inLanguage":"es","@id":"https:\/\/secure.gravatar.com\/avatar\/84a817ba065b29ff08d666b215a215f5c79186a645ccb25b14a663d48a130f77?s=96&d=mm&r=g","url":"https:\/\/secure.gravatar.com\/avatar\/84a817ba065b29ff08d666b215a215f5c79186a645ccb25b14a663d48a130f77?s=96&d=mm&r=g","contentUrl":"https:\/\/secure.gravatar.com\/avatar\/84a817ba065b29ff08d666b215a215f5c79186a645ccb25b14a663d48a130f77?s=96&d=mm&r=g","caption":"alcalde"},"url":"https:\/\/www.caudete.org\/ayuntamiento\/author\/alcalde\/"}]}},"_links":{"self":[{"href":"https:\/\/www.caudete.org\/ayuntamiento\/wp-json\/wp\/v2\/posts\/16570","targetHints":{"allow":["GET"]}}],"collection":[{"href":"https:\/\/www.caudete.org\/ayuntamiento\/wp-json\/wp\/v2\/posts"}],"about":[{"href":"https:\/\/www.caudete.org\/ayuntamiento\/wp-json\/wp\/v2\/types\/post"}],"author":[{"embeddable":true,"href":"https:\/\/www.caudete.org\/ayuntamiento\/wp-json\/wp\/v2\/users\/3"}],"replies":[{"embeddable":true,"href":"https:\/\/www.caudete.org\/ayuntamiento\/wp-json\/wp\/v2\/comments?post=16570"}],"version-history":[{"count":2,"href":"https:\/\/www.caudete.org\/ayuntamiento\/wp-json\/wp\/v2\/posts\/16570\/revisions"}],"predecessor-version":[{"id":16586,"href":"https:\/\/www.caudete.org\/ayuntamiento\/wp-json\/wp\/v2\/posts\/16570\/revisions\/16586"}],"wp:featuredmedia":[{"embeddable":true,"href":"https:\/\/www.caudete.org\/ayuntamiento\/wp-json\/wp\/v2\/media\/16571"}],"wp:attachment":[{"href":"https:\/\/www.caudete.org\/ayuntamiento\/wp-json\/wp\/v2\/media?parent=16570"}],"wp:term":[{"taxonomy":"category","embeddable":true,"href":"https:\/\/www.caudete.org\/ayuntamiento\/wp-json\/wp\/v2\/categories?post=16570"},{"taxonomy":"post_tag","embeddable":true,"href":"https:\/\/www.caudete.org\/ayuntamiento\/wp-json\/wp\/v2\/tags?post=16570"}],"curies":[{"name":"wp","href":"https:\/\/api.w.org\/{rel}","templated":true}]}}