{"id":16576,"date":"2021-10-20T20:22:08","date_gmt":"2021-10-20T18:22:08","guid":{"rendered":"https:\/\/www.caudete.org\/ayuntamiento\/?p=16576"},"modified":"2021-10-20T23:01:49","modified_gmt":"2021-10-20T21:01:49","slug":"3-premio-maria-moliner-a-la-biblioteca-de-caudete","status":"publish","type":"post","link":"https:\/\/www.caudete.org\/ayuntamiento\/3-premio-maria-moliner-a-la-biblioteca-de-caudete\/","title":{"rendered":"3\u00b0 Premio MARIA MOLINER a la Biblioteca de Caudete"},"content":{"rendered":"<p style=\"text-align: justify;\"><strong>LA BIBLIOTECA P\u00daBLICA MUNICIPAL ANA MAR\u00cdA MATUTE DE CAUDETE OBTIENE EL M\u00c1XIMO GALARD\u00d3N DE LOS &#8220;PREMIOS MARIA MOLINER 2021\u201d<\/strong><\/p>\n<p style=\"text-align: justify;\">La <strong>Biblioteca P\u00fablica Municipal<\/strong> Ana Mar\u00eda Matute de Caudete se alza con el<br \/>\n<strong>m\u00e1ximo galard\u00f3n<\/strong> para las Bibliotecas P\u00fablicas a <strong>nivel nacional,<\/strong> el <strong>Premio Mar\u00eda Moliner<\/strong>, dotado con <strong>10.000\u20ac<\/strong><\/p>\n<p style=\"text-align: justify;\">Un premio que viene a respaldar el <strong>programa de animaci\u00f3n a la lectura<\/strong> que desde esta Biblioteca se desarrolla en todo el municipio de Caudete, tanto a nivel <strong>presencial<\/strong> <strong>como<\/strong> a nivel <strong>virtual<\/strong> a trav\u00e9s de todas sus redes sociales, no en vano el proyecto premiado se llama: La Biblioteca de Caudete, una biblioteca En(red)ada para ti.<\/p>\n<p><a href=\"https:\/\/www.caudete.org\/ayuntamiento\/wp-content\/uploads\/2021\/10\/CLUB-DE-LECTURA-NUNCA-ES-TARDE.jpeg\" rel='prettyPhoto'><img fetchpriority=\"high\" decoding=\"async\" class=\"aligncenter wp-image-16578 size-medium\" src=\"https:\/\/www.caudete.org\/ayuntamiento\/wp-content\/uploads\/2021\/10\/CLUB-DE-LECTURA-NUNCA-ES-TARDE-300x225.jpeg\" alt=\"\" width=\"300\" height=\"225\" srcset=\"https:\/\/www.caudete.org\/ayuntamiento\/wp-content\/uploads\/2021\/10\/CLUB-DE-LECTURA-NUNCA-ES-TARDE-300x225.jpeg 300w, https:\/\/www.caudete.org\/ayuntamiento\/wp-content\/uploads\/2021\/10\/CLUB-DE-LECTURA-NUNCA-ES-TARDE-1024x768.jpeg 1024w, https:\/\/www.caudete.org\/ayuntamiento\/wp-content\/uploads\/2021\/10\/CLUB-DE-LECTURA-NUNCA-ES-TARDE-768x576.jpeg 768w, https:\/\/www.caudete.org\/ayuntamiento\/wp-content\/uploads\/2021\/10\/CLUB-DE-LECTURA-NUNCA-ES-TARDE-1536x1152.jpeg 1536w, https:\/\/www.caudete.org\/ayuntamiento\/wp-content\/uploads\/2021\/10\/CLUB-DE-LECTURA-NUNCA-ES-TARDE.jpeg 1600w\" sizes=\"(max-width: 300px) 100vw, 300px\" \/><\/a><\/p>\n<p style=\"text-align: justify;\">Esta XXI <strong>Campa\u00f1a de Animaci\u00f3n a la Lectura<\/strong> Mar\u00eda Moliner <strong>para municipios de menos de 50.000 habitantes<\/strong>, est\u00e1 organizada por el Ministerio de Cultura y Deporte junto con la Federaci\u00f3n Espa\u00f1ola de Municipios y Provincias.<\/p>\n<p style=\"text-align: justify;\">De los <strong>700 proyectos presentados<\/strong> a nivel nacional, la Biblioteca Municipal de <strong>Caudete ha quedado en tercera posici\u00f3n. <\/strong><\/p>\n<p style=\"text-align: justify;\">Para esta campa\u00f1a ha quedado seleccionada en quince ocasiones entre los 300 proyectos clasificados, siendo dos veces finalistas y este a\u00f1o por fin hemos obtenido el m\u00e1ximo galard\u00f3n con el gran premio.<\/p>\n<p style=\"text-align: justify;\">El proyecto premiado es \u201cLa Biblioteca de Caudete, una Biblioteca En(Red)ada para ti\u201d, y tiene como misi\u00f3n hacer que la Biblioteca Municipal siga siendo un referente cultural para el municipio de Caudete durante este a\u00f1o 2021.<\/p>\n<p style=\"text-align: justify;\">Con una poblaci\u00f3n de 10.005 habitantes, nuestra Biblioteca cuenta con 5.926 socios, es decir, qu\u00e9 m\u00e1s de la mitad de habitantes son socios.<\/p>\n<p style=\"text-align: justify;\">Este a\u00f1o, a pesar de comenzarlo con la Biblioteca cerrada al p\u00fablico, por el tema de la COVID-19, nos hemos centrado en seguir en contacto con nuestros usuarios, gracias a los v\u00ednculos que mantenemos con toda la poblaci\u00f3n de Caudete.<\/p>\n<p style=\"text-align: justify;\">Y es que tanto a trav\u00e9s de nuestro proyecto de Clubes de Lectura, como a trav\u00e9s de las numerosas actividades<br \/>\nque hemos realizado tanto de forma presencial, como de forma virtual, hemos querido llegar a todo tipo de p\u00fablico. Y este reconocimiento a nivel nacional es una prueba de ello.<\/p>\n<p style=\"text-align: justify;\">Damos las gracias a todos nuestros usuarios, que hacen que la Biblioteca cada vez siga m\u00e1s enredada para ofrecer actividades y servicios nuevos. Recuerda que la Biblioteca est\u00e1 siempre a tu lado y seguir\u00e1 siendo <em>una biblioteca En(red)ada para ti<\/em>.<\/p>\n<p><a href=\"https:\/\/www.caudete.org\/ayuntamiento\/wp-content\/uploads\/2021\/10\/campa-a-mmoliner-regadera-letras.jpg\" rel='prettyPhoto'><img decoding=\"async\" class=\"aligncenter wp-image-16581 size-medium\" src=\"https:\/\/www.caudete.org\/ayuntamiento\/wp-content\/uploads\/2021\/10\/campa-a-mmoliner-regadera-letras-189x300.jpg\" alt=\"\" width=\"189\" height=\"300\" srcset=\"https:\/\/www.caudete.org\/ayuntamiento\/wp-content\/uploads\/2021\/10\/campa-a-mmoliner-regadera-letras-189x300.jpg 189w, https:\/\/www.caudete.org\/ayuntamiento\/wp-content\/uploads\/2021\/10\/campa-a-mmoliner-regadera-letras-646x1024.jpg 646w, https:\/\/www.caudete.org\/ayuntamiento\/wp-content\/uploads\/2021\/10\/campa-a-mmoliner-regadera-letras-768x1218.jpg 768w, https:\/\/www.caudete.org\/ayuntamiento\/wp-content\/uploads\/2021\/10\/campa-a-mmoliner-regadera-letras-968x1536.jpg 968w, https:\/\/www.caudete.org\/ayuntamiento\/wp-content\/uploads\/2021\/10\/campa-a-mmoliner-regadera-letras-1291x2048.jpg 1291w, https:\/\/www.caudete.org\/ayuntamiento\/wp-content\/uploads\/2021\/10\/campa-a-mmoliner-regadera-letras.jpg 1578w\" sizes=\"(max-width: 189px) 100vw, 189px\" \/><\/a><\/p>\n","protected":false},"excerpt":{"rendered":"<p>LA BIBLIOTECA P\u00daBLICA MUNICIPAL ANA MAR\u00cdA MATUTE DE CAUDETE OBTIENE EL M\u00c1XIMO GALARD\u00d3N DE LOS &#8220;PREMIOS MARIA MOLINER 2021\u201d La Biblioteca P\u00fablica Municipal Ana Mar\u00eda Matute de Caudete se alza con el m\u00e1ximo galard\u00f3n para las Bibliotecas P\u00fablicas a nivel nacional, el Premio Mar\u00eda Moliner, dotado con 10.000\u20ac Un premio que viene a respaldar el &hellip;<\/p>\n","protected":false},"author":3,"featured_media":16588,"comment_status":"closed","ping_status":"open","sticky":false,"template":"","format":"standard","meta":{"ngg_post_thumbnail":0,"footnotes":""},"categories":[14],"tags":[],"class_list":["post-16576","post","type-post","status-publish","format-standard","has-post-thumbnail","hentry","category-cultura"],"yoast_head":"<!-- This site is optimized with the Yoast SEO plugin v27.5 - https:\/\/yoast.com\/product\/yoast-seo-wordpress\/ -->\n<title>3\u00b0 Premio MARIA MOLINER a la Biblioteca de Caudete - MI Ayuntamiento de Caudete<\/title>\n<meta name=\"description\" content=\"P\u00e1gina Oficial del Ayuntamiento de Caudete (Albacete)\" \/>\n<meta name=\"robots\" content=\"index, follow, max-snippet:-1, max-image-preview:large, max-video-preview:-1\" \/>\n<link rel=\"canonical\" href=\"https:\/\/www.caudete.org\/ayuntamiento\/3-premio-maria-moliner-a-la-biblioteca-de-caudete\/\" \/>\n<meta property=\"og:locale\" content=\"es_ES\" \/>\n<meta property=\"og:type\" content=\"article\" \/>\n<meta property=\"og:title\" content=\"3\u00b0 Premio MARIA MOLINER a la Biblioteca de Caudete - MI Ayuntamiento de Caudete\" \/>\n<meta property=\"og:description\" content=\"P\u00e1gina Oficial del Ayuntamiento de Caudete (Albacete)\" \/>\n<meta property=\"og:url\" content=\"https:\/\/www.caudete.org\/ayuntamiento\/3-premio-maria-moliner-a-la-biblioteca-de-caudete\/\" \/>\n<meta property=\"og:site_name\" content=\"MI Ayuntamiento de Caudete\" \/>\n<meta property=\"article:publisher\" content=\"https:\/\/www.facebook.com\/ayuntamientocaudete\/\" \/>\n<meta property=\"article:published_time\" content=\"2021-10-20T18:22:08+00:00\" \/>\n<meta property=\"article:modified_time\" content=\"2021-10-20T21:01:49+00:00\" \/>\n<meta property=\"og:image\" content=\"https:\/\/www.caudete.org\/ayuntamiento\/wp-content\/uploads\/2021\/10\/Premio-Maria-Moliner-WEB.jpg\" \/>\n\t<meta property=\"og:image:width\" content=\"864\" \/>\n\t<meta property=\"og:image:height\" content=\"380\" \/>\n\t<meta property=\"og:image:type\" content=\"image\/jpeg\" \/>\n<meta name=\"author\" content=\"alcalde\" \/>\n<meta name=\"twitter:card\" content=\"summary_large_image\" \/>\n<meta name=\"twitter:label1\" content=\"Escrito por\" \/>\n\t<meta name=\"twitter:data1\" content=\"alcalde\" \/>\n\t<meta name=\"twitter:label2\" content=\"Tiempo de lectura\" \/>\n\t<meta name=\"twitter:data2\" content=\"3 minutos\" \/>\n<script type=\"application\/ld+json\" class=\"yoast-schema-graph\">{\"@context\":\"https:\\\/\\\/schema.org\",\"@graph\":[{\"@type\":\"Article\",\"@id\":\"https:\\\/\\\/www.caudete.org\\\/ayuntamiento\\\/3-premio-maria-moliner-a-la-biblioteca-de-caudete\\\/#article\",\"isPartOf\":{\"@id\":\"https:\\\/\\\/www.caudete.org\\\/ayuntamiento\\\/3-premio-maria-moliner-a-la-biblioteca-de-caudete\\\/\"},\"author\":{\"name\":\"alcalde\",\"@id\":\"https:\\\/\\\/www.caudete.org\\\/ayuntamiento\\\/#\\\/schema\\\/person\\\/cc646da9133078ee4d8dd47457947253\"},\"headline\":\"3\u00b0 Premio MARIA MOLINER a la Biblioteca de Caudete\",\"datePublished\":\"2021-10-20T18:22:08+00:00\",\"dateModified\":\"2021-10-20T21:01:49+00:00\",\"mainEntityOfPage\":{\"@id\":\"https:\\\/\\\/www.caudete.org\\\/ayuntamiento\\\/3-premio-maria-moliner-a-la-biblioteca-de-caudete\\\/\"},\"wordCount\":419,\"publisher\":{\"@id\":\"https:\\\/\\\/www.caudete.org\\\/ayuntamiento\\\/#organization\"},\"image\":{\"@id\":\"https:\\\/\\\/www.caudete.org\\\/ayuntamiento\\\/3-premio-maria-moliner-a-la-biblioteca-de-caudete\\\/#primaryimage\"},\"thumbnailUrl\":\"https:\\\/\\\/www.caudete.org\\\/ayuntamiento\\\/wp-content\\\/uploads\\\/2021\\\/10\\\/Premio-Maria-Moliner-WEB.jpg\",\"articleSection\":[\"Cultura\"],\"inLanguage\":\"es\"},{\"@type\":\"WebPage\",\"@id\":\"https:\\\/\\\/www.caudete.org\\\/ayuntamiento\\\/3-premio-maria-moliner-a-la-biblioteca-de-caudete\\\/\",\"url\":\"https:\\\/\\\/www.caudete.org\\\/ayuntamiento\\\/3-premio-maria-moliner-a-la-biblioteca-de-caudete\\\/\",\"name\":\"3\u00b0 Premio MARIA MOLINER a la Biblioteca de Caudete - MI Ayuntamiento de Caudete\",\"isPartOf\":{\"@id\":\"https:\\\/\\\/www.caudete.org\\\/ayuntamiento\\\/#website\"},\"primaryImageOfPage\":{\"@id\":\"https:\\\/\\\/www.caudete.org\\\/ayuntamiento\\\/3-premio-maria-moliner-a-la-biblioteca-de-caudete\\\/#primaryimage\"},\"image\":{\"@id\":\"https:\\\/\\\/www.caudete.org\\\/ayuntamiento\\\/3-premio-maria-moliner-a-la-biblioteca-de-caudete\\\/#primaryimage\"},\"thumbnailUrl\":\"https:\\\/\\\/www.caudete.org\\\/ayuntamiento\\\/wp-content\\\/uploads\\\/2021\\\/10\\\/Premio-Maria-Moliner-WEB.jpg\",\"datePublished\":\"2021-10-20T18:22:08+00:00\",\"dateModified\":\"2021-10-20T21:01:49+00:00\",\"description\":\"P\u00e1gina Oficial del Ayuntamiento de Caudete (Albacete)\",\"breadcrumb\":{\"@id\":\"https:\\\/\\\/www.caudete.org\\\/ayuntamiento\\\/3-premio-maria-moliner-a-la-biblioteca-de-caudete\\\/#breadcrumb\"},\"inLanguage\":\"es\",\"potentialAction\":[{\"@type\":\"ReadAction\",\"target\":[\"https:\\\/\\\/www.caudete.org\\\/ayuntamiento\\\/3-premio-maria-moliner-a-la-biblioteca-de-caudete\\\/\"]}]},{\"@type\":\"ImageObject\",\"inLanguage\":\"es\",\"@id\":\"https:\\\/\\\/www.caudete.org\\\/ayuntamiento\\\/3-premio-maria-moliner-a-la-biblioteca-de-caudete\\\/#primaryimage\",\"url\":\"https:\\\/\\\/www.caudete.org\\\/ayuntamiento\\\/wp-content\\\/uploads\\\/2021\\\/10\\\/Premio-Maria-Moliner-WEB.jpg\",\"contentUrl\":\"https:\\\/\\\/www.caudete.org\\\/ayuntamiento\\\/wp-content\\\/uploads\\\/2021\\\/10\\\/Premio-Maria-Moliner-WEB.jpg\",\"width\":864,\"height\":380},{\"@type\":\"BreadcrumbList\",\"@id\":\"https:\\\/\\\/www.caudete.org\\\/ayuntamiento\\\/3-premio-maria-moliner-a-la-biblioteca-de-caudete\\\/#breadcrumb\",\"itemListElement\":[{\"@type\":\"ListItem\",\"position\":1,\"name\":\"Inicio\",\"item\":\"https:\\\/\\\/www.caudete.org\\\/ayuntamiento\\\/\"},{\"@type\":\"ListItem\",\"position\":2,\"name\":\"3\u00b0 Premio MARIA MOLINER a la Biblioteca de Caudete\"}]},{\"@type\":\"WebSite\",\"@id\":\"https:\\\/\\\/www.caudete.org\\\/ayuntamiento\\\/#website\",\"url\":\"https:\\\/\\\/www.caudete.org\\\/ayuntamiento\\\/\",\"name\":\"MI Ayuntamiento de Caudete\",\"description\":\"P\u00e1gina Oficial del MI Ayuntamiento de Caudete\",\"publisher\":{\"@id\":\"https:\\\/\\\/www.caudete.org\\\/ayuntamiento\\\/#organization\"},\"potentialAction\":[{\"@type\":\"SearchAction\",\"target\":{\"@type\":\"EntryPoint\",\"urlTemplate\":\"https:\\\/\\\/www.caudete.org\\\/ayuntamiento\\\/?s={search_term_string}\"},\"query-input\":{\"@type\":\"PropertyValueSpecification\",\"valueRequired\":true,\"valueName\":\"search_term_string\"}}],\"inLanguage\":\"es\"},{\"@type\":\"Organization\",\"@id\":\"https:\\\/\\\/www.caudete.org\\\/ayuntamiento\\\/#organization\",\"name\":\"Ayuntamiento de Caudete\",\"url\":\"https:\\\/\\\/www.caudete.org\\\/ayuntamiento\\\/\",\"logo\":{\"@type\":\"ImageObject\",\"inLanguage\":\"es\",\"@id\":\"https:\\\/\\\/www.caudete.org\\\/ayuntamiento\\\/#\\\/schema\\\/logo\\\/image\\\/\",\"url\":\"https:\\\/\\\/www.caudete.org\\\/ayuntamiento\\\/wp-content\\\/uploads\\\/2020\\\/11\\\/logo_ayuntamiento_caudete.jpg\",\"contentUrl\":\"https:\\\/\\\/www.caudete.org\\\/ayuntamiento\\\/wp-content\\\/uploads\\\/2020\\\/11\\\/logo_ayuntamiento_caudete.jpg\",\"width\":600,\"height\":150,\"caption\":\"Ayuntamiento de Caudete\"},\"image\":{\"@id\":\"https:\\\/\\\/www.caudete.org\\\/ayuntamiento\\\/#\\\/schema\\\/logo\\\/image\\\/\"},\"sameAs\":[\"https:\\\/\\\/www.facebook.com\\\/ayuntamientocaudete\\\/\",\"https:\\\/\\\/www.youtube.com\\\/channel\\\/UC6VztHaooNsGpw-tNoBEFnQ\"]},{\"@type\":\"Person\",\"@id\":\"https:\\\/\\\/www.caudete.org\\\/ayuntamiento\\\/#\\\/schema\\\/person\\\/cc646da9133078ee4d8dd47457947253\",\"name\":\"alcalde\",\"image\":{\"@type\":\"ImageObject\",\"inLanguage\":\"es\",\"@id\":\"https:\\\/\\\/secure.gravatar.com\\\/avatar\\\/84a817ba065b29ff08d666b215a215f5c79186a645ccb25b14a663d48a130f77?s=96&d=mm&r=g\",\"url\":\"https:\\\/\\\/secure.gravatar.com\\\/avatar\\\/84a817ba065b29ff08d666b215a215f5c79186a645ccb25b14a663d48a130f77?s=96&d=mm&r=g\",\"contentUrl\":\"https:\\\/\\\/secure.gravatar.com\\\/avatar\\\/84a817ba065b29ff08d666b215a215f5c79186a645ccb25b14a663d48a130f77?s=96&d=mm&r=g\",\"caption\":\"alcalde\"},\"url\":\"https:\\\/\\\/www.caudete.org\\\/ayuntamiento\\\/author\\\/alcalde\\\/\"}]}<\/script>\n<!-- \/ Yoast SEO plugin. -->","yoast_head_json":{"title":"3\u00b0 Premio MARIA MOLINER a la Biblioteca de Caudete - MI Ayuntamiento de Caudete","description":"P\u00e1gina Oficial del Ayuntamiento de Caudete (Albacete)","robots":{"index":"index","follow":"follow","max-snippet":"max-snippet:-1","max-image-preview":"max-image-preview:large","max-video-preview":"max-video-preview:-1"},"canonical":"https:\/\/www.caudete.org\/ayuntamiento\/3-premio-maria-moliner-a-la-biblioteca-de-caudete\/","og_locale":"es_ES","og_type":"article","og_title":"3\u00b0 Premio MARIA MOLINER a la Biblioteca de Caudete - MI Ayuntamiento de Caudete","og_description":"P\u00e1gina Oficial del Ayuntamiento de Caudete (Albacete)","og_url":"https:\/\/www.caudete.org\/ayuntamiento\/3-premio-maria-moliner-a-la-biblioteca-de-caudete\/","og_site_name":"MI Ayuntamiento de Caudete","article_publisher":"https:\/\/www.facebook.com\/ayuntamientocaudete\/","article_published_time":"2021-10-20T18:22:08+00:00","article_modified_time":"2021-10-20T21:01:49+00:00","og_image":[{"width":864,"height":380,"url":"https:\/\/www.caudete.org\/ayuntamiento\/wp-content\/uploads\/2021\/10\/Premio-Maria-Moliner-WEB.jpg","type":"image\/jpeg"}],"author":"alcalde","twitter_card":"summary_large_image","twitter_misc":{"Escrito por":"alcalde","Tiempo de lectura":"3 minutos"},"schema":{"@context":"https:\/\/schema.org","@graph":[{"@type":"Article","@id":"https:\/\/www.caudete.org\/ayuntamiento\/3-premio-maria-moliner-a-la-biblioteca-de-caudete\/#article","isPartOf":{"@id":"https:\/\/www.caudete.org\/ayuntamiento\/3-premio-maria-moliner-a-la-biblioteca-de-caudete\/"},"author":{"name":"alcalde","@id":"https:\/\/www.caudete.org\/ayuntamiento\/#\/schema\/person\/cc646da9133078ee4d8dd47457947253"},"headline":"3\u00b0 Premio MARIA MOLINER a la Biblioteca de Caudete","datePublished":"2021-10-20T18:22:08+00:00","dateModified":"2021-10-20T21:01:49+00:00","mainEntityOfPage":{"@id":"https:\/\/www.caudete.org\/ayuntamiento\/3-premio-maria-moliner-a-la-biblioteca-de-caudete\/"},"wordCount":419,"publisher":{"@id":"https:\/\/www.caudete.org\/ayuntamiento\/#organization"},"image":{"@id":"https:\/\/www.caudete.org\/ayuntamiento\/3-premio-maria-moliner-a-la-biblioteca-de-caudete\/#primaryimage"},"thumbnailUrl":"https:\/\/www.caudete.org\/ayuntamiento\/wp-content\/uploads\/2021\/10\/Premio-Maria-Moliner-WEB.jpg","articleSection":["Cultura"],"inLanguage":"es"},{"@type":"WebPage","@id":"https:\/\/www.caudete.org\/ayuntamiento\/3-premio-maria-moliner-a-la-biblioteca-de-caudete\/","url":"https:\/\/www.caudete.org\/ayuntamiento\/3-premio-maria-moliner-a-la-biblioteca-de-caudete\/","name":"3\u00b0 Premio MARIA MOLINER a la Biblioteca de Caudete - MI Ayuntamiento de Caudete","isPartOf":{"@id":"https:\/\/www.caudete.org\/ayuntamiento\/#website"},"primaryImageOfPage":{"@id":"https:\/\/www.caudete.org\/ayuntamiento\/3-premio-maria-moliner-a-la-biblioteca-de-caudete\/#primaryimage"},"image":{"@id":"https:\/\/www.caudete.org\/ayuntamiento\/3-premio-maria-moliner-a-la-biblioteca-de-caudete\/#primaryimage"},"thumbnailUrl":"https:\/\/www.caudete.org\/ayuntamiento\/wp-content\/uploads\/2021\/10\/Premio-Maria-Moliner-WEB.jpg","datePublished":"2021-10-20T18:22:08+00:00","dateModified":"2021-10-20T21:01:49+00:00","description":"P\u00e1gina Oficial del Ayuntamiento de Caudete (Albacete)","breadcrumb":{"@id":"https:\/\/www.caudete.org\/ayuntamiento\/3-premio-maria-moliner-a-la-biblioteca-de-caudete\/#breadcrumb"},"inLanguage":"es","potentialAction":[{"@type":"ReadAction","target":["https:\/\/www.caudete.org\/ayuntamiento\/3-premio-maria-moliner-a-la-biblioteca-de-caudete\/"]}]},{"@type":"ImageObject","inLanguage":"es","@id":"https:\/\/www.caudete.org\/ayuntamiento\/3-premio-maria-moliner-a-la-biblioteca-de-caudete\/#primaryimage","url":"https:\/\/www.caudete.org\/ayuntamiento\/wp-content\/uploads\/2021\/10\/Premio-Maria-Moliner-WEB.jpg","contentUrl":"https:\/\/www.caudete.org\/ayuntamiento\/wp-content\/uploads\/2021\/10\/Premio-Maria-Moliner-WEB.jpg","width":864,"height":380},{"@type":"BreadcrumbList","@id":"https:\/\/www.caudete.org\/ayuntamiento\/3-premio-maria-moliner-a-la-biblioteca-de-caudete\/#breadcrumb","itemListElement":[{"@type":"ListItem","position":1,"name":"Inicio","item":"https:\/\/www.caudete.org\/ayuntamiento\/"},{"@type":"ListItem","position":2,"name":"3\u00b0 Premio MARIA MOLINER a la Biblioteca de Caudete"}]},{"@type":"WebSite","@id":"https:\/\/www.caudete.org\/ayuntamiento\/#website","url":"https:\/\/www.caudete.org\/ayuntamiento\/","name":"MI Ayuntamiento de Caudete","description":"P\u00e1gina Oficial del MI Ayuntamiento de Caudete","publisher":{"@id":"https:\/\/www.caudete.org\/ayuntamiento\/#organization"},"potentialAction":[{"@type":"SearchAction","target":{"@type":"EntryPoint","urlTemplate":"https:\/\/www.caudete.org\/ayuntamiento\/?s={search_term_string}"},"query-input":{"@type":"PropertyValueSpecification","valueRequired":true,"valueName":"search_term_string"}}],"inLanguage":"es"},{"@type":"Organization","@id":"https:\/\/www.caudete.org\/ayuntamiento\/#organization","name":"Ayuntamiento de Caudete","url":"https:\/\/www.caudete.org\/ayuntamiento\/","logo":{"@type":"ImageObject","inLanguage":"es","@id":"https:\/\/www.caudete.org\/ayuntamiento\/#\/schema\/logo\/image\/","url":"https:\/\/www.caudete.org\/ayuntamiento\/wp-content\/uploads\/2020\/11\/logo_ayuntamiento_caudete.jpg","contentUrl":"https:\/\/www.caudete.org\/ayuntamiento\/wp-content\/uploads\/2020\/11\/logo_ayuntamiento_caudete.jpg","width":600,"height":150,"caption":"Ayuntamiento de Caudete"},"image":{"@id":"https:\/\/www.caudete.org\/ayuntamiento\/#\/schema\/logo\/image\/"},"sameAs":["https:\/\/www.facebook.com\/ayuntamientocaudete\/","https:\/\/www.youtube.com\/channel\/UC6VztHaooNsGpw-tNoBEFnQ"]},{"@type":"Person","@id":"https:\/\/www.caudete.org\/ayuntamiento\/#\/schema\/person\/cc646da9133078ee4d8dd47457947253","name":"alcalde","image":{"@type":"ImageObject","inLanguage":"es","@id":"https:\/\/secure.gravatar.com\/avatar\/84a817ba065b29ff08d666b215a215f5c79186a645ccb25b14a663d48a130f77?s=96&d=mm&r=g","url":"https:\/\/secure.gravatar.com\/avatar\/84a817ba065b29ff08d666b215a215f5c79186a645ccb25b14a663d48a130f77?s=96&d=mm&r=g","contentUrl":"https:\/\/secure.gravatar.com\/avatar\/84a817ba065b29ff08d666b215a215f5c79186a645ccb25b14a663d48a130f77?s=96&d=mm&r=g","caption":"alcalde"},"url":"https:\/\/www.caudete.org\/ayuntamiento\/author\/alcalde\/"}]}},"_links":{"self":[{"href":"https:\/\/www.caudete.org\/ayuntamiento\/wp-json\/wp\/v2\/posts\/16576","targetHints":{"allow":["GET"]}}],"collection":[{"href":"https:\/\/www.caudete.org\/ayuntamiento\/wp-json\/wp\/v2\/posts"}],"about":[{"href":"https:\/\/www.caudete.org\/ayuntamiento\/wp-json\/wp\/v2\/types\/post"}],"author":[{"embeddable":true,"href":"https:\/\/www.caudete.org\/ayuntamiento\/wp-json\/wp\/v2\/users\/3"}],"replies":[{"embeddable":true,"href":"https:\/\/www.caudete.org\/ayuntamiento\/wp-json\/wp\/v2\/comments?post=16576"}],"version-history":[{"count":4,"href":"https:\/\/www.caudete.org\/ayuntamiento\/wp-json\/wp\/v2\/posts\/16576\/revisions"}],"predecessor-version":[{"id":16587,"href":"https:\/\/www.caudete.org\/ayuntamiento\/wp-json\/wp\/v2\/posts\/16576\/revisions\/16587"}],"wp:featuredmedia":[{"embeddable":true,"href":"https:\/\/www.caudete.org\/ayuntamiento\/wp-json\/wp\/v2\/media\/16588"}],"wp:attachment":[{"href":"https:\/\/www.caudete.org\/ayuntamiento\/wp-json\/wp\/v2\/media?parent=16576"}],"wp:term":[{"taxonomy":"category","embeddable":true,"href":"https:\/\/www.caudete.org\/ayuntamiento\/wp-json\/wp\/v2\/categories?post=16576"},{"taxonomy":"post_tag","embeddable":true,"href":"https:\/\/www.caudete.org\/ayuntamiento\/wp-json\/wp\/v2\/tags?post=16576"}],"curies":[{"name":"wp","href":"https:\/\/api.w.org\/{rel}","templated":true}]}}