{"id":16600,"date":"2021-10-21T09:12:55","date_gmt":"2021-10-21T07:12:55","guid":{"rendered":"https:\/\/www.caudete.org\/ayuntamiento\/?p=16600"},"modified":"2021-10-21T09:12:55","modified_gmt":"2021-10-21T07:12:55","slug":"el-certamen-nacional-de-acuarela-villa-de-caudete-alcanza-su-xvi-edicion","status":"publish","type":"post","link":"https:\/\/www.caudete.org\/ayuntamiento\/el-certamen-nacional-de-acuarela-villa-de-caudete-alcanza-su-xvi-edicion\/","title":{"rendered":"EL Certamen Nacional de Acuarela \u201cVILLA DE CAUDETE\u201d alcanza su XVI edici\u00f3n"},"content":{"rendered":"<p>El pr\u00f3ximo s\u00e1bado <strong>23 de octubre, a las 19:00 horas<\/strong> y en la Sala de Exposiciones \u201cJos\u00e9 P\u00e9rezgil\u201d de la Casa de Cultura, tendr\u00e1 lugar\u00a0la <strong>Inauguraci\u00f3n del XVI Certamen Nacional de Acuarela \u201cVilla de Caudete\u201d.<\/strong><\/p>\n<p>El Certamen reconocido como uno de los m\u00e1s prestigiosos de todo el pa\u00eds, convoca a\u00f1o tras a\u00f1o a m\u00e1s de doscientos participantes, creando un espacio de convivencia entre la tradici\u00f3n est\u00e9tica y el arte actual\u00a0demostrando que la acuarela es una t\u00e9cnica viva al servicio de la creaci\u00f3n pl\u00e1stica.<\/p>\n<p>Con las obras presentadas todos los a\u00f1os, un jurado de reconocido prestigio selecciona una amplia exposici\u00f3n que se abre al p\u00fablico con un \u00e9xito absoluto de afluencia. En la \u00faltima edici\u00f3n, fueron m\u00e1s de dos millares los visitantes asistentes. Es este mismo\u00a0jurado nombrado en cada certamen, \u00a0quien decide los cinco premios que se har\u00e1n p\u00fablicos durante el desarrollo acto y patrocinados\u00a0por instituciones como es el caso de la Excma. Diputaci\u00f3n Provincial de Albacete, y tambi\u00e9n por Fundaciones: Fundaci\u00f3n Globalcaja Albacete y empresas locales y comarcales: M\u00e1rmoles Bolmax, Crisnova Vidrio, \u00a0Trasportes Caudete y Camacho Recycling. Agradecemos a ellos su compromiso con la sociedad demostrando su responsabilidad hacia difusi\u00f3n de la cultura.<\/p>\n<p>La exposici\u00f3n se podr\u00e1 visitar<strong> hasta el s\u00e1bado 19 de noviembre en horario habitual<\/strong> de lunes a viernes de 18:00 a 21:00 horas y s\u00e1bados de 10:00 a 13 horas, en la Sala de Exposiciones Jos\u00e9 P\u00e9rezgil, de la Casa de Cultura de Caudete.<\/p>\n<p>Este Certamen comenz\u00f3 en el a\u00f1o 2000 de la mano del ya desaparecido y gran acuarelista\u00a0<strong>Rafael Requena<\/strong>. En la actualidad cuenta con una numerosa participaci\u00f3n de pintores nacionales siendo un certamen ya consolidado en Caudete y en Espa\u00f1a. Desde el Ayuntamiento de Caudete se trabaja para impulsar y promocionarlo, en su af\u00e1n de contribuir a la consolidaci\u00f3n de Caudete como &#8220;Ciudad de la Acuarela&#8221;.<\/p>\n<p><a href=\"#CaudeteEsCultura\">#CaudeteEsCultura<\/a><\/p>\n<p>&nbsp;<\/p>\n","protected":false},"excerpt":{"rendered":"<p>El pr\u00f3ximo s\u00e1bado 23 de octubre, a las 19:00 horas y en la Sala de Exposiciones \u201cJos\u00e9 P\u00e9rezgil\u201d de la Casa de Cultura, tendr\u00e1 lugar\u00a0la Inauguraci\u00f3n del XVI Certamen Nacional de Acuarela \u201cVilla de Caudete\u201d. El Certamen reconocido como uno de los m\u00e1s prestigiosos de todo el pa\u00eds, convoca a\u00f1o tras a\u00f1o a m\u00e1s de &hellip;<\/p>\n","protected":false},"author":2,"featured_media":16602,"comment_status":"closed","ping_status":"open","sticky":false,"template":"","format":"standard","meta":{"ngg_post_thumbnail":0,"footnotes":""},"categories":[14],"tags":[651,649,716],"class_list":["post-16600","post","type-post","status-publish","format-standard","has-post-thumbnail","hentry","category-cultura","tag-acuarela","tag-certamen-nacional-de-acuarela","tag-rafael-requena"],"yoast_head":"<!-- This site is optimized with the Yoast SEO plugin v27.5 - https:\/\/yoast.com\/product\/yoast-seo-wordpress\/ -->\n<title>EL Certamen Nacional de Acuarela \u201cVILLA DE CAUDETE\u201d alcanza su XVI edici\u00f3n - MI Ayuntamiento de Caudete<\/title>\n<meta name=\"description\" content=\"P\u00e1gina Oficial del Ayuntamiento de Caudete (Albacete)\" \/>\n<meta name=\"robots\" content=\"index, follow, max-snippet:-1, max-image-preview:large, max-video-preview:-1\" \/>\n<link rel=\"canonical\" href=\"https:\/\/www.caudete.org\/ayuntamiento\/el-certamen-nacional-de-acuarela-villa-de-caudete-alcanza-su-xvi-edicion\/\" \/>\n<meta property=\"og:locale\" content=\"es_ES\" \/>\n<meta property=\"og:type\" content=\"article\" \/>\n<meta property=\"og:title\" content=\"EL Certamen Nacional de Acuarela \u201cVILLA DE CAUDETE\u201d alcanza su XVI edici\u00f3n - MI Ayuntamiento de Caudete\" \/>\n<meta property=\"og:description\" content=\"P\u00e1gina Oficial del Ayuntamiento de Caudete (Albacete)\" \/>\n<meta property=\"og:url\" content=\"https:\/\/www.caudete.org\/ayuntamiento\/el-certamen-nacional-de-acuarela-villa-de-caudete-alcanza-su-xvi-edicion\/\" \/>\n<meta property=\"og:site_name\" content=\"MI Ayuntamiento de Caudete\" \/>\n<meta property=\"article:publisher\" content=\"https:\/\/www.facebook.com\/ayuntamientocaudete\/\" \/>\n<meta property=\"article:published_time\" content=\"2021-10-21T07:12:55+00:00\" \/>\n<meta property=\"og:image\" content=\"https:\/\/www.caudete.org\/ayuntamiento\/wp-content\/uploads\/2021\/10\/Cartel-Inauguracion-2-WEB.jpg\" \/>\n\t<meta property=\"og:image:width\" content=\"864\" \/>\n\t<meta property=\"og:image:height\" content=\"380\" \/>\n\t<meta property=\"og:image:type\" content=\"image\/jpeg\" \/>\n<meta name=\"author\" content=\"Juan\" \/>\n<meta name=\"twitter:card\" content=\"summary_large_image\" \/>\n<meta name=\"twitter:label1\" content=\"Escrito por\" \/>\n\t<meta name=\"twitter:data1\" content=\"Juan\" \/>\n\t<meta name=\"twitter:label2\" content=\"Tiempo de lectura\" \/>\n\t<meta name=\"twitter:data2\" content=\"2 minutos\" \/>\n<script type=\"application\/ld+json\" class=\"yoast-schema-graph\">{\"@context\":\"https:\\\/\\\/schema.org\",\"@graph\":[{\"@type\":\"Article\",\"@id\":\"https:\\\/\\\/www.caudete.org\\\/ayuntamiento\\\/el-certamen-nacional-de-acuarela-villa-de-caudete-alcanza-su-xvi-edicion\\\/#article\",\"isPartOf\":{\"@id\":\"https:\\\/\\\/www.caudete.org\\\/ayuntamiento\\\/el-certamen-nacional-de-acuarela-villa-de-caudete-alcanza-su-xvi-edicion\\\/\"},\"author\":{\"name\":\"Juan\",\"@id\":\"https:\\\/\\\/www.caudete.org\\\/ayuntamiento\\\/#\\\/schema\\\/person\\\/7656a5bb58fca95b9814e940de0fda63\"},\"headline\":\"EL Certamen Nacional de Acuarela \u201cVILLA DE CAUDETE\u201d alcanza su XVI edici\u00f3n\",\"datePublished\":\"2021-10-21T07:12:55+00:00\",\"mainEntityOfPage\":{\"@id\":\"https:\\\/\\\/www.caudete.org\\\/ayuntamiento\\\/el-certamen-nacional-de-acuarela-villa-de-caudete-alcanza-su-xvi-edicion\\\/\"},\"wordCount\":348,\"image\":{\"@id\":\"https:\\\/\\\/www.caudete.org\\\/ayuntamiento\\\/el-certamen-nacional-de-acuarela-villa-de-caudete-alcanza-su-xvi-edicion\\\/#primaryimage\"},\"thumbnailUrl\":\"https:\\\/\\\/www.caudete.org\\\/ayuntamiento\\\/wp-content\\\/uploads\\\/2021\\\/10\\\/Cartel-Inauguracion-2-WEB.jpg\",\"keywords\":[\"Acuarela\",\"Certamen Nacional de Acuarela\",\"Rafael Requena\"],\"articleSection\":[\"Cultura\"],\"inLanguage\":\"es\"},{\"@type\":\"WebPage\",\"@id\":\"https:\\\/\\\/www.caudete.org\\\/ayuntamiento\\\/el-certamen-nacional-de-acuarela-villa-de-caudete-alcanza-su-xvi-edicion\\\/\",\"url\":\"https:\\\/\\\/www.caudete.org\\\/ayuntamiento\\\/el-certamen-nacional-de-acuarela-villa-de-caudete-alcanza-su-xvi-edicion\\\/\",\"name\":\"EL Certamen Nacional de Acuarela \u201cVILLA DE CAUDETE\u201d alcanza su XVI edici\u00f3n - MI Ayuntamiento de Caudete\",\"isPartOf\":{\"@id\":\"https:\\\/\\\/www.caudete.org\\\/ayuntamiento\\\/#website\"},\"primaryImageOfPage\":{\"@id\":\"https:\\\/\\\/www.caudete.org\\\/ayuntamiento\\\/el-certamen-nacional-de-acuarela-villa-de-caudete-alcanza-su-xvi-edicion\\\/#primaryimage\"},\"image\":{\"@id\":\"https:\\\/\\\/www.caudete.org\\\/ayuntamiento\\\/el-certamen-nacional-de-acuarela-villa-de-caudete-alcanza-su-xvi-edicion\\\/#primaryimage\"},\"thumbnailUrl\":\"https:\\\/\\\/www.caudete.org\\\/ayuntamiento\\\/wp-content\\\/uploads\\\/2021\\\/10\\\/Cartel-Inauguracion-2-WEB.jpg\",\"datePublished\":\"2021-10-21T07:12:55+00:00\",\"author\":{\"@id\":\"https:\\\/\\\/www.caudete.org\\\/ayuntamiento\\\/#\\\/schema\\\/person\\\/7656a5bb58fca95b9814e940de0fda63\"},\"description\":\"P\u00e1gina Oficial del Ayuntamiento de Caudete (Albacete)\",\"breadcrumb\":{\"@id\":\"https:\\\/\\\/www.caudete.org\\\/ayuntamiento\\\/el-certamen-nacional-de-acuarela-villa-de-caudete-alcanza-su-xvi-edicion\\\/#breadcrumb\"},\"inLanguage\":\"es\",\"potentialAction\":[{\"@type\":\"ReadAction\",\"target\":[\"https:\\\/\\\/www.caudete.org\\\/ayuntamiento\\\/el-certamen-nacional-de-acuarela-villa-de-caudete-alcanza-su-xvi-edicion\\\/\"]}]},{\"@type\":\"ImageObject\",\"inLanguage\":\"es\",\"@id\":\"https:\\\/\\\/www.caudete.org\\\/ayuntamiento\\\/el-certamen-nacional-de-acuarela-villa-de-caudete-alcanza-su-xvi-edicion\\\/#primaryimage\",\"url\":\"https:\\\/\\\/www.caudete.org\\\/ayuntamiento\\\/wp-content\\\/uploads\\\/2021\\\/10\\\/Cartel-Inauguracion-2-WEB.jpg\",\"contentUrl\":\"https:\\\/\\\/www.caudete.org\\\/ayuntamiento\\\/wp-content\\\/uploads\\\/2021\\\/10\\\/Cartel-Inauguracion-2-WEB.jpg\",\"width\":864,\"height\":380},{\"@type\":\"BreadcrumbList\",\"@id\":\"https:\\\/\\\/www.caudete.org\\\/ayuntamiento\\\/el-certamen-nacional-de-acuarela-villa-de-caudete-alcanza-su-xvi-edicion\\\/#breadcrumb\",\"itemListElement\":[{\"@type\":\"ListItem\",\"position\":1,\"name\":\"Inicio\",\"item\":\"https:\\\/\\\/www.caudete.org\\\/ayuntamiento\\\/\"},{\"@type\":\"ListItem\",\"position\":2,\"name\":\"EL Certamen Nacional de Acuarela \u201cVILLA DE CAUDETE\u201d alcanza su XVI edici\u00f3n\"}]},{\"@type\":\"WebSite\",\"@id\":\"https:\\\/\\\/www.caudete.org\\\/ayuntamiento\\\/#website\",\"url\":\"https:\\\/\\\/www.caudete.org\\\/ayuntamiento\\\/\",\"name\":\"MI Ayuntamiento de Caudete\",\"description\":\"P\u00e1gina Oficial del MI Ayuntamiento de Caudete\",\"potentialAction\":[{\"@type\":\"SearchAction\",\"target\":{\"@type\":\"EntryPoint\",\"urlTemplate\":\"https:\\\/\\\/www.caudete.org\\\/ayuntamiento\\\/?s={search_term_string}\"},\"query-input\":{\"@type\":\"PropertyValueSpecification\",\"valueRequired\":true,\"valueName\":\"search_term_string\"}}],\"inLanguage\":\"es\"},{\"@type\":\"Person\",\"@id\":\"https:\\\/\\\/www.caudete.org\\\/ayuntamiento\\\/#\\\/schema\\\/person\\\/7656a5bb58fca95b9814e940de0fda63\",\"name\":\"Juan\",\"image\":{\"@type\":\"ImageObject\",\"inLanguage\":\"es\",\"@id\":\"https:\\\/\\\/secure.gravatar.com\\\/avatar\\\/dd53e51c0cd6ab23f52d4f3e4f1c59730240727763de3dbbf26750b079a2c292?s=96&d=mm&r=g\",\"url\":\"https:\\\/\\\/secure.gravatar.com\\\/avatar\\\/dd53e51c0cd6ab23f52d4f3e4f1c59730240727763de3dbbf26750b079a2c292?s=96&d=mm&r=g\",\"contentUrl\":\"https:\\\/\\\/secure.gravatar.com\\\/avatar\\\/dd53e51c0cd6ab23f52d4f3e4f1c59730240727763de3dbbf26750b079a2c292?s=96&d=mm&r=g\",\"caption\":\"Juan\"},\"url\":\"https:\\\/\\\/www.caudete.org\\\/ayuntamiento\\\/author\\\/centrodeinternet\\\/\"}]}<\/script>\n<!-- \/ Yoast SEO plugin. -->","yoast_head_json":{"title":"EL Certamen Nacional de Acuarela \u201cVILLA DE CAUDETE\u201d alcanza su XVI edici\u00f3n - MI Ayuntamiento de Caudete","description":"P\u00e1gina Oficial del Ayuntamiento de Caudete (Albacete)","robots":{"index":"index","follow":"follow","max-snippet":"max-snippet:-1","max-image-preview":"max-image-preview:large","max-video-preview":"max-video-preview:-1"},"canonical":"https:\/\/www.caudete.org\/ayuntamiento\/el-certamen-nacional-de-acuarela-villa-de-caudete-alcanza-su-xvi-edicion\/","og_locale":"es_ES","og_type":"article","og_title":"EL Certamen Nacional de Acuarela \u201cVILLA DE CAUDETE\u201d alcanza su XVI edici\u00f3n - MI Ayuntamiento de Caudete","og_description":"P\u00e1gina Oficial del Ayuntamiento de Caudete (Albacete)","og_url":"https:\/\/www.caudete.org\/ayuntamiento\/el-certamen-nacional-de-acuarela-villa-de-caudete-alcanza-su-xvi-edicion\/","og_site_name":"MI Ayuntamiento de Caudete","article_publisher":"https:\/\/www.facebook.com\/ayuntamientocaudete\/","article_published_time":"2021-10-21T07:12:55+00:00","og_image":[{"width":864,"height":380,"url":"https:\/\/www.caudete.org\/ayuntamiento\/wp-content\/uploads\/2021\/10\/Cartel-Inauguracion-2-WEB.jpg","type":"image\/jpeg"}],"author":"Juan","twitter_card":"summary_large_image","twitter_misc":{"Escrito por":"Juan","Tiempo de lectura":"2 minutos"},"schema":{"@context":"https:\/\/schema.org","@graph":[{"@type":"Article","@id":"https:\/\/www.caudete.org\/ayuntamiento\/el-certamen-nacional-de-acuarela-villa-de-caudete-alcanza-su-xvi-edicion\/#article","isPartOf":{"@id":"https:\/\/www.caudete.org\/ayuntamiento\/el-certamen-nacional-de-acuarela-villa-de-caudete-alcanza-su-xvi-edicion\/"},"author":{"name":"Juan","@id":"https:\/\/www.caudete.org\/ayuntamiento\/#\/schema\/person\/7656a5bb58fca95b9814e940de0fda63"},"headline":"EL Certamen Nacional de Acuarela \u201cVILLA DE CAUDETE\u201d alcanza su XVI edici\u00f3n","datePublished":"2021-10-21T07:12:55+00:00","mainEntityOfPage":{"@id":"https:\/\/www.caudete.org\/ayuntamiento\/el-certamen-nacional-de-acuarela-villa-de-caudete-alcanza-su-xvi-edicion\/"},"wordCount":348,"image":{"@id":"https:\/\/www.caudete.org\/ayuntamiento\/el-certamen-nacional-de-acuarela-villa-de-caudete-alcanza-su-xvi-edicion\/#primaryimage"},"thumbnailUrl":"https:\/\/www.caudete.org\/ayuntamiento\/wp-content\/uploads\/2021\/10\/Cartel-Inauguracion-2-WEB.jpg","keywords":["Acuarela","Certamen Nacional de Acuarela","Rafael Requena"],"articleSection":["Cultura"],"inLanguage":"es"},{"@type":"WebPage","@id":"https:\/\/www.caudete.org\/ayuntamiento\/el-certamen-nacional-de-acuarela-villa-de-caudete-alcanza-su-xvi-edicion\/","url":"https:\/\/www.caudete.org\/ayuntamiento\/el-certamen-nacional-de-acuarela-villa-de-caudete-alcanza-su-xvi-edicion\/","name":"EL Certamen Nacional de Acuarela \u201cVILLA DE CAUDETE\u201d alcanza su XVI edici\u00f3n - MI Ayuntamiento de Caudete","isPartOf":{"@id":"https:\/\/www.caudete.org\/ayuntamiento\/#website"},"primaryImageOfPage":{"@id":"https:\/\/www.caudete.org\/ayuntamiento\/el-certamen-nacional-de-acuarela-villa-de-caudete-alcanza-su-xvi-edicion\/#primaryimage"},"image":{"@id":"https:\/\/www.caudete.org\/ayuntamiento\/el-certamen-nacional-de-acuarela-villa-de-caudete-alcanza-su-xvi-edicion\/#primaryimage"},"thumbnailUrl":"https:\/\/www.caudete.org\/ayuntamiento\/wp-content\/uploads\/2021\/10\/Cartel-Inauguracion-2-WEB.jpg","datePublished":"2021-10-21T07:12:55+00:00","author":{"@id":"https:\/\/www.caudete.org\/ayuntamiento\/#\/schema\/person\/7656a5bb58fca95b9814e940de0fda63"},"description":"P\u00e1gina Oficial del Ayuntamiento de Caudete (Albacete)","breadcrumb":{"@id":"https:\/\/www.caudete.org\/ayuntamiento\/el-certamen-nacional-de-acuarela-villa-de-caudete-alcanza-su-xvi-edicion\/#breadcrumb"},"inLanguage":"es","potentialAction":[{"@type":"ReadAction","target":["https:\/\/www.caudete.org\/ayuntamiento\/el-certamen-nacional-de-acuarela-villa-de-caudete-alcanza-su-xvi-edicion\/"]}]},{"@type":"ImageObject","inLanguage":"es","@id":"https:\/\/www.caudete.org\/ayuntamiento\/el-certamen-nacional-de-acuarela-villa-de-caudete-alcanza-su-xvi-edicion\/#primaryimage","url":"https:\/\/www.caudete.org\/ayuntamiento\/wp-content\/uploads\/2021\/10\/Cartel-Inauguracion-2-WEB.jpg","contentUrl":"https:\/\/www.caudete.org\/ayuntamiento\/wp-content\/uploads\/2021\/10\/Cartel-Inauguracion-2-WEB.jpg","width":864,"height":380},{"@type":"BreadcrumbList","@id":"https:\/\/www.caudete.org\/ayuntamiento\/el-certamen-nacional-de-acuarela-villa-de-caudete-alcanza-su-xvi-edicion\/#breadcrumb","itemListElement":[{"@type":"ListItem","position":1,"name":"Inicio","item":"https:\/\/www.caudete.org\/ayuntamiento\/"},{"@type":"ListItem","position":2,"name":"EL Certamen Nacional de Acuarela \u201cVILLA DE CAUDETE\u201d alcanza su XVI edici\u00f3n"}]},{"@type":"WebSite","@id":"https:\/\/www.caudete.org\/ayuntamiento\/#website","url":"https:\/\/www.caudete.org\/ayuntamiento\/","name":"MI Ayuntamiento de Caudete","description":"P\u00e1gina Oficial del MI Ayuntamiento de Caudete","potentialAction":[{"@type":"SearchAction","target":{"@type":"EntryPoint","urlTemplate":"https:\/\/www.caudete.org\/ayuntamiento\/?s={search_term_string}"},"query-input":{"@type":"PropertyValueSpecification","valueRequired":true,"valueName":"search_term_string"}}],"inLanguage":"es"},{"@type":"Person","@id":"https:\/\/www.caudete.org\/ayuntamiento\/#\/schema\/person\/7656a5bb58fca95b9814e940de0fda63","name":"Juan","image":{"@type":"ImageObject","inLanguage":"es","@id":"https:\/\/secure.gravatar.com\/avatar\/dd53e51c0cd6ab23f52d4f3e4f1c59730240727763de3dbbf26750b079a2c292?s=96&d=mm&r=g","url":"https:\/\/secure.gravatar.com\/avatar\/dd53e51c0cd6ab23f52d4f3e4f1c59730240727763de3dbbf26750b079a2c292?s=96&d=mm&r=g","contentUrl":"https:\/\/secure.gravatar.com\/avatar\/dd53e51c0cd6ab23f52d4f3e4f1c59730240727763de3dbbf26750b079a2c292?s=96&d=mm&r=g","caption":"Juan"},"url":"https:\/\/www.caudete.org\/ayuntamiento\/author\/centrodeinternet\/"}]}},"_links":{"self":[{"href":"https:\/\/www.caudete.org\/ayuntamiento\/wp-json\/wp\/v2\/posts\/16600","targetHints":{"allow":["GET"]}}],"collection":[{"href":"https:\/\/www.caudete.org\/ayuntamiento\/wp-json\/wp\/v2\/posts"}],"about":[{"href":"https:\/\/www.caudete.org\/ayuntamiento\/wp-json\/wp\/v2\/types\/post"}],"author":[{"embeddable":true,"href":"https:\/\/www.caudete.org\/ayuntamiento\/wp-json\/wp\/v2\/users\/2"}],"replies":[{"embeddable":true,"href":"https:\/\/www.caudete.org\/ayuntamiento\/wp-json\/wp\/v2\/comments?post=16600"}],"version-history":[{"count":3,"href":"https:\/\/www.caudete.org\/ayuntamiento\/wp-json\/wp\/v2\/posts\/16600\/revisions"}],"predecessor-version":[{"id":16604,"href":"https:\/\/www.caudete.org\/ayuntamiento\/wp-json\/wp\/v2\/posts\/16600\/revisions\/16604"}],"wp:featuredmedia":[{"embeddable":true,"href":"https:\/\/www.caudete.org\/ayuntamiento\/wp-json\/wp\/v2\/media\/16602"}],"wp:attachment":[{"href":"https:\/\/www.caudete.org\/ayuntamiento\/wp-json\/wp\/v2\/media?parent=16600"}],"wp:term":[{"taxonomy":"category","embeddable":true,"href":"https:\/\/www.caudete.org\/ayuntamiento\/wp-json\/wp\/v2\/categories?post=16600"},{"taxonomy":"post_tag","embeddable":true,"href":"https:\/\/www.caudete.org\/ayuntamiento\/wp-json\/wp\/v2\/tags?post=16600"}],"curies":[{"name":"wp","href":"https:\/\/api.w.org\/{rel}","templated":true}]}}