{"id":16612,"date":"2021-10-22T10:31:37","date_gmt":"2021-10-22T08:31:37","guid":{"rendered":"https:\/\/www.caudete.org\/ayuntamiento\/?p=16612"},"modified":"2021-10-25T09:36:15","modified_gmt":"2021-10-25T07:36:15","slug":"campana-de-colaboracion-de-los-comercios-de-caudete-con-el-programa-carne-joven-europeo","status":"publish","type":"post","link":"https:\/\/www.caudete.org\/ayuntamiento\/campana-de-colaboracion-de-los-comercios-de-caudete-con-el-programa-carne-joven-europeo\/","title":{"rendered":"Campa\u00f1a de colaboraci\u00f3n de los COMERCIOS DE CAUDETE con el Programa CARN\u00c9 JOVEN EUROPEO"},"content":{"rendered":"<p>Desde las <strong>Concejal\u00edas de Juventud\u00a0 y Comercio<\/strong> y en colaboraci\u00f3n con la <strong>Direcci\u00f3n General de Juventud y Deportes<\/strong>, queremos llevar a cabo una campa\u00f1a de adhesi\u00f3n y colaboraci\u00f3n de los comercios de nuestra localidad con el programa Carn\u00e9 Joven Europeo.<\/p>\n<p>Con este carnet, los j\u00f3venes pueden tener descuentos en comercios, transporte, cultura, deporte y alojamientos de toda Espa\u00f1a y los pa\u00edses de la Uni\u00f3n Europea, dado que es un carnet con car\u00e1cter europeo.<\/p>\n<p>El objetivo de esta campa\u00f1a es que aquellos<strong> j\u00f3venes\u00a0 de entre 14 y 29<\/strong> que est\u00e9n en posesi\u00f3n del Carn\u00e9 Joven y vayan a tu establecimiento reciban un descuento o ventaja.<\/p>\n<p>Lo que se pretende es fomentar de esta forma el consumo en el peque\u00f1o comercio de nuestra localidad.<\/p>\n<p>Si est\u00e1s interesado en participar en esta campa\u00f1a, <strong>ponte en contacto con el Centro Joven<\/strong> ya sea de forma presencial, a trav\u00e9s del email: <a href=\"mailto:juventud@caudete.org\" target=\"_blank\" rel=\"nofollow\"><strong>juventud@caudete.org<\/strong><\/a> o al tel\u00e9fono <strong>96582 82 84<\/strong> y te facilitaremos el formulario que hay que rellenar, adem\u00e1s de informarte con m\u00e1s detalle de este programa y las ventajas que tiene adherirse a \u00e9l.<\/p>\n<p><strong>El plazo para solicitar la inscripci\u00f3n es hasta el viernes 5 de noviembre<\/strong> y una vez que tengamos confirmados todos los establecimientos participantes se realizar\u00e1n unos folletos publicitarios con la informaci\u00f3n de cada empresa y sus descuentos, adem\u00e1s de publicarlos en las redes sociales del Centro Joven y en la p\u00e1gina web del Ayuntamiento de Caudete y en el Portal Joven de Castilla La Mancha:\u00a0 <strong><a href=\"http:\/\/juventud.jccm.es\" target=\"_blank\" rel=\"nofollow\">juventud.jccm.es<\/a><\/strong><\/p>\n<style type=\"text\/css\">\n#foogallery-gallery-16621.fg-justified .fg-item { margin-right: 2px; margin-bottom: 2px; }\n#foogallery-gallery-16621.fg-justified .fg-image { height: 200px; }<\/style>\n\t\t\t<div class=\"foogallery foogallery-container foogallery-justified foogallery-lightbox-none fg-justified fg-ready fg-light fg-shadow-outline fg-loading-default fg-loaded-fade-in fg-caption-always fg-hover-fade fg-hover-zoom2\" id=\"foogallery-gallery-16621\" data-foogallery=\"{&quot;item&quot;:{&quot;showCaptionTitle&quot;:true,&quot;showCaptionDescription&quot;:false},&quot;lazy&quot;:true,&quot;paging&quot;:{&quot;type&quot;:&quot;dots&quot;,&quot;size&quot;:20,&quot;position&quot;:&quot;bottom&quot;,&quot;scrollToTop&quot;:false,&quot;output&quot;:&quot;html&quot;,&quot;theme&quot;:&quot;fg-light&quot;},&quot;template&quot;:{&quot;rowHeight&quot;:200,&quot;maxRowHeight&quot;:250,&quot;margins&quot;:2,&quot;align&quot;:&quot;center&quot;,&quot;lastRow&quot;:&quot;smart&quot;}}\" style=\"--fg-title-line-clamp: 0; --fg-description-line-clamp: 0;\" >\n\t<div class=\"fg-item fg-type-image fg-idle\"><figure class=\"fg-item-inner\"><a href=\"https:\/\/www.caudete.org\/ayuntamiento\/wp-content\/uploads\/2021\/10\/CARTEL2.jpg\" data-attachment-id=\"16617\" data-e-disable-page-transition=\"true\" data-type=\"image\" class=\"fg-thumb\"><span class=\"fg-image-wrap\"><img fetchpriority=\"high\" decoding=\"async\" height=\"250\" width=\"250\" class=\"skip-lazy fg-image\" data-src-fg=\"https:\/\/www.caudete.org\/ayuntamiento\/wp-content\/uploads\/cache\/2021\/10\/CARTEL2\/1360003713.jpg\" src=\"data:image\/svg+xml,%3Csvg%20xmlns%3D%22http%3A%2F%2Fwww.w3.org%2F2000%2Fsvg%22%20width%3D%22250%22%20height%3D%22250%22%20viewBox%3D%220%200%20250%20250%22%3E%3C%2Fsvg%3E\" loading=\"eager\"><\/span><span class=\"fg-image-overlay\"><\/span><\/a><\/figure><div class=\"fg-loader\"><\/div><\/div><div class=\"fg-item fg-type-image fg-idle\"><figure class=\"fg-item-inner\"><a href=\"https:\/\/www.caudete.org\/ayuntamiento\/wp-content\/uploads\/2021\/10\/CARTEL3.jpg\" data-attachment-id=\"16616\" data-e-disable-page-transition=\"true\" data-type=\"image\" class=\"fg-thumb\"><span class=\"fg-image-wrap\"><img decoding=\"async\" height=\"250\" width=\"176\" class=\"skip-lazy fg-image\" data-src-fg=\"https:\/\/www.caudete.org\/ayuntamiento\/wp-content\/uploads\/cache\/2021\/10\/CARTEL3\/275562160.jpg\" src=\"data:image\/svg+xml,%3Csvg%20xmlns%3D%22http%3A%2F%2Fwww.w3.org%2F2000%2Fsvg%22%20width%3D%22176%22%20height%3D%22250%22%20viewBox%3D%220%200%20176%20250%22%3E%3C%2Fsvg%3E\" loading=\"eager\"><\/span><span class=\"fg-image-overlay\"><\/span><\/a><\/figure><div class=\"fg-loader\"><\/div><\/div><div class=\"fg-item fg-type-image fg-idle\"><figure class=\"fg-item-inner\"><a href=\"https:\/\/www.caudete.org\/ayuntamiento\/wp-content\/uploads\/2021\/10\/CARTEL4.jpg\" data-attachment-id=\"16615\" data-e-disable-page-transition=\"true\" data-type=\"image\" class=\"fg-thumb\"><span class=\"fg-image-wrap\"><img decoding=\"async\" height=\"250\" width=\"250\" class=\"skip-lazy fg-image\" data-src-fg=\"https:\/\/www.caudete.org\/ayuntamiento\/wp-content\/uploads\/cache\/2021\/10\/CARTEL4\/1470329881.jpg\" src=\"data:image\/svg+xml,%3Csvg%20xmlns%3D%22http%3A%2F%2Fwww.w3.org%2F2000%2Fsvg%22%20width%3D%22250%22%20height%3D%22250%22%20viewBox%3D%220%200%20250%20250%22%3E%3C%2Fsvg%3E\" loading=\"eager\"><\/span><span class=\"fg-image-overlay\"><\/span><\/a><\/figure><div class=\"fg-loader\"><\/div><\/div><\/div>\n\n","protected":false},"excerpt":{"rendered":"<p>Desde las Concejal\u00edas de Juventud\u00a0 y Comercio y en colaboraci\u00f3n con la Direcci\u00f3n General de Juventud y Deportes, queremos llevar a cabo una campa\u00f1a de adhesi\u00f3n y colaboraci\u00f3n de los comercios de nuestra localidad con el programa Carn\u00e9 Joven Europeo. Con este carnet, los j\u00f3venes pueden tener descuentos en comercios, transporte, cultura, deporte y alojamientos &hellip;<\/p>\n","protected":false},"author":2,"featured_media":16614,"comment_status":"closed","ping_status":"open","sticky":false,"template":"","format":"standard","meta":{"ngg_post_thumbnail":0,"footnotes":""},"categories":[42,121],"tags":[],"class_list":["post-16612","post","type-post","status-publish","format-standard","has-post-thumbnail","hentry","category-comercio","category-juventud-2"],"yoast_head":"<!-- This site is optimized with the Yoast SEO plugin v27.5 - https:\/\/yoast.com\/product\/yoast-seo-wordpress\/ -->\n<title>Campa\u00f1a de colaboraci\u00f3n de los COMERCIOS DE CAUDETE con el Programa CARN\u00c9 JOVEN EUROPEO - MI Ayuntamiento de Caudete<\/title>\n<meta name=\"description\" content=\"P\u00e1gina Oficial del Ayuntamiento de Caudete (Albacete)\" \/>\n<meta name=\"robots\" content=\"index, follow, max-snippet:-1, max-image-preview:large, max-video-preview:-1\" \/>\n<link rel=\"canonical\" href=\"https:\/\/www.caudete.org\/ayuntamiento\/campana-de-colaboracion-de-los-comercios-de-caudete-con-el-programa-carne-joven-europeo\/\" \/>\n<meta property=\"og:locale\" content=\"es_ES\" \/>\n<meta property=\"og:type\" content=\"article\" \/>\n<meta property=\"og:title\" content=\"Campa\u00f1a de colaboraci\u00f3n de los COMERCIOS DE CAUDETE con el Programa CARN\u00c9 JOVEN EUROPEO - MI Ayuntamiento de Caudete\" \/>\n<meta property=\"og:description\" content=\"P\u00e1gina Oficial del Ayuntamiento de Caudete (Albacete)\" \/>\n<meta property=\"og:url\" content=\"https:\/\/www.caudete.org\/ayuntamiento\/campana-de-colaboracion-de-los-comercios-de-caudete-con-el-programa-carne-joven-europeo\/\" \/>\n<meta property=\"og:site_name\" content=\"MI Ayuntamiento de Caudete\" \/>\n<meta property=\"article:publisher\" content=\"https:\/\/www.facebook.com\/ayuntamientocaudete\/\" \/>\n<meta property=\"article:published_time\" content=\"2021-10-22T08:31:37+00:00\" \/>\n<meta property=\"article:modified_time\" content=\"2021-10-25T07:36:15+00:00\" \/>\n<meta property=\"og:image\" content=\"https:\/\/www.caudete.org\/ayuntamiento\/wp-content\/uploads\/2021\/10\/Concejales-WEB.jpg\" \/>\n\t<meta property=\"og:image:width\" content=\"864\" \/>\n\t<meta property=\"og:image:height\" content=\"380\" \/>\n\t<meta property=\"og:image:type\" content=\"image\/jpeg\" \/>\n<meta name=\"author\" content=\"Juan\" \/>\n<meta name=\"twitter:card\" content=\"summary_large_image\" \/>\n<meta name=\"twitter:label1\" content=\"Escrito por\" \/>\n\t<meta name=\"twitter:data1\" content=\"Juan\" \/>\n\t<meta name=\"twitter:label2\" content=\"Tiempo de lectura\" \/>\n\t<meta name=\"twitter:data2\" content=\"2 minutos\" \/>\n<script type=\"application\/ld+json\" class=\"yoast-schema-graph\">{\"@context\":\"https:\\\/\\\/schema.org\",\"@graph\":[{\"@type\":\"Article\",\"@id\":\"https:\\\/\\\/www.caudete.org\\\/ayuntamiento\\\/campana-de-colaboracion-de-los-comercios-de-caudete-con-el-programa-carne-joven-europeo\\\/#article\",\"isPartOf\":{\"@id\":\"https:\\\/\\\/www.caudete.org\\\/ayuntamiento\\\/campana-de-colaboracion-de-los-comercios-de-caudete-con-el-programa-carne-joven-europeo\\\/\"},\"author\":{\"name\":\"Juan\",\"@id\":\"https:\\\/\\\/www.caudete.org\\\/ayuntamiento\\\/#\\\/schema\\\/person\\\/7656a5bb58fca95b9814e940de0fda63\"},\"headline\":\"Campa\u00f1a de colaboraci\u00f3n de los COMERCIOS DE CAUDETE con el Programa CARN\u00c9 JOVEN EUROPEO\",\"datePublished\":\"2021-10-22T08:31:37+00:00\",\"dateModified\":\"2021-10-25T07:36:15+00:00\",\"mainEntityOfPage\":{\"@id\":\"https:\\\/\\\/www.caudete.org\\\/ayuntamiento\\\/campana-de-colaboracion-de-los-comercios-de-caudete-con-el-programa-carne-joven-europeo\\\/\"},\"wordCount\":288,\"publisher\":{\"@id\":\"https:\\\/\\\/www.caudete.org\\\/ayuntamiento\\\/#organization\"},\"image\":{\"@id\":\"https:\\\/\\\/www.caudete.org\\\/ayuntamiento\\\/campana-de-colaboracion-de-los-comercios-de-caudete-con-el-programa-carne-joven-europeo\\\/#primaryimage\"},\"thumbnailUrl\":\"https:\\\/\\\/www.caudete.org\\\/ayuntamiento\\\/wp-content\\\/uploads\\\/2021\\\/10\\\/Concejales-WEB.jpg\",\"articleSection\":[\"Comercio\",\"Juventud\"],\"inLanguage\":\"es\"},{\"@type\":\"WebPage\",\"@id\":\"https:\\\/\\\/www.caudete.org\\\/ayuntamiento\\\/campana-de-colaboracion-de-los-comercios-de-caudete-con-el-programa-carne-joven-europeo\\\/\",\"url\":\"https:\\\/\\\/www.caudete.org\\\/ayuntamiento\\\/campana-de-colaboracion-de-los-comercios-de-caudete-con-el-programa-carne-joven-europeo\\\/\",\"name\":\"Campa\u00f1a de colaboraci\u00f3n de los COMERCIOS DE CAUDETE con el Programa CARN\u00c9 JOVEN EUROPEO - MI Ayuntamiento de Caudete\",\"isPartOf\":{\"@id\":\"https:\\\/\\\/www.caudete.org\\\/ayuntamiento\\\/#website\"},\"primaryImageOfPage\":{\"@id\":\"https:\\\/\\\/www.caudete.org\\\/ayuntamiento\\\/campana-de-colaboracion-de-los-comercios-de-caudete-con-el-programa-carne-joven-europeo\\\/#primaryimage\"},\"image\":{\"@id\":\"https:\\\/\\\/www.caudete.org\\\/ayuntamiento\\\/campana-de-colaboracion-de-los-comercios-de-caudete-con-el-programa-carne-joven-europeo\\\/#primaryimage\"},\"thumbnailUrl\":\"https:\\\/\\\/www.caudete.org\\\/ayuntamiento\\\/wp-content\\\/uploads\\\/2021\\\/10\\\/Concejales-WEB.jpg\",\"datePublished\":\"2021-10-22T08:31:37+00:00\",\"dateModified\":\"2021-10-25T07:36:15+00:00\",\"description\":\"P\u00e1gina Oficial del Ayuntamiento de Caudete (Albacete)\",\"breadcrumb\":{\"@id\":\"https:\\\/\\\/www.caudete.org\\\/ayuntamiento\\\/campana-de-colaboracion-de-los-comercios-de-caudete-con-el-programa-carne-joven-europeo\\\/#breadcrumb\"},\"inLanguage\":\"es\",\"potentialAction\":[{\"@type\":\"ReadAction\",\"target\":[\"https:\\\/\\\/www.caudete.org\\\/ayuntamiento\\\/campana-de-colaboracion-de-los-comercios-de-caudete-con-el-programa-carne-joven-europeo\\\/\"]}]},{\"@type\":\"ImageObject\",\"inLanguage\":\"es\",\"@id\":\"https:\\\/\\\/www.caudete.org\\\/ayuntamiento\\\/campana-de-colaboracion-de-los-comercios-de-caudete-con-el-programa-carne-joven-europeo\\\/#primaryimage\",\"url\":\"https:\\\/\\\/www.caudete.org\\\/ayuntamiento\\\/wp-content\\\/uploads\\\/2021\\\/10\\\/Concejales-WEB.jpg\",\"contentUrl\":\"https:\\\/\\\/www.caudete.org\\\/ayuntamiento\\\/wp-content\\\/uploads\\\/2021\\\/10\\\/Concejales-WEB.jpg\",\"width\":864,\"height\":380},{\"@type\":\"BreadcrumbList\",\"@id\":\"https:\\\/\\\/www.caudete.org\\\/ayuntamiento\\\/campana-de-colaboracion-de-los-comercios-de-caudete-con-el-programa-carne-joven-europeo\\\/#breadcrumb\",\"itemListElement\":[{\"@type\":\"ListItem\",\"position\":1,\"name\":\"Inicio\",\"item\":\"https:\\\/\\\/www.caudete.org\\\/ayuntamiento\\\/\"},{\"@type\":\"ListItem\",\"position\":2,\"name\":\"Campa\u00f1a de colaboraci\u00f3n de los COMERCIOS DE CAUDETE con el Programa CARN\u00c9 JOVEN EUROPEO\"}]},{\"@type\":\"WebSite\",\"@id\":\"https:\\\/\\\/www.caudete.org\\\/ayuntamiento\\\/#website\",\"url\":\"https:\\\/\\\/www.caudete.org\\\/ayuntamiento\\\/\",\"name\":\"MI Ayuntamiento de Caudete\",\"description\":\"P\u00e1gina Oficial del MI Ayuntamiento de Caudete\",\"publisher\":{\"@id\":\"https:\\\/\\\/www.caudete.org\\\/ayuntamiento\\\/#organization\"},\"potentialAction\":[{\"@type\":\"SearchAction\",\"target\":{\"@type\":\"EntryPoint\",\"urlTemplate\":\"https:\\\/\\\/www.caudete.org\\\/ayuntamiento\\\/?s={search_term_string}\"},\"query-input\":{\"@type\":\"PropertyValueSpecification\",\"valueRequired\":true,\"valueName\":\"search_term_string\"}}],\"inLanguage\":\"es\"},{\"@type\":\"Organization\",\"@id\":\"https:\\\/\\\/www.caudete.org\\\/ayuntamiento\\\/#organization\",\"name\":\"Ayuntamiento de Caudete\",\"url\":\"https:\\\/\\\/www.caudete.org\\\/ayuntamiento\\\/\",\"logo\":{\"@type\":\"ImageObject\",\"inLanguage\":\"es\",\"@id\":\"https:\\\/\\\/www.caudete.org\\\/ayuntamiento\\\/#\\\/schema\\\/logo\\\/image\\\/\",\"url\":\"https:\\\/\\\/www.caudete.org\\\/ayuntamiento\\\/wp-content\\\/uploads\\\/2020\\\/11\\\/logo_ayuntamiento_caudete.jpg\",\"contentUrl\":\"https:\\\/\\\/www.caudete.org\\\/ayuntamiento\\\/wp-content\\\/uploads\\\/2020\\\/11\\\/logo_ayuntamiento_caudete.jpg\",\"width\":600,\"height\":150,\"caption\":\"Ayuntamiento de Caudete\"},\"image\":{\"@id\":\"https:\\\/\\\/www.caudete.org\\\/ayuntamiento\\\/#\\\/schema\\\/logo\\\/image\\\/\"},\"sameAs\":[\"https:\\\/\\\/www.facebook.com\\\/ayuntamientocaudete\\\/\",\"https:\\\/\\\/www.youtube.com\\\/channel\\\/UC6VztHaooNsGpw-tNoBEFnQ\"]},{\"@type\":\"Person\",\"@id\":\"https:\\\/\\\/www.caudete.org\\\/ayuntamiento\\\/#\\\/schema\\\/person\\\/7656a5bb58fca95b9814e940de0fda63\",\"name\":\"Juan\",\"image\":{\"@type\":\"ImageObject\",\"inLanguage\":\"es\",\"@id\":\"https:\\\/\\\/secure.gravatar.com\\\/avatar\\\/dd53e51c0cd6ab23f52d4f3e4f1c59730240727763de3dbbf26750b079a2c292?s=96&d=mm&r=g\",\"url\":\"https:\\\/\\\/secure.gravatar.com\\\/avatar\\\/dd53e51c0cd6ab23f52d4f3e4f1c59730240727763de3dbbf26750b079a2c292?s=96&d=mm&r=g\",\"contentUrl\":\"https:\\\/\\\/secure.gravatar.com\\\/avatar\\\/dd53e51c0cd6ab23f52d4f3e4f1c59730240727763de3dbbf26750b079a2c292?s=96&d=mm&r=g\",\"caption\":\"Juan\"},\"url\":\"https:\\\/\\\/www.caudete.org\\\/ayuntamiento\\\/author\\\/centrodeinternet\\\/\"}]}<\/script>\n<!-- \/ Yoast SEO plugin. -->","yoast_head_json":{"title":"Campa\u00f1a de colaboraci\u00f3n de los COMERCIOS DE CAUDETE con el Programa CARN\u00c9 JOVEN EUROPEO - MI Ayuntamiento de Caudete","description":"P\u00e1gina Oficial del Ayuntamiento de Caudete (Albacete)","robots":{"index":"index","follow":"follow","max-snippet":"max-snippet:-1","max-image-preview":"max-image-preview:large","max-video-preview":"max-video-preview:-1"},"canonical":"https:\/\/www.caudete.org\/ayuntamiento\/campana-de-colaboracion-de-los-comercios-de-caudete-con-el-programa-carne-joven-europeo\/","og_locale":"es_ES","og_type":"article","og_title":"Campa\u00f1a de colaboraci\u00f3n de los COMERCIOS DE CAUDETE con el Programa CARN\u00c9 JOVEN EUROPEO - MI Ayuntamiento de Caudete","og_description":"P\u00e1gina Oficial del Ayuntamiento de Caudete (Albacete)","og_url":"https:\/\/www.caudete.org\/ayuntamiento\/campana-de-colaboracion-de-los-comercios-de-caudete-con-el-programa-carne-joven-europeo\/","og_site_name":"MI Ayuntamiento de Caudete","article_publisher":"https:\/\/www.facebook.com\/ayuntamientocaudete\/","article_published_time":"2021-10-22T08:31:37+00:00","article_modified_time":"2021-10-25T07:36:15+00:00","og_image":[{"width":864,"height":380,"url":"https:\/\/www.caudete.org\/ayuntamiento\/wp-content\/uploads\/2021\/10\/Concejales-WEB.jpg","type":"image\/jpeg"}],"author":"Juan","twitter_card":"summary_large_image","twitter_misc":{"Escrito por":"Juan","Tiempo de lectura":"2 minutos"},"schema":{"@context":"https:\/\/schema.org","@graph":[{"@type":"Article","@id":"https:\/\/www.caudete.org\/ayuntamiento\/campana-de-colaboracion-de-los-comercios-de-caudete-con-el-programa-carne-joven-europeo\/#article","isPartOf":{"@id":"https:\/\/www.caudete.org\/ayuntamiento\/campana-de-colaboracion-de-los-comercios-de-caudete-con-el-programa-carne-joven-europeo\/"},"author":{"name":"Juan","@id":"https:\/\/www.caudete.org\/ayuntamiento\/#\/schema\/person\/7656a5bb58fca95b9814e940de0fda63"},"headline":"Campa\u00f1a de colaboraci\u00f3n de los COMERCIOS DE CAUDETE con el Programa CARN\u00c9 JOVEN EUROPEO","datePublished":"2021-10-22T08:31:37+00:00","dateModified":"2021-10-25T07:36:15+00:00","mainEntityOfPage":{"@id":"https:\/\/www.caudete.org\/ayuntamiento\/campana-de-colaboracion-de-los-comercios-de-caudete-con-el-programa-carne-joven-europeo\/"},"wordCount":288,"publisher":{"@id":"https:\/\/www.caudete.org\/ayuntamiento\/#organization"},"image":{"@id":"https:\/\/www.caudete.org\/ayuntamiento\/campana-de-colaboracion-de-los-comercios-de-caudete-con-el-programa-carne-joven-europeo\/#primaryimage"},"thumbnailUrl":"https:\/\/www.caudete.org\/ayuntamiento\/wp-content\/uploads\/2021\/10\/Concejales-WEB.jpg","articleSection":["Comercio","Juventud"],"inLanguage":"es"},{"@type":"WebPage","@id":"https:\/\/www.caudete.org\/ayuntamiento\/campana-de-colaboracion-de-los-comercios-de-caudete-con-el-programa-carne-joven-europeo\/","url":"https:\/\/www.caudete.org\/ayuntamiento\/campana-de-colaboracion-de-los-comercios-de-caudete-con-el-programa-carne-joven-europeo\/","name":"Campa\u00f1a de colaboraci\u00f3n de los COMERCIOS DE CAUDETE con el Programa CARN\u00c9 JOVEN EUROPEO - MI Ayuntamiento de Caudete","isPartOf":{"@id":"https:\/\/www.caudete.org\/ayuntamiento\/#website"},"primaryImageOfPage":{"@id":"https:\/\/www.caudete.org\/ayuntamiento\/campana-de-colaboracion-de-los-comercios-de-caudete-con-el-programa-carne-joven-europeo\/#primaryimage"},"image":{"@id":"https:\/\/www.caudete.org\/ayuntamiento\/campana-de-colaboracion-de-los-comercios-de-caudete-con-el-programa-carne-joven-europeo\/#primaryimage"},"thumbnailUrl":"https:\/\/www.caudete.org\/ayuntamiento\/wp-content\/uploads\/2021\/10\/Concejales-WEB.jpg","datePublished":"2021-10-22T08:31:37+00:00","dateModified":"2021-10-25T07:36:15+00:00","description":"P\u00e1gina Oficial del Ayuntamiento de Caudete (Albacete)","breadcrumb":{"@id":"https:\/\/www.caudete.org\/ayuntamiento\/campana-de-colaboracion-de-los-comercios-de-caudete-con-el-programa-carne-joven-europeo\/#breadcrumb"},"inLanguage":"es","potentialAction":[{"@type":"ReadAction","target":["https:\/\/www.caudete.org\/ayuntamiento\/campana-de-colaboracion-de-los-comercios-de-caudete-con-el-programa-carne-joven-europeo\/"]}]},{"@type":"ImageObject","inLanguage":"es","@id":"https:\/\/www.caudete.org\/ayuntamiento\/campana-de-colaboracion-de-los-comercios-de-caudete-con-el-programa-carne-joven-europeo\/#primaryimage","url":"https:\/\/www.caudete.org\/ayuntamiento\/wp-content\/uploads\/2021\/10\/Concejales-WEB.jpg","contentUrl":"https:\/\/www.caudete.org\/ayuntamiento\/wp-content\/uploads\/2021\/10\/Concejales-WEB.jpg","width":864,"height":380},{"@type":"BreadcrumbList","@id":"https:\/\/www.caudete.org\/ayuntamiento\/campana-de-colaboracion-de-los-comercios-de-caudete-con-el-programa-carne-joven-europeo\/#breadcrumb","itemListElement":[{"@type":"ListItem","position":1,"name":"Inicio","item":"https:\/\/www.caudete.org\/ayuntamiento\/"},{"@type":"ListItem","position":2,"name":"Campa\u00f1a de colaboraci\u00f3n de los COMERCIOS DE CAUDETE con el Programa CARN\u00c9 JOVEN EUROPEO"}]},{"@type":"WebSite","@id":"https:\/\/www.caudete.org\/ayuntamiento\/#website","url":"https:\/\/www.caudete.org\/ayuntamiento\/","name":"MI Ayuntamiento de Caudete","description":"P\u00e1gina Oficial del MI Ayuntamiento de Caudete","publisher":{"@id":"https:\/\/www.caudete.org\/ayuntamiento\/#organization"},"potentialAction":[{"@type":"SearchAction","target":{"@type":"EntryPoint","urlTemplate":"https:\/\/www.caudete.org\/ayuntamiento\/?s={search_term_string}"},"query-input":{"@type":"PropertyValueSpecification","valueRequired":true,"valueName":"search_term_string"}}],"inLanguage":"es"},{"@type":"Organization","@id":"https:\/\/www.caudete.org\/ayuntamiento\/#organization","name":"Ayuntamiento de Caudete","url":"https:\/\/www.caudete.org\/ayuntamiento\/","logo":{"@type":"ImageObject","inLanguage":"es","@id":"https:\/\/www.caudete.org\/ayuntamiento\/#\/schema\/logo\/image\/","url":"https:\/\/www.caudete.org\/ayuntamiento\/wp-content\/uploads\/2020\/11\/logo_ayuntamiento_caudete.jpg","contentUrl":"https:\/\/www.caudete.org\/ayuntamiento\/wp-content\/uploads\/2020\/11\/logo_ayuntamiento_caudete.jpg","width":600,"height":150,"caption":"Ayuntamiento de Caudete"},"image":{"@id":"https:\/\/www.caudete.org\/ayuntamiento\/#\/schema\/logo\/image\/"},"sameAs":["https:\/\/www.facebook.com\/ayuntamientocaudete\/","https:\/\/www.youtube.com\/channel\/UC6VztHaooNsGpw-tNoBEFnQ"]},{"@type":"Person","@id":"https:\/\/www.caudete.org\/ayuntamiento\/#\/schema\/person\/7656a5bb58fca95b9814e940de0fda63","name":"Juan","image":{"@type":"ImageObject","inLanguage":"es","@id":"https:\/\/secure.gravatar.com\/avatar\/dd53e51c0cd6ab23f52d4f3e4f1c59730240727763de3dbbf26750b079a2c292?s=96&d=mm&r=g","url":"https:\/\/secure.gravatar.com\/avatar\/dd53e51c0cd6ab23f52d4f3e4f1c59730240727763de3dbbf26750b079a2c292?s=96&d=mm&r=g","contentUrl":"https:\/\/secure.gravatar.com\/avatar\/dd53e51c0cd6ab23f52d4f3e4f1c59730240727763de3dbbf26750b079a2c292?s=96&d=mm&r=g","caption":"Juan"},"url":"https:\/\/www.caudete.org\/ayuntamiento\/author\/centrodeinternet\/"}]}},"_links":{"self":[{"href":"https:\/\/www.caudete.org\/ayuntamiento\/wp-json\/wp\/v2\/posts\/16612","targetHints":{"allow":["GET"]}}],"collection":[{"href":"https:\/\/www.caudete.org\/ayuntamiento\/wp-json\/wp\/v2\/posts"}],"about":[{"href":"https:\/\/www.caudete.org\/ayuntamiento\/wp-json\/wp\/v2\/types\/post"}],"author":[{"embeddable":true,"href":"https:\/\/www.caudete.org\/ayuntamiento\/wp-json\/wp\/v2\/users\/2"}],"replies":[{"embeddable":true,"href":"https:\/\/www.caudete.org\/ayuntamiento\/wp-json\/wp\/v2\/comments?post=16612"}],"version-history":[{"count":13,"href":"https:\/\/www.caudete.org\/ayuntamiento\/wp-json\/wp\/v2\/posts\/16612\/revisions"}],"predecessor-version":[{"id":16664,"href":"https:\/\/www.caudete.org\/ayuntamiento\/wp-json\/wp\/v2\/posts\/16612\/revisions\/16664"}],"wp:featuredmedia":[{"embeddable":true,"href":"https:\/\/www.caudete.org\/ayuntamiento\/wp-json\/wp\/v2\/media\/16614"}],"wp:attachment":[{"href":"https:\/\/www.caudete.org\/ayuntamiento\/wp-json\/wp\/v2\/media?parent=16612"}],"wp:term":[{"taxonomy":"category","embeddable":true,"href":"https:\/\/www.caudete.org\/ayuntamiento\/wp-json\/wp\/v2\/categories?post=16612"},{"taxonomy":"post_tag","embeddable":true,"href":"https:\/\/www.caudete.org\/ayuntamiento\/wp-json\/wp\/v2\/tags?post=16612"}],"curies":[{"name":"wp","href":"https:\/\/api.w.org\/{rel}","templated":true}]}}