{"id":16673,"date":"2021-10-25T21:39:00","date_gmt":"2021-10-25T19:39:00","guid":{"rendered":"https:\/\/www.caudete.org\/ayuntamiento\/?p=16673"},"modified":"2021-10-25T21:40:25","modified_gmt":"2021-10-25T19:40:25","slug":"sale-a-licitacion-por-240-000e-la-pavimentacion-de-calles-con-aglomerado-asfaltico","status":"publish","type":"post","link":"https:\/\/www.caudete.org\/ayuntamiento\/sale-a-licitacion-por-240-000e-la-pavimentacion-de-calles-con-aglomerado-asfaltico\/","title":{"rendered":"Sale a licitaci\u00f3n por 240.000\u20ac la pavimentaci\u00f3n de Calles con aglomerado asf\u00e1ltico"},"content":{"rendered":"<p style=\"text-align: justify;\">Joaqu\u00edn Pag\u00e1n, Concejal de Movilidad ha anunciado esta ma\u00f1ana la licitaci\u00f3n del contrato de Pavimentaci\u00f3n de Calles con aglomerado asf\u00e1ltico, proyecto para el cual el Gobierno Municipal ha destinado un montante total de 240.000\u20ac<\/p>\n<p style=\"text-align: justify;\">Hasta el pr\u00f3ximo d\u00eda 6 de Noviembre las empresas interesadas podr\u00e1n presentar oferta en la Plataforma de Contrataci\u00f3n del Estado en base a lo estipulado en los Pliegos Administrativos y T\u00e9cnicos que se pueden consultar en el siguiente enlace:<\/p>\n<p style=\"text-align: justify;\"><a href=\"https:\/\/contrataciondelestado.es\/wps\/poc?uri=deeplink%3Adetalle_licitacion&amp;idEvl=eI8q2WWudxmmq21uxhbaVQ%3D%3D\" target=\"_blank\" rel=\"nofollow\">https:\/\/contrataciondelestado.es\/wps\/poc?uri=deeplink%3Adetalle_licitacion&amp;idEvl=eI8q2WWudxmmq21uxhbaVQ%3D%3D<\/a><\/p>\n<p style=\"text-align: justify;\">Pag\u00e1n remarcaba la importancia del proyecto, pues se va a acometer una importante mejora en la pavimentaci\u00f3n de numerosas calles del municipio, unas viendo renovado su firme al completo, y otras en \u00e1reas de tama\u00f1o considerable. La actuaci\u00f3n forma parte del Plan de Mejoras Urbanas dise\u00f1ado por la Concejal\u00eda de Movilidad y Accesibilidad que dirige el Edil Joaqu\u00edn Pag\u00e1n, y que atienden a demandas ciudadanas.<\/p>\n<p>&nbsp;<\/p>\n<p>&nbsp;<\/p>\n","protected":false},"excerpt":{"rendered":"<p>Joaqu\u00edn Pag\u00e1n, Concejal de Movilidad ha anunciado esta ma\u00f1ana la licitaci\u00f3n del contrato de Pavimentaci\u00f3n de Calles con aglomerado asf\u00e1ltico, proyecto para el cual el Gobierno Municipal ha destinado un montante total de 240.000\u20ac Hasta el pr\u00f3ximo d\u00eda 6 de Noviembre las empresas interesadas podr\u00e1n presentar oferta en la Plataforma de Contrataci\u00f3n del Estado en &hellip;<\/p>\n","protected":false},"author":3,"featured_media":16315,"comment_status":"closed","ping_status":"open","sticky":false,"template":"","format":"standard","meta":{"ngg_post_thumbnail":0,"footnotes":""},"categories":[46],"tags":[],"class_list":["post-16673","post","type-post","status-publish","format-standard","has-post-thumbnail","hentry","category-movilidad-urbana"],"yoast_head":"<!-- This site is optimized with the Yoast SEO plugin v27.5 - https:\/\/yoast.com\/product\/yoast-seo-wordpress\/ -->\n<title>Sale a licitaci\u00f3n por 240.000\u20ac la pavimentaci\u00f3n de Calles con aglomerado asf\u00e1ltico - MI Ayuntamiento de Caudete<\/title>\n<meta name=\"description\" content=\"P\u00e1gina Oficial del Ayuntamiento de Caudete (Albacete)\" \/>\n<meta name=\"robots\" content=\"index, follow, max-snippet:-1, max-image-preview:large, max-video-preview:-1\" \/>\n<link rel=\"canonical\" href=\"https:\/\/www.caudete.org\/ayuntamiento\/sale-a-licitacion-por-240-000e-la-pavimentacion-de-calles-con-aglomerado-asfaltico\/\" \/>\n<meta property=\"og:locale\" content=\"es_ES\" \/>\n<meta property=\"og:type\" content=\"article\" \/>\n<meta property=\"og:title\" content=\"Sale a licitaci\u00f3n por 240.000\u20ac la pavimentaci\u00f3n de Calles con aglomerado asf\u00e1ltico - MI Ayuntamiento de Caudete\" \/>\n<meta property=\"og:description\" content=\"P\u00e1gina Oficial del Ayuntamiento de Caudete (Albacete)\" \/>\n<meta property=\"og:url\" content=\"https:\/\/www.caudete.org\/ayuntamiento\/sale-a-licitacion-por-240-000e-la-pavimentacion-de-calles-con-aglomerado-asfaltico\/\" \/>\n<meta property=\"og:site_name\" content=\"MI Ayuntamiento de Caudete\" \/>\n<meta property=\"article:publisher\" content=\"https:\/\/www.facebook.com\/ayuntamientocaudete\/\" \/>\n<meta property=\"article:published_time\" content=\"2021-10-25T19:39:00+00:00\" \/>\n<meta property=\"article:modified_time\" content=\"2021-10-25T19:40:25+00:00\" \/>\n<meta property=\"og:image\" content=\"https:\/\/www.caudete.org\/ayuntamiento\/wp-content\/uploads\/2021\/09\/asfaltado2.jpg\" \/>\n\t<meta property=\"og:image:width\" content=\"2048\" \/>\n\t<meta property=\"og:image:height\" content=\"1536\" \/>\n\t<meta property=\"og:image:type\" content=\"image\/jpeg\" \/>\n<meta name=\"author\" content=\"alcalde\" \/>\n<meta name=\"twitter:card\" content=\"summary_large_image\" \/>\n<meta name=\"twitter:label1\" content=\"Escrito por\" \/>\n\t<meta name=\"twitter:data1\" content=\"alcalde\" \/>\n\t<meta name=\"twitter:label2\" content=\"Tiempo de lectura\" \/>\n\t<meta name=\"twitter:data2\" content=\"1 minuto\" \/>\n<script type=\"application\/ld+json\" class=\"yoast-schema-graph\">{\"@context\":\"https:\\\/\\\/schema.org\",\"@graph\":[{\"@type\":\"Article\",\"@id\":\"https:\\\/\\\/www.caudete.org\\\/ayuntamiento\\\/sale-a-licitacion-por-240-000e-la-pavimentacion-de-calles-con-aglomerado-asfaltico\\\/#article\",\"isPartOf\":{\"@id\":\"https:\\\/\\\/www.caudete.org\\\/ayuntamiento\\\/sale-a-licitacion-por-240-000e-la-pavimentacion-de-calles-con-aglomerado-asfaltico\\\/\"},\"author\":{\"name\":\"alcalde\",\"@id\":\"https:\\\/\\\/www.caudete.org\\\/ayuntamiento\\\/#\\\/schema\\\/person\\\/cc646da9133078ee4d8dd47457947253\"},\"headline\":\"Sale a licitaci\u00f3n por 240.000\u20ac la pavimentaci\u00f3n de Calles con aglomerado asf\u00e1ltico\",\"datePublished\":\"2021-10-25T19:39:00+00:00\",\"dateModified\":\"2021-10-25T19:40:25+00:00\",\"mainEntityOfPage\":{\"@id\":\"https:\\\/\\\/www.caudete.org\\\/ayuntamiento\\\/sale-a-licitacion-por-240-000e-la-pavimentacion-de-calles-con-aglomerado-asfaltico\\\/\"},\"wordCount\":188,\"image\":{\"@id\":\"https:\\\/\\\/www.caudete.org\\\/ayuntamiento\\\/sale-a-licitacion-por-240-000e-la-pavimentacion-de-calles-con-aglomerado-asfaltico\\\/#primaryimage\"},\"thumbnailUrl\":\"https:\\\/\\\/www.caudete.org\\\/ayuntamiento\\\/wp-content\\\/uploads\\\/2021\\\/09\\\/asfaltado2.jpg\",\"articleSection\":[\"Movilidad Urbana\"],\"inLanguage\":\"es\"},{\"@type\":\"WebPage\",\"@id\":\"https:\\\/\\\/www.caudete.org\\\/ayuntamiento\\\/sale-a-licitacion-por-240-000e-la-pavimentacion-de-calles-con-aglomerado-asfaltico\\\/\",\"url\":\"https:\\\/\\\/www.caudete.org\\\/ayuntamiento\\\/sale-a-licitacion-por-240-000e-la-pavimentacion-de-calles-con-aglomerado-asfaltico\\\/\",\"name\":\"Sale a licitaci\u00f3n por 240.000\u20ac la pavimentaci\u00f3n de Calles con aglomerado asf\u00e1ltico - MI Ayuntamiento de Caudete\",\"isPartOf\":{\"@id\":\"https:\\\/\\\/www.caudete.org\\\/ayuntamiento\\\/#website\"},\"primaryImageOfPage\":{\"@id\":\"https:\\\/\\\/www.caudete.org\\\/ayuntamiento\\\/sale-a-licitacion-por-240-000e-la-pavimentacion-de-calles-con-aglomerado-asfaltico\\\/#primaryimage\"},\"image\":{\"@id\":\"https:\\\/\\\/www.caudete.org\\\/ayuntamiento\\\/sale-a-licitacion-por-240-000e-la-pavimentacion-de-calles-con-aglomerado-asfaltico\\\/#primaryimage\"},\"thumbnailUrl\":\"https:\\\/\\\/www.caudete.org\\\/ayuntamiento\\\/wp-content\\\/uploads\\\/2021\\\/09\\\/asfaltado2.jpg\",\"datePublished\":\"2021-10-25T19:39:00+00:00\",\"dateModified\":\"2021-10-25T19:40:25+00:00\",\"author\":{\"@id\":\"https:\\\/\\\/www.caudete.org\\\/ayuntamiento\\\/#\\\/schema\\\/person\\\/cc646da9133078ee4d8dd47457947253\"},\"description\":\"P\u00e1gina Oficial del Ayuntamiento de Caudete (Albacete)\",\"breadcrumb\":{\"@id\":\"https:\\\/\\\/www.caudete.org\\\/ayuntamiento\\\/sale-a-licitacion-por-240-000e-la-pavimentacion-de-calles-con-aglomerado-asfaltico\\\/#breadcrumb\"},\"inLanguage\":\"es\",\"potentialAction\":[{\"@type\":\"ReadAction\",\"target\":[\"https:\\\/\\\/www.caudete.org\\\/ayuntamiento\\\/sale-a-licitacion-por-240-000e-la-pavimentacion-de-calles-con-aglomerado-asfaltico\\\/\"]}]},{\"@type\":\"ImageObject\",\"inLanguage\":\"es\",\"@id\":\"https:\\\/\\\/www.caudete.org\\\/ayuntamiento\\\/sale-a-licitacion-por-240-000e-la-pavimentacion-de-calles-con-aglomerado-asfaltico\\\/#primaryimage\",\"url\":\"https:\\\/\\\/www.caudete.org\\\/ayuntamiento\\\/wp-content\\\/uploads\\\/2021\\\/09\\\/asfaltado2.jpg\",\"contentUrl\":\"https:\\\/\\\/www.caudete.org\\\/ayuntamiento\\\/wp-content\\\/uploads\\\/2021\\\/09\\\/asfaltado2.jpg\",\"width\":2048,\"height\":1536},{\"@type\":\"BreadcrumbList\",\"@id\":\"https:\\\/\\\/www.caudete.org\\\/ayuntamiento\\\/sale-a-licitacion-por-240-000e-la-pavimentacion-de-calles-con-aglomerado-asfaltico\\\/#breadcrumb\",\"itemListElement\":[{\"@type\":\"ListItem\",\"position\":1,\"name\":\"Inicio\",\"item\":\"https:\\\/\\\/www.caudete.org\\\/ayuntamiento\\\/\"},{\"@type\":\"ListItem\",\"position\":2,\"name\":\"Sale a licitaci\u00f3n por 240.000\u20ac la pavimentaci\u00f3n de Calles con aglomerado asf\u00e1ltico\"}]},{\"@type\":\"WebSite\",\"@id\":\"https:\\\/\\\/www.caudete.org\\\/ayuntamiento\\\/#website\",\"url\":\"https:\\\/\\\/www.caudete.org\\\/ayuntamiento\\\/\",\"name\":\"MI Ayuntamiento de Caudete\",\"description\":\"P\u00e1gina Oficial del MI Ayuntamiento de Caudete\",\"potentialAction\":[{\"@type\":\"SearchAction\",\"target\":{\"@type\":\"EntryPoint\",\"urlTemplate\":\"https:\\\/\\\/www.caudete.org\\\/ayuntamiento\\\/?s={search_term_string}\"},\"query-input\":{\"@type\":\"PropertyValueSpecification\",\"valueRequired\":true,\"valueName\":\"search_term_string\"}}],\"inLanguage\":\"es\"},{\"@type\":\"Person\",\"@id\":\"https:\\\/\\\/www.caudete.org\\\/ayuntamiento\\\/#\\\/schema\\\/person\\\/cc646da9133078ee4d8dd47457947253\",\"name\":\"alcalde\",\"image\":{\"@type\":\"ImageObject\",\"inLanguage\":\"es\",\"@id\":\"https:\\\/\\\/secure.gravatar.com\\\/avatar\\\/84a817ba065b29ff08d666b215a215f5c79186a645ccb25b14a663d48a130f77?s=96&d=mm&r=g\",\"url\":\"https:\\\/\\\/secure.gravatar.com\\\/avatar\\\/84a817ba065b29ff08d666b215a215f5c79186a645ccb25b14a663d48a130f77?s=96&d=mm&r=g\",\"contentUrl\":\"https:\\\/\\\/secure.gravatar.com\\\/avatar\\\/84a817ba065b29ff08d666b215a215f5c79186a645ccb25b14a663d48a130f77?s=96&d=mm&r=g\",\"caption\":\"alcalde\"},\"url\":\"https:\\\/\\\/www.caudete.org\\\/ayuntamiento\\\/author\\\/alcalde\\\/\"}]}<\/script>\n<!-- \/ Yoast SEO plugin. -->","yoast_head_json":{"title":"Sale a licitaci\u00f3n por 240.000\u20ac la pavimentaci\u00f3n de Calles con aglomerado asf\u00e1ltico - MI Ayuntamiento de Caudete","description":"P\u00e1gina Oficial del Ayuntamiento de Caudete (Albacete)","robots":{"index":"index","follow":"follow","max-snippet":"max-snippet:-1","max-image-preview":"max-image-preview:large","max-video-preview":"max-video-preview:-1"},"canonical":"https:\/\/www.caudete.org\/ayuntamiento\/sale-a-licitacion-por-240-000e-la-pavimentacion-de-calles-con-aglomerado-asfaltico\/","og_locale":"es_ES","og_type":"article","og_title":"Sale a licitaci\u00f3n por 240.000\u20ac la pavimentaci\u00f3n de Calles con aglomerado asf\u00e1ltico - MI Ayuntamiento de Caudete","og_description":"P\u00e1gina Oficial del Ayuntamiento de Caudete (Albacete)","og_url":"https:\/\/www.caudete.org\/ayuntamiento\/sale-a-licitacion-por-240-000e-la-pavimentacion-de-calles-con-aglomerado-asfaltico\/","og_site_name":"MI Ayuntamiento de Caudete","article_publisher":"https:\/\/www.facebook.com\/ayuntamientocaudete\/","article_published_time":"2021-10-25T19:39:00+00:00","article_modified_time":"2021-10-25T19:40:25+00:00","og_image":[{"width":2048,"height":1536,"url":"https:\/\/www.caudete.org\/ayuntamiento\/wp-content\/uploads\/2021\/09\/asfaltado2.jpg","type":"image\/jpeg"}],"author":"alcalde","twitter_card":"summary_large_image","twitter_misc":{"Escrito por":"alcalde","Tiempo de lectura":"1 minuto"},"schema":{"@context":"https:\/\/schema.org","@graph":[{"@type":"Article","@id":"https:\/\/www.caudete.org\/ayuntamiento\/sale-a-licitacion-por-240-000e-la-pavimentacion-de-calles-con-aglomerado-asfaltico\/#article","isPartOf":{"@id":"https:\/\/www.caudete.org\/ayuntamiento\/sale-a-licitacion-por-240-000e-la-pavimentacion-de-calles-con-aglomerado-asfaltico\/"},"author":{"name":"alcalde","@id":"https:\/\/www.caudete.org\/ayuntamiento\/#\/schema\/person\/cc646da9133078ee4d8dd47457947253"},"headline":"Sale a licitaci\u00f3n por 240.000\u20ac la pavimentaci\u00f3n de Calles con aglomerado asf\u00e1ltico","datePublished":"2021-10-25T19:39:00+00:00","dateModified":"2021-10-25T19:40:25+00:00","mainEntityOfPage":{"@id":"https:\/\/www.caudete.org\/ayuntamiento\/sale-a-licitacion-por-240-000e-la-pavimentacion-de-calles-con-aglomerado-asfaltico\/"},"wordCount":188,"image":{"@id":"https:\/\/www.caudete.org\/ayuntamiento\/sale-a-licitacion-por-240-000e-la-pavimentacion-de-calles-con-aglomerado-asfaltico\/#primaryimage"},"thumbnailUrl":"https:\/\/www.caudete.org\/ayuntamiento\/wp-content\/uploads\/2021\/09\/asfaltado2.jpg","articleSection":["Movilidad Urbana"],"inLanguage":"es"},{"@type":"WebPage","@id":"https:\/\/www.caudete.org\/ayuntamiento\/sale-a-licitacion-por-240-000e-la-pavimentacion-de-calles-con-aglomerado-asfaltico\/","url":"https:\/\/www.caudete.org\/ayuntamiento\/sale-a-licitacion-por-240-000e-la-pavimentacion-de-calles-con-aglomerado-asfaltico\/","name":"Sale a licitaci\u00f3n por 240.000\u20ac la pavimentaci\u00f3n de Calles con aglomerado asf\u00e1ltico - MI Ayuntamiento de Caudete","isPartOf":{"@id":"https:\/\/www.caudete.org\/ayuntamiento\/#website"},"primaryImageOfPage":{"@id":"https:\/\/www.caudete.org\/ayuntamiento\/sale-a-licitacion-por-240-000e-la-pavimentacion-de-calles-con-aglomerado-asfaltico\/#primaryimage"},"image":{"@id":"https:\/\/www.caudete.org\/ayuntamiento\/sale-a-licitacion-por-240-000e-la-pavimentacion-de-calles-con-aglomerado-asfaltico\/#primaryimage"},"thumbnailUrl":"https:\/\/www.caudete.org\/ayuntamiento\/wp-content\/uploads\/2021\/09\/asfaltado2.jpg","datePublished":"2021-10-25T19:39:00+00:00","dateModified":"2021-10-25T19:40:25+00:00","author":{"@id":"https:\/\/www.caudete.org\/ayuntamiento\/#\/schema\/person\/cc646da9133078ee4d8dd47457947253"},"description":"P\u00e1gina Oficial del Ayuntamiento de Caudete (Albacete)","breadcrumb":{"@id":"https:\/\/www.caudete.org\/ayuntamiento\/sale-a-licitacion-por-240-000e-la-pavimentacion-de-calles-con-aglomerado-asfaltico\/#breadcrumb"},"inLanguage":"es","potentialAction":[{"@type":"ReadAction","target":["https:\/\/www.caudete.org\/ayuntamiento\/sale-a-licitacion-por-240-000e-la-pavimentacion-de-calles-con-aglomerado-asfaltico\/"]}]},{"@type":"ImageObject","inLanguage":"es","@id":"https:\/\/www.caudete.org\/ayuntamiento\/sale-a-licitacion-por-240-000e-la-pavimentacion-de-calles-con-aglomerado-asfaltico\/#primaryimage","url":"https:\/\/www.caudete.org\/ayuntamiento\/wp-content\/uploads\/2021\/09\/asfaltado2.jpg","contentUrl":"https:\/\/www.caudete.org\/ayuntamiento\/wp-content\/uploads\/2021\/09\/asfaltado2.jpg","width":2048,"height":1536},{"@type":"BreadcrumbList","@id":"https:\/\/www.caudete.org\/ayuntamiento\/sale-a-licitacion-por-240-000e-la-pavimentacion-de-calles-con-aglomerado-asfaltico\/#breadcrumb","itemListElement":[{"@type":"ListItem","position":1,"name":"Inicio","item":"https:\/\/www.caudete.org\/ayuntamiento\/"},{"@type":"ListItem","position":2,"name":"Sale a licitaci\u00f3n por 240.000\u20ac la pavimentaci\u00f3n de Calles con aglomerado asf\u00e1ltico"}]},{"@type":"WebSite","@id":"https:\/\/www.caudete.org\/ayuntamiento\/#website","url":"https:\/\/www.caudete.org\/ayuntamiento\/","name":"MI Ayuntamiento de Caudete","description":"P\u00e1gina Oficial del MI Ayuntamiento de Caudete","potentialAction":[{"@type":"SearchAction","target":{"@type":"EntryPoint","urlTemplate":"https:\/\/www.caudete.org\/ayuntamiento\/?s={search_term_string}"},"query-input":{"@type":"PropertyValueSpecification","valueRequired":true,"valueName":"search_term_string"}}],"inLanguage":"es"},{"@type":"Person","@id":"https:\/\/www.caudete.org\/ayuntamiento\/#\/schema\/person\/cc646da9133078ee4d8dd47457947253","name":"alcalde","image":{"@type":"ImageObject","inLanguage":"es","@id":"https:\/\/secure.gravatar.com\/avatar\/84a817ba065b29ff08d666b215a215f5c79186a645ccb25b14a663d48a130f77?s=96&d=mm&r=g","url":"https:\/\/secure.gravatar.com\/avatar\/84a817ba065b29ff08d666b215a215f5c79186a645ccb25b14a663d48a130f77?s=96&d=mm&r=g","contentUrl":"https:\/\/secure.gravatar.com\/avatar\/84a817ba065b29ff08d666b215a215f5c79186a645ccb25b14a663d48a130f77?s=96&d=mm&r=g","caption":"alcalde"},"url":"https:\/\/www.caudete.org\/ayuntamiento\/author\/alcalde\/"}]}},"_links":{"self":[{"href":"https:\/\/www.caudete.org\/ayuntamiento\/wp-json\/wp\/v2\/posts\/16673","targetHints":{"allow":["GET"]}}],"collection":[{"href":"https:\/\/www.caudete.org\/ayuntamiento\/wp-json\/wp\/v2\/posts"}],"about":[{"href":"https:\/\/www.caudete.org\/ayuntamiento\/wp-json\/wp\/v2\/types\/post"}],"author":[{"embeddable":true,"href":"https:\/\/www.caudete.org\/ayuntamiento\/wp-json\/wp\/v2\/users\/3"}],"replies":[{"embeddable":true,"href":"https:\/\/www.caudete.org\/ayuntamiento\/wp-json\/wp\/v2\/comments?post=16673"}],"version-history":[{"count":1,"href":"https:\/\/www.caudete.org\/ayuntamiento\/wp-json\/wp\/v2\/posts\/16673\/revisions"}],"predecessor-version":[{"id":16674,"href":"https:\/\/www.caudete.org\/ayuntamiento\/wp-json\/wp\/v2\/posts\/16673\/revisions\/16674"}],"wp:featuredmedia":[{"embeddable":true,"href":"https:\/\/www.caudete.org\/ayuntamiento\/wp-json\/wp\/v2\/media\/16315"}],"wp:attachment":[{"href":"https:\/\/www.caudete.org\/ayuntamiento\/wp-json\/wp\/v2\/media?parent=16673"}],"wp:term":[{"taxonomy":"category","embeddable":true,"href":"https:\/\/www.caudete.org\/ayuntamiento\/wp-json\/wp\/v2\/categories?post=16673"},{"taxonomy":"post_tag","embeddable":true,"href":"https:\/\/www.caudete.org\/ayuntamiento\/wp-json\/wp\/v2\/tags?post=16673"}],"curies":[{"name":"wp","href":"https:\/\/api.w.org\/{rel}","templated":true}]}}