{"id":16678,"date":"2021-10-26T10:00:59","date_gmt":"2021-10-26T08:00:59","guid":{"rendered":"https:\/\/www.caudete.org\/ayuntamiento\/?p=16678"},"modified":"2021-10-26T12:40:45","modified_gmt":"2021-10-26T10:40:45","slug":"el-centro-de-interpretacion-contara-con-las-replicas-de-la-dama-de-caudete-y-de-la-cabeza-de-toro","status":"publish","type":"post","link":"https:\/\/www.caudete.org\/ayuntamiento\/el-centro-de-interpretacion-contara-con-las-replicas-de-la-dama-de-caudete-y-de-la-cabeza-de-toro\/","title":{"rendered":"El Centro de Interpretaci\u00f3n contar\u00e1 con las r\u00e9plicas de la DAMA DE CAUDETE y de la CABEZA DE TORO"},"content":{"rendered":"<p style=\"text-align: justify;\">Diego Cuenca, Concejal de Patrimonio Hist\u00f3rico ha anunciado que desde su Concejal\u00eda y junto al Departamento de Turismo se ha estado\u00a0 trabajando para que el <strong>Centro de Interpretaci\u00f3n<\/strong> cuente con una <strong>r\u00e9plica de la <em>Dama de Caudete<\/em>, y de la <em>Cabeza de Toro<\/em><\/strong>.<\/p>\n<p style=\"text-align: justify;\">El <strong>artesano local Luis Benito<\/strong> ha sido el adjudicatario de esta encomienda, quien realizar\u00e1 los trabajos permitiendo que antes de finalizar el a\u00f1o nuestro Centro de Interpretaci\u00f3n cuente con las principales piezas, en r\u00e9plica, de la cultura ib\u00e9rica caudetana (siglos IV y V a.C).<\/p>\n<p style=\"text-align: justify;\">El objetivo de la Concejal\u00eda es por tanto <strong>promocionar, dar a conocer y poner en valor estas piezas singulares<\/strong> de nuestro patrimonio que actualmente se encuentran sus originales en diferentes Museos fuera de la localidad, aunque reconoce que <strong>la meta<\/strong> es conseguir <strong>que las originales puedan volver a su lugar de nacimiento<\/strong>, Caudete, de donde no deber\u00edan haber salido.<\/p>\n<p style=\"text-align: justify;\">Con ello, se conseguir\u00e1 adem\u00e1s c<strong>onsolidar y personalizar la imagen tur\u00edstica<\/strong> de Caudete, y con ello, <strong>ampliar los fondos expositivos<\/strong> con los que cuenta el Centro de Interpretaci\u00f3n caudetano.<\/p>\n<p style=\"text-align: justify;\">Cabe destacar que el pasado a\u00f1o, el Consistorio adquir\u00eda tambi\u00e9n una replica en piedra arenisca de la Cierva de Caudete, realizada en este caso por el artista local Francisco Carri\u00f3n.<\/p>\n<p>&nbsp;<\/p>\n","protected":false},"excerpt":{"rendered":"<p>Diego Cuenca, Concejal de Patrimonio Hist\u00f3rico ha anunciado que desde su Concejal\u00eda y junto al Departamento de Turismo se ha estado\u00a0 trabajando para que el Centro de Interpretaci\u00f3n cuente con una r\u00e9plica de la Dama de Caudete, y de la Cabeza de Toro. El artesano local Luis Benito ha sido el adjudicatario de esta encomienda, &hellip;<\/p>\n","protected":false},"author":3,"featured_media":16687,"comment_status":"closed","ping_status":"open","sticky":false,"template":"","format":"standard","meta":{"ngg_post_thumbnail":0,"footnotes":""},"categories":[45],"tags":[],"class_list":["post-16678","post","type-post","status-publish","format-standard","has-post-thumbnail","hentry","category-patrimonio"],"yoast_head":"<!-- This site is optimized with the Yoast SEO plugin v27.5 - https:\/\/yoast.com\/product\/yoast-seo-wordpress\/ -->\n<title>El Centro de Interpretaci\u00f3n contar\u00e1 con las r\u00e9plicas de la DAMA DE CAUDETE y de la CABEZA DE TORO - MI Ayuntamiento de Caudete<\/title>\n<meta name=\"description\" content=\"P\u00e1gina Oficial del Ayuntamiento de Caudete (Albacete)\" \/>\n<meta name=\"robots\" content=\"index, follow, max-snippet:-1, max-image-preview:large, max-video-preview:-1\" \/>\n<link rel=\"canonical\" href=\"https:\/\/www.caudete.org\/ayuntamiento\/el-centro-de-interpretacion-contara-con-las-replicas-de-la-dama-de-caudete-y-de-la-cabeza-de-toro\/\" \/>\n<meta property=\"og:locale\" content=\"es_ES\" \/>\n<meta property=\"og:type\" content=\"article\" \/>\n<meta property=\"og:title\" content=\"El Centro de Interpretaci\u00f3n contar\u00e1 con las r\u00e9plicas de la DAMA DE CAUDETE y de la CABEZA DE TORO - MI Ayuntamiento de Caudete\" \/>\n<meta property=\"og:description\" content=\"P\u00e1gina Oficial del Ayuntamiento de Caudete (Albacete)\" \/>\n<meta property=\"og:url\" content=\"https:\/\/www.caudete.org\/ayuntamiento\/el-centro-de-interpretacion-contara-con-las-replicas-de-la-dama-de-caudete-y-de-la-cabeza-de-toro\/\" \/>\n<meta property=\"og:site_name\" content=\"MI Ayuntamiento de Caudete\" \/>\n<meta property=\"article:publisher\" content=\"https:\/\/www.facebook.com\/ayuntamientocaudete\/\" \/>\n<meta property=\"article:published_time\" content=\"2021-10-26T08:00:59+00:00\" \/>\n<meta property=\"article:modified_time\" content=\"2021-10-26T10:40:45+00:00\" \/>\n<meta property=\"og:image\" content=\"https:\/\/www.caudete.org\/ayuntamiento\/wp-content\/uploads\/2021\/10\/Centro-de-Interpretacion-WEB.jpg\" \/>\n\t<meta property=\"og:image:width\" content=\"864\" \/>\n\t<meta property=\"og:image:height\" content=\"380\" \/>\n\t<meta property=\"og:image:type\" content=\"image\/jpeg\" \/>\n<meta name=\"author\" content=\"alcalde\" \/>\n<meta name=\"twitter:card\" content=\"summary_large_image\" \/>\n<meta name=\"twitter:label1\" content=\"Escrito por\" \/>\n\t<meta name=\"twitter:data1\" content=\"alcalde\" \/>\n\t<meta name=\"twitter:label2\" content=\"Tiempo de lectura\" \/>\n\t<meta name=\"twitter:data2\" content=\"1 minuto\" \/>\n<script type=\"application\/ld+json\" class=\"yoast-schema-graph\">{\"@context\":\"https:\\\/\\\/schema.org\",\"@graph\":[{\"@type\":\"Article\",\"@id\":\"https:\\\/\\\/www.caudete.org\\\/ayuntamiento\\\/el-centro-de-interpretacion-contara-con-las-replicas-de-la-dama-de-caudete-y-de-la-cabeza-de-toro\\\/#article\",\"isPartOf\":{\"@id\":\"https:\\\/\\\/www.caudete.org\\\/ayuntamiento\\\/el-centro-de-interpretacion-contara-con-las-replicas-de-la-dama-de-caudete-y-de-la-cabeza-de-toro\\\/\"},\"author\":{\"name\":\"alcalde\",\"@id\":\"https:\\\/\\\/www.caudete.org\\\/ayuntamiento\\\/#\\\/schema\\\/person\\\/cc646da9133078ee4d8dd47457947253\"},\"headline\":\"El Centro de Interpretaci\u00f3n contar\u00e1 con las r\u00e9plicas de la DAMA DE CAUDETE y de la CABEZA DE TORO\",\"datePublished\":\"2021-10-26T08:00:59+00:00\",\"dateModified\":\"2021-10-26T10:40:45+00:00\",\"mainEntityOfPage\":{\"@id\":\"https:\\\/\\\/www.caudete.org\\\/ayuntamiento\\\/el-centro-de-interpretacion-contara-con-las-replicas-de-la-dama-de-caudete-y-de-la-cabeza-de-toro\\\/\"},\"wordCount\":245,\"image\":{\"@id\":\"https:\\\/\\\/www.caudete.org\\\/ayuntamiento\\\/el-centro-de-interpretacion-contara-con-las-replicas-de-la-dama-de-caudete-y-de-la-cabeza-de-toro\\\/#primaryimage\"},\"thumbnailUrl\":\"https:\\\/\\\/www.caudete.org\\\/ayuntamiento\\\/wp-content\\\/uploads\\\/2021\\\/10\\\/Centro-de-Interpretacion-WEB.jpg\",\"articleSection\":[\"Patrimonio\"],\"inLanguage\":\"es\"},{\"@type\":\"WebPage\",\"@id\":\"https:\\\/\\\/www.caudete.org\\\/ayuntamiento\\\/el-centro-de-interpretacion-contara-con-las-replicas-de-la-dama-de-caudete-y-de-la-cabeza-de-toro\\\/\",\"url\":\"https:\\\/\\\/www.caudete.org\\\/ayuntamiento\\\/el-centro-de-interpretacion-contara-con-las-replicas-de-la-dama-de-caudete-y-de-la-cabeza-de-toro\\\/\",\"name\":\"El Centro de Interpretaci\u00f3n contar\u00e1 con las r\u00e9plicas de la DAMA DE CAUDETE y de la CABEZA DE TORO - MI Ayuntamiento de Caudete\",\"isPartOf\":{\"@id\":\"https:\\\/\\\/www.caudete.org\\\/ayuntamiento\\\/#website\"},\"primaryImageOfPage\":{\"@id\":\"https:\\\/\\\/www.caudete.org\\\/ayuntamiento\\\/el-centro-de-interpretacion-contara-con-las-replicas-de-la-dama-de-caudete-y-de-la-cabeza-de-toro\\\/#primaryimage\"},\"image\":{\"@id\":\"https:\\\/\\\/www.caudete.org\\\/ayuntamiento\\\/el-centro-de-interpretacion-contara-con-las-replicas-de-la-dama-de-caudete-y-de-la-cabeza-de-toro\\\/#primaryimage\"},\"thumbnailUrl\":\"https:\\\/\\\/www.caudete.org\\\/ayuntamiento\\\/wp-content\\\/uploads\\\/2021\\\/10\\\/Centro-de-Interpretacion-WEB.jpg\",\"datePublished\":\"2021-10-26T08:00:59+00:00\",\"dateModified\":\"2021-10-26T10:40:45+00:00\",\"author\":{\"@id\":\"https:\\\/\\\/www.caudete.org\\\/ayuntamiento\\\/#\\\/schema\\\/person\\\/cc646da9133078ee4d8dd47457947253\"},\"description\":\"P\u00e1gina Oficial del Ayuntamiento de Caudete (Albacete)\",\"breadcrumb\":{\"@id\":\"https:\\\/\\\/www.caudete.org\\\/ayuntamiento\\\/el-centro-de-interpretacion-contara-con-las-replicas-de-la-dama-de-caudete-y-de-la-cabeza-de-toro\\\/#breadcrumb\"},\"inLanguage\":\"es\",\"potentialAction\":[{\"@type\":\"ReadAction\",\"target\":[\"https:\\\/\\\/www.caudete.org\\\/ayuntamiento\\\/el-centro-de-interpretacion-contara-con-las-replicas-de-la-dama-de-caudete-y-de-la-cabeza-de-toro\\\/\"]}]},{\"@type\":\"ImageObject\",\"inLanguage\":\"es\",\"@id\":\"https:\\\/\\\/www.caudete.org\\\/ayuntamiento\\\/el-centro-de-interpretacion-contara-con-las-replicas-de-la-dama-de-caudete-y-de-la-cabeza-de-toro\\\/#primaryimage\",\"url\":\"https:\\\/\\\/www.caudete.org\\\/ayuntamiento\\\/wp-content\\\/uploads\\\/2021\\\/10\\\/Centro-de-Interpretacion-WEB.jpg\",\"contentUrl\":\"https:\\\/\\\/www.caudete.org\\\/ayuntamiento\\\/wp-content\\\/uploads\\\/2021\\\/10\\\/Centro-de-Interpretacion-WEB.jpg\",\"width\":864,\"height\":380},{\"@type\":\"BreadcrumbList\",\"@id\":\"https:\\\/\\\/www.caudete.org\\\/ayuntamiento\\\/el-centro-de-interpretacion-contara-con-las-replicas-de-la-dama-de-caudete-y-de-la-cabeza-de-toro\\\/#breadcrumb\",\"itemListElement\":[{\"@type\":\"ListItem\",\"position\":1,\"name\":\"Inicio\",\"item\":\"https:\\\/\\\/www.caudete.org\\\/ayuntamiento\\\/\"},{\"@type\":\"ListItem\",\"position\":2,\"name\":\"El Centro de Interpretaci\u00f3n contar\u00e1 con las r\u00e9plicas de la DAMA DE CAUDETE y de la CABEZA DE TORO\"}]},{\"@type\":\"WebSite\",\"@id\":\"https:\\\/\\\/www.caudete.org\\\/ayuntamiento\\\/#website\",\"url\":\"https:\\\/\\\/www.caudete.org\\\/ayuntamiento\\\/\",\"name\":\"MI Ayuntamiento de Caudete\",\"description\":\"P\u00e1gina Oficial del MI Ayuntamiento de Caudete\",\"potentialAction\":[{\"@type\":\"SearchAction\",\"target\":{\"@type\":\"EntryPoint\",\"urlTemplate\":\"https:\\\/\\\/www.caudete.org\\\/ayuntamiento\\\/?s={search_term_string}\"},\"query-input\":{\"@type\":\"PropertyValueSpecification\",\"valueRequired\":true,\"valueName\":\"search_term_string\"}}],\"inLanguage\":\"es\"},{\"@type\":\"Person\",\"@id\":\"https:\\\/\\\/www.caudete.org\\\/ayuntamiento\\\/#\\\/schema\\\/person\\\/cc646da9133078ee4d8dd47457947253\",\"name\":\"alcalde\",\"image\":{\"@type\":\"ImageObject\",\"inLanguage\":\"es\",\"@id\":\"https:\\\/\\\/secure.gravatar.com\\\/avatar\\\/84a817ba065b29ff08d666b215a215f5c79186a645ccb25b14a663d48a130f77?s=96&d=mm&r=g\",\"url\":\"https:\\\/\\\/secure.gravatar.com\\\/avatar\\\/84a817ba065b29ff08d666b215a215f5c79186a645ccb25b14a663d48a130f77?s=96&d=mm&r=g\",\"contentUrl\":\"https:\\\/\\\/secure.gravatar.com\\\/avatar\\\/84a817ba065b29ff08d666b215a215f5c79186a645ccb25b14a663d48a130f77?s=96&d=mm&r=g\",\"caption\":\"alcalde\"},\"url\":\"https:\\\/\\\/www.caudete.org\\\/ayuntamiento\\\/author\\\/alcalde\\\/\"}]}<\/script>\n<!-- \/ Yoast SEO plugin. -->","yoast_head_json":{"title":"El Centro de Interpretaci\u00f3n contar\u00e1 con las r\u00e9plicas de la DAMA DE CAUDETE y de la CABEZA DE TORO - MI Ayuntamiento de Caudete","description":"P\u00e1gina Oficial del Ayuntamiento de Caudete (Albacete)","robots":{"index":"index","follow":"follow","max-snippet":"max-snippet:-1","max-image-preview":"max-image-preview:large","max-video-preview":"max-video-preview:-1"},"canonical":"https:\/\/www.caudete.org\/ayuntamiento\/el-centro-de-interpretacion-contara-con-las-replicas-de-la-dama-de-caudete-y-de-la-cabeza-de-toro\/","og_locale":"es_ES","og_type":"article","og_title":"El Centro de Interpretaci\u00f3n contar\u00e1 con las r\u00e9plicas de la DAMA DE CAUDETE y de la CABEZA DE TORO - MI Ayuntamiento de Caudete","og_description":"P\u00e1gina Oficial del Ayuntamiento de Caudete (Albacete)","og_url":"https:\/\/www.caudete.org\/ayuntamiento\/el-centro-de-interpretacion-contara-con-las-replicas-de-la-dama-de-caudete-y-de-la-cabeza-de-toro\/","og_site_name":"MI Ayuntamiento de Caudete","article_publisher":"https:\/\/www.facebook.com\/ayuntamientocaudete\/","article_published_time":"2021-10-26T08:00:59+00:00","article_modified_time":"2021-10-26T10:40:45+00:00","og_image":[{"width":864,"height":380,"url":"https:\/\/www.caudete.org\/ayuntamiento\/wp-content\/uploads\/2021\/10\/Centro-de-Interpretacion-WEB.jpg","type":"image\/jpeg"}],"author":"alcalde","twitter_card":"summary_large_image","twitter_misc":{"Escrito por":"alcalde","Tiempo de lectura":"1 minuto"},"schema":{"@context":"https:\/\/schema.org","@graph":[{"@type":"Article","@id":"https:\/\/www.caudete.org\/ayuntamiento\/el-centro-de-interpretacion-contara-con-las-replicas-de-la-dama-de-caudete-y-de-la-cabeza-de-toro\/#article","isPartOf":{"@id":"https:\/\/www.caudete.org\/ayuntamiento\/el-centro-de-interpretacion-contara-con-las-replicas-de-la-dama-de-caudete-y-de-la-cabeza-de-toro\/"},"author":{"name":"alcalde","@id":"https:\/\/www.caudete.org\/ayuntamiento\/#\/schema\/person\/cc646da9133078ee4d8dd47457947253"},"headline":"El Centro de Interpretaci\u00f3n contar\u00e1 con las r\u00e9plicas de la DAMA DE CAUDETE y de la CABEZA DE TORO","datePublished":"2021-10-26T08:00:59+00:00","dateModified":"2021-10-26T10:40:45+00:00","mainEntityOfPage":{"@id":"https:\/\/www.caudete.org\/ayuntamiento\/el-centro-de-interpretacion-contara-con-las-replicas-de-la-dama-de-caudete-y-de-la-cabeza-de-toro\/"},"wordCount":245,"image":{"@id":"https:\/\/www.caudete.org\/ayuntamiento\/el-centro-de-interpretacion-contara-con-las-replicas-de-la-dama-de-caudete-y-de-la-cabeza-de-toro\/#primaryimage"},"thumbnailUrl":"https:\/\/www.caudete.org\/ayuntamiento\/wp-content\/uploads\/2021\/10\/Centro-de-Interpretacion-WEB.jpg","articleSection":["Patrimonio"],"inLanguage":"es"},{"@type":"WebPage","@id":"https:\/\/www.caudete.org\/ayuntamiento\/el-centro-de-interpretacion-contara-con-las-replicas-de-la-dama-de-caudete-y-de-la-cabeza-de-toro\/","url":"https:\/\/www.caudete.org\/ayuntamiento\/el-centro-de-interpretacion-contara-con-las-replicas-de-la-dama-de-caudete-y-de-la-cabeza-de-toro\/","name":"El Centro de Interpretaci\u00f3n contar\u00e1 con las r\u00e9plicas de la DAMA DE CAUDETE y de la CABEZA DE TORO - MI Ayuntamiento de Caudete","isPartOf":{"@id":"https:\/\/www.caudete.org\/ayuntamiento\/#website"},"primaryImageOfPage":{"@id":"https:\/\/www.caudete.org\/ayuntamiento\/el-centro-de-interpretacion-contara-con-las-replicas-de-la-dama-de-caudete-y-de-la-cabeza-de-toro\/#primaryimage"},"image":{"@id":"https:\/\/www.caudete.org\/ayuntamiento\/el-centro-de-interpretacion-contara-con-las-replicas-de-la-dama-de-caudete-y-de-la-cabeza-de-toro\/#primaryimage"},"thumbnailUrl":"https:\/\/www.caudete.org\/ayuntamiento\/wp-content\/uploads\/2021\/10\/Centro-de-Interpretacion-WEB.jpg","datePublished":"2021-10-26T08:00:59+00:00","dateModified":"2021-10-26T10:40:45+00:00","author":{"@id":"https:\/\/www.caudete.org\/ayuntamiento\/#\/schema\/person\/cc646da9133078ee4d8dd47457947253"},"description":"P\u00e1gina Oficial del Ayuntamiento de Caudete (Albacete)","breadcrumb":{"@id":"https:\/\/www.caudete.org\/ayuntamiento\/el-centro-de-interpretacion-contara-con-las-replicas-de-la-dama-de-caudete-y-de-la-cabeza-de-toro\/#breadcrumb"},"inLanguage":"es","potentialAction":[{"@type":"ReadAction","target":["https:\/\/www.caudete.org\/ayuntamiento\/el-centro-de-interpretacion-contara-con-las-replicas-de-la-dama-de-caudete-y-de-la-cabeza-de-toro\/"]}]},{"@type":"ImageObject","inLanguage":"es","@id":"https:\/\/www.caudete.org\/ayuntamiento\/el-centro-de-interpretacion-contara-con-las-replicas-de-la-dama-de-caudete-y-de-la-cabeza-de-toro\/#primaryimage","url":"https:\/\/www.caudete.org\/ayuntamiento\/wp-content\/uploads\/2021\/10\/Centro-de-Interpretacion-WEB.jpg","contentUrl":"https:\/\/www.caudete.org\/ayuntamiento\/wp-content\/uploads\/2021\/10\/Centro-de-Interpretacion-WEB.jpg","width":864,"height":380},{"@type":"BreadcrumbList","@id":"https:\/\/www.caudete.org\/ayuntamiento\/el-centro-de-interpretacion-contara-con-las-replicas-de-la-dama-de-caudete-y-de-la-cabeza-de-toro\/#breadcrumb","itemListElement":[{"@type":"ListItem","position":1,"name":"Inicio","item":"https:\/\/www.caudete.org\/ayuntamiento\/"},{"@type":"ListItem","position":2,"name":"El Centro de Interpretaci\u00f3n contar\u00e1 con las r\u00e9plicas de la DAMA DE CAUDETE y de la CABEZA DE TORO"}]},{"@type":"WebSite","@id":"https:\/\/www.caudete.org\/ayuntamiento\/#website","url":"https:\/\/www.caudete.org\/ayuntamiento\/","name":"MI Ayuntamiento de Caudete","description":"P\u00e1gina Oficial del MI Ayuntamiento de Caudete","potentialAction":[{"@type":"SearchAction","target":{"@type":"EntryPoint","urlTemplate":"https:\/\/www.caudete.org\/ayuntamiento\/?s={search_term_string}"},"query-input":{"@type":"PropertyValueSpecification","valueRequired":true,"valueName":"search_term_string"}}],"inLanguage":"es"},{"@type":"Person","@id":"https:\/\/www.caudete.org\/ayuntamiento\/#\/schema\/person\/cc646da9133078ee4d8dd47457947253","name":"alcalde","image":{"@type":"ImageObject","inLanguage":"es","@id":"https:\/\/secure.gravatar.com\/avatar\/84a817ba065b29ff08d666b215a215f5c79186a645ccb25b14a663d48a130f77?s=96&d=mm&r=g","url":"https:\/\/secure.gravatar.com\/avatar\/84a817ba065b29ff08d666b215a215f5c79186a645ccb25b14a663d48a130f77?s=96&d=mm&r=g","contentUrl":"https:\/\/secure.gravatar.com\/avatar\/84a817ba065b29ff08d666b215a215f5c79186a645ccb25b14a663d48a130f77?s=96&d=mm&r=g","caption":"alcalde"},"url":"https:\/\/www.caudete.org\/ayuntamiento\/author\/alcalde\/"}]}},"_links":{"self":[{"href":"https:\/\/www.caudete.org\/ayuntamiento\/wp-json\/wp\/v2\/posts\/16678","targetHints":{"allow":["GET"]}}],"collection":[{"href":"https:\/\/www.caudete.org\/ayuntamiento\/wp-json\/wp\/v2\/posts"}],"about":[{"href":"https:\/\/www.caudete.org\/ayuntamiento\/wp-json\/wp\/v2\/types\/post"}],"author":[{"embeddable":true,"href":"https:\/\/www.caudete.org\/ayuntamiento\/wp-json\/wp\/v2\/users\/3"}],"replies":[{"embeddable":true,"href":"https:\/\/www.caudete.org\/ayuntamiento\/wp-json\/wp\/v2\/comments?post=16678"}],"version-history":[{"count":3,"href":"https:\/\/www.caudete.org\/ayuntamiento\/wp-json\/wp\/v2\/posts\/16678\/revisions"}],"predecessor-version":[{"id":16691,"href":"https:\/\/www.caudete.org\/ayuntamiento\/wp-json\/wp\/v2\/posts\/16678\/revisions\/16691"}],"wp:featuredmedia":[{"embeddable":true,"href":"https:\/\/www.caudete.org\/ayuntamiento\/wp-json\/wp\/v2\/media\/16687"}],"wp:attachment":[{"href":"https:\/\/www.caudete.org\/ayuntamiento\/wp-json\/wp\/v2\/media?parent=16678"}],"wp:term":[{"taxonomy":"category","embeddable":true,"href":"https:\/\/www.caudete.org\/ayuntamiento\/wp-json\/wp\/v2\/categories?post=16678"},{"taxonomy":"post_tag","embeddable":true,"href":"https:\/\/www.caudete.org\/ayuntamiento\/wp-json\/wp\/v2\/tags?post=16678"}],"curies":[{"name":"wp","href":"https:\/\/api.w.org\/{rel}","templated":true}]}}