{"id":16681,"date":"2021-10-27T09:00:23","date_gmt":"2021-10-27T07:00:23","guid":{"rendered":"https:\/\/www.caudete.org\/ayuntamiento\/?p=16681"},"modified":"2021-10-27T10:56:05","modified_gmt":"2021-10-27T08:56:05","slug":"caudetesostenible-cruz-roja-plantara-475-ha-en-terreno-municipal-para-absorcion-de-co2","status":"publish","type":"post","link":"https:\/\/www.caudete.org\/ayuntamiento\/caudetesostenible-cruz-roja-plantara-475-ha-en-terreno-municipal-para-absorcion-de-co2\/","title":{"rendered":"CaudeteSOSTENIBLE: Cruz Roja plantar\u00e1 47&#8217;5 Ha en terreno municipal para Absorci\u00f3n de CO2"},"content":{"rendered":"<p style=\"text-align: justify;\">El pasado 1 de Octubre, la Junta de Gobierno Local Dictaminaba favorablemente y por unanimidad la propuesta de Cruz Roja Espa\u00f1ola de implantar en nuestro municipio un proyecto de absorci\u00f3n de CO<sub>2<\/sub>.<\/p>\n<p style=\"text-align: justify;\">Con ello, la citada ONG da un paso importante en las pol\u00edticas medioambientales y de sostenibilidad, y para Caudete supone un importante impacto tanto a nivel forestal como pol\u00edtico, tal y como explicaba el Concejal de Medio Ambiente Joaqu\u00edn Pag\u00e1n.<\/p>\n<p style=\"text-align: justify;\">En primer lugar, <strong>el proyecto propuesto permitir\u00e1 plantar un total de 47&#8217;5 Ha de pino<\/strong> en zona catalogada como forestal, ubicados en el <em>Cuartel C- Cant\u00f3n 1- Rodal 1a<\/em> del <em>Plan de Gesti\u00f3n Forestal Sostenible<\/em> aprobado en el a\u00f1o 2011, y que se ubica catastralmente en la Parcela 717 del Pol\u00edgono 9; y por tanto ampliar de forma considerable la superficie forestal caudetana.<\/p>\n<p style=\"text-align: justify;\">Adem\u00e1s, esta acci\u00f3n supone un <strong>nuevo reforzamiento social<\/strong> de los <strong>Proyectos de Absorci\u00f3n de CO<sub>2<\/sub> y de Huella de Carbono<\/strong> en los cuales el Ayuntamiento de <strong>Caudete se alz\u00f3 como pionero en la comarca y en la Regi\u00f3n en el a\u00f1o 2018<\/strong>, y que ha permitido hasta la fecha y al margen del presente proyecto autorizado, la reforestaci\u00f3n de cerca de una veintena de hect\u00e1reas, teniendo demandadas otras tantas por diferentes entidades.<\/p>\n<p style=\"text-align: justify;\">Cabe destacar que para el Consistorio no supone coste alguno la realizaci\u00f3n del proyecto, siendo a cargo del peticionario tanto la plantaci\u00f3n, como la planta, como su mantenimiento y reposici\u00f3n.<\/p>\n","protected":false},"excerpt":{"rendered":"<p>El pasado 1 de Octubre, la Junta de Gobierno Local Dictaminaba favorablemente y por unanimidad la propuesta de Cruz Roja Espa\u00f1ola de implantar en nuestro municipio un proyecto de absorci\u00f3n de CO2. Con ello, la citada ONG da un paso importante en las pol\u00edticas medioambientales y de sostenibilidad, y para Caudete supone un importante impacto &hellip;<\/p>\n","protected":false},"author":3,"featured_media":16695,"comment_status":"closed","ping_status":"open","sticky":false,"template":"","format":"standard","meta":{"ngg_post_thumbnail":0,"footnotes":""},"categories":[29],"tags":[],"class_list":["post-16681","post","type-post","status-publish","format-standard","has-post-thumbnail","hentry","category-medio-ambiente"],"yoast_head":"<!-- This site is optimized with the Yoast SEO plugin v27.5 - https:\/\/yoast.com\/product\/yoast-seo-wordpress\/ -->\n<title>CaudeteSOSTENIBLE: Cruz Roja plantar\u00e1 47&#039;5 Ha en terreno municipal para Absorci\u00f3n de CO2 - MI Ayuntamiento de Caudete<\/title>\n<meta name=\"description\" content=\"P\u00e1gina Oficial del Ayuntamiento de Caudete (Albacete)\" \/>\n<meta name=\"robots\" content=\"index, follow, max-snippet:-1, max-image-preview:large, max-video-preview:-1\" \/>\n<link rel=\"canonical\" href=\"https:\/\/www.caudete.org\/ayuntamiento\/caudetesostenible-cruz-roja-plantara-475-ha-en-terreno-municipal-para-absorcion-de-co2\/\" \/>\n<meta property=\"og:locale\" content=\"es_ES\" \/>\n<meta property=\"og:type\" content=\"article\" \/>\n<meta property=\"og:title\" content=\"CaudeteSOSTENIBLE: Cruz Roja plantar\u00e1 47&#039;5 Ha en terreno municipal para Absorci\u00f3n de CO2 - MI Ayuntamiento de Caudete\" \/>\n<meta property=\"og:description\" content=\"P\u00e1gina Oficial del Ayuntamiento de Caudete (Albacete)\" \/>\n<meta property=\"og:url\" content=\"https:\/\/www.caudete.org\/ayuntamiento\/caudetesostenible-cruz-roja-plantara-475-ha-en-terreno-municipal-para-absorcion-de-co2\/\" \/>\n<meta property=\"og:site_name\" content=\"MI Ayuntamiento de Caudete\" \/>\n<meta property=\"article:publisher\" content=\"https:\/\/www.facebook.com\/ayuntamientocaudete\/\" \/>\n<meta property=\"article:published_time\" content=\"2021-10-27T07:00:23+00:00\" \/>\n<meta property=\"article:modified_time\" content=\"2021-10-27T08:56:05+00:00\" \/>\n<meta property=\"og:image\" content=\"https:\/\/www.caudete.org\/ayuntamiento\/wp-content\/uploads\/2021\/10\/CaudeteSostenibleWEB.jpg\" \/>\n\t<meta property=\"og:image:width\" content=\"864\" \/>\n\t<meta property=\"og:image:height\" content=\"380\" \/>\n\t<meta property=\"og:image:type\" content=\"image\/jpeg\" \/>\n<meta name=\"author\" content=\"alcalde\" \/>\n<meta name=\"twitter:card\" content=\"summary_large_image\" \/>\n<meta name=\"twitter:label1\" content=\"Escrito por\" \/>\n\t<meta name=\"twitter:data1\" content=\"alcalde\" \/>\n\t<meta name=\"twitter:label2\" content=\"Tiempo de lectura\" \/>\n\t<meta name=\"twitter:data2\" content=\"1 minuto\" \/>\n<script type=\"application\/ld+json\" class=\"yoast-schema-graph\">{\"@context\":\"https:\\\/\\\/schema.org\",\"@graph\":[{\"@type\":\"Article\",\"@id\":\"https:\\\/\\\/www.caudete.org\\\/ayuntamiento\\\/caudetesostenible-cruz-roja-plantara-475-ha-en-terreno-municipal-para-absorcion-de-co2\\\/#article\",\"isPartOf\":{\"@id\":\"https:\\\/\\\/www.caudete.org\\\/ayuntamiento\\\/caudetesostenible-cruz-roja-plantara-475-ha-en-terreno-municipal-para-absorcion-de-co2\\\/\"},\"author\":{\"name\":\"alcalde\",\"@id\":\"https:\\\/\\\/www.caudete.org\\\/ayuntamiento\\\/#\\\/schema\\\/person\\\/cc646da9133078ee4d8dd47457947253\"},\"headline\":\"CaudeteSOSTENIBLE: Cruz Roja plantar\u00e1 47&#8217;5 Ha en terreno municipal para Absorci\u00f3n de CO2\",\"datePublished\":\"2021-10-27T07:00:23+00:00\",\"dateModified\":\"2021-10-27T08:56:05+00:00\",\"mainEntityOfPage\":{\"@id\":\"https:\\\/\\\/www.caudete.org\\\/ayuntamiento\\\/caudetesostenible-cruz-roja-plantara-475-ha-en-terreno-municipal-para-absorcion-de-co2\\\/\"},\"wordCount\":264,\"image\":{\"@id\":\"https:\\\/\\\/www.caudete.org\\\/ayuntamiento\\\/caudetesostenible-cruz-roja-plantara-475-ha-en-terreno-municipal-para-absorcion-de-co2\\\/#primaryimage\"},\"thumbnailUrl\":\"https:\\\/\\\/www.caudete.org\\\/ayuntamiento\\\/wp-content\\\/uploads\\\/2021\\\/10\\\/CaudeteSostenibleWEB.jpg\",\"articleSection\":[\"Medio Ambiente\"],\"inLanguage\":\"es\"},{\"@type\":\"WebPage\",\"@id\":\"https:\\\/\\\/www.caudete.org\\\/ayuntamiento\\\/caudetesostenible-cruz-roja-plantara-475-ha-en-terreno-municipal-para-absorcion-de-co2\\\/\",\"url\":\"https:\\\/\\\/www.caudete.org\\\/ayuntamiento\\\/caudetesostenible-cruz-roja-plantara-475-ha-en-terreno-municipal-para-absorcion-de-co2\\\/\",\"name\":\"CaudeteSOSTENIBLE: Cruz Roja plantar\u00e1 47'5 Ha en terreno municipal para Absorci\u00f3n de CO2 - MI Ayuntamiento de Caudete\",\"isPartOf\":{\"@id\":\"https:\\\/\\\/www.caudete.org\\\/ayuntamiento\\\/#website\"},\"primaryImageOfPage\":{\"@id\":\"https:\\\/\\\/www.caudete.org\\\/ayuntamiento\\\/caudetesostenible-cruz-roja-plantara-475-ha-en-terreno-municipal-para-absorcion-de-co2\\\/#primaryimage\"},\"image\":{\"@id\":\"https:\\\/\\\/www.caudete.org\\\/ayuntamiento\\\/caudetesostenible-cruz-roja-plantara-475-ha-en-terreno-municipal-para-absorcion-de-co2\\\/#primaryimage\"},\"thumbnailUrl\":\"https:\\\/\\\/www.caudete.org\\\/ayuntamiento\\\/wp-content\\\/uploads\\\/2021\\\/10\\\/CaudeteSostenibleWEB.jpg\",\"datePublished\":\"2021-10-27T07:00:23+00:00\",\"dateModified\":\"2021-10-27T08:56:05+00:00\",\"author\":{\"@id\":\"https:\\\/\\\/www.caudete.org\\\/ayuntamiento\\\/#\\\/schema\\\/person\\\/cc646da9133078ee4d8dd47457947253\"},\"description\":\"P\u00e1gina Oficial del Ayuntamiento de Caudete (Albacete)\",\"breadcrumb\":{\"@id\":\"https:\\\/\\\/www.caudete.org\\\/ayuntamiento\\\/caudetesostenible-cruz-roja-plantara-475-ha-en-terreno-municipal-para-absorcion-de-co2\\\/#breadcrumb\"},\"inLanguage\":\"es\",\"potentialAction\":[{\"@type\":\"ReadAction\",\"target\":[\"https:\\\/\\\/www.caudete.org\\\/ayuntamiento\\\/caudetesostenible-cruz-roja-plantara-475-ha-en-terreno-municipal-para-absorcion-de-co2\\\/\"]}]},{\"@type\":\"ImageObject\",\"inLanguage\":\"es\",\"@id\":\"https:\\\/\\\/www.caudete.org\\\/ayuntamiento\\\/caudetesostenible-cruz-roja-plantara-475-ha-en-terreno-municipal-para-absorcion-de-co2\\\/#primaryimage\",\"url\":\"https:\\\/\\\/www.caudete.org\\\/ayuntamiento\\\/wp-content\\\/uploads\\\/2021\\\/10\\\/CaudeteSostenibleWEB.jpg\",\"contentUrl\":\"https:\\\/\\\/www.caudete.org\\\/ayuntamiento\\\/wp-content\\\/uploads\\\/2021\\\/10\\\/CaudeteSostenibleWEB.jpg\",\"width\":864,\"height\":380},{\"@type\":\"BreadcrumbList\",\"@id\":\"https:\\\/\\\/www.caudete.org\\\/ayuntamiento\\\/caudetesostenible-cruz-roja-plantara-475-ha-en-terreno-municipal-para-absorcion-de-co2\\\/#breadcrumb\",\"itemListElement\":[{\"@type\":\"ListItem\",\"position\":1,\"name\":\"Inicio\",\"item\":\"https:\\\/\\\/www.caudete.org\\\/ayuntamiento\\\/\"},{\"@type\":\"ListItem\",\"position\":2,\"name\":\"CaudeteSOSTENIBLE: Cruz Roja plantar\u00e1 47&#8217;5 Ha en terreno municipal para Absorci\u00f3n de CO2\"}]},{\"@type\":\"WebSite\",\"@id\":\"https:\\\/\\\/www.caudete.org\\\/ayuntamiento\\\/#website\",\"url\":\"https:\\\/\\\/www.caudete.org\\\/ayuntamiento\\\/\",\"name\":\"MI Ayuntamiento de Caudete\",\"description\":\"P\u00e1gina Oficial del MI Ayuntamiento de Caudete\",\"potentialAction\":[{\"@type\":\"SearchAction\",\"target\":{\"@type\":\"EntryPoint\",\"urlTemplate\":\"https:\\\/\\\/www.caudete.org\\\/ayuntamiento\\\/?s={search_term_string}\"},\"query-input\":{\"@type\":\"PropertyValueSpecification\",\"valueRequired\":true,\"valueName\":\"search_term_string\"}}],\"inLanguage\":\"es\"},{\"@type\":\"Person\",\"@id\":\"https:\\\/\\\/www.caudete.org\\\/ayuntamiento\\\/#\\\/schema\\\/person\\\/cc646da9133078ee4d8dd47457947253\",\"name\":\"alcalde\",\"image\":{\"@type\":\"ImageObject\",\"inLanguage\":\"es\",\"@id\":\"https:\\\/\\\/secure.gravatar.com\\\/avatar\\\/84a817ba065b29ff08d666b215a215f5c79186a645ccb25b14a663d48a130f77?s=96&d=mm&r=g\",\"url\":\"https:\\\/\\\/secure.gravatar.com\\\/avatar\\\/84a817ba065b29ff08d666b215a215f5c79186a645ccb25b14a663d48a130f77?s=96&d=mm&r=g\",\"contentUrl\":\"https:\\\/\\\/secure.gravatar.com\\\/avatar\\\/84a817ba065b29ff08d666b215a215f5c79186a645ccb25b14a663d48a130f77?s=96&d=mm&r=g\",\"caption\":\"alcalde\"},\"url\":\"https:\\\/\\\/www.caudete.org\\\/ayuntamiento\\\/author\\\/alcalde\\\/\"}]}<\/script>\n<!-- \/ Yoast SEO plugin. -->","yoast_head_json":{"title":"CaudeteSOSTENIBLE: Cruz Roja plantar\u00e1 47'5 Ha en terreno municipal para Absorci\u00f3n de CO2 - MI Ayuntamiento de Caudete","description":"P\u00e1gina Oficial del Ayuntamiento de Caudete (Albacete)","robots":{"index":"index","follow":"follow","max-snippet":"max-snippet:-1","max-image-preview":"max-image-preview:large","max-video-preview":"max-video-preview:-1"},"canonical":"https:\/\/www.caudete.org\/ayuntamiento\/caudetesostenible-cruz-roja-plantara-475-ha-en-terreno-municipal-para-absorcion-de-co2\/","og_locale":"es_ES","og_type":"article","og_title":"CaudeteSOSTENIBLE: Cruz Roja plantar\u00e1 47'5 Ha en terreno municipal para Absorci\u00f3n de CO2 - MI Ayuntamiento de Caudete","og_description":"P\u00e1gina Oficial del Ayuntamiento de Caudete (Albacete)","og_url":"https:\/\/www.caudete.org\/ayuntamiento\/caudetesostenible-cruz-roja-plantara-475-ha-en-terreno-municipal-para-absorcion-de-co2\/","og_site_name":"MI Ayuntamiento de Caudete","article_publisher":"https:\/\/www.facebook.com\/ayuntamientocaudete\/","article_published_time":"2021-10-27T07:00:23+00:00","article_modified_time":"2021-10-27T08:56:05+00:00","og_image":[{"width":864,"height":380,"url":"https:\/\/www.caudete.org\/ayuntamiento\/wp-content\/uploads\/2021\/10\/CaudeteSostenibleWEB.jpg","type":"image\/jpeg"}],"author":"alcalde","twitter_card":"summary_large_image","twitter_misc":{"Escrito por":"alcalde","Tiempo de lectura":"1 minuto"},"schema":{"@context":"https:\/\/schema.org","@graph":[{"@type":"Article","@id":"https:\/\/www.caudete.org\/ayuntamiento\/caudetesostenible-cruz-roja-plantara-475-ha-en-terreno-municipal-para-absorcion-de-co2\/#article","isPartOf":{"@id":"https:\/\/www.caudete.org\/ayuntamiento\/caudetesostenible-cruz-roja-plantara-475-ha-en-terreno-municipal-para-absorcion-de-co2\/"},"author":{"name":"alcalde","@id":"https:\/\/www.caudete.org\/ayuntamiento\/#\/schema\/person\/cc646da9133078ee4d8dd47457947253"},"headline":"CaudeteSOSTENIBLE: Cruz Roja plantar\u00e1 47&#8217;5 Ha en terreno municipal para Absorci\u00f3n de CO2","datePublished":"2021-10-27T07:00:23+00:00","dateModified":"2021-10-27T08:56:05+00:00","mainEntityOfPage":{"@id":"https:\/\/www.caudete.org\/ayuntamiento\/caudetesostenible-cruz-roja-plantara-475-ha-en-terreno-municipal-para-absorcion-de-co2\/"},"wordCount":264,"image":{"@id":"https:\/\/www.caudete.org\/ayuntamiento\/caudetesostenible-cruz-roja-plantara-475-ha-en-terreno-municipal-para-absorcion-de-co2\/#primaryimage"},"thumbnailUrl":"https:\/\/www.caudete.org\/ayuntamiento\/wp-content\/uploads\/2021\/10\/CaudeteSostenibleWEB.jpg","articleSection":["Medio Ambiente"],"inLanguage":"es"},{"@type":"WebPage","@id":"https:\/\/www.caudete.org\/ayuntamiento\/caudetesostenible-cruz-roja-plantara-475-ha-en-terreno-municipal-para-absorcion-de-co2\/","url":"https:\/\/www.caudete.org\/ayuntamiento\/caudetesostenible-cruz-roja-plantara-475-ha-en-terreno-municipal-para-absorcion-de-co2\/","name":"CaudeteSOSTENIBLE: Cruz Roja plantar\u00e1 47'5 Ha en terreno municipal para Absorci\u00f3n de CO2 - MI Ayuntamiento de Caudete","isPartOf":{"@id":"https:\/\/www.caudete.org\/ayuntamiento\/#website"},"primaryImageOfPage":{"@id":"https:\/\/www.caudete.org\/ayuntamiento\/caudetesostenible-cruz-roja-plantara-475-ha-en-terreno-municipal-para-absorcion-de-co2\/#primaryimage"},"image":{"@id":"https:\/\/www.caudete.org\/ayuntamiento\/caudetesostenible-cruz-roja-plantara-475-ha-en-terreno-municipal-para-absorcion-de-co2\/#primaryimage"},"thumbnailUrl":"https:\/\/www.caudete.org\/ayuntamiento\/wp-content\/uploads\/2021\/10\/CaudeteSostenibleWEB.jpg","datePublished":"2021-10-27T07:00:23+00:00","dateModified":"2021-10-27T08:56:05+00:00","author":{"@id":"https:\/\/www.caudete.org\/ayuntamiento\/#\/schema\/person\/cc646da9133078ee4d8dd47457947253"},"description":"P\u00e1gina Oficial del Ayuntamiento de Caudete (Albacete)","breadcrumb":{"@id":"https:\/\/www.caudete.org\/ayuntamiento\/caudetesostenible-cruz-roja-plantara-475-ha-en-terreno-municipal-para-absorcion-de-co2\/#breadcrumb"},"inLanguage":"es","potentialAction":[{"@type":"ReadAction","target":["https:\/\/www.caudete.org\/ayuntamiento\/caudetesostenible-cruz-roja-plantara-475-ha-en-terreno-municipal-para-absorcion-de-co2\/"]}]},{"@type":"ImageObject","inLanguage":"es","@id":"https:\/\/www.caudete.org\/ayuntamiento\/caudetesostenible-cruz-roja-plantara-475-ha-en-terreno-municipal-para-absorcion-de-co2\/#primaryimage","url":"https:\/\/www.caudete.org\/ayuntamiento\/wp-content\/uploads\/2021\/10\/CaudeteSostenibleWEB.jpg","contentUrl":"https:\/\/www.caudete.org\/ayuntamiento\/wp-content\/uploads\/2021\/10\/CaudeteSostenibleWEB.jpg","width":864,"height":380},{"@type":"BreadcrumbList","@id":"https:\/\/www.caudete.org\/ayuntamiento\/caudetesostenible-cruz-roja-plantara-475-ha-en-terreno-municipal-para-absorcion-de-co2\/#breadcrumb","itemListElement":[{"@type":"ListItem","position":1,"name":"Inicio","item":"https:\/\/www.caudete.org\/ayuntamiento\/"},{"@type":"ListItem","position":2,"name":"CaudeteSOSTENIBLE: Cruz Roja plantar\u00e1 47&#8217;5 Ha en terreno municipal para Absorci\u00f3n de CO2"}]},{"@type":"WebSite","@id":"https:\/\/www.caudete.org\/ayuntamiento\/#website","url":"https:\/\/www.caudete.org\/ayuntamiento\/","name":"MI Ayuntamiento de Caudete","description":"P\u00e1gina Oficial del MI Ayuntamiento de Caudete","potentialAction":[{"@type":"SearchAction","target":{"@type":"EntryPoint","urlTemplate":"https:\/\/www.caudete.org\/ayuntamiento\/?s={search_term_string}"},"query-input":{"@type":"PropertyValueSpecification","valueRequired":true,"valueName":"search_term_string"}}],"inLanguage":"es"},{"@type":"Person","@id":"https:\/\/www.caudete.org\/ayuntamiento\/#\/schema\/person\/cc646da9133078ee4d8dd47457947253","name":"alcalde","image":{"@type":"ImageObject","inLanguage":"es","@id":"https:\/\/secure.gravatar.com\/avatar\/84a817ba065b29ff08d666b215a215f5c79186a645ccb25b14a663d48a130f77?s=96&d=mm&r=g","url":"https:\/\/secure.gravatar.com\/avatar\/84a817ba065b29ff08d666b215a215f5c79186a645ccb25b14a663d48a130f77?s=96&d=mm&r=g","contentUrl":"https:\/\/secure.gravatar.com\/avatar\/84a817ba065b29ff08d666b215a215f5c79186a645ccb25b14a663d48a130f77?s=96&d=mm&r=g","caption":"alcalde"},"url":"https:\/\/www.caudete.org\/ayuntamiento\/author\/alcalde\/"}]}},"_links":{"self":[{"href":"https:\/\/www.caudete.org\/ayuntamiento\/wp-json\/wp\/v2\/posts\/16681","targetHints":{"allow":["GET"]}}],"collection":[{"href":"https:\/\/www.caudete.org\/ayuntamiento\/wp-json\/wp\/v2\/posts"}],"about":[{"href":"https:\/\/www.caudete.org\/ayuntamiento\/wp-json\/wp\/v2\/types\/post"}],"author":[{"embeddable":true,"href":"https:\/\/www.caudete.org\/ayuntamiento\/wp-json\/wp\/v2\/users\/3"}],"replies":[{"embeddable":true,"href":"https:\/\/www.caudete.org\/ayuntamiento\/wp-json\/wp\/v2\/comments?post=16681"}],"version-history":[{"count":1,"href":"https:\/\/www.caudete.org\/ayuntamiento\/wp-json\/wp\/v2\/posts\/16681\/revisions"}],"predecessor-version":[{"id":16682,"href":"https:\/\/www.caudete.org\/ayuntamiento\/wp-json\/wp\/v2\/posts\/16681\/revisions\/16682"}],"wp:featuredmedia":[{"embeddable":true,"href":"https:\/\/www.caudete.org\/ayuntamiento\/wp-json\/wp\/v2\/media\/16695"}],"wp:attachment":[{"href":"https:\/\/www.caudete.org\/ayuntamiento\/wp-json\/wp\/v2\/media?parent=16681"}],"wp:term":[{"taxonomy":"category","embeddable":true,"href":"https:\/\/www.caudete.org\/ayuntamiento\/wp-json\/wp\/v2\/categories?post=16681"},{"taxonomy":"post_tag","embeddable":true,"href":"https:\/\/www.caudete.org\/ayuntamiento\/wp-json\/wp\/v2\/tags?post=16681"}],"curies":[{"name":"wp","href":"https:\/\/api.w.org\/{rel}","templated":true}]}}