{"id":16702,"date":"2021-10-28T20:30:12","date_gmt":"2021-10-28T18:30:12","guid":{"rendered":"https:\/\/www.caudete.org\/ayuntamiento\/?p=16702"},"modified":"2021-10-28T20:51:37","modified_gmt":"2021-10-28T18:51:37","slug":"concierto-de-halloween-el-31-de-octubre-a-las-1200h-en-la-plaza-de-la-musica","status":"publish","type":"post","link":"https:\/\/www.caudete.org\/ayuntamiento\/concierto-de-halloween-el-31-de-octubre-a-las-1200h-en-la-plaza-de-la-musica\/","title":{"rendered":"Concierto de Halloween el 31 de octubre a las 12:00h en la Plaza de la M\u00fasica"},"content":{"rendered":"<p><a href=\"https:\/\/www.caudete.org\/ayuntamiento\/wp-content\/uploads\/2021\/10\/Cartel-Halloween-2021.jpeg\" rel='prettyPhoto'><img fetchpriority=\"high\" decoding=\"async\" class=\"aligncenter wp-image-16703 size-medium\" src=\"https:\/\/www.caudete.org\/ayuntamiento\/wp-content\/uploads\/2021\/10\/Cartel-Halloween-2021-212x300.jpeg\" alt=\"\" width=\"212\" height=\"300\" srcset=\"https:\/\/www.caudete.org\/ayuntamiento\/wp-content\/uploads\/2021\/10\/Cartel-Halloween-2021-212x300.jpeg 212w, https:\/\/www.caudete.org\/ayuntamiento\/wp-content\/uploads\/2021\/10\/Cartel-Halloween-2021-724x1024.jpeg 724w, https:\/\/www.caudete.org\/ayuntamiento\/wp-content\/uploads\/2021\/10\/Cartel-Halloween-2021-768x1086.jpeg 768w, https:\/\/www.caudete.org\/ayuntamiento\/wp-content\/uploads\/2021\/10\/Cartel-Halloween-2021-1086x1536.jpeg 1086w, https:\/\/www.caudete.org\/ayuntamiento\/wp-content\/uploads\/2021\/10\/Cartel-Halloween-2021.jpeg 1131w\" sizes=\"(max-width: 212px) 100vw, 212px\" \/><\/a><\/p>\n<p>&nbsp;<\/p>\n<p style=\"text-align: justify;\">La Concejal\u00eda de Juventud, que gestiona la Edil Natalia Ba\u00f1\u00f3n, suma a la festividad de Noche de \u00c1nimas un concierto que ser\u00e1 llevado a cabo por la Banda Juvenil de la\u00a0 Sociedad Uni\u00f3n Musical Santa Cecilia de Caudete, y en el que colabora MQR.<\/p>\n<p style=\"text-align: justify;\">Un concierto que va ya por su cuarta edici\u00f3n, en la que vuelve el p\u00fablico, ya que el pasado a\u00f1o se realiz\u00f3 a puerta cerrada en el Auditorio, retransmiti\u00e9ndose en directo a trav\u00e9s de las diferentes plataformas.<\/p>\n<p style=\"text-align: justify;\">La Plaza de la M\u00fasica ser\u00e1 el escenario que acoger\u00e1 este terror\u00edfico concierto, el domingo 31 de octubre a las 12:00 horas hasta completar aforo. En caso de lluvia el concierto se realizar\u00e1 en el local de la Banda de M\u00fasica\u00a0 sin p\u00fablico y se retransmitir\u00e1 en diferido.<\/p>\n<p style=\"text-align: justify;\">El formato del concierto consiste en una serie de piezas musicales que se van alternando con narraciones de historias de terror. En cuanto a la parte musical, dirigida por Juan Salvador Ba\u00f1\u00f3n Mart\u00ednez.<\/p>\n<p style=\"text-align: justify;\">El repertorio est\u00e1 formado por una parte por piezas originales para Banda con toques de terror y misterio, de compositores tanto espa\u00f1oles como de otras nacionalidades. Y por otro lado, una selecci\u00f3n de m\u00fasica de Cine, con melod\u00edas tan conocidas como el tema de Batman, la Marcha Imperial de Star Wars o Harry Potter.<\/p>\n<p style=\"text-align: justify;\">La parte narrativa corre a cargo de una de las voces con m\u00e1s personalidad con las que contamos ahora mismo en Caudete, Leo Maci\u00e1. Ella ser\u00e1 la encargada de aterrorizar al p\u00fablico con las historias de terror m\u00e1s espeluznantes.<\/p>\n","protected":false},"excerpt":{"rendered":"<p>&nbsp; La Concejal\u00eda de Juventud, que gestiona la Edil Natalia Ba\u00f1\u00f3n, suma a la festividad de Noche de \u00c1nimas un concierto que ser\u00e1 llevado a cabo por la Banda Juvenil de la\u00a0 Sociedad Uni\u00f3n Musical Santa Cecilia de Caudete, y en el que colabora MQR. Un concierto que va ya por su cuarta edici\u00f3n, en &hellip;<\/p>\n","protected":false},"author":3,"featured_media":16708,"comment_status":"closed","ping_status":"open","sticky":false,"template":"","format":"standard","meta":{"ngg_post_thumbnail":0,"footnotes":""},"categories":[121],"tags":[],"class_list":["post-16702","post","type-post","status-publish","format-standard","has-post-thumbnail","hentry","category-juventud-2"],"yoast_head":"<!-- This site is optimized with the Yoast SEO plugin v27.5 - https:\/\/yoast.com\/product\/yoast-seo-wordpress\/ -->\n<title>Concierto de Halloween el 31 de octubre a las 12:00h en la Plaza de la M\u00fasica - MI Ayuntamiento de Caudete<\/title>\n<meta name=\"description\" content=\"P\u00e1gina Oficial del Ayuntamiento de Caudete (Albacete)\" \/>\n<meta name=\"robots\" content=\"index, follow, max-snippet:-1, max-image-preview:large, max-video-preview:-1\" \/>\n<link rel=\"canonical\" href=\"https:\/\/www.caudete.org\/ayuntamiento\/concierto-de-halloween-el-31-de-octubre-a-las-1200h-en-la-plaza-de-la-musica\/\" \/>\n<meta property=\"og:locale\" content=\"es_ES\" \/>\n<meta property=\"og:type\" content=\"article\" \/>\n<meta property=\"og:title\" content=\"Concierto de Halloween el 31 de octubre a las 12:00h en la Plaza de la M\u00fasica - MI Ayuntamiento de Caudete\" \/>\n<meta property=\"og:description\" content=\"P\u00e1gina Oficial del Ayuntamiento de Caudete (Albacete)\" \/>\n<meta property=\"og:url\" content=\"https:\/\/www.caudete.org\/ayuntamiento\/concierto-de-halloween-el-31-de-octubre-a-las-1200h-en-la-plaza-de-la-musica\/\" \/>\n<meta property=\"og:site_name\" content=\"MI Ayuntamiento de Caudete\" \/>\n<meta property=\"article:publisher\" content=\"https:\/\/www.facebook.com\/ayuntamientocaudete\/\" \/>\n<meta property=\"article:published_time\" content=\"2021-10-28T18:30:12+00:00\" \/>\n<meta property=\"article:modified_time\" content=\"2021-10-28T18:51:37+00:00\" \/>\n<meta property=\"og:image\" content=\"https:\/\/www.caudete.org\/ayuntamiento\/wp-content\/uploads\/2021\/10\/Concierto-Halloween-WEB.jpg\" \/>\n\t<meta property=\"og:image:width\" content=\"864\" \/>\n\t<meta property=\"og:image:height\" content=\"380\" \/>\n\t<meta property=\"og:image:type\" content=\"image\/jpeg\" \/>\n<meta name=\"author\" content=\"alcalde\" \/>\n<meta name=\"twitter:card\" content=\"summary_large_image\" \/>\n<meta name=\"twitter:label1\" content=\"Escrito por\" \/>\n\t<meta name=\"twitter:data1\" content=\"alcalde\" \/>\n\t<meta name=\"twitter:label2\" content=\"Tiempo de lectura\" \/>\n\t<meta name=\"twitter:data2\" content=\"2 minutos\" \/>\n<script type=\"application\/ld+json\" class=\"yoast-schema-graph\">{\"@context\":\"https:\\\/\\\/schema.org\",\"@graph\":[{\"@type\":\"Article\",\"@id\":\"https:\\\/\\\/www.caudete.org\\\/ayuntamiento\\\/concierto-de-halloween-el-31-de-octubre-a-las-1200h-en-la-plaza-de-la-musica\\\/#article\",\"isPartOf\":{\"@id\":\"https:\\\/\\\/www.caudete.org\\\/ayuntamiento\\\/concierto-de-halloween-el-31-de-octubre-a-las-1200h-en-la-plaza-de-la-musica\\\/\"},\"author\":{\"name\":\"alcalde\",\"@id\":\"https:\\\/\\\/www.caudete.org\\\/ayuntamiento\\\/#\\\/schema\\\/person\\\/cc646da9133078ee4d8dd47457947253\"},\"headline\":\"Concierto de Halloween el 31 de octubre a las 12:00h en la Plaza de la M\u00fasica\",\"datePublished\":\"2021-10-28T18:30:12+00:00\",\"dateModified\":\"2021-10-28T18:51:37+00:00\",\"mainEntityOfPage\":{\"@id\":\"https:\\\/\\\/www.caudete.org\\\/ayuntamiento\\\/concierto-de-halloween-el-31-de-octubre-a-las-1200h-en-la-plaza-de-la-musica\\\/\"},\"wordCount\":291,\"publisher\":{\"@id\":\"https:\\\/\\\/www.caudete.org\\\/ayuntamiento\\\/#organization\"},\"image\":{\"@id\":\"https:\\\/\\\/www.caudete.org\\\/ayuntamiento\\\/concierto-de-halloween-el-31-de-octubre-a-las-1200h-en-la-plaza-de-la-musica\\\/#primaryimage\"},\"thumbnailUrl\":\"https:\\\/\\\/www.caudete.org\\\/ayuntamiento\\\/wp-content\\\/uploads\\\/2021\\\/10\\\/Concierto-Halloween-WEB.jpg\",\"articleSection\":[\"Juventud\"],\"inLanguage\":\"es\"},{\"@type\":\"WebPage\",\"@id\":\"https:\\\/\\\/www.caudete.org\\\/ayuntamiento\\\/concierto-de-halloween-el-31-de-octubre-a-las-1200h-en-la-plaza-de-la-musica\\\/\",\"url\":\"https:\\\/\\\/www.caudete.org\\\/ayuntamiento\\\/concierto-de-halloween-el-31-de-octubre-a-las-1200h-en-la-plaza-de-la-musica\\\/\",\"name\":\"Concierto de Halloween el 31 de octubre a las 12:00h en la Plaza de la M\u00fasica - MI Ayuntamiento de Caudete\",\"isPartOf\":{\"@id\":\"https:\\\/\\\/www.caudete.org\\\/ayuntamiento\\\/#website\"},\"primaryImageOfPage\":{\"@id\":\"https:\\\/\\\/www.caudete.org\\\/ayuntamiento\\\/concierto-de-halloween-el-31-de-octubre-a-las-1200h-en-la-plaza-de-la-musica\\\/#primaryimage\"},\"image\":{\"@id\":\"https:\\\/\\\/www.caudete.org\\\/ayuntamiento\\\/concierto-de-halloween-el-31-de-octubre-a-las-1200h-en-la-plaza-de-la-musica\\\/#primaryimage\"},\"thumbnailUrl\":\"https:\\\/\\\/www.caudete.org\\\/ayuntamiento\\\/wp-content\\\/uploads\\\/2021\\\/10\\\/Concierto-Halloween-WEB.jpg\",\"datePublished\":\"2021-10-28T18:30:12+00:00\",\"dateModified\":\"2021-10-28T18:51:37+00:00\",\"description\":\"P\u00e1gina Oficial del Ayuntamiento de Caudete (Albacete)\",\"breadcrumb\":{\"@id\":\"https:\\\/\\\/www.caudete.org\\\/ayuntamiento\\\/concierto-de-halloween-el-31-de-octubre-a-las-1200h-en-la-plaza-de-la-musica\\\/#breadcrumb\"},\"inLanguage\":\"es\",\"potentialAction\":[{\"@type\":\"ReadAction\",\"target\":[\"https:\\\/\\\/www.caudete.org\\\/ayuntamiento\\\/concierto-de-halloween-el-31-de-octubre-a-las-1200h-en-la-plaza-de-la-musica\\\/\"]}]},{\"@type\":\"ImageObject\",\"inLanguage\":\"es\",\"@id\":\"https:\\\/\\\/www.caudete.org\\\/ayuntamiento\\\/concierto-de-halloween-el-31-de-octubre-a-las-1200h-en-la-plaza-de-la-musica\\\/#primaryimage\",\"url\":\"https:\\\/\\\/www.caudete.org\\\/ayuntamiento\\\/wp-content\\\/uploads\\\/2021\\\/10\\\/Concierto-Halloween-WEB.jpg\",\"contentUrl\":\"https:\\\/\\\/www.caudete.org\\\/ayuntamiento\\\/wp-content\\\/uploads\\\/2021\\\/10\\\/Concierto-Halloween-WEB.jpg\",\"width\":864,\"height\":380},{\"@type\":\"BreadcrumbList\",\"@id\":\"https:\\\/\\\/www.caudete.org\\\/ayuntamiento\\\/concierto-de-halloween-el-31-de-octubre-a-las-1200h-en-la-plaza-de-la-musica\\\/#breadcrumb\",\"itemListElement\":[{\"@type\":\"ListItem\",\"position\":1,\"name\":\"Inicio\",\"item\":\"https:\\\/\\\/www.caudete.org\\\/ayuntamiento\\\/\"},{\"@type\":\"ListItem\",\"position\":2,\"name\":\"Concierto de Halloween el 31 de octubre a las 12:00h en la Plaza de la M\u00fasica\"}]},{\"@type\":\"WebSite\",\"@id\":\"https:\\\/\\\/www.caudete.org\\\/ayuntamiento\\\/#website\",\"url\":\"https:\\\/\\\/www.caudete.org\\\/ayuntamiento\\\/\",\"name\":\"MI Ayuntamiento de Caudete\",\"description\":\"P\u00e1gina Oficial del MI Ayuntamiento de Caudete\",\"publisher\":{\"@id\":\"https:\\\/\\\/www.caudete.org\\\/ayuntamiento\\\/#organization\"},\"potentialAction\":[{\"@type\":\"SearchAction\",\"target\":{\"@type\":\"EntryPoint\",\"urlTemplate\":\"https:\\\/\\\/www.caudete.org\\\/ayuntamiento\\\/?s={search_term_string}\"},\"query-input\":{\"@type\":\"PropertyValueSpecification\",\"valueRequired\":true,\"valueName\":\"search_term_string\"}}],\"inLanguage\":\"es\"},{\"@type\":\"Organization\",\"@id\":\"https:\\\/\\\/www.caudete.org\\\/ayuntamiento\\\/#organization\",\"name\":\"Ayuntamiento de Caudete\",\"url\":\"https:\\\/\\\/www.caudete.org\\\/ayuntamiento\\\/\",\"logo\":{\"@type\":\"ImageObject\",\"inLanguage\":\"es\",\"@id\":\"https:\\\/\\\/www.caudete.org\\\/ayuntamiento\\\/#\\\/schema\\\/logo\\\/image\\\/\",\"url\":\"https:\\\/\\\/www.caudete.org\\\/ayuntamiento\\\/wp-content\\\/uploads\\\/2020\\\/11\\\/logo_ayuntamiento_caudete.jpg\",\"contentUrl\":\"https:\\\/\\\/www.caudete.org\\\/ayuntamiento\\\/wp-content\\\/uploads\\\/2020\\\/11\\\/logo_ayuntamiento_caudete.jpg\",\"width\":600,\"height\":150,\"caption\":\"Ayuntamiento de Caudete\"},\"image\":{\"@id\":\"https:\\\/\\\/www.caudete.org\\\/ayuntamiento\\\/#\\\/schema\\\/logo\\\/image\\\/\"},\"sameAs\":[\"https:\\\/\\\/www.facebook.com\\\/ayuntamientocaudete\\\/\",\"https:\\\/\\\/www.youtube.com\\\/channel\\\/UC6VztHaooNsGpw-tNoBEFnQ\"]},{\"@type\":\"Person\",\"@id\":\"https:\\\/\\\/www.caudete.org\\\/ayuntamiento\\\/#\\\/schema\\\/person\\\/cc646da9133078ee4d8dd47457947253\",\"name\":\"alcalde\",\"image\":{\"@type\":\"ImageObject\",\"inLanguage\":\"es\",\"@id\":\"https:\\\/\\\/secure.gravatar.com\\\/avatar\\\/84a817ba065b29ff08d666b215a215f5c79186a645ccb25b14a663d48a130f77?s=96&d=mm&r=g\",\"url\":\"https:\\\/\\\/secure.gravatar.com\\\/avatar\\\/84a817ba065b29ff08d666b215a215f5c79186a645ccb25b14a663d48a130f77?s=96&d=mm&r=g\",\"contentUrl\":\"https:\\\/\\\/secure.gravatar.com\\\/avatar\\\/84a817ba065b29ff08d666b215a215f5c79186a645ccb25b14a663d48a130f77?s=96&d=mm&r=g\",\"caption\":\"alcalde\"},\"url\":\"https:\\\/\\\/www.caudete.org\\\/ayuntamiento\\\/author\\\/alcalde\\\/\"}]}<\/script>\n<!-- \/ Yoast SEO plugin. -->","yoast_head_json":{"title":"Concierto de Halloween el 31 de octubre a las 12:00h en la Plaza de la M\u00fasica - MI Ayuntamiento de Caudete","description":"P\u00e1gina Oficial del Ayuntamiento de Caudete (Albacete)","robots":{"index":"index","follow":"follow","max-snippet":"max-snippet:-1","max-image-preview":"max-image-preview:large","max-video-preview":"max-video-preview:-1"},"canonical":"https:\/\/www.caudete.org\/ayuntamiento\/concierto-de-halloween-el-31-de-octubre-a-las-1200h-en-la-plaza-de-la-musica\/","og_locale":"es_ES","og_type":"article","og_title":"Concierto de Halloween el 31 de octubre a las 12:00h en la Plaza de la M\u00fasica - MI Ayuntamiento de Caudete","og_description":"P\u00e1gina Oficial del Ayuntamiento de Caudete (Albacete)","og_url":"https:\/\/www.caudete.org\/ayuntamiento\/concierto-de-halloween-el-31-de-octubre-a-las-1200h-en-la-plaza-de-la-musica\/","og_site_name":"MI Ayuntamiento de Caudete","article_publisher":"https:\/\/www.facebook.com\/ayuntamientocaudete\/","article_published_time":"2021-10-28T18:30:12+00:00","article_modified_time":"2021-10-28T18:51:37+00:00","og_image":[{"width":864,"height":380,"url":"https:\/\/www.caudete.org\/ayuntamiento\/wp-content\/uploads\/2021\/10\/Concierto-Halloween-WEB.jpg","type":"image\/jpeg"}],"author":"alcalde","twitter_card":"summary_large_image","twitter_misc":{"Escrito por":"alcalde","Tiempo de lectura":"2 minutos"},"schema":{"@context":"https:\/\/schema.org","@graph":[{"@type":"Article","@id":"https:\/\/www.caudete.org\/ayuntamiento\/concierto-de-halloween-el-31-de-octubre-a-las-1200h-en-la-plaza-de-la-musica\/#article","isPartOf":{"@id":"https:\/\/www.caudete.org\/ayuntamiento\/concierto-de-halloween-el-31-de-octubre-a-las-1200h-en-la-plaza-de-la-musica\/"},"author":{"name":"alcalde","@id":"https:\/\/www.caudete.org\/ayuntamiento\/#\/schema\/person\/cc646da9133078ee4d8dd47457947253"},"headline":"Concierto de Halloween el 31 de octubre a las 12:00h en la Plaza de la M\u00fasica","datePublished":"2021-10-28T18:30:12+00:00","dateModified":"2021-10-28T18:51:37+00:00","mainEntityOfPage":{"@id":"https:\/\/www.caudete.org\/ayuntamiento\/concierto-de-halloween-el-31-de-octubre-a-las-1200h-en-la-plaza-de-la-musica\/"},"wordCount":291,"publisher":{"@id":"https:\/\/www.caudete.org\/ayuntamiento\/#organization"},"image":{"@id":"https:\/\/www.caudete.org\/ayuntamiento\/concierto-de-halloween-el-31-de-octubre-a-las-1200h-en-la-plaza-de-la-musica\/#primaryimage"},"thumbnailUrl":"https:\/\/www.caudete.org\/ayuntamiento\/wp-content\/uploads\/2021\/10\/Concierto-Halloween-WEB.jpg","articleSection":["Juventud"],"inLanguage":"es"},{"@type":"WebPage","@id":"https:\/\/www.caudete.org\/ayuntamiento\/concierto-de-halloween-el-31-de-octubre-a-las-1200h-en-la-plaza-de-la-musica\/","url":"https:\/\/www.caudete.org\/ayuntamiento\/concierto-de-halloween-el-31-de-octubre-a-las-1200h-en-la-plaza-de-la-musica\/","name":"Concierto de Halloween el 31 de octubre a las 12:00h en la Plaza de la M\u00fasica - MI Ayuntamiento de Caudete","isPartOf":{"@id":"https:\/\/www.caudete.org\/ayuntamiento\/#website"},"primaryImageOfPage":{"@id":"https:\/\/www.caudete.org\/ayuntamiento\/concierto-de-halloween-el-31-de-octubre-a-las-1200h-en-la-plaza-de-la-musica\/#primaryimage"},"image":{"@id":"https:\/\/www.caudete.org\/ayuntamiento\/concierto-de-halloween-el-31-de-octubre-a-las-1200h-en-la-plaza-de-la-musica\/#primaryimage"},"thumbnailUrl":"https:\/\/www.caudete.org\/ayuntamiento\/wp-content\/uploads\/2021\/10\/Concierto-Halloween-WEB.jpg","datePublished":"2021-10-28T18:30:12+00:00","dateModified":"2021-10-28T18:51:37+00:00","description":"P\u00e1gina Oficial del Ayuntamiento de Caudete (Albacete)","breadcrumb":{"@id":"https:\/\/www.caudete.org\/ayuntamiento\/concierto-de-halloween-el-31-de-octubre-a-las-1200h-en-la-plaza-de-la-musica\/#breadcrumb"},"inLanguage":"es","potentialAction":[{"@type":"ReadAction","target":["https:\/\/www.caudete.org\/ayuntamiento\/concierto-de-halloween-el-31-de-octubre-a-las-1200h-en-la-plaza-de-la-musica\/"]}]},{"@type":"ImageObject","inLanguage":"es","@id":"https:\/\/www.caudete.org\/ayuntamiento\/concierto-de-halloween-el-31-de-octubre-a-las-1200h-en-la-plaza-de-la-musica\/#primaryimage","url":"https:\/\/www.caudete.org\/ayuntamiento\/wp-content\/uploads\/2021\/10\/Concierto-Halloween-WEB.jpg","contentUrl":"https:\/\/www.caudete.org\/ayuntamiento\/wp-content\/uploads\/2021\/10\/Concierto-Halloween-WEB.jpg","width":864,"height":380},{"@type":"BreadcrumbList","@id":"https:\/\/www.caudete.org\/ayuntamiento\/concierto-de-halloween-el-31-de-octubre-a-las-1200h-en-la-plaza-de-la-musica\/#breadcrumb","itemListElement":[{"@type":"ListItem","position":1,"name":"Inicio","item":"https:\/\/www.caudete.org\/ayuntamiento\/"},{"@type":"ListItem","position":2,"name":"Concierto de Halloween el 31 de octubre a las 12:00h en la Plaza de la M\u00fasica"}]},{"@type":"WebSite","@id":"https:\/\/www.caudete.org\/ayuntamiento\/#website","url":"https:\/\/www.caudete.org\/ayuntamiento\/","name":"MI Ayuntamiento de Caudete","description":"P\u00e1gina Oficial del MI Ayuntamiento de Caudete","publisher":{"@id":"https:\/\/www.caudete.org\/ayuntamiento\/#organization"},"potentialAction":[{"@type":"SearchAction","target":{"@type":"EntryPoint","urlTemplate":"https:\/\/www.caudete.org\/ayuntamiento\/?s={search_term_string}"},"query-input":{"@type":"PropertyValueSpecification","valueRequired":true,"valueName":"search_term_string"}}],"inLanguage":"es"},{"@type":"Organization","@id":"https:\/\/www.caudete.org\/ayuntamiento\/#organization","name":"Ayuntamiento de Caudete","url":"https:\/\/www.caudete.org\/ayuntamiento\/","logo":{"@type":"ImageObject","inLanguage":"es","@id":"https:\/\/www.caudete.org\/ayuntamiento\/#\/schema\/logo\/image\/","url":"https:\/\/www.caudete.org\/ayuntamiento\/wp-content\/uploads\/2020\/11\/logo_ayuntamiento_caudete.jpg","contentUrl":"https:\/\/www.caudete.org\/ayuntamiento\/wp-content\/uploads\/2020\/11\/logo_ayuntamiento_caudete.jpg","width":600,"height":150,"caption":"Ayuntamiento de Caudete"},"image":{"@id":"https:\/\/www.caudete.org\/ayuntamiento\/#\/schema\/logo\/image\/"},"sameAs":["https:\/\/www.facebook.com\/ayuntamientocaudete\/","https:\/\/www.youtube.com\/channel\/UC6VztHaooNsGpw-tNoBEFnQ"]},{"@type":"Person","@id":"https:\/\/www.caudete.org\/ayuntamiento\/#\/schema\/person\/cc646da9133078ee4d8dd47457947253","name":"alcalde","image":{"@type":"ImageObject","inLanguage":"es","@id":"https:\/\/secure.gravatar.com\/avatar\/84a817ba065b29ff08d666b215a215f5c79186a645ccb25b14a663d48a130f77?s=96&d=mm&r=g","url":"https:\/\/secure.gravatar.com\/avatar\/84a817ba065b29ff08d666b215a215f5c79186a645ccb25b14a663d48a130f77?s=96&d=mm&r=g","contentUrl":"https:\/\/secure.gravatar.com\/avatar\/84a817ba065b29ff08d666b215a215f5c79186a645ccb25b14a663d48a130f77?s=96&d=mm&r=g","caption":"alcalde"},"url":"https:\/\/www.caudete.org\/ayuntamiento\/author\/alcalde\/"}]}},"_links":{"self":[{"href":"https:\/\/www.caudete.org\/ayuntamiento\/wp-json\/wp\/v2\/posts\/16702","targetHints":{"allow":["GET"]}}],"collection":[{"href":"https:\/\/www.caudete.org\/ayuntamiento\/wp-json\/wp\/v2\/posts"}],"about":[{"href":"https:\/\/www.caudete.org\/ayuntamiento\/wp-json\/wp\/v2\/types\/post"}],"author":[{"embeddable":true,"href":"https:\/\/www.caudete.org\/ayuntamiento\/wp-json\/wp\/v2\/users\/3"}],"replies":[{"embeddable":true,"href":"https:\/\/www.caudete.org\/ayuntamiento\/wp-json\/wp\/v2\/comments?post=16702"}],"version-history":[{"count":4,"href":"https:\/\/www.caudete.org\/ayuntamiento\/wp-json\/wp\/v2\/posts\/16702\/revisions"}],"predecessor-version":[{"id":16709,"href":"https:\/\/www.caudete.org\/ayuntamiento\/wp-json\/wp\/v2\/posts\/16702\/revisions\/16709"}],"wp:featuredmedia":[{"embeddable":true,"href":"https:\/\/www.caudete.org\/ayuntamiento\/wp-json\/wp\/v2\/media\/16708"}],"wp:attachment":[{"href":"https:\/\/www.caudete.org\/ayuntamiento\/wp-json\/wp\/v2\/media?parent=16702"}],"wp:term":[{"taxonomy":"category","embeddable":true,"href":"https:\/\/www.caudete.org\/ayuntamiento\/wp-json\/wp\/v2\/categories?post=16702"},{"taxonomy":"post_tag","embeddable":true,"href":"https:\/\/www.caudete.org\/ayuntamiento\/wp-json\/wp\/v2\/tags?post=16702"}],"curies":[{"name":"wp","href":"https:\/\/api.w.org\/{rel}","templated":true}]}}