{"id":16725,"date":"2021-10-29T18:14:41","date_gmt":"2021-10-29T16:14:41","guid":{"rendered":"https:\/\/www.caudete.org\/ayuntamiento\/?p=16725"},"modified":"2021-10-29T18:14:41","modified_gmt":"2021-10-29T16:14:41","slug":"la-biblioteca-publica-municipal-ana-maria-matutede-caudete-obtiene-el-maximo-galardon-de-los-premios-maria-moliner-2021","status":"publish","type":"post","link":"https:\/\/www.caudete.org\/ayuntamiento\/la-biblioteca-publica-municipal-ana-maria-matutede-caudete-obtiene-el-maximo-galardon-de-los-premios-maria-moliner-2021\/","title":{"rendered":"LA BIBLIOTECA P\u00daBLICA MUNICIPAL \u201cAna Maria Matute\u201dde Caudete obtiene el m\u00e1ximo galard\u00f3n de los PREMIOS \u201cMARIA MOLINER 2021\u201d"},"content":{"rendered":"<p>La Biblioteca P\u00fablica Municipal Ana Mar\u00eda Matute de Caudete se alza con el m\u00e1ximo galard\u00f3n para las Bibliotecas P\u00fablicas a nivel nacional, el Premio Mar\u00eda Moliner, dotado con 10000 euros. Un premio que viene a respaldar el programa de animaci\u00f3n a la lectura que desde esta Biblioteca se desarrolla en todo el municipio de Caudete, tanto a nivel presencial como a nivel virtual a trav\u00e9s de todas sus redes sociales, no en vano el proyecto premiado se llama: La Biblioteca de Caudete, una biblioteca En(red)ada para ti.<\/p>\n<p>Esta XXI Campa\u00f1a de Animaci\u00f3n a la Lectura Mar\u00eda Moliner para municipios de menos de 50.000 habitantes, est\u00e1 organizada por el Ministerio de Cultura y Deporte junto con la Federaci\u00f3n Espa\u00f1ola de Municipios y Provincias. De los 700 proyectos presentados a nivel nacional, la Biblioteca Municipal de Caudete ha quedado en tercera posici\u00f3n. Para esta campa\u00f1a ha quedado seleccionada en quince ocasiones entre los 300 proyectos clasificados, siendo dos veces finalistas y este a\u00f1o por fin hemos obtenido el m\u00e1ximo galard\u00f3n con el gran premio.<\/p>\n<p>El proyecto premiado es \u201cLa Biblioteca de Caudete, una Biblioteca En(Red)ada para ti\u201d, y tiene como misi\u00f3n hacer que la Biblioteca Municipal siga siendo un referente cultural para el municipio de Caudete durante este a\u00f1o 2021. Con una poblaci\u00f3n de 10005 habitantes, nuestra Biblioteca cuenta con 5926 socios, es decir, qu\u00e9 m\u00e1s de la mitad de habitantes son socios.<\/p>\n<p>Este a\u00f1o, a pesar de comenzarlo con la Biblioteca cerrada al p\u00fablico, por el tema de la COVID-19, nos hemos centrado en seguir en contacto con nuestros usuarios, gracias a los v\u00ednculos que mantenemos con toda la poblaci\u00f3n de Caudete. Y es que tanto a trav\u00e9s de nuestro proyecto de Clubes de Lectura, como a trav\u00e9s de las numerosas actividades que hemos realizado tanto de forma presencial, como de forma virtual, hemos querido llegar a todo tipo de p\u00fablico. Y este reconocimiento a nivel nacional es una prueba de ello.<\/p>\n<p>Damos las gracias a todos nuestros usuarios, que hacen que la Biblioteca cada vez siga m\u00e1s enredada para ofrecer actividades y servicios nuevos. Recuerda que la Biblioteca est\u00e1 siempre a tu lado y seguir\u00e1 siendo una biblioteca En(red)ada para ti.<\/p>\n<p>&nbsp;<\/p>\n<p>&nbsp;<\/p>\n","protected":false},"excerpt":{"rendered":"<p>La Biblioteca P\u00fablica Municipal Ana Mar\u00eda Matute de Caudete se alza con el m\u00e1ximo galard\u00f3n para las Bibliotecas P\u00fablicas a nivel nacional, el Premio Mar\u00eda Moliner, dotado con 10000 euros. Un premio que viene a respaldar el programa de animaci\u00f3n a la lectura que desde esta Biblioteca se desarrolla en todo el municipio de Caudete, &hellip;<\/p>\n","protected":false},"author":2,"featured_media":16727,"comment_status":"closed","ping_status":"open","sticky":false,"template":"","format":"standard","meta":{"ngg_post_thumbnail":0,"footnotes":""},"categories":[14],"tags":[],"class_list":["post-16725","post","type-post","status-publish","format-standard","has-post-thumbnail","hentry","category-cultura"],"yoast_head":"<!-- This site is optimized with the Yoast SEO plugin v27.5 - https:\/\/yoast.com\/product\/yoast-seo-wordpress\/ -->\n<title>LA BIBLIOTECA P\u00daBLICA MUNICIPAL \u201cAna Maria Matute\u201dde Caudete obtiene el m\u00e1ximo galard\u00f3n de los PREMIOS \u201cMARIA MOLINER 2021\u201d - MI Ayuntamiento de Caudete<\/title>\n<meta name=\"description\" content=\"P\u00e1gina Oficial del Ayuntamiento de Caudete (Albacete)\" \/>\n<meta name=\"robots\" content=\"index, follow, max-snippet:-1, max-image-preview:large, max-video-preview:-1\" \/>\n<link rel=\"canonical\" href=\"https:\/\/www.caudete.org\/ayuntamiento\/la-biblioteca-publica-municipal-ana-maria-matutede-caudete-obtiene-el-maximo-galardon-de-los-premios-maria-moliner-2021\/\" \/>\n<meta property=\"og:locale\" content=\"es_ES\" \/>\n<meta property=\"og:type\" content=\"article\" \/>\n<meta property=\"og:title\" content=\"LA BIBLIOTECA P\u00daBLICA MUNICIPAL \u201cAna Maria Matute\u201dde Caudete obtiene el m\u00e1ximo galard\u00f3n de los PREMIOS \u201cMARIA MOLINER 2021\u201d - MI Ayuntamiento de Caudete\" \/>\n<meta property=\"og:description\" content=\"P\u00e1gina Oficial del Ayuntamiento de Caudete (Albacete)\" \/>\n<meta property=\"og:url\" content=\"https:\/\/www.caudete.org\/ayuntamiento\/la-biblioteca-publica-municipal-ana-maria-matutede-caudete-obtiene-el-maximo-galardon-de-los-premios-maria-moliner-2021\/\" \/>\n<meta property=\"og:site_name\" content=\"MI Ayuntamiento de Caudete\" \/>\n<meta property=\"article:publisher\" content=\"https:\/\/www.facebook.com\/ayuntamientocaudete\/\" \/>\n<meta property=\"article:published_time\" content=\"2021-10-29T16:14:41+00:00\" \/>\n<meta property=\"og:image\" content=\"https:\/\/www.caudete.org\/ayuntamiento\/wp-content\/uploads\/2021\/10\/Premio-Maria-MolinerWEB.jpg\" \/>\n\t<meta property=\"og:image:width\" content=\"864\" \/>\n\t<meta property=\"og:image:height\" content=\"380\" \/>\n\t<meta property=\"og:image:type\" content=\"image\/jpeg\" \/>\n<meta name=\"author\" content=\"Juan\" \/>\n<meta name=\"twitter:card\" content=\"summary_large_image\" \/>\n<meta name=\"twitter:label1\" content=\"Escrito por\" \/>\n\t<meta name=\"twitter:data1\" content=\"Juan\" \/>\n\t<meta name=\"twitter:label2\" content=\"Tiempo de lectura\" \/>\n\t<meta name=\"twitter:data2\" content=\"2 minutos\" \/>\n<script type=\"application\/ld+json\" class=\"yoast-schema-graph\">{\"@context\":\"https:\\\/\\\/schema.org\",\"@graph\":[{\"@type\":\"Article\",\"@id\":\"https:\\\/\\\/www.caudete.org\\\/ayuntamiento\\\/la-biblioteca-publica-municipal-ana-maria-matutede-caudete-obtiene-el-maximo-galardon-de-los-premios-maria-moliner-2021\\\/#article\",\"isPartOf\":{\"@id\":\"https:\\\/\\\/www.caudete.org\\\/ayuntamiento\\\/la-biblioteca-publica-municipal-ana-maria-matutede-caudete-obtiene-el-maximo-galardon-de-los-premios-maria-moliner-2021\\\/\"},\"author\":{\"name\":\"Juan\",\"@id\":\"https:\\\/\\\/www.caudete.org\\\/ayuntamiento\\\/#\\\/schema\\\/person\\\/7656a5bb58fca95b9814e940de0fda63\"},\"headline\":\"LA BIBLIOTECA P\u00daBLICA MUNICIPAL \u201cAna Maria Matute\u201dde Caudete obtiene el m\u00e1ximo galard\u00f3n de los PREMIOS \u201cMARIA MOLINER 2021\u201d\",\"datePublished\":\"2021-10-29T16:14:41+00:00\",\"mainEntityOfPage\":{\"@id\":\"https:\\\/\\\/www.caudete.org\\\/ayuntamiento\\\/la-biblioteca-publica-municipal-ana-maria-matutede-caudete-obtiene-el-maximo-galardon-de-los-premios-maria-moliner-2021\\\/\"},\"wordCount\":413,\"image\":{\"@id\":\"https:\\\/\\\/www.caudete.org\\\/ayuntamiento\\\/la-biblioteca-publica-municipal-ana-maria-matutede-caudete-obtiene-el-maximo-galardon-de-los-premios-maria-moliner-2021\\\/#primaryimage\"},\"thumbnailUrl\":\"https:\\\/\\\/www.caudete.org\\\/ayuntamiento\\\/wp-content\\\/uploads\\\/2021\\\/10\\\/Premio-Maria-MolinerWEB.jpg\",\"articleSection\":[\"Cultura\"],\"inLanguage\":\"es\"},{\"@type\":\"WebPage\",\"@id\":\"https:\\\/\\\/www.caudete.org\\\/ayuntamiento\\\/la-biblioteca-publica-municipal-ana-maria-matutede-caudete-obtiene-el-maximo-galardon-de-los-premios-maria-moliner-2021\\\/\",\"url\":\"https:\\\/\\\/www.caudete.org\\\/ayuntamiento\\\/la-biblioteca-publica-municipal-ana-maria-matutede-caudete-obtiene-el-maximo-galardon-de-los-premios-maria-moliner-2021\\\/\",\"name\":\"LA BIBLIOTECA P\u00daBLICA MUNICIPAL \u201cAna Maria Matute\u201dde Caudete obtiene el m\u00e1ximo galard\u00f3n de los PREMIOS \u201cMARIA MOLINER 2021\u201d - MI Ayuntamiento de Caudete\",\"isPartOf\":{\"@id\":\"https:\\\/\\\/www.caudete.org\\\/ayuntamiento\\\/#website\"},\"primaryImageOfPage\":{\"@id\":\"https:\\\/\\\/www.caudete.org\\\/ayuntamiento\\\/la-biblioteca-publica-municipal-ana-maria-matutede-caudete-obtiene-el-maximo-galardon-de-los-premios-maria-moliner-2021\\\/#primaryimage\"},\"image\":{\"@id\":\"https:\\\/\\\/www.caudete.org\\\/ayuntamiento\\\/la-biblioteca-publica-municipal-ana-maria-matutede-caudete-obtiene-el-maximo-galardon-de-los-premios-maria-moliner-2021\\\/#primaryimage\"},\"thumbnailUrl\":\"https:\\\/\\\/www.caudete.org\\\/ayuntamiento\\\/wp-content\\\/uploads\\\/2021\\\/10\\\/Premio-Maria-MolinerWEB.jpg\",\"datePublished\":\"2021-10-29T16:14:41+00:00\",\"author\":{\"@id\":\"https:\\\/\\\/www.caudete.org\\\/ayuntamiento\\\/#\\\/schema\\\/person\\\/7656a5bb58fca95b9814e940de0fda63\"},\"description\":\"P\u00e1gina Oficial del Ayuntamiento de Caudete (Albacete)\",\"breadcrumb\":{\"@id\":\"https:\\\/\\\/www.caudete.org\\\/ayuntamiento\\\/la-biblioteca-publica-municipal-ana-maria-matutede-caudete-obtiene-el-maximo-galardon-de-los-premios-maria-moliner-2021\\\/#breadcrumb\"},\"inLanguage\":\"es\",\"potentialAction\":[{\"@type\":\"ReadAction\",\"target\":[\"https:\\\/\\\/www.caudete.org\\\/ayuntamiento\\\/la-biblioteca-publica-municipal-ana-maria-matutede-caudete-obtiene-el-maximo-galardon-de-los-premios-maria-moliner-2021\\\/\"]}]},{\"@type\":\"ImageObject\",\"inLanguage\":\"es\",\"@id\":\"https:\\\/\\\/www.caudete.org\\\/ayuntamiento\\\/la-biblioteca-publica-municipal-ana-maria-matutede-caudete-obtiene-el-maximo-galardon-de-los-premios-maria-moliner-2021\\\/#primaryimage\",\"url\":\"https:\\\/\\\/www.caudete.org\\\/ayuntamiento\\\/wp-content\\\/uploads\\\/2021\\\/10\\\/Premio-Maria-MolinerWEB.jpg\",\"contentUrl\":\"https:\\\/\\\/www.caudete.org\\\/ayuntamiento\\\/wp-content\\\/uploads\\\/2021\\\/10\\\/Premio-Maria-MolinerWEB.jpg\",\"width\":864,\"height\":380},{\"@type\":\"BreadcrumbList\",\"@id\":\"https:\\\/\\\/www.caudete.org\\\/ayuntamiento\\\/la-biblioteca-publica-municipal-ana-maria-matutede-caudete-obtiene-el-maximo-galardon-de-los-premios-maria-moliner-2021\\\/#breadcrumb\",\"itemListElement\":[{\"@type\":\"ListItem\",\"position\":1,\"name\":\"Inicio\",\"item\":\"https:\\\/\\\/www.caudete.org\\\/ayuntamiento\\\/\"},{\"@type\":\"ListItem\",\"position\":2,\"name\":\"LA BIBLIOTECA P\u00daBLICA MUNICIPAL \u201cAna Maria Matute\u201dde Caudete obtiene el m\u00e1ximo galard\u00f3n de los PREMIOS \u201cMARIA MOLINER 2021\u201d\"}]},{\"@type\":\"WebSite\",\"@id\":\"https:\\\/\\\/www.caudete.org\\\/ayuntamiento\\\/#website\",\"url\":\"https:\\\/\\\/www.caudete.org\\\/ayuntamiento\\\/\",\"name\":\"MI Ayuntamiento de Caudete\",\"description\":\"P\u00e1gina Oficial del MI Ayuntamiento de Caudete\",\"potentialAction\":[{\"@type\":\"SearchAction\",\"target\":{\"@type\":\"EntryPoint\",\"urlTemplate\":\"https:\\\/\\\/www.caudete.org\\\/ayuntamiento\\\/?s={search_term_string}\"},\"query-input\":{\"@type\":\"PropertyValueSpecification\",\"valueRequired\":true,\"valueName\":\"search_term_string\"}}],\"inLanguage\":\"es\"},{\"@type\":\"Person\",\"@id\":\"https:\\\/\\\/www.caudete.org\\\/ayuntamiento\\\/#\\\/schema\\\/person\\\/7656a5bb58fca95b9814e940de0fda63\",\"name\":\"Juan\",\"image\":{\"@type\":\"ImageObject\",\"inLanguage\":\"es\",\"@id\":\"https:\\\/\\\/secure.gravatar.com\\\/avatar\\\/dd53e51c0cd6ab23f52d4f3e4f1c59730240727763de3dbbf26750b079a2c292?s=96&d=mm&r=g\",\"url\":\"https:\\\/\\\/secure.gravatar.com\\\/avatar\\\/dd53e51c0cd6ab23f52d4f3e4f1c59730240727763de3dbbf26750b079a2c292?s=96&d=mm&r=g\",\"contentUrl\":\"https:\\\/\\\/secure.gravatar.com\\\/avatar\\\/dd53e51c0cd6ab23f52d4f3e4f1c59730240727763de3dbbf26750b079a2c292?s=96&d=mm&r=g\",\"caption\":\"Juan\"},\"url\":\"https:\\\/\\\/www.caudete.org\\\/ayuntamiento\\\/author\\\/centrodeinternet\\\/\"}]}<\/script>\n<!-- \/ Yoast SEO plugin. -->","yoast_head_json":{"title":"LA BIBLIOTECA P\u00daBLICA MUNICIPAL \u201cAna Maria Matute\u201dde Caudete obtiene el m\u00e1ximo galard\u00f3n de los PREMIOS \u201cMARIA MOLINER 2021\u201d - MI Ayuntamiento de Caudete","description":"P\u00e1gina Oficial del Ayuntamiento de Caudete (Albacete)","robots":{"index":"index","follow":"follow","max-snippet":"max-snippet:-1","max-image-preview":"max-image-preview:large","max-video-preview":"max-video-preview:-1"},"canonical":"https:\/\/www.caudete.org\/ayuntamiento\/la-biblioteca-publica-municipal-ana-maria-matutede-caudete-obtiene-el-maximo-galardon-de-los-premios-maria-moliner-2021\/","og_locale":"es_ES","og_type":"article","og_title":"LA BIBLIOTECA P\u00daBLICA MUNICIPAL \u201cAna Maria Matute\u201dde Caudete obtiene el m\u00e1ximo galard\u00f3n de los PREMIOS \u201cMARIA MOLINER 2021\u201d - MI Ayuntamiento de Caudete","og_description":"P\u00e1gina Oficial del Ayuntamiento de Caudete (Albacete)","og_url":"https:\/\/www.caudete.org\/ayuntamiento\/la-biblioteca-publica-municipal-ana-maria-matutede-caudete-obtiene-el-maximo-galardon-de-los-premios-maria-moliner-2021\/","og_site_name":"MI Ayuntamiento de Caudete","article_publisher":"https:\/\/www.facebook.com\/ayuntamientocaudete\/","article_published_time":"2021-10-29T16:14:41+00:00","og_image":[{"width":864,"height":380,"url":"https:\/\/www.caudete.org\/ayuntamiento\/wp-content\/uploads\/2021\/10\/Premio-Maria-MolinerWEB.jpg","type":"image\/jpeg"}],"author":"Juan","twitter_card":"summary_large_image","twitter_misc":{"Escrito por":"Juan","Tiempo de lectura":"2 minutos"},"schema":{"@context":"https:\/\/schema.org","@graph":[{"@type":"Article","@id":"https:\/\/www.caudete.org\/ayuntamiento\/la-biblioteca-publica-municipal-ana-maria-matutede-caudete-obtiene-el-maximo-galardon-de-los-premios-maria-moliner-2021\/#article","isPartOf":{"@id":"https:\/\/www.caudete.org\/ayuntamiento\/la-biblioteca-publica-municipal-ana-maria-matutede-caudete-obtiene-el-maximo-galardon-de-los-premios-maria-moliner-2021\/"},"author":{"name":"Juan","@id":"https:\/\/www.caudete.org\/ayuntamiento\/#\/schema\/person\/7656a5bb58fca95b9814e940de0fda63"},"headline":"LA BIBLIOTECA P\u00daBLICA MUNICIPAL \u201cAna Maria Matute\u201dde Caudete obtiene el m\u00e1ximo galard\u00f3n de los PREMIOS \u201cMARIA MOLINER 2021\u201d","datePublished":"2021-10-29T16:14:41+00:00","mainEntityOfPage":{"@id":"https:\/\/www.caudete.org\/ayuntamiento\/la-biblioteca-publica-municipal-ana-maria-matutede-caudete-obtiene-el-maximo-galardon-de-los-premios-maria-moliner-2021\/"},"wordCount":413,"image":{"@id":"https:\/\/www.caudete.org\/ayuntamiento\/la-biblioteca-publica-municipal-ana-maria-matutede-caudete-obtiene-el-maximo-galardon-de-los-premios-maria-moliner-2021\/#primaryimage"},"thumbnailUrl":"https:\/\/www.caudete.org\/ayuntamiento\/wp-content\/uploads\/2021\/10\/Premio-Maria-MolinerWEB.jpg","articleSection":["Cultura"],"inLanguage":"es"},{"@type":"WebPage","@id":"https:\/\/www.caudete.org\/ayuntamiento\/la-biblioteca-publica-municipal-ana-maria-matutede-caudete-obtiene-el-maximo-galardon-de-los-premios-maria-moliner-2021\/","url":"https:\/\/www.caudete.org\/ayuntamiento\/la-biblioteca-publica-municipal-ana-maria-matutede-caudete-obtiene-el-maximo-galardon-de-los-premios-maria-moliner-2021\/","name":"LA BIBLIOTECA P\u00daBLICA MUNICIPAL \u201cAna Maria Matute\u201dde Caudete obtiene el m\u00e1ximo galard\u00f3n de los PREMIOS \u201cMARIA MOLINER 2021\u201d - MI Ayuntamiento de Caudete","isPartOf":{"@id":"https:\/\/www.caudete.org\/ayuntamiento\/#website"},"primaryImageOfPage":{"@id":"https:\/\/www.caudete.org\/ayuntamiento\/la-biblioteca-publica-municipal-ana-maria-matutede-caudete-obtiene-el-maximo-galardon-de-los-premios-maria-moliner-2021\/#primaryimage"},"image":{"@id":"https:\/\/www.caudete.org\/ayuntamiento\/la-biblioteca-publica-municipal-ana-maria-matutede-caudete-obtiene-el-maximo-galardon-de-los-premios-maria-moliner-2021\/#primaryimage"},"thumbnailUrl":"https:\/\/www.caudete.org\/ayuntamiento\/wp-content\/uploads\/2021\/10\/Premio-Maria-MolinerWEB.jpg","datePublished":"2021-10-29T16:14:41+00:00","author":{"@id":"https:\/\/www.caudete.org\/ayuntamiento\/#\/schema\/person\/7656a5bb58fca95b9814e940de0fda63"},"description":"P\u00e1gina Oficial del Ayuntamiento de Caudete (Albacete)","breadcrumb":{"@id":"https:\/\/www.caudete.org\/ayuntamiento\/la-biblioteca-publica-municipal-ana-maria-matutede-caudete-obtiene-el-maximo-galardon-de-los-premios-maria-moliner-2021\/#breadcrumb"},"inLanguage":"es","potentialAction":[{"@type":"ReadAction","target":["https:\/\/www.caudete.org\/ayuntamiento\/la-biblioteca-publica-municipal-ana-maria-matutede-caudete-obtiene-el-maximo-galardon-de-los-premios-maria-moliner-2021\/"]}]},{"@type":"ImageObject","inLanguage":"es","@id":"https:\/\/www.caudete.org\/ayuntamiento\/la-biblioteca-publica-municipal-ana-maria-matutede-caudete-obtiene-el-maximo-galardon-de-los-premios-maria-moliner-2021\/#primaryimage","url":"https:\/\/www.caudete.org\/ayuntamiento\/wp-content\/uploads\/2021\/10\/Premio-Maria-MolinerWEB.jpg","contentUrl":"https:\/\/www.caudete.org\/ayuntamiento\/wp-content\/uploads\/2021\/10\/Premio-Maria-MolinerWEB.jpg","width":864,"height":380},{"@type":"BreadcrumbList","@id":"https:\/\/www.caudete.org\/ayuntamiento\/la-biblioteca-publica-municipal-ana-maria-matutede-caudete-obtiene-el-maximo-galardon-de-los-premios-maria-moliner-2021\/#breadcrumb","itemListElement":[{"@type":"ListItem","position":1,"name":"Inicio","item":"https:\/\/www.caudete.org\/ayuntamiento\/"},{"@type":"ListItem","position":2,"name":"LA BIBLIOTECA P\u00daBLICA MUNICIPAL \u201cAna Maria Matute\u201dde Caudete obtiene el m\u00e1ximo galard\u00f3n de los PREMIOS \u201cMARIA MOLINER 2021\u201d"}]},{"@type":"WebSite","@id":"https:\/\/www.caudete.org\/ayuntamiento\/#website","url":"https:\/\/www.caudete.org\/ayuntamiento\/","name":"MI Ayuntamiento de Caudete","description":"P\u00e1gina Oficial del MI Ayuntamiento de Caudete","potentialAction":[{"@type":"SearchAction","target":{"@type":"EntryPoint","urlTemplate":"https:\/\/www.caudete.org\/ayuntamiento\/?s={search_term_string}"},"query-input":{"@type":"PropertyValueSpecification","valueRequired":true,"valueName":"search_term_string"}}],"inLanguage":"es"},{"@type":"Person","@id":"https:\/\/www.caudete.org\/ayuntamiento\/#\/schema\/person\/7656a5bb58fca95b9814e940de0fda63","name":"Juan","image":{"@type":"ImageObject","inLanguage":"es","@id":"https:\/\/secure.gravatar.com\/avatar\/dd53e51c0cd6ab23f52d4f3e4f1c59730240727763de3dbbf26750b079a2c292?s=96&d=mm&r=g","url":"https:\/\/secure.gravatar.com\/avatar\/dd53e51c0cd6ab23f52d4f3e4f1c59730240727763de3dbbf26750b079a2c292?s=96&d=mm&r=g","contentUrl":"https:\/\/secure.gravatar.com\/avatar\/dd53e51c0cd6ab23f52d4f3e4f1c59730240727763de3dbbf26750b079a2c292?s=96&d=mm&r=g","caption":"Juan"},"url":"https:\/\/www.caudete.org\/ayuntamiento\/author\/centrodeinternet\/"}]}},"_links":{"self":[{"href":"https:\/\/www.caudete.org\/ayuntamiento\/wp-json\/wp\/v2\/posts\/16725","targetHints":{"allow":["GET"]}}],"collection":[{"href":"https:\/\/www.caudete.org\/ayuntamiento\/wp-json\/wp\/v2\/posts"}],"about":[{"href":"https:\/\/www.caudete.org\/ayuntamiento\/wp-json\/wp\/v2\/types\/post"}],"author":[{"embeddable":true,"href":"https:\/\/www.caudete.org\/ayuntamiento\/wp-json\/wp\/v2\/users\/2"}],"replies":[{"embeddable":true,"href":"https:\/\/www.caudete.org\/ayuntamiento\/wp-json\/wp\/v2\/comments?post=16725"}],"version-history":[{"count":1,"href":"https:\/\/www.caudete.org\/ayuntamiento\/wp-json\/wp\/v2\/posts\/16725\/revisions"}],"predecessor-version":[{"id":16726,"href":"https:\/\/www.caudete.org\/ayuntamiento\/wp-json\/wp\/v2\/posts\/16725\/revisions\/16726"}],"wp:featuredmedia":[{"embeddable":true,"href":"https:\/\/www.caudete.org\/ayuntamiento\/wp-json\/wp\/v2\/media\/16727"}],"wp:attachment":[{"href":"https:\/\/www.caudete.org\/ayuntamiento\/wp-json\/wp\/v2\/media?parent=16725"}],"wp:term":[{"taxonomy":"category","embeddable":true,"href":"https:\/\/www.caudete.org\/ayuntamiento\/wp-json\/wp\/v2\/categories?post=16725"},{"taxonomy":"post_tag","embeddable":true,"href":"https:\/\/www.caudete.org\/ayuntamiento\/wp-json\/wp\/v2\/tags?post=16725"}],"curies":[{"name":"wp","href":"https:\/\/api.w.org\/{rel}","templated":true}]}}