{"id":16742,"date":"2021-11-03T13:00:15","date_gmt":"2021-11-03T12:00:15","guid":{"rendered":"https:\/\/www.caudete.org\/ayuntamiento\/?p=16742"},"modified":"2021-11-03T13:44:05","modified_gmt":"2021-11-03T12:44:05","slug":"el-lunes-8-finaliza-el-plazo-para-solicitar-subvencion-al-sector-festero","status":"publish","type":"post","link":"https:\/\/www.caudete.org\/ayuntamiento\/el-lunes-8-finaliza-el-plazo-para-solicitar-subvencion-al-sector-festero\/","title":{"rendered":"El lunes 8 finaliza el plazo para solicitar subvenci\u00f3n al Sector Festero"},"content":{"rendered":"<p style=\"text-align: justify;\">El pr\u00f3ximo lunes 8 de Noviembre se cierra el plazo de presentaci\u00f3n de solicitudes para la linea de subvenciones que el Gobierno Municipal puso en marcha para las empresas del sector festero afectadas por la crisis sanitaria del Covid-19.<\/p>\n<p style=\"text-align: justify;\">As\u00ed lo recordaba esta ma\u00f1ana la Concejal de Fiestas, M\u00aa del Mar Requena, donde remarcaba que el importe de ayudas es de 500\u20ac siempre que la actividad econ\u00f3mica est\u00e9 recogida en las bases de la convocatoria aprobada por el Pleno Municipal.<\/p>\n<p style=\"text-align: justify;\">El Bolet\u00edn Oficial de la Provincia de Albacete, en su n\u00famero 125 de fecha <span dir=\"ltr\" role=\"presentation\">27 de octubre de 2021 recog\u00eda esta convocatoria, momento en el cual se habilitada el plazo de presentaci\u00f3n de solicitudes por un plazo de 7 d\u00edas h\u00e1biles (no cuentan fines de semana ni festivos).<\/span><\/p>\n","protected":false},"excerpt":{"rendered":"<p>El pr\u00f3ximo lunes 8 de Noviembre se cierra el plazo de presentaci\u00f3n de solicitudes para la linea de subvenciones que el Gobierno Municipal puso en marcha para las empresas del sector festero afectadas por la crisis sanitaria del Covid-19. As\u00ed lo recordaba esta ma\u00f1ana la Concejal de Fiestas, M\u00aa del Mar Requena, donde remarcaba que &hellip;<\/p>\n","protected":false},"author":3,"featured_media":16412,"comment_status":"closed","ping_status":"open","sticky":false,"template":"","format":"standard","meta":{"ngg_post_thumbnail":0,"footnotes":""},"categories":[31],"tags":[],"class_list":["post-16742","post","type-post","status-publish","format-standard","has-post-thumbnail","hentry","category-fiestas"],"yoast_head":"<!-- This site is optimized with the Yoast SEO plugin v27.5 - https:\/\/yoast.com\/product\/yoast-seo-wordpress\/ -->\n<title>El lunes 8 finaliza el plazo para solicitar subvenci\u00f3n al Sector Festero - MI Ayuntamiento de Caudete<\/title>\n<meta name=\"description\" content=\"P\u00e1gina Oficial del Ayuntamiento de Caudete (Albacete)\" \/>\n<meta name=\"robots\" content=\"index, follow, max-snippet:-1, max-image-preview:large, max-video-preview:-1\" \/>\n<link rel=\"canonical\" href=\"https:\/\/www.caudete.org\/ayuntamiento\/el-lunes-8-finaliza-el-plazo-para-solicitar-subvencion-al-sector-festero\/\" \/>\n<meta property=\"og:locale\" content=\"es_ES\" \/>\n<meta property=\"og:type\" content=\"article\" \/>\n<meta property=\"og:title\" content=\"El lunes 8 finaliza el plazo para solicitar subvenci\u00f3n al Sector Festero - MI Ayuntamiento de Caudete\" \/>\n<meta property=\"og:description\" content=\"P\u00e1gina Oficial del Ayuntamiento de Caudete (Albacete)\" \/>\n<meta property=\"og:url\" content=\"https:\/\/www.caudete.org\/ayuntamiento\/el-lunes-8-finaliza-el-plazo-para-solicitar-subvencion-al-sector-festero\/\" \/>\n<meta property=\"og:site_name\" content=\"MI Ayuntamiento de Caudete\" \/>\n<meta property=\"article:publisher\" content=\"https:\/\/www.facebook.com\/ayuntamientocaudete\/\" \/>\n<meta property=\"article:published_time\" content=\"2021-11-03T12:00:15+00:00\" \/>\n<meta property=\"article:modified_time\" content=\"2021-11-03T12:44:05+00:00\" \/>\n<meta property=\"og:image\" content=\"https:\/\/www.caudete.org\/ayuntamiento\/wp-content\/uploads\/2021\/10\/moros_caudete_digital.jpg\" \/>\n\t<meta property=\"og:image:width\" content=\"640\" \/>\n\t<meta property=\"og:image:height\" content=\"330\" \/>\n\t<meta property=\"og:image:type\" content=\"image\/jpeg\" \/>\n<meta name=\"author\" content=\"alcalde\" \/>\n<meta name=\"twitter:card\" content=\"summary_large_image\" \/>\n<meta name=\"twitter:label1\" content=\"Escrito por\" \/>\n\t<meta name=\"twitter:data1\" content=\"alcalde\" \/>\n\t<meta name=\"twitter:label2\" content=\"Tiempo de lectura\" \/>\n\t<meta name=\"twitter:data2\" content=\"1 minuto\" \/>\n<script type=\"application\/ld+json\" class=\"yoast-schema-graph\">{\"@context\":\"https:\\\/\\\/schema.org\",\"@graph\":[{\"@type\":\"Article\",\"@id\":\"https:\\\/\\\/www.caudete.org\\\/ayuntamiento\\\/el-lunes-8-finaliza-el-plazo-para-solicitar-subvencion-al-sector-festero\\\/#article\",\"isPartOf\":{\"@id\":\"https:\\\/\\\/www.caudete.org\\\/ayuntamiento\\\/el-lunes-8-finaliza-el-plazo-para-solicitar-subvencion-al-sector-festero\\\/\"},\"author\":{\"name\":\"alcalde\",\"@id\":\"https:\\\/\\\/www.caudete.org\\\/ayuntamiento\\\/#\\\/schema\\\/person\\\/cc646da9133078ee4d8dd47457947253\"},\"headline\":\"El lunes 8 finaliza el plazo para solicitar subvenci\u00f3n al Sector Festero\",\"datePublished\":\"2021-11-03T12:00:15+00:00\",\"dateModified\":\"2021-11-03T12:44:05+00:00\",\"mainEntityOfPage\":{\"@id\":\"https:\\\/\\\/www.caudete.org\\\/ayuntamiento\\\/el-lunes-8-finaliza-el-plazo-para-solicitar-subvencion-al-sector-festero\\\/\"},\"wordCount\":144,\"image\":{\"@id\":\"https:\\\/\\\/www.caudete.org\\\/ayuntamiento\\\/el-lunes-8-finaliza-el-plazo-para-solicitar-subvencion-al-sector-festero\\\/#primaryimage\"},\"thumbnailUrl\":\"https:\\\/\\\/www.caudete.org\\\/ayuntamiento\\\/wp-content\\\/uploads\\\/2021\\\/10\\\/moros_caudete_digital.jpg\",\"articleSection\":[\"Fiestas\"],\"inLanguage\":\"es\"},{\"@type\":\"WebPage\",\"@id\":\"https:\\\/\\\/www.caudete.org\\\/ayuntamiento\\\/el-lunes-8-finaliza-el-plazo-para-solicitar-subvencion-al-sector-festero\\\/\",\"url\":\"https:\\\/\\\/www.caudete.org\\\/ayuntamiento\\\/el-lunes-8-finaliza-el-plazo-para-solicitar-subvencion-al-sector-festero\\\/\",\"name\":\"El lunes 8 finaliza el plazo para solicitar subvenci\u00f3n al Sector Festero - MI Ayuntamiento de Caudete\",\"isPartOf\":{\"@id\":\"https:\\\/\\\/www.caudete.org\\\/ayuntamiento\\\/#website\"},\"primaryImageOfPage\":{\"@id\":\"https:\\\/\\\/www.caudete.org\\\/ayuntamiento\\\/el-lunes-8-finaliza-el-plazo-para-solicitar-subvencion-al-sector-festero\\\/#primaryimage\"},\"image\":{\"@id\":\"https:\\\/\\\/www.caudete.org\\\/ayuntamiento\\\/el-lunes-8-finaliza-el-plazo-para-solicitar-subvencion-al-sector-festero\\\/#primaryimage\"},\"thumbnailUrl\":\"https:\\\/\\\/www.caudete.org\\\/ayuntamiento\\\/wp-content\\\/uploads\\\/2021\\\/10\\\/moros_caudete_digital.jpg\",\"datePublished\":\"2021-11-03T12:00:15+00:00\",\"dateModified\":\"2021-11-03T12:44:05+00:00\",\"author\":{\"@id\":\"https:\\\/\\\/www.caudete.org\\\/ayuntamiento\\\/#\\\/schema\\\/person\\\/cc646da9133078ee4d8dd47457947253\"},\"description\":\"P\u00e1gina Oficial del Ayuntamiento de Caudete (Albacete)\",\"breadcrumb\":{\"@id\":\"https:\\\/\\\/www.caudete.org\\\/ayuntamiento\\\/el-lunes-8-finaliza-el-plazo-para-solicitar-subvencion-al-sector-festero\\\/#breadcrumb\"},\"inLanguage\":\"es\",\"potentialAction\":[{\"@type\":\"ReadAction\",\"target\":[\"https:\\\/\\\/www.caudete.org\\\/ayuntamiento\\\/el-lunes-8-finaliza-el-plazo-para-solicitar-subvencion-al-sector-festero\\\/\"]}]},{\"@type\":\"ImageObject\",\"inLanguage\":\"es\",\"@id\":\"https:\\\/\\\/www.caudete.org\\\/ayuntamiento\\\/el-lunes-8-finaliza-el-plazo-para-solicitar-subvencion-al-sector-festero\\\/#primaryimage\",\"url\":\"https:\\\/\\\/www.caudete.org\\\/ayuntamiento\\\/wp-content\\\/uploads\\\/2021\\\/10\\\/moros_caudete_digital.jpg\",\"contentUrl\":\"https:\\\/\\\/www.caudete.org\\\/ayuntamiento\\\/wp-content\\\/uploads\\\/2021\\\/10\\\/moros_caudete_digital.jpg\",\"width\":640,\"height\":330},{\"@type\":\"BreadcrumbList\",\"@id\":\"https:\\\/\\\/www.caudete.org\\\/ayuntamiento\\\/el-lunes-8-finaliza-el-plazo-para-solicitar-subvencion-al-sector-festero\\\/#breadcrumb\",\"itemListElement\":[{\"@type\":\"ListItem\",\"position\":1,\"name\":\"Inicio\",\"item\":\"https:\\\/\\\/www.caudete.org\\\/ayuntamiento\\\/\"},{\"@type\":\"ListItem\",\"position\":2,\"name\":\"El lunes 8 finaliza el plazo para solicitar subvenci\u00f3n al Sector Festero\"}]},{\"@type\":\"WebSite\",\"@id\":\"https:\\\/\\\/www.caudete.org\\\/ayuntamiento\\\/#website\",\"url\":\"https:\\\/\\\/www.caudete.org\\\/ayuntamiento\\\/\",\"name\":\"MI Ayuntamiento de Caudete\",\"description\":\"P\u00e1gina Oficial del MI Ayuntamiento de Caudete\",\"potentialAction\":[{\"@type\":\"SearchAction\",\"target\":{\"@type\":\"EntryPoint\",\"urlTemplate\":\"https:\\\/\\\/www.caudete.org\\\/ayuntamiento\\\/?s={search_term_string}\"},\"query-input\":{\"@type\":\"PropertyValueSpecification\",\"valueRequired\":true,\"valueName\":\"search_term_string\"}}],\"inLanguage\":\"es\"},{\"@type\":\"Person\",\"@id\":\"https:\\\/\\\/www.caudete.org\\\/ayuntamiento\\\/#\\\/schema\\\/person\\\/cc646da9133078ee4d8dd47457947253\",\"name\":\"alcalde\",\"image\":{\"@type\":\"ImageObject\",\"inLanguage\":\"es\",\"@id\":\"https:\\\/\\\/secure.gravatar.com\\\/avatar\\\/84a817ba065b29ff08d666b215a215f5c79186a645ccb25b14a663d48a130f77?s=96&d=mm&r=g\",\"url\":\"https:\\\/\\\/secure.gravatar.com\\\/avatar\\\/84a817ba065b29ff08d666b215a215f5c79186a645ccb25b14a663d48a130f77?s=96&d=mm&r=g\",\"contentUrl\":\"https:\\\/\\\/secure.gravatar.com\\\/avatar\\\/84a817ba065b29ff08d666b215a215f5c79186a645ccb25b14a663d48a130f77?s=96&d=mm&r=g\",\"caption\":\"alcalde\"},\"url\":\"https:\\\/\\\/www.caudete.org\\\/ayuntamiento\\\/author\\\/alcalde\\\/\"}]}<\/script>\n<!-- \/ Yoast SEO plugin. -->","yoast_head_json":{"title":"El lunes 8 finaliza el plazo para solicitar subvenci\u00f3n al Sector Festero - MI Ayuntamiento de Caudete","description":"P\u00e1gina Oficial del Ayuntamiento de Caudete (Albacete)","robots":{"index":"index","follow":"follow","max-snippet":"max-snippet:-1","max-image-preview":"max-image-preview:large","max-video-preview":"max-video-preview:-1"},"canonical":"https:\/\/www.caudete.org\/ayuntamiento\/el-lunes-8-finaliza-el-plazo-para-solicitar-subvencion-al-sector-festero\/","og_locale":"es_ES","og_type":"article","og_title":"El lunes 8 finaliza el plazo para solicitar subvenci\u00f3n al Sector Festero - MI Ayuntamiento de Caudete","og_description":"P\u00e1gina Oficial del Ayuntamiento de Caudete (Albacete)","og_url":"https:\/\/www.caudete.org\/ayuntamiento\/el-lunes-8-finaliza-el-plazo-para-solicitar-subvencion-al-sector-festero\/","og_site_name":"MI Ayuntamiento de Caudete","article_publisher":"https:\/\/www.facebook.com\/ayuntamientocaudete\/","article_published_time":"2021-11-03T12:00:15+00:00","article_modified_time":"2021-11-03T12:44:05+00:00","og_image":[{"width":640,"height":330,"url":"https:\/\/www.caudete.org\/ayuntamiento\/wp-content\/uploads\/2021\/10\/moros_caudete_digital.jpg","type":"image\/jpeg"}],"author":"alcalde","twitter_card":"summary_large_image","twitter_misc":{"Escrito por":"alcalde","Tiempo de lectura":"1 minuto"},"schema":{"@context":"https:\/\/schema.org","@graph":[{"@type":"Article","@id":"https:\/\/www.caudete.org\/ayuntamiento\/el-lunes-8-finaliza-el-plazo-para-solicitar-subvencion-al-sector-festero\/#article","isPartOf":{"@id":"https:\/\/www.caudete.org\/ayuntamiento\/el-lunes-8-finaliza-el-plazo-para-solicitar-subvencion-al-sector-festero\/"},"author":{"name":"alcalde","@id":"https:\/\/www.caudete.org\/ayuntamiento\/#\/schema\/person\/cc646da9133078ee4d8dd47457947253"},"headline":"El lunes 8 finaliza el plazo para solicitar subvenci\u00f3n al Sector Festero","datePublished":"2021-11-03T12:00:15+00:00","dateModified":"2021-11-03T12:44:05+00:00","mainEntityOfPage":{"@id":"https:\/\/www.caudete.org\/ayuntamiento\/el-lunes-8-finaliza-el-plazo-para-solicitar-subvencion-al-sector-festero\/"},"wordCount":144,"image":{"@id":"https:\/\/www.caudete.org\/ayuntamiento\/el-lunes-8-finaliza-el-plazo-para-solicitar-subvencion-al-sector-festero\/#primaryimage"},"thumbnailUrl":"https:\/\/www.caudete.org\/ayuntamiento\/wp-content\/uploads\/2021\/10\/moros_caudete_digital.jpg","articleSection":["Fiestas"],"inLanguage":"es"},{"@type":"WebPage","@id":"https:\/\/www.caudete.org\/ayuntamiento\/el-lunes-8-finaliza-el-plazo-para-solicitar-subvencion-al-sector-festero\/","url":"https:\/\/www.caudete.org\/ayuntamiento\/el-lunes-8-finaliza-el-plazo-para-solicitar-subvencion-al-sector-festero\/","name":"El lunes 8 finaliza el plazo para solicitar subvenci\u00f3n al Sector Festero - MI Ayuntamiento de Caudete","isPartOf":{"@id":"https:\/\/www.caudete.org\/ayuntamiento\/#website"},"primaryImageOfPage":{"@id":"https:\/\/www.caudete.org\/ayuntamiento\/el-lunes-8-finaliza-el-plazo-para-solicitar-subvencion-al-sector-festero\/#primaryimage"},"image":{"@id":"https:\/\/www.caudete.org\/ayuntamiento\/el-lunes-8-finaliza-el-plazo-para-solicitar-subvencion-al-sector-festero\/#primaryimage"},"thumbnailUrl":"https:\/\/www.caudete.org\/ayuntamiento\/wp-content\/uploads\/2021\/10\/moros_caudete_digital.jpg","datePublished":"2021-11-03T12:00:15+00:00","dateModified":"2021-11-03T12:44:05+00:00","author":{"@id":"https:\/\/www.caudete.org\/ayuntamiento\/#\/schema\/person\/cc646da9133078ee4d8dd47457947253"},"description":"P\u00e1gina Oficial del Ayuntamiento de Caudete (Albacete)","breadcrumb":{"@id":"https:\/\/www.caudete.org\/ayuntamiento\/el-lunes-8-finaliza-el-plazo-para-solicitar-subvencion-al-sector-festero\/#breadcrumb"},"inLanguage":"es","potentialAction":[{"@type":"ReadAction","target":["https:\/\/www.caudete.org\/ayuntamiento\/el-lunes-8-finaliza-el-plazo-para-solicitar-subvencion-al-sector-festero\/"]}]},{"@type":"ImageObject","inLanguage":"es","@id":"https:\/\/www.caudete.org\/ayuntamiento\/el-lunes-8-finaliza-el-plazo-para-solicitar-subvencion-al-sector-festero\/#primaryimage","url":"https:\/\/www.caudete.org\/ayuntamiento\/wp-content\/uploads\/2021\/10\/moros_caudete_digital.jpg","contentUrl":"https:\/\/www.caudete.org\/ayuntamiento\/wp-content\/uploads\/2021\/10\/moros_caudete_digital.jpg","width":640,"height":330},{"@type":"BreadcrumbList","@id":"https:\/\/www.caudete.org\/ayuntamiento\/el-lunes-8-finaliza-el-plazo-para-solicitar-subvencion-al-sector-festero\/#breadcrumb","itemListElement":[{"@type":"ListItem","position":1,"name":"Inicio","item":"https:\/\/www.caudete.org\/ayuntamiento\/"},{"@type":"ListItem","position":2,"name":"El lunes 8 finaliza el plazo para solicitar subvenci\u00f3n al Sector Festero"}]},{"@type":"WebSite","@id":"https:\/\/www.caudete.org\/ayuntamiento\/#website","url":"https:\/\/www.caudete.org\/ayuntamiento\/","name":"MI Ayuntamiento de Caudete","description":"P\u00e1gina Oficial del MI Ayuntamiento de Caudete","potentialAction":[{"@type":"SearchAction","target":{"@type":"EntryPoint","urlTemplate":"https:\/\/www.caudete.org\/ayuntamiento\/?s={search_term_string}"},"query-input":{"@type":"PropertyValueSpecification","valueRequired":true,"valueName":"search_term_string"}}],"inLanguage":"es"},{"@type":"Person","@id":"https:\/\/www.caudete.org\/ayuntamiento\/#\/schema\/person\/cc646da9133078ee4d8dd47457947253","name":"alcalde","image":{"@type":"ImageObject","inLanguage":"es","@id":"https:\/\/secure.gravatar.com\/avatar\/84a817ba065b29ff08d666b215a215f5c79186a645ccb25b14a663d48a130f77?s=96&d=mm&r=g","url":"https:\/\/secure.gravatar.com\/avatar\/84a817ba065b29ff08d666b215a215f5c79186a645ccb25b14a663d48a130f77?s=96&d=mm&r=g","contentUrl":"https:\/\/secure.gravatar.com\/avatar\/84a817ba065b29ff08d666b215a215f5c79186a645ccb25b14a663d48a130f77?s=96&d=mm&r=g","caption":"alcalde"},"url":"https:\/\/www.caudete.org\/ayuntamiento\/author\/alcalde\/"}]}},"_links":{"self":[{"href":"https:\/\/www.caudete.org\/ayuntamiento\/wp-json\/wp\/v2\/posts\/16742","targetHints":{"allow":["GET"]}}],"collection":[{"href":"https:\/\/www.caudete.org\/ayuntamiento\/wp-json\/wp\/v2\/posts"}],"about":[{"href":"https:\/\/www.caudete.org\/ayuntamiento\/wp-json\/wp\/v2\/types\/post"}],"author":[{"embeddable":true,"href":"https:\/\/www.caudete.org\/ayuntamiento\/wp-json\/wp\/v2\/users\/3"}],"replies":[{"embeddable":true,"href":"https:\/\/www.caudete.org\/ayuntamiento\/wp-json\/wp\/v2\/comments?post=16742"}],"version-history":[{"count":3,"href":"https:\/\/www.caudete.org\/ayuntamiento\/wp-json\/wp\/v2\/posts\/16742\/revisions"}],"predecessor-version":[{"id":16754,"href":"https:\/\/www.caudete.org\/ayuntamiento\/wp-json\/wp\/v2\/posts\/16742\/revisions\/16754"}],"wp:featuredmedia":[{"embeddable":true,"href":"https:\/\/www.caudete.org\/ayuntamiento\/wp-json\/wp\/v2\/media\/16412"}],"wp:attachment":[{"href":"https:\/\/www.caudete.org\/ayuntamiento\/wp-json\/wp\/v2\/media?parent=16742"}],"wp:term":[{"taxonomy":"category","embeddable":true,"href":"https:\/\/www.caudete.org\/ayuntamiento\/wp-json\/wp\/v2\/categories?post=16742"},{"taxonomy":"post_tag","embeddable":true,"href":"https:\/\/www.caudete.org\/ayuntamiento\/wp-json\/wp\/v2\/tags?post=16742"}],"curies":[{"name":"wp","href":"https:\/\/api.w.org\/{rel}","templated":true}]}}