{"id":16756,"date":"2021-11-04T08:45:23","date_gmt":"2021-11-04T07:45:23","guid":{"rendered":"https:\/\/www.caudete.org\/ayuntamiento\/?p=16756"},"modified":"2021-11-04T08:45:23","modified_gmt":"2021-11-04T07:45:23","slug":"la-proxima-semana-comienzan-las-pruebas-para-cubrir-las-4-plazas-de-la-policia-local","status":"publish","type":"post","link":"https:\/\/www.caudete.org\/ayuntamiento\/la-proxima-semana-comienzan-las-pruebas-para-cubrir-las-4-plazas-de-la-policia-local\/","title":{"rendered":"La pr\u00f3xima semana comienzan las pruebas para cubrir las 4 plazas de la POLIC\u00cdA LOCAL"},"content":{"rendered":"<p style=\"text-align: justify;\">El jueves pr\u00f3ximo da comienzo el proceso selectivo que culminar\u00e1 cubriendo las 4 nuevas plazas de Polic\u00eda Local. As\u00ed queda recogido en sendas resoluciones publicadas en el Tabl\u00f3n Municipal de Anuncios, y explicado en rueda de prensa est\u00e1 ma\u00f1ana por el Alcalde, Mois\u00e9s L\u00f3pez y la Concejal de Interior, M\u00b0del Mar Requena.<\/p>\n<p style=\"text-align: justify;\">La creaci\u00f3n de estas 4 plazas fue anunciada durante una intervenci\u00f3n plenaria, y llevadas a cabo poco tiempo despu\u00e9s en la Oferta de Empleo Publico. Tres de ellas son para cubrir puestos de Agentes y una para Oficial, ya que \u00e9sta qued\u00f3 vacante en el anterior proceso.<\/p>\n<p style=\"text-align: justify;\">Un total de 122 aspirantes a Agentes y 7 para oficial han sido citados el pr\u00f3ximo jueves d\u00eda 9 para la realizaci\u00f3n de las pruebas f\u00edsicas. El resto de pruebas se ir\u00e1n sucediendo en d\u00edas y semanas siguientes, y seg\u00fan la Concejal &#8220;<em>el proceso se calcula est\u00e9 finalizado antes de terminar el a\u00f1o<\/em>&#8220;, con lo cual los aspirantes seleccionados podr\u00e1n cursar a partir de Enero la formaci\u00f3n establecida en la Escuela de Protecci\u00f3n Ciudadana de Toledo.<\/p>\n<p style=\"text-align: justify;\">El Alcalde ha remarcado &#8220;<em>el compromiso y el cumplimiento con los caudetanos, y que en materia de Seguridad Ciudadana se est\u00e1 dotando de los recursos humanos y materiales necesarios para mejorar la misma<\/em>&#8220;.<\/p>\n<p style=\"text-align: justify;\">De hecho, una vez incorporados los nuevos Polic\u00edas Locales, &#8220;<em>el cuerpo tendr\u00e1 una plantilla que ver\u00e1 mejorado el servicio a los caudetanos, y la continuidad del patrullaje las 24h de cada d\u00eda de la semana<\/em>&#8220;.<\/p>\n","protected":false},"excerpt":{"rendered":"<p>El jueves pr\u00f3ximo da comienzo el proceso selectivo que culminar\u00e1 cubriendo las 4 nuevas plazas de Polic\u00eda Local. As\u00ed queda recogido en sendas resoluciones publicadas en el Tabl\u00f3n Municipal de Anuncios, y explicado en rueda de prensa est\u00e1 ma\u00f1ana por el Alcalde, Mois\u00e9s L\u00f3pez y la Concejal de Interior, M\u00b0del Mar Requena. La creaci\u00f3n de &hellip;<\/p>\n","protected":false},"author":3,"featured_media":13833,"comment_status":"closed","ping_status":"open","sticky":false,"template":"","format":"standard","meta":{"ngg_post_thumbnail":0,"footnotes":""},"categories":[35],"tags":[],"class_list":["post-16756","post","type-post","status-publish","format-standard","has-post-thumbnail","hentry","category-policia-local"],"yoast_head":"<!-- This site is optimized with the Yoast SEO plugin v27.5 - https:\/\/yoast.com\/product\/yoast-seo-wordpress\/ -->\n<title>La pr\u00f3xima semana comienzan las pruebas para cubrir las 4 plazas de la POLIC\u00cdA LOCAL - MI Ayuntamiento de Caudete<\/title>\n<meta name=\"description\" content=\"P\u00e1gina Oficial del Ayuntamiento de Caudete (Albacete)\" \/>\n<meta name=\"robots\" content=\"index, follow, max-snippet:-1, max-image-preview:large, max-video-preview:-1\" \/>\n<link rel=\"canonical\" href=\"https:\/\/www.caudete.org\/ayuntamiento\/la-proxima-semana-comienzan-las-pruebas-para-cubrir-las-4-plazas-de-la-policia-local\/\" \/>\n<meta property=\"og:locale\" content=\"es_ES\" \/>\n<meta property=\"og:type\" content=\"article\" \/>\n<meta property=\"og:title\" content=\"La pr\u00f3xima semana comienzan las pruebas para cubrir las 4 plazas de la POLIC\u00cdA LOCAL - MI Ayuntamiento de Caudete\" \/>\n<meta property=\"og:description\" content=\"P\u00e1gina Oficial del Ayuntamiento de Caudete (Albacete)\" \/>\n<meta property=\"og:url\" content=\"https:\/\/www.caudete.org\/ayuntamiento\/la-proxima-semana-comienzan-las-pruebas-para-cubrir-las-4-plazas-de-la-policia-local\/\" \/>\n<meta property=\"og:site_name\" content=\"MI Ayuntamiento de Caudete\" \/>\n<meta property=\"article:publisher\" content=\"https:\/\/www.facebook.com\/ayuntamientocaudete\/\" \/>\n<meta property=\"article:published_time\" content=\"2021-11-04T07:45:23+00:00\" \/>\n<meta property=\"og:image\" content=\"https:\/\/www.caudete.org\/ayuntamiento\/wp-content\/uploads\/2021\/04\/Policia-Local-web.jpg\" \/>\n\t<meta property=\"og:image:width\" content=\"864\" \/>\n\t<meta property=\"og:image:height\" content=\"378\" \/>\n\t<meta property=\"og:image:type\" content=\"image\/jpeg\" \/>\n<meta name=\"author\" content=\"alcalde\" \/>\n<meta name=\"twitter:card\" content=\"summary_large_image\" \/>\n<meta name=\"twitter:label1\" content=\"Escrito por\" \/>\n\t<meta name=\"twitter:data1\" content=\"alcalde\" \/>\n\t<meta name=\"twitter:label2\" content=\"Tiempo de lectura\" \/>\n\t<meta name=\"twitter:data2\" content=\"2 minutos\" \/>\n<script type=\"application\/ld+json\" class=\"yoast-schema-graph\">{\"@context\":\"https:\\\/\\\/schema.org\",\"@graph\":[{\"@type\":\"Article\",\"@id\":\"https:\\\/\\\/www.caudete.org\\\/ayuntamiento\\\/la-proxima-semana-comienzan-las-pruebas-para-cubrir-las-4-plazas-de-la-policia-local\\\/#article\",\"isPartOf\":{\"@id\":\"https:\\\/\\\/www.caudete.org\\\/ayuntamiento\\\/la-proxima-semana-comienzan-las-pruebas-para-cubrir-las-4-plazas-de-la-policia-local\\\/\"},\"author\":{\"name\":\"alcalde\",\"@id\":\"https:\\\/\\\/www.caudete.org\\\/ayuntamiento\\\/#\\\/schema\\\/person\\\/cc646da9133078ee4d8dd47457947253\"},\"headline\":\"La pr\u00f3xima semana comienzan las pruebas para cubrir las 4 plazas de la POLIC\u00cdA LOCAL\",\"datePublished\":\"2021-11-04T07:45:23+00:00\",\"mainEntityOfPage\":{\"@id\":\"https:\\\/\\\/www.caudete.org\\\/ayuntamiento\\\/la-proxima-semana-comienzan-las-pruebas-para-cubrir-las-4-plazas-de-la-policia-local\\\/\"},\"wordCount\":277,\"image\":{\"@id\":\"https:\\\/\\\/www.caudete.org\\\/ayuntamiento\\\/la-proxima-semana-comienzan-las-pruebas-para-cubrir-las-4-plazas-de-la-policia-local\\\/#primaryimage\"},\"thumbnailUrl\":\"https:\\\/\\\/www.caudete.org\\\/ayuntamiento\\\/wp-content\\\/uploads\\\/2021\\\/04\\\/Policia-Local-web.jpg\",\"articleSection\":[\"Polic\u00eda Local\"],\"inLanguage\":\"es\"},{\"@type\":\"WebPage\",\"@id\":\"https:\\\/\\\/www.caudete.org\\\/ayuntamiento\\\/la-proxima-semana-comienzan-las-pruebas-para-cubrir-las-4-plazas-de-la-policia-local\\\/\",\"url\":\"https:\\\/\\\/www.caudete.org\\\/ayuntamiento\\\/la-proxima-semana-comienzan-las-pruebas-para-cubrir-las-4-plazas-de-la-policia-local\\\/\",\"name\":\"La pr\u00f3xima semana comienzan las pruebas para cubrir las 4 plazas de la POLIC\u00cdA LOCAL - MI Ayuntamiento de Caudete\",\"isPartOf\":{\"@id\":\"https:\\\/\\\/www.caudete.org\\\/ayuntamiento\\\/#website\"},\"primaryImageOfPage\":{\"@id\":\"https:\\\/\\\/www.caudete.org\\\/ayuntamiento\\\/la-proxima-semana-comienzan-las-pruebas-para-cubrir-las-4-plazas-de-la-policia-local\\\/#primaryimage\"},\"image\":{\"@id\":\"https:\\\/\\\/www.caudete.org\\\/ayuntamiento\\\/la-proxima-semana-comienzan-las-pruebas-para-cubrir-las-4-plazas-de-la-policia-local\\\/#primaryimage\"},\"thumbnailUrl\":\"https:\\\/\\\/www.caudete.org\\\/ayuntamiento\\\/wp-content\\\/uploads\\\/2021\\\/04\\\/Policia-Local-web.jpg\",\"datePublished\":\"2021-11-04T07:45:23+00:00\",\"author\":{\"@id\":\"https:\\\/\\\/www.caudete.org\\\/ayuntamiento\\\/#\\\/schema\\\/person\\\/cc646da9133078ee4d8dd47457947253\"},\"description\":\"P\u00e1gina Oficial del Ayuntamiento de Caudete (Albacete)\",\"breadcrumb\":{\"@id\":\"https:\\\/\\\/www.caudete.org\\\/ayuntamiento\\\/la-proxima-semana-comienzan-las-pruebas-para-cubrir-las-4-plazas-de-la-policia-local\\\/#breadcrumb\"},\"inLanguage\":\"es\",\"potentialAction\":[{\"@type\":\"ReadAction\",\"target\":[\"https:\\\/\\\/www.caudete.org\\\/ayuntamiento\\\/la-proxima-semana-comienzan-las-pruebas-para-cubrir-las-4-plazas-de-la-policia-local\\\/\"]}]},{\"@type\":\"ImageObject\",\"inLanguage\":\"es\",\"@id\":\"https:\\\/\\\/www.caudete.org\\\/ayuntamiento\\\/la-proxima-semana-comienzan-las-pruebas-para-cubrir-las-4-plazas-de-la-policia-local\\\/#primaryimage\",\"url\":\"https:\\\/\\\/www.caudete.org\\\/ayuntamiento\\\/wp-content\\\/uploads\\\/2021\\\/04\\\/Policia-Local-web.jpg\",\"contentUrl\":\"https:\\\/\\\/www.caudete.org\\\/ayuntamiento\\\/wp-content\\\/uploads\\\/2021\\\/04\\\/Policia-Local-web.jpg\",\"width\":864,\"height\":378},{\"@type\":\"BreadcrumbList\",\"@id\":\"https:\\\/\\\/www.caudete.org\\\/ayuntamiento\\\/la-proxima-semana-comienzan-las-pruebas-para-cubrir-las-4-plazas-de-la-policia-local\\\/#breadcrumb\",\"itemListElement\":[{\"@type\":\"ListItem\",\"position\":1,\"name\":\"Inicio\",\"item\":\"https:\\\/\\\/www.caudete.org\\\/ayuntamiento\\\/\"},{\"@type\":\"ListItem\",\"position\":2,\"name\":\"La pr\u00f3xima semana comienzan las pruebas para cubrir las 4 plazas de la POLIC\u00cdA LOCAL\"}]},{\"@type\":\"WebSite\",\"@id\":\"https:\\\/\\\/www.caudete.org\\\/ayuntamiento\\\/#website\",\"url\":\"https:\\\/\\\/www.caudete.org\\\/ayuntamiento\\\/\",\"name\":\"MI Ayuntamiento de Caudete\",\"description\":\"P\u00e1gina Oficial del MI Ayuntamiento de Caudete\",\"potentialAction\":[{\"@type\":\"SearchAction\",\"target\":{\"@type\":\"EntryPoint\",\"urlTemplate\":\"https:\\\/\\\/www.caudete.org\\\/ayuntamiento\\\/?s={search_term_string}\"},\"query-input\":{\"@type\":\"PropertyValueSpecification\",\"valueRequired\":true,\"valueName\":\"search_term_string\"}}],\"inLanguage\":\"es\"},{\"@type\":\"Person\",\"@id\":\"https:\\\/\\\/www.caudete.org\\\/ayuntamiento\\\/#\\\/schema\\\/person\\\/cc646da9133078ee4d8dd47457947253\",\"name\":\"alcalde\",\"image\":{\"@type\":\"ImageObject\",\"inLanguage\":\"es\",\"@id\":\"https:\\\/\\\/secure.gravatar.com\\\/avatar\\\/84a817ba065b29ff08d666b215a215f5c79186a645ccb25b14a663d48a130f77?s=96&d=mm&r=g\",\"url\":\"https:\\\/\\\/secure.gravatar.com\\\/avatar\\\/84a817ba065b29ff08d666b215a215f5c79186a645ccb25b14a663d48a130f77?s=96&d=mm&r=g\",\"contentUrl\":\"https:\\\/\\\/secure.gravatar.com\\\/avatar\\\/84a817ba065b29ff08d666b215a215f5c79186a645ccb25b14a663d48a130f77?s=96&d=mm&r=g\",\"caption\":\"alcalde\"},\"url\":\"https:\\\/\\\/www.caudete.org\\\/ayuntamiento\\\/author\\\/alcalde\\\/\"}]}<\/script>\n<!-- \/ Yoast SEO plugin. -->","yoast_head_json":{"title":"La pr\u00f3xima semana comienzan las pruebas para cubrir las 4 plazas de la POLIC\u00cdA LOCAL - MI Ayuntamiento de Caudete","description":"P\u00e1gina Oficial del Ayuntamiento de Caudete (Albacete)","robots":{"index":"index","follow":"follow","max-snippet":"max-snippet:-1","max-image-preview":"max-image-preview:large","max-video-preview":"max-video-preview:-1"},"canonical":"https:\/\/www.caudete.org\/ayuntamiento\/la-proxima-semana-comienzan-las-pruebas-para-cubrir-las-4-plazas-de-la-policia-local\/","og_locale":"es_ES","og_type":"article","og_title":"La pr\u00f3xima semana comienzan las pruebas para cubrir las 4 plazas de la POLIC\u00cdA LOCAL - MI Ayuntamiento de Caudete","og_description":"P\u00e1gina Oficial del Ayuntamiento de Caudete (Albacete)","og_url":"https:\/\/www.caudete.org\/ayuntamiento\/la-proxima-semana-comienzan-las-pruebas-para-cubrir-las-4-plazas-de-la-policia-local\/","og_site_name":"MI Ayuntamiento de Caudete","article_publisher":"https:\/\/www.facebook.com\/ayuntamientocaudete\/","article_published_time":"2021-11-04T07:45:23+00:00","og_image":[{"width":864,"height":378,"url":"https:\/\/www.caudete.org\/ayuntamiento\/wp-content\/uploads\/2021\/04\/Policia-Local-web.jpg","type":"image\/jpeg"}],"author":"alcalde","twitter_card":"summary_large_image","twitter_misc":{"Escrito por":"alcalde","Tiempo de lectura":"2 minutos"},"schema":{"@context":"https:\/\/schema.org","@graph":[{"@type":"Article","@id":"https:\/\/www.caudete.org\/ayuntamiento\/la-proxima-semana-comienzan-las-pruebas-para-cubrir-las-4-plazas-de-la-policia-local\/#article","isPartOf":{"@id":"https:\/\/www.caudete.org\/ayuntamiento\/la-proxima-semana-comienzan-las-pruebas-para-cubrir-las-4-plazas-de-la-policia-local\/"},"author":{"name":"alcalde","@id":"https:\/\/www.caudete.org\/ayuntamiento\/#\/schema\/person\/cc646da9133078ee4d8dd47457947253"},"headline":"La pr\u00f3xima semana comienzan las pruebas para cubrir las 4 plazas de la POLIC\u00cdA LOCAL","datePublished":"2021-11-04T07:45:23+00:00","mainEntityOfPage":{"@id":"https:\/\/www.caudete.org\/ayuntamiento\/la-proxima-semana-comienzan-las-pruebas-para-cubrir-las-4-plazas-de-la-policia-local\/"},"wordCount":277,"image":{"@id":"https:\/\/www.caudete.org\/ayuntamiento\/la-proxima-semana-comienzan-las-pruebas-para-cubrir-las-4-plazas-de-la-policia-local\/#primaryimage"},"thumbnailUrl":"https:\/\/www.caudete.org\/ayuntamiento\/wp-content\/uploads\/2021\/04\/Policia-Local-web.jpg","articleSection":["Polic\u00eda Local"],"inLanguage":"es"},{"@type":"WebPage","@id":"https:\/\/www.caudete.org\/ayuntamiento\/la-proxima-semana-comienzan-las-pruebas-para-cubrir-las-4-plazas-de-la-policia-local\/","url":"https:\/\/www.caudete.org\/ayuntamiento\/la-proxima-semana-comienzan-las-pruebas-para-cubrir-las-4-plazas-de-la-policia-local\/","name":"La pr\u00f3xima semana comienzan las pruebas para cubrir las 4 plazas de la POLIC\u00cdA LOCAL - MI Ayuntamiento de Caudete","isPartOf":{"@id":"https:\/\/www.caudete.org\/ayuntamiento\/#website"},"primaryImageOfPage":{"@id":"https:\/\/www.caudete.org\/ayuntamiento\/la-proxima-semana-comienzan-las-pruebas-para-cubrir-las-4-plazas-de-la-policia-local\/#primaryimage"},"image":{"@id":"https:\/\/www.caudete.org\/ayuntamiento\/la-proxima-semana-comienzan-las-pruebas-para-cubrir-las-4-plazas-de-la-policia-local\/#primaryimage"},"thumbnailUrl":"https:\/\/www.caudete.org\/ayuntamiento\/wp-content\/uploads\/2021\/04\/Policia-Local-web.jpg","datePublished":"2021-11-04T07:45:23+00:00","author":{"@id":"https:\/\/www.caudete.org\/ayuntamiento\/#\/schema\/person\/cc646da9133078ee4d8dd47457947253"},"description":"P\u00e1gina Oficial del Ayuntamiento de Caudete (Albacete)","breadcrumb":{"@id":"https:\/\/www.caudete.org\/ayuntamiento\/la-proxima-semana-comienzan-las-pruebas-para-cubrir-las-4-plazas-de-la-policia-local\/#breadcrumb"},"inLanguage":"es","potentialAction":[{"@type":"ReadAction","target":["https:\/\/www.caudete.org\/ayuntamiento\/la-proxima-semana-comienzan-las-pruebas-para-cubrir-las-4-plazas-de-la-policia-local\/"]}]},{"@type":"ImageObject","inLanguage":"es","@id":"https:\/\/www.caudete.org\/ayuntamiento\/la-proxima-semana-comienzan-las-pruebas-para-cubrir-las-4-plazas-de-la-policia-local\/#primaryimage","url":"https:\/\/www.caudete.org\/ayuntamiento\/wp-content\/uploads\/2021\/04\/Policia-Local-web.jpg","contentUrl":"https:\/\/www.caudete.org\/ayuntamiento\/wp-content\/uploads\/2021\/04\/Policia-Local-web.jpg","width":864,"height":378},{"@type":"BreadcrumbList","@id":"https:\/\/www.caudete.org\/ayuntamiento\/la-proxima-semana-comienzan-las-pruebas-para-cubrir-las-4-plazas-de-la-policia-local\/#breadcrumb","itemListElement":[{"@type":"ListItem","position":1,"name":"Inicio","item":"https:\/\/www.caudete.org\/ayuntamiento\/"},{"@type":"ListItem","position":2,"name":"La pr\u00f3xima semana comienzan las pruebas para cubrir las 4 plazas de la POLIC\u00cdA LOCAL"}]},{"@type":"WebSite","@id":"https:\/\/www.caudete.org\/ayuntamiento\/#website","url":"https:\/\/www.caudete.org\/ayuntamiento\/","name":"MI Ayuntamiento de Caudete","description":"P\u00e1gina Oficial del MI Ayuntamiento de Caudete","potentialAction":[{"@type":"SearchAction","target":{"@type":"EntryPoint","urlTemplate":"https:\/\/www.caudete.org\/ayuntamiento\/?s={search_term_string}"},"query-input":{"@type":"PropertyValueSpecification","valueRequired":true,"valueName":"search_term_string"}}],"inLanguage":"es"},{"@type":"Person","@id":"https:\/\/www.caudete.org\/ayuntamiento\/#\/schema\/person\/cc646da9133078ee4d8dd47457947253","name":"alcalde","image":{"@type":"ImageObject","inLanguage":"es","@id":"https:\/\/secure.gravatar.com\/avatar\/84a817ba065b29ff08d666b215a215f5c79186a645ccb25b14a663d48a130f77?s=96&d=mm&r=g","url":"https:\/\/secure.gravatar.com\/avatar\/84a817ba065b29ff08d666b215a215f5c79186a645ccb25b14a663d48a130f77?s=96&d=mm&r=g","contentUrl":"https:\/\/secure.gravatar.com\/avatar\/84a817ba065b29ff08d666b215a215f5c79186a645ccb25b14a663d48a130f77?s=96&d=mm&r=g","caption":"alcalde"},"url":"https:\/\/www.caudete.org\/ayuntamiento\/author\/alcalde\/"}]}},"_links":{"self":[{"href":"https:\/\/www.caudete.org\/ayuntamiento\/wp-json\/wp\/v2\/posts\/16756","targetHints":{"allow":["GET"]}}],"collection":[{"href":"https:\/\/www.caudete.org\/ayuntamiento\/wp-json\/wp\/v2\/posts"}],"about":[{"href":"https:\/\/www.caudete.org\/ayuntamiento\/wp-json\/wp\/v2\/types\/post"}],"author":[{"embeddable":true,"href":"https:\/\/www.caudete.org\/ayuntamiento\/wp-json\/wp\/v2\/users\/3"}],"replies":[{"embeddable":true,"href":"https:\/\/www.caudete.org\/ayuntamiento\/wp-json\/wp\/v2\/comments?post=16756"}],"version-history":[{"count":1,"href":"https:\/\/www.caudete.org\/ayuntamiento\/wp-json\/wp\/v2\/posts\/16756\/revisions"}],"predecessor-version":[{"id":16757,"href":"https:\/\/www.caudete.org\/ayuntamiento\/wp-json\/wp\/v2\/posts\/16756\/revisions\/16757"}],"wp:featuredmedia":[{"embeddable":true,"href":"https:\/\/www.caudete.org\/ayuntamiento\/wp-json\/wp\/v2\/media\/13833"}],"wp:attachment":[{"href":"https:\/\/www.caudete.org\/ayuntamiento\/wp-json\/wp\/v2\/media?parent=16756"}],"wp:term":[{"taxonomy":"category","embeddable":true,"href":"https:\/\/www.caudete.org\/ayuntamiento\/wp-json\/wp\/v2\/categories?post=16756"},{"taxonomy":"post_tag","embeddable":true,"href":"https:\/\/www.caudete.org\/ayuntamiento\/wp-json\/wp\/v2\/tags?post=16756"}],"curies":[{"name":"wp","href":"https:\/\/api.w.org\/{rel}","templated":true}]}}