{"id":16808,"date":"2021-11-09T12:34:09","date_gmt":"2021-11-09T11:34:09","guid":{"rendered":"https:\/\/www.caudete.org\/ayuntamiento\/?p=16808"},"modified":"2021-11-09T01:46:23","modified_gmt":"2021-11-09T00:46:23","slug":"abierta-la-campana-de-matanza-porcina-domiciliaria-para-autoconsumo","status":"publish","type":"post","link":"https:\/\/www.caudete.org\/ayuntamiento\/abierta-la-campana-de-matanza-porcina-domiciliaria-para-autoconsumo\/","title":{"rendered":"Abierta la campa\u00f1a de Matanza Porcina domiciliaria para autoconsumo"},"content":{"rendered":"<p style=\"text-align: justify;\">Inma Garcia, Concejal de Sanidad, informa a la ciudadan\u00eda de la apertura de la campa\u00f1a de Matanzas Porcinas domiciliarias para autoconsumo, al amparo del Decreto 117\/94 de 25 de Octubre (DOCM de 28 de Octubre), y a petici\u00f3n de la Delegaci\u00f3n Provincial de Sanidad, quien en fechas pr\u00f3ximas ha solicitado a los Ayuntamiento hacer extensiva la presente informaci\u00f3n.<\/p>\n<p style=\"text-align: justify;\">Incid\u00eda en que d<span id=\"page195R_mcid5\" class=\"markedContent\"><span dir=\"ltr\" role=\"presentation\">ado el car\u00e1cter excepcional de \u00e9ste tipo de matanzas, las circunstancias <\/span><span dir=\"ltr\" role=\"presentation\">en las que se producen y el hecho de que los cerdos sacrificados no pueden <\/span><span dir=\"ltr\" role=\"presentation\">destinarse a la comer<\/span><span dir=\"ltr\" role=\"presentation\">cializaci\u00f3n, la citada disposici\u00f3n autoriza el sacrificio de los <\/span><span dir=\"ltr\" role=\"presentation\">mismos en domicilios particulares.<\/span> <\/span><span id=\"page195R_mcid6\" class=\"markedContent\"><br role=\"presentation\" \/><\/span><\/p>\n<p style=\"text-align: justify;\"><span id=\"page195R_mcid6\" class=\"markedContent\"><span dir=\"ltr\" role=\"presentation\">No <\/span><span dir=\"ltr\" role=\"presentation\">obstante, <\/span><span dir=\"ltr\" role=\"presentation\">y <\/span><span dir=\"ltr\" role=\"presentation\">teniendo <\/span><span dir=\"ltr\" role=\"presentation\">en <\/span><span dir=\"ltr\" role=\"presentation\">cuenta <\/span><span dir=\"ltr\" role=\"presentation\">la <\/span><span dir=\"ltr\" role=\"presentation\">experiencia <\/span><span dir=\"ltr\" role=\"presentation\">adquirida <\/span><span dir=\"ltr\" role=\"presentation\">en <\/span><span dir=\"ltr\" role=\"presentation\">el <\/span><span dir=\"ltr\" role=\"presentation\">transcurso <\/span><span dir=\"ltr\" role=\"presentation\">de <\/span><span dir=\"ltr\" role=\"presentation\">Campa\u00f1as <\/span><span dir=\"ltr\" role=\"presentation\">anteriores, <\/span><span dir=\"ltr\" role=\"presentation\">durante <\/span><span dir=\"ltr\" role=\"presentation\">la <\/span><span dir=\"ltr\" role=\"presentation\">presente <\/span><span dir=\"ltr\" role=\"presentation\">temporada <\/span><span dir=\"ltr\" role=\"presentation\">se <\/span><span dir=\"ltr\" role=\"presentation\">considera oportuno rec<\/span><span dir=\"ltr\" role=\"presentation\">omendar e informar de lo siguiente:<\/span><\/span><\/p>\n<p>&nbsp;<\/p>\n<p style=\"text-align: justify;\"><span id=\"page195R_mcid8\" class=\"markedContent\"><span dir=\"ltr\" role=\"presentation\">1) La campa\u00f1a de matanzas domiciliarias de cerdos, destinada a cubrir al <\/span><span dir=\"ltr\" role=\"presentation\">autoconsumo se desarrollar\u00e1 entre el 1 de noviembre de 20<\/span><span dir=\"ltr\" role=\"presentation\">21<\/span> <span dir=\"ltr\" role=\"presentation\">y el 31 de marzo <\/span><span dir=\"ltr\" role=\"presentation\">de 20<\/span><span dir=\"ltr\" role=\"presentation\">2<\/span><span dir=\"ltr\" role=\"presentation\">2<\/span><span dir=\"ltr\" role=\"presentation\">.<\/span> <\/span><span id=\"page195R_mcid9\" class=\"markedContent\"><br role=\"presentation\" \/><\/span><\/p>\n<p style=\"text-align: justify;\">\n<p style=\"text-align: justify;\"><span id=\"page195R_mcid9\" class=\"markedContent\"><span dir=\"ltr\" role=\"presentation\">2) <\/span><\/span><span id=\"page195R_mcid10\" class=\"markedContent\"><span dir=\"ltr\" role=\"presentation\">Toda persona propietaria de cerdos que se proponga realizar matanza de <\/span><span dir=\"ltr\" role=\"presentation\">cerdos para cubrir sus necesidades personales y\/o familiares, deber\u00e1 solicitar la <\/span><span dir=\"ltr\" role=\"presentation\">preceptiva <\/span><span dir=\"ltr\" role=\"presentation\">autorizaci\u00f3n <\/span><span dir=\"ltr\" role=\"presentation\">mun<\/span><span dir=\"ltr\" role=\"presentation\">icipal <\/span><span dir=\"ltr\" role=\"presentation\">mediante <\/span><span dir=\"ltr\" role=\"presentation\">la <\/span><span dir=\"ltr\" role=\"presentation\">presentaci\u00f3n <\/span><span dir=\"ltr\" role=\"presentation\">de <\/span><span dir=\"ltr\" role=\"presentation\">la <\/span><span dir=\"ltr\" role=\"presentation\">correspondiente solicitud, con antelaci\u00f3n suficiente, de al menos <\/span> <span dir=\"ltr\" role=\"presentation\">CINCO D\u00cdAS<\/span><span dir=\"ltr\" role=\"presentation\">, <\/span><span dir=\"ltr\" role=\"presentation\">seg\u00fan modelo reglado, especificando la fecha, lugar <\/span><span dir=\"ltr\" role=\"presentation\">y hora en que pretenda llevarse a cabo y nombre del profesiona<\/span><span dir=\"ltr\" role=\"presentation\">l veterinario <\/span><span dir=\"ltr\" role=\"presentation\">colaborador que realizar\u00e1 la inspecci\u00f3n sanitaria y declaraci\u00f3n de aptitud o no <\/span><span dir=\"ltr\" role=\"presentation\">para el consumo. <\/span><\/span><\/p>\n<p style=\"text-align: justify;\"><span id=\"page195R_mcid10\" class=\"markedContent\"><span dir=\"ltr\" role=\"presentation\">Adem\u00e1s, el solicitante debe entregar un compromiso por parte de la persona <\/span><span dir=\"ltr\" role=\"presentation\">interesada para que no se consuma la carne de estos animales hasta que se <\/span><span dir=\"ltr\" role=\"presentation\">conozcan los r<\/span><span dir=\"ltr\" role=\"presentation\">esultados y que, en caso de distribuir la misma a otras personas, <\/span><span dir=\"ltr\" role=\"presentation\">\u00e9stas est\u00e9n informadas de dicho compromiso.<\/span><\/span><\/p>\n<p>&nbsp;<\/p>\n<p style=\"text-align: justify;\"><span id=\"page195R_mcid12\" class=\"markedContent\"><span dir=\"ltr\" role=\"presentation\">3)Los profesionales veterinarios colaboradores<\/span><span dir=\"ltr\" role=\"presentation\">, en su caso, <\/span><span dir=\"ltr\" role=\"presentation\">llevar\u00e1n a cabo la inspecci\u00f3n sanitaria &#8220;post<\/span><span dir=\"ltr\" role=\"presentation\">&#8211;<\/span><span dir=\"ltr\" role=\"presentation\">mortem&#8221; de las c<\/span><span dir=\"ltr\" role=\"presentation\">anales que incluir\u00e1, <\/span><span dir=\"ltr\" role=\"presentation\">en todo caso, el an\u00e1lisis de detecci\u00f3n de triquina (siguiendo los m\u00e9todos <\/span><span dir=\"ltr\" role=\"presentation\">establecidos en el m\u00e9todo establecido en el Reglamento de Ejecuci\u00f3n (UE) <\/span><span dir=\"ltr\" role=\"presentation\">2020\/1478 <\/span><span dir=\"ltr\" role=\"presentation\">de <\/span><span dir=\"ltr\" role=\"presentation\">la <\/span><span dir=\"ltr\" role=\"presentation\">Comisi\u00f3n, <\/span><span dir=\"ltr\" role=\"presentation\">de <\/span><span dir=\"ltr\" role=\"presentation\">14 <\/span><span dir=\"ltr\" role=\"presentation\">de <\/span><span dir=\"ltr\" role=\"presentation\">octubre <\/span><span dir=\"ltr\" role=\"presentation\">de <\/span><span dir=\"ltr\" role=\"presentation\">2020, <\/span><span dir=\"ltr\" role=\"presentation\">que <\/span><span dir=\"ltr\" role=\"presentation\">modifica <\/span><span dir=\"ltr\" role=\"presentation\">al <\/span><span dir=\"ltr\" role=\"presentation\">Reglamento de Ejecuc<\/span><span dir=\"ltr\" role=\"presentation\">i\u00f3n 2015\/1375 (cap\u00edtulo I, anexo I y cap\u00edtulo II, anexo I.), <\/span> <\/span>modificado por el Reglamento de Ejecuci\u00f3n (UE) 2020\/1478 de la Comisi\u00f3n, de <span id=\"page1R_mcid0\" class=\"markedContent\"><span dir=\"ltr\" role=\"presentation\">14 de octubre de 2020, <\/span> <span dir=\"ltr\" role=\"presentation\">sin perjuicio de la inspecci\u00f3n &#8220;in vivo&#8221; cuando las <\/span><span dir=\"ltr\" role=\"presentation\">circunstancias sanitarias as\u00ed lo aconsejen<\/span><span dir=\"ltr\" role=\"presentation\">. <\/span><\/span><\/p>\n<p style=\"text-align: justify;\"><span id=\"page1R_mcid0\" class=\"markedContent\"><span dir=\"ltr\" role=\"presentation\">El referido an\u00e1lisis se realizar\u00e1 a la <\/span><span dir=\"ltr\" role=\"presentation\">mayor urgencia posible, emiti\u00e9ndose el Certificado <\/span> <span dir=\"ltr\" role=\"presentation\">de Inspecci\u00f3n Sanitaria <\/span><span dir=\"ltr\" role=\"presentation\">correspondiente, que ser\u00e1 entregado a la persona interesada en el plazo m\u00e1ximo <\/span><span dir=\"ltr\" role=\"presentation\">de <\/span><span dir=\"ltr\" role=\"presentation\">24 <\/span><span dir=\"ltr\" role=\"presentation\">horas. <\/span><span dir=\"ltr\" role=\"presentation\">Solamente <\/span><span dir=\"ltr\" role=\"presentation\">la <\/span><span dir=\"ltr\" role=\"presentation\">inspecci\u00f3n <\/span><span dir=\"ltr\" role=\"presentation\">llevada <\/span><span dir=\"ltr\" role=\"presentation\">a <\/span><span dir=\"ltr\" role=\"presentation\">cabo <\/span><span dir=\"ltr\" role=\"presentation\">mediante <\/span><span dir=\"ltr\" role=\"presentation\">este <\/span><span dir=\"ltr\" role=\"presentation\">procedimiento y por los Profesionales Veterinarios Colaboradores <\/span> <span dir=\"ltr\" role=\"presentation\">acreditados<\/span><span dir=\"ltr\" role=\"presentation\">, <\/span><br role=\"presentation\" \/><span dir=\"ltr\" role=\"presentation\">garantiza la seguridad sanitaria de los productos obtenidos en las matanzas <\/span><span dir=\"ltr\" role=\"presentation\">domiciliarias.)<\/span><\/span><\/p>\n<p>&nbsp;<\/p>\n<p style=\"text-align: justify;\"><span id=\"page1R_mcid2\" class=\"markedContent\"><span dir=\"ltr\" role=\"presentation\">4) El tratamiento de las carnes y\/o las v\u00edsceras<\/span> <span dir=\"ltr\" role=\"presentation\">consideradas no aptas para <\/span><span dir=\"ltr\" role=\"presentation\">cons<\/span><span dir=\"ltr\" role=\"presentation\">umo humano se realizar\u00e1 bajo la responsabilidad de la persona interesada, <\/span><span dir=\"ltr\" role=\"presentation\">prohibi\u00e9ndose su utilizaci\u00f3n para alimentar animales y su vertido incontrolado. <\/span><br role=\"presentation\" \/><\/span><\/p>\n<p style=\"text-align: justify;\"><span id=\"page1R_mcid2\" class=\"markedContent\"><span dir=\"ltr\" role=\"presentation\">Para <\/span><span dir=\"ltr\" role=\"presentation\">conseguir <\/span><span dir=\"ltr\" role=\"presentation\">este <\/span><span dir=\"ltr\" role=\"presentation\">objetivo, <\/span><span dir=\"ltr\" role=\"presentation\">ser\u00eda <\/span><span dir=\"ltr\" role=\"presentation\">recomendable <\/span><span dir=\"ltr\" role=\"presentation\">que <\/span><span dir=\"ltr\" role=\"presentation\">los <\/span><span dir=\"ltr\" role=\"presentation\">Ayuntamientos <\/span><span dir=\"ltr\" role=\"presentation\">pusiesen a disposici\u00f3n de la ci<\/span><span dir=\"ltr\" role=\"presentation\">udadan\u00eda contenedores exclusivos en los que <\/span><span dir=\"ltr\" role=\"presentation\">poder depositar estos productos y proceder a su eliminaci\u00f3n seg\u00fan la normativa <\/span><span dir=\"ltr\" role=\"presentation\">vigente. <\/span> <\/span><span id=\"page1R_mcid3\" class=\"markedContent\"><br role=\"presentation\" \/><\/span><\/p>\n<p>&nbsp;<\/p>\n<p style=\"text-align: justify;\"><span id=\"page1R_mcid3\" class=\"markedContent\"><span dir=\"ltr\" role=\"presentation\">5) <\/span><span dir=\"ltr\" role=\"presentation\">Las <\/span><span dir=\"ltr\" role=\"presentation\">carnes <\/span><span dir=\"ltr\" role=\"presentation\">y <\/span><span dir=\"ltr\" role=\"presentation\">productos <\/span><span dir=\"ltr\" role=\"presentation\">elaborados <\/span><span dir=\"ltr\" role=\"presentation\">de <\/span><span dir=\"ltr\" role=\"presentation\">la <\/span><span dir=\"ltr\" role=\"presentation\">matanza <\/span><span dir=\"ltr\" role=\"presentation\">ser\u00e1n <\/span><span dir=\"ltr\" role=\"presentation\">destinados, <\/span><span dir=\"ltr\" role=\"presentation\">exclusivamente, al consumo familiar, quedando prohibid<\/span><span dir=\"ltr\" role=\"presentation\">a su comercializaci\u00f3n. <\/span> <\/span><span id=\"page1R_mcid4\" class=\"markedContent\"><br role=\"presentation\" \/><\/span><span id=\"page1R_mcid5\" class=\"markedContent\"><br role=\"presentation\" \/><span dir=\"ltr\" role=\"presentation\">6) De conformidad con lo establecido en el Decreto 117\/94, de 25 de octubre <\/span><span dir=\"ltr\" role=\"presentation\">(DOCM de 28 de octubre), las infracciones que se detecten ser\u00e1n sancionadas <\/span><span dir=\"ltr\" role=\"presentation\">con arreglo a lo establecido en la Ley 14\/1986, General de Sanidad, Reglamento <\/span><span dir=\"ltr\" role=\"presentation\">de epizootias de 20 de di<\/span><span dir=\"ltr\" role=\"presentation\">ciembre de 1952 y Real Decreto 1945\/1983, de 21 de <\/span><span dir=\"ltr\" role=\"presentation\">junio, por el que se regulan las infracciones y sanciones en materia de defensa <\/span><span dir=\"ltr\" role=\"presentation\">del consumidor y de la producci\u00f3n agroalimentaria. <\/span> <\/span><\/p>\n","protected":false},"excerpt":{"rendered":"<p>Inma Garcia, Concejal de Sanidad, informa a la ciudadan\u00eda de la apertura de la campa\u00f1a de Matanzas Porcinas domiciliarias para autoconsumo, al amparo del Decreto 117\/94 de 25 de Octubre (DOCM de 28 de Octubre), y a petici\u00f3n de la Delegaci\u00f3n Provincial de Sanidad, quien en fechas pr\u00f3ximas ha solicitado a los Ayuntamiento hacer extensiva &hellip;<\/p>\n","protected":false},"author":3,"featured_media":16809,"comment_status":"closed","ping_status":"open","sticky":false,"template":"","format":"standard","meta":{"ngg_post_thumbnail":0,"footnotes":""},"categories":[16],"tags":[],"class_list":["post-16808","post","type-post","status-publish","format-standard","has-post-thumbnail","hentry","category-sanidad"],"yoast_head":"<!-- This site is optimized with the Yoast SEO plugin v27.5 - https:\/\/yoast.com\/product\/yoast-seo-wordpress\/ -->\n<title>Abierta la campa\u00f1a de Matanza Porcina domiciliaria para autoconsumo - MI Ayuntamiento de Caudete<\/title>\n<meta name=\"description\" content=\"P\u00e1gina Oficial del Ayuntamiento de Caudete (Albacete)\" \/>\n<meta name=\"robots\" content=\"index, follow, max-snippet:-1, max-image-preview:large, max-video-preview:-1\" \/>\n<link rel=\"canonical\" href=\"https:\/\/www.caudete.org\/ayuntamiento\/abierta-la-campana-de-matanza-porcina-domiciliaria-para-autoconsumo\/\" \/>\n<meta property=\"og:locale\" content=\"es_ES\" \/>\n<meta property=\"og:type\" content=\"article\" \/>\n<meta property=\"og:title\" content=\"Abierta la campa\u00f1a de Matanza Porcina domiciliaria para autoconsumo - MI Ayuntamiento de Caudete\" \/>\n<meta property=\"og:description\" content=\"P\u00e1gina Oficial del Ayuntamiento de Caudete (Albacete)\" \/>\n<meta property=\"og:url\" content=\"https:\/\/www.caudete.org\/ayuntamiento\/abierta-la-campana-de-matanza-porcina-domiciliaria-para-autoconsumo\/\" \/>\n<meta property=\"og:site_name\" content=\"MI Ayuntamiento de Caudete\" \/>\n<meta property=\"article:publisher\" content=\"https:\/\/www.facebook.com\/ayuntamientocaudete\/\" \/>\n<meta property=\"article:published_time\" content=\"2021-11-09T11:34:09+00:00\" \/>\n<meta property=\"og:image\" content=\"https:\/\/www.caudete.org\/ayuntamiento\/wp-content\/uploads\/2021\/11\/1607509811819.jpg\" \/>\n\t<meta property=\"og:image:width\" content=\"644\" \/>\n\t<meta property=\"og:image:height\" content=\"358\" \/>\n\t<meta property=\"og:image:type\" content=\"image\/jpeg\" \/>\n<meta name=\"author\" content=\"alcalde\" \/>\n<meta name=\"twitter:card\" content=\"summary_large_image\" \/>\n<meta name=\"twitter:label1\" content=\"Escrito por\" \/>\n\t<meta name=\"twitter:data1\" content=\"alcalde\" \/>\n\t<meta name=\"twitter:label2\" content=\"Tiempo de lectura\" \/>\n\t<meta name=\"twitter:data2\" content=\"3 minutos\" \/>\n<script type=\"application\/ld+json\" class=\"yoast-schema-graph\">{\"@context\":\"https:\\\/\\\/schema.org\",\"@graph\":[{\"@type\":\"Article\",\"@id\":\"https:\\\/\\\/www.caudete.org\\\/ayuntamiento\\\/abierta-la-campana-de-matanza-porcina-domiciliaria-para-autoconsumo\\\/#article\",\"isPartOf\":{\"@id\":\"https:\\\/\\\/www.caudete.org\\\/ayuntamiento\\\/abierta-la-campana-de-matanza-porcina-domiciliaria-para-autoconsumo\\\/\"},\"author\":{\"name\":\"alcalde\",\"@id\":\"https:\\\/\\\/www.caudete.org\\\/ayuntamiento\\\/#\\\/schema\\\/person\\\/cc646da9133078ee4d8dd47457947253\"},\"headline\":\"Abierta la campa\u00f1a de Matanza Porcina domiciliaria para autoconsumo\",\"datePublished\":\"2021-11-09T11:34:09+00:00\",\"mainEntityOfPage\":{\"@id\":\"https:\\\/\\\/www.caudete.org\\\/ayuntamiento\\\/abierta-la-campana-de-matanza-porcina-domiciliaria-para-autoconsumo\\\/\"},\"wordCount\":655,\"image\":{\"@id\":\"https:\\\/\\\/www.caudete.org\\\/ayuntamiento\\\/abierta-la-campana-de-matanza-porcina-domiciliaria-para-autoconsumo\\\/#primaryimage\"},\"thumbnailUrl\":\"https:\\\/\\\/www.caudete.org\\\/ayuntamiento\\\/wp-content\\\/uploads\\\/2021\\\/11\\\/1607509811819.jpg\",\"articleSection\":[\"Sanidad\"],\"inLanguage\":\"es\"},{\"@type\":\"WebPage\",\"@id\":\"https:\\\/\\\/www.caudete.org\\\/ayuntamiento\\\/abierta-la-campana-de-matanza-porcina-domiciliaria-para-autoconsumo\\\/\",\"url\":\"https:\\\/\\\/www.caudete.org\\\/ayuntamiento\\\/abierta-la-campana-de-matanza-porcina-domiciliaria-para-autoconsumo\\\/\",\"name\":\"Abierta la campa\u00f1a de Matanza Porcina domiciliaria para autoconsumo - MI Ayuntamiento de Caudete\",\"isPartOf\":{\"@id\":\"https:\\\/\\\/www.caudete.org\\\/ayuntamiento\\\/#website\"},\"primaryImageOfPage\":{\"@id\":\"https:\\\/\\\/www.caudete.org\\\/ayuntamiento\\\/abierta-la-campana-de-matanza-porcina-domiciliaria-para-autoconsumo\\\/#primaryimage\"},\"image\":{\"@id\":\"https:\\\/\\\/www.caudete.org\\\/ayuntamiento\\\/abierta-la-campana-de-matanza-porcina-domiciliaria-para-autoconsumo\\\/#primaryimage\"},\"thumbnailUrl\":\"https:\\\/\\\/www.caudete.org\\\/ayuntamiento\\\/wp-content\\\/uploads\\\/2021\\\/11\\\/1607509811819.jpg\",\"datePublished\":\"2021-11-09T11:34:09+00:00\",\"author\":{\"@id\":\"https:\\\/\\\/www.caudete.org\\\/ayuntamiento\\\/#\\\/schema\\\/person\\\/cc646da9133078ee4d8dd47457947253\"},\"description\":\"P\u00e1gina Oficial del Ayuntamiento de Caudete (Albacete)\",\"breadcrumb\":{\"@id\":\"https:\\\/\\\/www.caudete.org\\\/ayuntamiento\\\/abierta-la-campana-de-matanza-porcina-domiciliaria-para-autoconsumo\\\/#breadcrumb\"},\"inLanguage\":\"es\",\"potentialAction\":[{\"@type\":\"ReadAction\",\"target\":[\"https:\\\/\\\/www.caudete.org\\\/ayuntamiento\\\/abierta-la-campana-de-matanza-porcina-domiciliaria-para-autoconsumo\\\/\"]}]},{\"@type\":\"ImageObject\",\"inLanguage\":\"es\",\"@id\":\"https:\\\/\\\/www.caudete.org\\\/ayuntamiento\\\/abierta-la-campana-de-matanza-porcina-domiciliaria-para-autoconsumo\\\/#primaryimage\",\"url\":\"https:\\\/\\\/www.caudete.org\\\/ayuntamiento\\\/wp-content\\\/uploads\\\/2021\\\/11\\\/1607509811819.jpg\",\"contentUrl\":\"https:\\\/\\\/www.caudete.org\\\/ayuntamiento\\\/wp-content\\\/uploads\\\/2021\\\/11\\\/1607509811819.jpg\",\"width\":644,\"height\":358},{\"@type\":\"BreadcrumbList\",\"@id\":\"https:\\\/\\\/www.caudete.org\\\/ayuntamiento\\\/abierta-la-campana-de-matanza-porcina-domiciliaria-para-autoconsumo\\\/#breadcrumb\",\"itemListElement\":[{\"@type\":\"ListItem\",\"position\":1,\"name\":\"Inicio\",\"item\":\"https:\\\/\\\/www.caudete.org\\\/ayuntamiento\\\/\"},{\"@type\":\"ListItem\",\"position\":2,\"name\":\"Abierta la campa\u00f1a de Matanza Porcina domiciliaria para autoconsumo\"}]},{\"@type\":\"WebSite\",\"@id\":\"https:\\\/\\\/www.caudete.org\\\/ayuntamiento\\\/#website\",\"url\":\"https:\\\/\\\/www.caudete.org\\\/ayuntamiento\\\/\",\"name\":\"MI Ayuntamiento de Caudete\",\"description\":\"P\u00e1gina Oficial del MI Ayuntamiento de Caudete\",\"potentialAction\":[{\"@type\":\"SearchAction\",\"target\":{\"@type\":\"EntryPoint\",\"urlTemplate\":\"https:\\\/\\\/www.caudete.org\\\/ayuntamiento\\\/?s={search_term_string}\"},\"query-input\":{\"@type\":\"PropertyValueSpecification\",\"valueRequired\":true,\"valueName\":\"search_term_string\"}}],\"inLanguage\":\"es\"},{\"@type\":\"Person\",\"@id\":\"https:\\\/\\\/www.caudete.org\\\/ayuntamiento\\\/#\\\/schema\\\/person\\\/cc646da9133078ee4d8dd47457947253\",\"name\":\"alcalde\",\"image\":{\"@type\":\"ImageObject\",\"inLanguage\":\"es\",\"@id\":\"https:\\\/\\\/secure.gravatar.com\\\/avatar\\\/84a817ba065b29ff08d666b215a215f5c79186a645ccb25b14a663d48a130f77?s=96&d=mm&r=g\",\"url\":\"https:\\\/\\\/secure.gravatar.com\\\/avatar\\\/84a817ba065b29ff08d666b215a215f5c79186a645ccb25b14a663d48a130f77?s=96&d=mm&r=g\",\"contentUrl\":\"https:\\\/\\\/secure.gravatar.com\\\/avatar\\\/84a817ba065b29ff08d666b215a215f5c79186a645ccb25b14a663d48a130f77?s=96&d=mm&r=g\",\"caption\":\"alcalde\"},\"url\":\"https:\\\/\\\/www.caudete.org\\\/ayuntamiento\\\/author\\\/alcalde\\\/\"}]}<\/script>\n<!-- \/ Yoast SEO plugin. -->","yoast_head_json":{"title":"Abierta la campa\u00f1a de Matanza Porcina domiciliaria para autoconsumo - MI Ayuntamiento de Caudete","description":"P\u00e1gina Oficial del Ayuntamiento de Caudete (Albacete)","robots":{"index":"index","follow":"follow","max-snippet":"max-snippet:-1","max-image-preview":"max-image-preview:large","max-video-preview":"max-video-preview:-1"},"canonical":"https:\/\/www.caudete.org\/ayuntamiento\/abierta-la-campana-de-matanza-porcina-domiciliaria-para-autoconsumo\/","og_locale":"es_ES","og_type":"article","og_title":"Abierta la campa\u00f1a de Matanza Porcina domiciliaria para autoconsumo - MI Ayuntamiento de Caudete","og_description":"P\u00e1gina Oficial del Ayuntamiento de Caudete (Albacete)","og_url":"https:\/\/www.caudete.org\/ayuntamiento\/abierta-la-campana-de-matanza-porcina-domiciliaria-para-autoconsumo\/","og_site_name":"MI Ayuntamiento de Caudete","article_publisher":"https:\/\/www.facebook.com\/ayuntamientocaudete\/","article_published_time":"2021-11-09T11:34:09+00:00","og_image":[{"width":644,"height":358,"url":"https:\/\/www.caudete.org\/ayuntamiento\/wp-content\/uploads\/2021\/11\/1607509811819.jpg","type":"image\/jpeg"}],"author":"alcalde","twitter_card":"summary_large_image","twitter_misc":{"Escrito por":"alcalde","Tiempo de lectura":"3 minutos"},"schema":{"@context":"https:\/\/schema.org","@graph":[{"@type":"Article","@id":"https:\/\/www.caudete.org\/ayuntamiento\/abierta-la-campana-de-matanza-porcina-domiciliaria-para-autoconsumo\/#article","isPartOf":{"@id":"https:\/\/www.caudete.org\/ayuntamiento\/abierta-la-campana-de-matanza-porcina-domiciliaria-para-autoconsumo\/"},"author":{"name":"alcalde","@id":"https:\/\/www.caudete.org\/ayuntamiento\/#\/schema\/person\/cc646da9133078ee4d8dd47457947253"},"headline":"Abierta la campa\u00f1a de Matanza Porcina domiciliaria para autoconsumo","datePublished":"2021-11-09T11:34:09+00:00","mainEntityOfPage":{"@id":"https:\/\/www.caudete.org\/ayuntamiento\/abierta-la-campana-de-matanza-porcina-domiciliaria-para-autoconsumo\/"},"wordCount":655,"image":{"@id":"https:\/\/www.caudete.org\/ayuntamiento\/abierta-la-campana-de-matanza-porcina-domiciliaria-para-autoconsumo\/#primaryimage"},"thumbnailUrl":"https:\/\/www.caudete.org\/ayuntamiento\/wp-content\/uploads\/2021\/11\/1607509811819.jpg","articleSection":["Sanidad"],"inLanguage":"es"},{"@type":"WebPage","@id":"https:\/\/www.caudete.org\/ayuntamiento\/abierta-la-campana-de-matanza-porcina-domiciliaria-para-autoconsumo\/","url":"https:\/\/www.caudete.org\/ayuntamiento\/abierta-la-campana-de-matanza-porcina-domiciliaria-para-autoconsumo\/","name":"Abierta la campa\u00f1a de Matanza Porcina domiciliaria para autoconsumo - MI Ayuntamiento de Caudete","isPartOf":{"@id":"https:\/\/www.caudete.org\/ayuntamiento\/#website"},"primaryImageOfPage":{"@id":"https:\/\/www.caudete.org\/ayuntamiento\/abierta-la-campana-de-matanza-porcina-domiciliaria-para-autoconsumo\/#primaryimage"},"image":{"@id":"https:\/\/www.caudete.org\/ayuntamiento\/abierta-la-campana-de-matanza-porcina-domiciliaria-para-autoconsumo\/#primaryimage"},"thumbnailUrl":"https:\/\/www.caudete.org\/ayuntamiento\/wp-content\/uploads\/2021\/11\/1607509811819.jpg","datePublished":"2021-11-09T11:34:09+00:00","author":{"@id":"https:\/\/www.caudete.org\/ayuntamiento\/#\/schema\/person\/cc646da9133078ee4d8dd47457947253"},"description":"P\u00e1gina Oficial del Ayuntamiento de Caudete (Albacete)","breadcrumb":{"@id":"https:\/\/www.caudete.org\/ayuntamiento\/abierta-la-campana-de-matanza-porcina-domiciliaria-para-autoconsumo\/#breadcrumb"},"inLanguage":"es","potentialAction":[{"@type":"ReadAction","target":["https:\/\/www.caudete.org\/ayuntamiento\/abierta-la-campana-de-matanza-porcina-domiciliaria-para-autoconsumo\/"]}]},{"@type":"ImageObject","inLanguage":"es","@id":"https:\/\/www.caudete.org\/ayuntamiento\/abierta-la-campana-de-matanza-porcina-domiciliaria-para-autoconsumo\/#primaryimage","url":"https:\/\/www.caudete.org\/ayuntamiento\/wp-content\/uploads\/2021\/11\/1607509811819.jpg","contentUrl":"https:\/\/www.caudete.org\/ayuntamiento\/wp-content\/uploads\/2021\/11\/1607509811819.jpg","width":644,"height":358},{"@type":"BreadcrumbList","@id":"https:\/\/www.caudete.org\/ayuntamiento\/abierta-la-campana-de-matanza-porcina-domiciliaria-para-autoconsumo\/#breadcrumb","itemListElement":[{"@type":"ListItem","position":1,"name":"Inicio","item":"https:\/\/www.caudete.org\/ayuntamiento\/"},{"@type":"ListItem","position":2,"name":"Abierta la campa\u00f1a de Matanza Porcina domiciliaria para autoconsumo"}]},{"@type":"WebSite","@id":"https:\/\/www.caudete.org\/ayuntamiento\/#website","url":"https:\/\/www.caudete.org\/ayuntamiento\/","name":"MI Ayuntamiento de Caudete","description":"P\u00e1gina Oficial del MI Ayuntamiento de Caudete","potentialAction":[{"@type":"SearchAction","target":{"@type":"EntryPoint","urlTemplate":"https:\/\/www.caudete.org\/ayuntamiento\/?s={search_term_string}"},"query-input":{"@type":"PropertyValueSpecification","valueRequired":true,"valueName":"search_term_string"}}],"inLanguage":"es"},{"@type":"Person","@id":"https:\/\/www.caudete.org\/ayuntamiento\/#\/schema\/person\/cc646da9133078ee4d8dd47457947253","name":"alcalde","image":{"@type":"ImageObject","inLanguage":"es","@id":"https:\/\/secure.gravatar.com\/avatar\/84a817ba065b29ff08d666b215a215f5c79186a645ccb25b14a663d48a130f77?s=96&d=mm&r=g","url":"https:\/\/secure.gravatar.com\/avatar\/84a817ba065b29ff08d666b215a215f5c79186a645ccb25b14a663d48a130f77?s=96&d=mm&r=g","contentUrl":"https:\/\/secure.gravatar.com\/avatar\/84a817ba065b29ff08d666b215a215f5c79186a645ccb25b14a663d48a130f77?s=96&d=mm&r=g","caption":"alcalde"},"url":"https:\/\/www.caudete.org\/ayuntamiento\/author\/alcalde\/"}]}},"_links":{"self":[{"href":"https:\/\/www.caudete.org\/ayuntamiento\/wp-json\/wp\/v2\/posts\/16808","targetHints":{"allow":["GET"]}}],"collection":[{"href":"https:\/\/www.caudete.org\/ayuntamiento\/wp-json\/wp\/v2\/posts"}],"about":[{"href":"https:\/\/www.caudete.org\/ayuntamiento\/wp-json\/wp\/v2\/types\/post"}],"author":[{"embeddable":true,"href":"https:\/\/www.caudete.org\/ayuntamiento\/wp-json\/wp\/v2\/users\/3"}],"replies":[{"embeddable":true,"href":"https:\/\/www.caudete.org\/ayuntamiento\/wp-json\/wp\/v2\/comments?post=16808"}],"version-history":[{"count":1,"href":"https:\/\/www.caudete.org\/ayuntamiento\/wp-json\/wp\/v2\/posts\/16808\/revisions"}],"predecessor-version":[{"id":16810,"href":"https:\/\/www.caudete.org\/ayuntamiento\/wp-json\/wp\/v2\/posts\/16808\/revisions\/16810"}],"wp:featuredmedia":[{"embeddable":true,"href":"https:\/\/www.caudete.org\/ayuntamiento\/wp-json\/wp\/v2\/media\/16809"}],"wp:attachment":[{"href":"https:\/\/www.caudete.org\/ayuntamiento\/wp-json\/wp\/v2\/media?parent=16808"}],"wp:term":[{"taxonomy":"category","embeddable":true,"href":"https:\/\/www.caudete.org\/ayuntamiento\/wp-json\/wp\/v2\/categories?post=16808"},{"taxonomy":"post_tag","embeddable":true,"href":"https:\/\/www.caudete.org\/ayuntamiento\/wp-json\/wp\/v2\/tags?post=16808"}],"curies":[{"name":"wp","href":"https:\/\/api.w.org\/{rel}","templated":true}]}}