{"id":16815,"date":"2021-11-09T09:00:30","date_gmt":"2021-11-09T08:00:30","guid":{"rendered":"https:\/\/www.caudete.org\/ayuntamiento\/?p=16815"},"modified":"2021-11-09T02:23:27","modified_gmt":"2021-11-09T01:23:27","slug":"la-sierra-alacera-acogera-una-via-ferrata","status":"publish","type":"post","link":"https:\/\/www.caudete.org\/ayuntamiento\/la-sierra-alacera-acogera-una-via-ferrata\/","title":{"rendered":"La sierra Al\u00e1cera acoger\u00e1 una V\u00cdA FERRATA"},"content":{"rendered":"<p style=\"text-align: justify;\">Los Concejales de Deportes y Turismo, Pilar Egea y Diego Cuenca, respectivamente, han anunciado esta ma\u00f1ana que el Ayuntamiento va a impulsar una <em><strong>V\u00eda Ferrata en la<\/strong><\/em> cara sureste de la <em><strong>Sierra Al\u00e1cera<\/strong><\/em>. Para ello, los Servicios T\u00e9cnicos est\u00e1n dando forma al proyecto toda vez que <em><strong>ya se ha pronunciado al respecto la Delegaci\u00f3n de Desarrollo Sostenible<\/strong><\/em>, como paso previo e indispensable en dicha acci\u00f3n.<\/p>\n<p style=\"text-align: justify;\">Una v\u00eda ferrata, explicaban, es una <em><strong>ruta por la cual se puede escalar a una cumbre monta\u00f1osa rocosa o hacer una traves\u00eda por la misma<\/strong><\/em> con ayuda de instalaciones artificiales de acero u otros tipos de materiales como escalerillas, puentes colgantes, barandillas, agarradoras, tirolinas, etc.<\/p>\n<p style=\"text-align: justify;\">A\u00f1ad\u00edan que estas v\u00edas, deben ser <em><strong>sostenibles en todos los aspectos: medioambiental<\/strong><\/em> (con estricto respecto al entorno); <em><strong>durable<\/strong> <\/em>(que no se \u201cdesequipe\u201d en un espacio reducido de tiempo); en el <em><strong>econ\u00f3mico<\/strong> <\/em>(tanto en la construcci\u00f3n como en el mantenimiento) y en el <em><strong>legal<\/strong> <\/em>(proporcionando unas instalaciones seguras para los usuarios).<\/p>\n<p style=\"text-align: justify;\">As\u00ed pues, <em><strong>la prevista<\/strong><\/em> para la localidad <em><strong>respetar\u00e1 cualquiera de los valores de inter\u00e9s<\/strong><\/em> que se puedan presentar en dicho espacio natural y buscar\u00e1 <em><strong>no interferir con la flora y fauna existente<\/strong><\/em>, planteando incluso temporalizar el uso de la instalaci\u00f3n para proteger la \u00e9poca de nidificaci\u00f3n de aves existentes en el paraje.<\/p>\n<p style=\"text-align: justify;\">El acceso y descenso a la <em>V\u00eda Ferrata<\/em> de Caudete se realizar\u00eda a trav\u00e9s de senderos se\u00f1alizados.<\/p>\n<p style=\"text-align: justify;\">A falta de concretar el detalle de la v\u00eda, se calcula oscile entre los 500 y los 900 metros de longitud, y que posea el m\u00e1ximo de elementos propios de esta tipolog\u00eda de instalaciones: ascenso combinando, grapas, p\u00e9ndulos, clavijas, cadenas, puentes de cable (mono y tibetanos), escalerillas, rapel, mirador, puente colgante, etc.<\/p>\n<p style=\"text-align: justify;\">Destacaban ambos Ediles el <em><strong>auge que estas V\u00edas est\u00e1n teniendo<\/strong><\/em> entre quienes practican deportes de monta\u00f1a, siendo actualmente uno de los <em><strong>focos de atracci\u00f3n<\/strong><\/em> en las localidades que cuentan con ellas, siendo por tanto un <em><strong>producto novedoso<\/strong><\/em> que ofrecer en la oferta del <em><strong>Turismo Deportivo<\/strong><\/em> que Caudete en su medio rural cuenta.<\/p>\n<p style=\"text-align: justify;\">Cuentan con poder completar la adjudicaci\u00f3n antes de final de a\u00f1o, y que la misma pueda estar operativa de cara al verano, ya que se estima en 4 meses el plazo de ejecuci\u00f3n de los trabajos.<\/p>\n<p>&nbsp;<\/p>\n","protected":false},"excerpt":{"rendered":"<p>Los Concejales de Deportes y Turismo, Pilar Egea y Diego Cuenca, respectivamente, han anunciado esta ma\u00f1ana que el Ayuntamiento va a impulsar una V\u00eda Ferrata en la cara sureste de la Sierra Al\u00e1cera. Para ello, los Servicios T\u00e9cnicos est\u00e1n dando forma al proyecto toda vez que ya se ha pronunciado al respecto la Delegaci\u00f3n de &hellip;<\/p>\n","protected":false},"author":3,"featured_media":16816,"comment_status":"closed","ping_status":"open","sticky":false,"template":"","format":"standard","meta":{"ngg_post_thumbnail":0,"footnotes":""},"categories":[23],"tags":[],"class_list":["post-16815","post","type-post","status-publish","format-standard","has-post-thumbnail","hentry","category-deportes"],"yoast_head":"<!-- This site is optimized with the Yoast SEO plugin v27.5 - https:\/\/yoast.com\/product\/yoast-seo-wordpress\/ -->\n<title>La sierra Al\u00e1cera acoger\u00e1 una V\u00cdA FERRATA - MI Ayuntamiento de Caudete<\/title>\n<meta name=\"description\" content=\"P\u00e1gina Oficial del Ayuntamiento de Caudete (Albacete)\" \/>\n<meta name=\"robots\" content=\"index, follow, max-snippet:-1, max-image-preview:large, max-video-preview:-1\" \/>\n<link rel=\"canonical\" href=\"https:\/\/www.caudete.org\/ayuntamiento\/la-sierra-alacera-acogera-una-via-ferrata\/\" \/>\n<meta property=\"og:locale\" content=\"es_ES\" \/>\n<meta property=\"og:type\" content=\"article\" \/>\n<meta property=\"og:title\" content=\"La sierra Al\u00e1cera acoger\u00e1 una V\u00cdA FERRATA - MI Ayuntamiento de Caudete\" \/>\n<meta property=\"og:description\" content=\"P\u00e1gina Oficial del Ayuntamiento de Caudete (Albacete)\" \/>\n<meta property=\"og:url\" content=\"https:\/\/www.caudete.org\/ayuntamiento\/la-sierra-alacera-acogera-una-via-ferrata\/\" \/>\n<meta property=\"og:site_name\" content=\"MI Ayuntamiento de Caudete\" \/>\n<meta property=\"article:publisher\" content=\"https:\/\/www.facebook.com\/ayuntamientocaudete\/\" \/>\n<meta property=\"article:published_time\" content=\"2021-11-09T08:00:30+00:00\" \/>\n<meta property=\"og:image\" content=\"https:\/\/www.caudete.org\/ayuntamiento\/wp-content\/uploads\/2021\/11\/alacera_6_caudete_digital.jpeg\" \/>\n\t<meta property=\"og:image:width\" content=\"800\" \/>\n\t<meta property=\"og:image:height\" content=\"379\" \/>\n\t<meta property=\"og:image:type\" content=\"image\/jpeg\" \/>\n<meta name=\"author\" content=\"alcalde\" \/>\n<meta name=\"twitter:card\" content=\"summary_large_image\" \/>\n<meta name=\"twitter:label1\" content=\"Escrito por\" \/>\n\t<meta name=\"twitter:data1\" content=\"alcalde\" \/>\n\t<meta name=\"twitter:label2\" content=\"Tiempo de lectura\" \/>\n\t<meta name=\"twitter:data2\" content=\"2 minutos\" \/>\n<script type=\"application\/ld+json\" class=\"yoast-schema-graph\">{\"@context\":\"https:\\\/\\\/schema.org\",\"@graph\":[{\"@type\":\"Article\",\"@id\":\"https:\\\/\\\/www.caudete.org\\\/ayuntamiento\\\/la-sierra-alacera-acogera-una-via-ferrata\\\/#article\",\"isPartOf\":{\"@id\":\"https:\\\/\\\/www.caudete.org\\\/ayuntamiento\\\/la-sierra-alacera-acogera-una-via-ferrata\\\/\"},\"author\":{\"name\":\"alcalde\",\"@id\":\"https:\\\/\\\/www.caudete.org\\\/ayuntamiento\\\/#\\\/schema\\\/person\\\/cc646da9133078ee4d8dd47457947253\"},\"headline\":\"La sierra Al\u00e1cera acoger\u00e1 una V\u00cdA FERRATA\",\"datePublished\":\"2021-11-09T08:00:30+00:00\",\"mainEntityOfPage\":{\"@id\":\"https:\\\/\\\/www.caudete.org\\\/ayuntamiento\\\/la-sierra-alacera-acogera-una-via-ferrata\\\/\"},\"wordCount\":409,\"image\":{\"@id\":\"https:\\\/\\\/www.caudete.org\\\/ayuntamiento\\\/la-sierra-alacera-acogera-una-via-ferrata\\\/#primaryimage\"},\"thumbnailUrl\":\"https:\\\/\\\/www.caudete.org\\\/ayuntamiento\\\/wp-content\\\/uploads\\\/2021\\\/11\\\/alacera_6_caudete_digital.jpeg\",\"articleSection\":[\"Deportes\"],\"inLanguage\":\"es\"},{\"@type\":\"WebPage\",\"@id\":\"https:\\\/\\\/www.caudete.org\\\/ayuntamiento\\\/la-sierra-alacera-acogera-una-via-ferrata\\\/\",\"url\":\"https:\\\/\\\/www.caudete.org\\\/ayuntamiento\\\/la-sierra-alacera-acogera-una-via-ferrata\\\/\",\"name\":\"La sierra Al\u00e1cera acoger\u00e1 una V\u00cdA FERRATA - MI Ayuntamiento de Caudete\",\"isPartOf\":{\"@id\":\"https:\\\/\\\/www.caudete.org\\\/ayuntamiento\\\/#website\"},\"primaryImageOfPage\":{\"@id\":\"https:\\\/\\\/www.caudete.org\\\/ayuntamiento\\\/la-sierra-alacera-acogera-una-via-ferrata\\\/#primaryimage\"},\"image\":{\"@id\":\"https:\\\/\\\/www.caudete.org\\\/ayuntamiento\\\/la-sierra-alacera-acogera-una-via-ferrata\\\/#primaryimage\"},\"thumbnailUrl\":\"https:\\\/\\\/www.caudete.org\\\/ayuntamiento\\\/wp-content\\\/uploads\\\/2021\\\/11\\\/alacera_6_caudete_digital.jpeg\",\"datePublished\":\"2021-11-09T08:00:30+00:00\",\"author\":{\"@id\":\"https:\\\/\\\/www.caudete.org\\\/ayuntamiento\\\/#\\\/schema\\\/person\\\/cc646da9133078ee4d8dd47457947253\"},\"description\":\"P\u00e1gina Oficial del Ayuntamiento de Caudete (Albacete)\",\"breadcrumb\":{\"@id\":\"https:\\\/\\\/www.caudete.org\\\/ayuntamiento\\\/la-sierra-alacera-acogera-una-via-ferrata\\\/#breadcrumb\"},\"inLanguage\":\"es\",\"potentialAction\":[{\"@type\":\"ReadAction\",\"target\":[\"https:\\\/\\\/www.caudete.org\\\/ayuntamiento\\\/la-sierra-alacera-acogera-una-via-ferrata\\\/\"]}]},{\"@type\":\"ImageObject\",\"inLanguage\":\"es\",\"@id\":\"https:\\\/\\\/www.caudete.org\\\/ayuntamiento\\\/la-sierra-alacera-acogera-una-via-ferrata\\\/#primaryimage\",\"url\":\"https:\\\/\\\/www.caudete.org\\\/ayuntamiento\\\/wp-content\\\/uploads\\\/2021\\\/11\\\/alacera_6_caudete_digital.jpeg\",\"contentUrl\":\"https:\\\/\\\/www.caudete.org\\\/ayuntamiento\\\/wp-content\\\/uploads\\\/2021\\\/11\\\/alacera_6_caudete_digital.jpeg\",\"width\":800,\"height\":379},{\"@type\":\"BreadcrumbList\",\"@id\":\"https:\\\/\\\/www.caudete.org\\\/ayuntamiento\\\/la-sierra-alacera-acogera-una-via-ferrata\\\/#breadcrumb\",\"itemListElement\":[{\"@type\":\"ListItem\",\"position\":1,\"name\":\"Inicio\",\"item\":\"https:\\\/\\\/www.caudete.org\\\/ayuntamiento\\\/\"},{\"@type\":\"ListItem\",\"position\":2,\"name\":\"La sierra Al\u00e1cera acoger\u00e1 una V\u00cdA FERRATA\"}]},{\"@type\":\"WebSite\",\"@id\":\"https:\\\/\\\/www.caudete.org\\\/ayuntamiento\\\/#website\",\"url\":\"https:\\\/\\\/www.caudete.org\\\/ayuntamiento\\\/\",\"name\":\"MI Ayuntamiento de Caudete\",\"description\":\"P\u00e1gina Oficial del MI Ayuntamiento de Caudete\",\"potentialAction\":[{\"@type\":\"SearchAction\",\"target\":{\"@type\":\"EntryPoint\",\"urlTemplate\":\"https:\\\/\\\/www.caudete.org\\\/ayuntamiento\\\/?s={search_term_string}\"},\"query-input\":{\"@type\":\"PropertyValueSpecification\",\"valueRequired\":true,\"valueName\":\"search_term_string\"}}],\"inLanguage\":\"es\"},{\"@type\":\"Person\",\"@id\":\"https:\\\/\\\/www.caudete.org\\\/ayuntamiento\\\/#\\\/schema\\\/person\\\/cc646da9133078ee4d8dd47457947253\",\"name\":\"alcalde\",\"image\":{\"@type\":\"ImageObject\",\"inLanguage\":\"es\",\"@id\":\"https:\\\/\\\/secure.gravatar.com\\\/avatar\\\/84a817ba065b29ff08d666b215a215f5c79186a645ccb25b14a663d48a130f77?s=96&d=mm&r=g\",\"url\":\"https:\\\/\\\/secure.gravatar.com\\\/avatar\\\/84a817ba065b29ff08d666b215a215f5c79186a645ccb25b14a663d48a130f77?s=96&d=mm&r=g\",\"contentUrl\":\"https:\\\/\\\/secure.gravatar.com\\\/avatar\\\/84a817ba065b29ff08d666b215a215f5c79186a645ccb25b14a663d48a130f77?s=96&d=mm&r=g\",\"caption\":\"alcalde\"},\"url\":\"https:\\\/\\\/www.caudete.org\\\/ayuntamiento\\\/author\\\/alcalde\\\/\"}]}<\/script>\n<!-- \/ Yoast SEO plugin. -->","yoast_head_json":{"title":"La sierra Al\u00e1cera acoger\u00e1 una V\u00cdA FERRATA - MI Ayuntamiento de Caudete","description":"P\u00e1gina Oficial del Ayuntamiento de Caudete (Albacete)","robots":{"index":"index","follow":"follow","max-snippet":"max-snippet:-1","max-image-preview":"max-image-preview:large","max-video-preview":"max-video-preview:-1"},"canonical":"https:\/\/www.caudete.org\/ayuntamiento\/la-sierra-alacera-acogera-una-via-ferrata\/","og_locale":"es_ES","og_type":"article","og_title":"La sierra Al\u00e1cera acoger\u00e1 una V\u00cdA FERRATA - MI Ayuntamiento de Caudete","og_description":"P\u00e1gina Oficial del Ayuntamiento de Caudete (Albacete)","og_url":"https:\/\/www.caudete.org\/ayuntamiento\/la-sierra-alacera-acogera-una-via-ferrata\/","og_site_name":"MI Ayuntamiento de Caudete","article_publisher":"https:\/\/www.facebook.com\/ayuntamientocaudete\/","article_published_time":"2021-11-09T08:00:30+00:00","og_image":[{"width":800,"height":379,"url":"https:\/\/www.caudete.org\/ayuntamiento\/wp-content\/uploads\/2021\/11\/alacera_6_caudete_digital.jpeg","type":"image\/jpeg"}],"author":"alcalde","twitter_card":"summary_large_image","twitter_misc":{"Escrito por":"alcalde","Tiempo de lectura":"2 minutos"},"schema":{"@context":"https:\/\/schema.org","@graph":[{"@type":"Article","@id":"https:\/\/www.caudete.org\/ayuntamiento\/la-sierra-alacera-acogera-una-via-ferrata\/#article","isPartOf":{"@id":"https:\/\/www.caudete.org\/ayuntamiento\/la-sierra-alacera-acogera-una-via-ferrata\/"},"author":{"name":"alcalde","@id":"https:\/\/www.caudete.org\/ayuntamiento\/#\/schema\/person\/cc646da9133078ee4d8dd47457947253"},"headline":"La sierra Al\u00e1cera acoger\u00e1 una V\u00cdA FERRATA","datePublished":"2021-11-09T08:00:30+00:00","mainEntityOfPage":{"@id":"https:\/\/www.caudete.org\/ayuntamiento\/la-sierra-alacera-acogera-una-via-ferrata\/"},"wordCount":409,"image":{"@id":"https:\/\/www.caudete.org\/ayuntamiento\/la-sierra-alacera-acogera-una-via-ferrata\/#primaryimage"},"thumbnailUrl":"https:\/\/www.caudete.org\/ayuntamiento\/wp-content\/uploads\/2021\/11\/alacera_6_caudete_digital.jpeg","articleSection":["Deportes"],"inLanguage":"es"},{"@type":"WebPage","@id":"https:\/\/www.caudete.org\/ayuntamiento\/la-sierra-alacera-acogera-una-via-ferrata\/","url":"https:\/\/www.caudete.org\/ayuntamiento\/la-sierra-alacera-acogera-una-via-ferrata\/","name":"La sierra Al\u00e1cera acoger\u00e1 una V\u00cdA FERRATA - MI Ayuntamiento de Caudete","isPartOf":{"@id":"https:\/\/www.caudete.org\/ayuntamiento\/#website"},"primaryImageOfPage":{"@id":"https:\/\/www.caudete.org\/ayuntamiento\/la-sierra-alacera-acogera-una-via-ferrata\/#primaryimage"},"image":{"@id":"https:\/\/www.caudete.org\/ayuntamiento\/la-sierra-alacera-acogera-una-via-ferrata\/#primaryimage"},"thumbnailUrl":"https:\/\/www.caudete.org\/ayuntamiento\/wp-content\/uploads\/2021\/11\/alacera_6_caudete_digital.jpeg","datePublished":"2021-11-09T08:00:30+00:00","author":{"@id":"https:\/\/www.caudete.org\/ayuntamiento\/#\/schema\/person\/cc646da9133078ee4d8dd47457947253"},"description":"P\u00e1gina Oficial del Ayuntamiento de Caudete (Albacete)","breadcrumb":{"@id":"https:\/\/www.caudete.org\/ayuntamiento\/la-sierra-alacera-acogera-una-via-ferrata\/#breadcrumb"},"inLanguage":"es","potentialAction":[{"@type":"ReadAction","target":["https:\/\/www.caudete.org\/ayuntamiento\/la-sierra-alacera-acogera-una-via-ferrata\/"]}]},{"@type":"ImageObject","inLanguage":"es","@id":"https:\/\/www.caudete.org\/ayuntamiento\/la-sierra-alacera-acogera-una-via-ferrata\/#primaryimage","url":"https:\/\/www.caudete.org\/ayuntamiento\/wp-content\/uploads\/2021\/11\/alacera_6_caudete_digital.jpeg","contentUrl":"https:\/\/www.caudete.org\/ayuntamiento\/wp-content\/uploads\/2021\/11\/alacera_6_caudete_digital.jpeg","width":800,"height":379},{"@type":"BreadcrumbList","@id":"https:\/\/www.caudete.org\/ayuntamiento\/la-sierra-alacera-acogera-una-via-ferrata\/#breadcrumb","itemListElement":[{"@type":"ListItem","position":1,"name":"Inicio","item":"https:\/\/www.caudete.org\/ayuntamiento\/"},{"@type":"ListItem","position":2,"name":"La sierra Al\u00e1cera acoger\u00e1 una V\u00cdA FERRATA"}]},{"@type":"WebSite","@id":"https:\/\/www.caudete.org\/ayuntamiento\/#website","url":"https:\/\/www.caudete.org\/ayuntamiento\/","name":"MI Ayuntamiento de Caudete","description":"P\u00e1gina Oficial del MI Ayuntamiento de Caudete","potentialAction":[{"@type":"SearchAction","target":{"@type":"EntryPoint","urlTemplate":"https:\/\/www.caudete.org\/ayuntamiento\/?s={search_term_string}"},"query-input":{"@type":"PropertyValueSpecification","valueRequired":true,"valueName":"search_term_string"}}],"inLanguage":"es"},{"@type":"Person","@id":"https:\/\/www.caudete.org\/ayuntamiento\/#\/schema\/person\/cc646da9133078ee4d8dd47457947253","name":"alcalde","image":{"@type":"ImageObject","inLanguage":"es","@id":"https:\/\/secure.gravatar.com\/avatar\/84a817ba065b29ff08d666b215a215f5c79186a645ccb25b14a663d48a130f77?s=96&d=mm&r=g","url":"https:\/\/secure.gravatar.com\/avatar\/84a817ba065b29ff08d666b215a215f5c79186a645ccb25b14a663d48a130f77?s=96&d=mm&r=g","contentUrl":"https:\/\/secure.gravatar.com\/avatar\/84a817ba065b29ff08d666b215a215f5c79186a645ccb25b14a663d48a130f77?s=96&d=mm&r=g","caption":"alcalde"},"url":"https:\/\/www.caudete.org\/ayuntamiento\/author\/alcalde\/"}]}},"_links":{"self":[{"href":"https:\/\/www.caudete.org\/ayuntamiento\/wp-json\/wp\/v2\/posts\/16815","targetHints":{"allow":["GET"]}}],"collection":[{"href":"https:\/\/www.caudete.org\/ayuntamiento\/wp-json\/wp\/v2\/posts"}],"about":[{"href":"https:\/\/www.caudete.org\/ayuntamiento\/wp-json\/wp\/v2\/types\/post"}],"author":[{"embeddable":true,"href":"https:\/\/www.caudete.org\/ayuntamiento\/wp-json\/wp\/v2\/users\/3"}],"replies":[{"embeddable":true,"href":"https:\/\/www.caudete.org\/ayuntamiento\/wp-json\/wp\/v2\/comments?post=16815"}],"version-history":[{"count":1,"href":"https:\/\/www.caudete.org\/ayuntamiento\/wp-json\/wp\/v2\/posts\/16815\/revisions"}],"predecessor-version":[{"id":16817,"href":"https:\/\/www.caudete.org\/ayuntamiento\/wp-json\/wp\/v2\/posts\/16815\/revisions\/16817"}],"wp:featuredmedia":[{"embeddable":true,"href":"https:\/\/www.caudete.org\/ayuntamiento\/wp-json\/wp\/v2\/media\/16816"}],"wp:attachment":[{"href":"https:\/\/www.caudete.org\/ayuntamiento\/wp-json\/wp\/v2\/media?parent=16815"}],"wp:term":[{"taxonomy":"category","embeddable":true,"href":"https:\/\/www.caudete.org\/ayuntamiento\/wp-json\/wp\/v2\/categories?post=16815"},{"taxonomy":"post_tag","embeddable":true,"href":"https:\/\/www.caudete.org\/ayuntamiento\/wp-json\/wp\/v2\/tags?post=16815"}],"curies":[{"name":"wp","href":"https:\/\/api.w.org\/{rel}","templated":true}]}}