{"id":16831,"date":"2021-11-11T18:57:05","date_gmt":"2021-11-11T17:57:05","guid":{"rendered":"https:\/\/www.caudete.org\/ayuntamiento\/?p=16831"},"modified":"2021-11-12T16:11:22","modified_gmt":"2021-11-12T15:11:22","slug":"el-25-de-noviembre-de-cada-ano-se-conmemora-el-dia-internacional-de-la-violencia-de-genero","status":"publish","type":"post","link":"https:\/\/www.caudete.org\/ayuntamiento\/el-25-de-noviembre-de-cada-ano-se-conmemora-el-dia-internacional-de-la-violencia-de-genero\/","title":{"rendered":"El 25 de Noviembre de cada a\u00f1o se conmemora el \u201d D\u00eda Internacional de la Violencia\u00a0 de G\u00e9nero\u201d."},"content":{"rendered":"<p>Esta forma de violencia constituye una grav\u00edsima vulneraci\u00f3n de los derechos humanos.<\/p>\n<p>El Ayuntamiento de Caudete, desde la Concejal\u00eda de Igualdad y el Centro de la Mujer ofrecemos nuestro apoyo a todas las que sufren de \u00e9ste devastador problema, conmemorando el 25 de Noviembre, con diferentes actividades a lo largo del mes, cuyo objetivo es promover la prevenci\u00f3n, especialmente tratando sus or\u00edgenes y causas mediante la educaci\u00f3n de los ni\u00f1os y ni\u00f1as que promueva las relaciones de respeto y la igualdad de g\u00e9nero.<\/p>\n<p>&nbsp;<\/p>\n<p><strong>ACTIVIDADES CON YOLANDA DOM\u00cdNGUEZ<\/strong><\/p>\n<ul>\n<li><span style=\"text-decoration: underline;\">MI\u00c9RCOLES D\u00cdA <strong>17 DE NOVIEMBRE<\/strong> A LAS 19:30 HORAS\u00a0<\/span><\/li>\n<\/ul>\n<p>SESI\u00d3N DIRIGIDA AL P\u00daBLICO EN GENERAL, CON EL T\u00cdTULO<\/p>\n<p>\u201cCAMBIAR LAS IM\u00c1GENES PARA CAMBIAR EL MUNDO\u201d<\/p>\n<p>&nbsp;<\/p>\n<ul>\n<li><span style=\"text-decoration: underline;\">JUEVES <strong>18 DE NOVIEMBRE<\/strong> EN HORARIO LECTIVO<\/span><\/li>\n<\/ul>\n<p>SESIONES DIRIGIDAS A VARIOS GRUPOS DE ALUMNADO DEL COLEGIO AMOR DE DIOS Y DEL INSTITUTO DE SECUNDARIA PINTOR RAFAEL REQUENA, CON EL T\u00cdTULO<\/p>\n<p>\u201cC\u00d3MO NOS MANIPULAN LAS IM\u00c1GENES\u201d.<\/p>\n<p>&nbsp;<\/p>\n<p><strong>Yolanda Dom\u00ednguez<\/strong> es una artista visual experta en comunicaci\u00f3n y g\u00e9nero, lo que la ha llevado a utilizar el arte para despertar la conciencia social y empoderar a las personas.<\/p>\n<p>Estudi\u00f3\u00a0Administraci\u00f3n y Direcci\u00f3n de Empresas\u00a0en la Universidad Complutense de Madrid,\u00a0Bellas Artes\u00a0en la Universidad Complutense de Madrid y es\u00a0M\u00e1ster en Arte y Nuevas Tecnolog\u00edas\u00a0por la Universidad Europea de Madrid y\u00a0M\u00e1ster en Fotograf\u00eda\u00a0por la Escuela de Fotograf\u00eda EFTI de Madrid.<\/p>\n<p>Ha sido becada por el\u00a0Ministerio de Cultura de Espa\u00f1a\u00a0y premiada por Instituciones como\u00a0Uni\u00f3n de Periodistas Valencianos\u00a0y el\u00a0Design Museum de Londres.<\/p>\n<p>Lleva m\u00e1s de 11 a\u00f1os creando trabajos de participaci\u00f3n colectiva y piezas audiovisuales cuyo objetivo es desenmascarar el machismo normalizado en nuestra cultura.<\/p>\n<p>&nbsp;<\/p>\n<p>Compagina su vida art\u00edstica con el \u00e1mbito educacional. Lleva m\u00e1s de 9 a\u00f1os impartiendo conferencias y talleres en universidades e institutos de todo el mundo en los que analiza la importancia de las im\u00e1genes en la construcci\u00f3n de nuestra identidad y da pautas para utilizarlas de una manera m\u00e1s comprometida para combatir la desigualdad.<\/p>\n<p>Es ponente habitual en Congresos nacionales contra la violencia hacia las mujeres.<\/p>\n<p>Colabora peri\u00f3dicamente con diversos medios de comunicaci\u00f3n y ha realizado campa\u00f1as de concienciaci\u00f3n para diferentes organismos gubernamentales.<\/p>\n<p>El trabajo con j\u00f3venes es la mejor opci\u00f3n para lograr un progreso en materia de prevenci\u00f3n y lograr un progreso en materia de\u00a0 erradicaci\u00f3n de la violencia de g\u00e9nero.<\/p>\n<p>&nbsp;<\/p>\n<p><span style=\"text-decoration: underline;\">EL MI\u00c9RCOLES D\u00cdA <strong>24 DE NOVIEMBRE\u00a0<\/strong><\/span><\/p>\n<p>Se llevar\u00e1 a cabo una <strong>representaci\u00f3n teatral<\/strong> a cargo de un grupo de mujeres de la Asociaci\u00f3n Santa B\u00e1rbara.<\/p>\n<p>Este espect\u00e1culo es el resultado de un proyecto llevado a cabo por dicha asociaci\u00f3n y subvencionado por el Instituto de la Mujer de Castilla la Mancha, que se enmarca dentro de las ayudas para fomentar el asociacionismo de mujeres en nuestra regi\u00f3n.<\/p>\n<p>El proyecto, denominado \u201c<strong>Las lis\u00edstratas<\/strong>\u201d, ha consistido en un taller de creaci\u00f3n teatral con perspectiva de g\u00e9nero basado en una adaptaci\u00f3n de la obra de Arist\u00f3fanes \u201cLis\u00edstrata\u201d.<\/p>\n<p>Ha sido impartido por el artista local <strong>Jos\u00e9 Mar\u00eda Ba\u00f1\u00f3n Mart\u00ednez<\/strong>, quien ha realizado varios proyectos de este tipo con la Asociaci\u00f3n de Mujeres Santa B\u00e1rbara.<\/p>\n<p>En esta ocasi\u00f3n, pondr\u00e1n en escena una comedia cl\u00e1sica versionada para demandar de nuevo el papel de la mujer en la sociedad de forma igualitaria al hombre, planteando una sociedad pacifista y reivindicando de nuevo, y todas las veces que haga falta, el derecho de la mujer a decidir sobre su propio cuerpo en relaci\u00f3n al sexo, sin obligaciones ni impedimentos.<\/p>\n<p>&nbsp;<\/p>\n<p><strong>TODAS LAS ACTIVIDADES TENDR\u00c1N LUGAR EN EL AUDITORIO DE LA CASA DE CULTURA<\/strong>. La programaci\u00f3n se ha dise\u00f1ado adapt\u00e1ndola a los condicionantes impuestos por el covid-19.<\/p>\n<p>Junto con la iluminaci\u00f3n de color violeta de edificios p\u00fablicos de la localidad el d\u00eda 25 de Noviembre, nos sumaremos con la intenci\u00f3n de luchar contra la violencia de g\u00e9nero y recordar a las mujeres asesinadas durante \u00e9ste a\u00f1o<\/p>\n<p>Con \u00e9stas actividades, queremos sensibilizar a toda la sociedad para su erradicaci\u00f3n y animarles a participar en ellas.<\/p>\n<p><a href=\"https:\/\/www.caudete.org\/ayuntamiento\/wp-content\/uploads\/2021\/11\/Yolanda-Dominguez-tarde_page-0001.jpg\" rel='prettyPhoto'><img fetchpriority=\"high\" decoding=\"async\" class=\"aligncenter wp-image-16834 \" src=\"https:\/\/www.caudete.org\/ayuntamiento\/wp-content\/uploads\/2021\/11\/Yolanda-Dominguez-tarde_page-0001-300x213.jpg\" alt=\"\" width=\"414\" height=\"294\" srcset=\"https:\/\/www.caudete.org\/ayuntamiento\/wp-content\/uploads\/2021\/11\/Yolanda-Dominguez-tarde_page-0001-300x213.jpg 300w, https:\/\/www.caudete.org\/ayuntamiento\/wp-content\/uploads\/2021\/11\/Yolanda-Dominguez-tarde_page-0001-768x546.jpg 768w, https:\/\/www.caudete.org\/ayuntamiento\/wp-content\/uploads\/2021\/11\/Yolanda-Dominguez-tarde_page-0001.jpg 874w\" sizes=\"(max-width: 414px) 100vw, 414px\" \/><\/a><\/p>\n<p><a href=\"https:\/\/www.caudete.org\/ayuntamiento\/wp-content\/uploads\/2021\/11\/Yolanda-Dominguez-manana_page-0001.jpg\" rel='prettyPhoto'><img decoding=\"async\" class=\"aligncenter wp-image-16835 \" src=\"https:\/\/www.caudete.org\/ayuntamiento\/wp-content\/uploads\/2021\/11\/Yolanda-Dominguez-manana_page-0001-300x213.jpg\" alt=\"\" width=\"418\" height=\"297\" srcset=\"https:\/\/www.caudete.org\/ayuntamiento\/wp-content\/uploads\/2021\/11\/Yolanda-Dominguez-manana_page-0001-300x213.jpg 300w, https:\/\/www.caudete.org\/ayuntamiento\/wp-content\/uploads\/2021\/11\/Yolanda-Dominguez-manana_page-0001-768x546.jpg 768w, https:\/\/www.caudete.org\/ayuntamiento\/wp-content\/uploads\/2021\/11\/Yolanda-Dominguez-manana_page-0001.jpg 874w\" sizes=\"(max-width: 418px) 100vw, 418px\" \/><\/a><\/p>\n<p><a href=\"https:\/\/www.caudete.org\/ayuntamiento\/wp-content\/uploads\/2021\/11\/las_lisistratas_cartel.jpg\" rel='prettyPhoto'><img decoding=\"async\" class=\"aligncenter wp-image-16866 \" src=\"https:\/\/www.caudete.org\/ayuntamiento\/wp-content\/uploads\/2021\/11\/las_lisistratas_cartel-202x300.jpg\" alt=\"\" width=\"521\" height=\"773\" srcset=\"https:\/\/www.caudete.org\/ayuntamiento\/wp-content\/uploads\/2021\/11\/las_lisistratas_cartel-202x300.jpg 202w, https:\/\/www.caudete.org\/ayuntamiento\/wp-content\/uploads\/2021\/11\/las_lisistratas_cartel-689x1024.jpg 689w, https:\/\/www.caudete.org\/ayuntamiento\/wp-content\/uploads\/2021\/11\/las_lisistratas_cartel.jpg 1357w\" sizes=\"(max-width: 521px) 100vw, 521px\" \/><\/a><\/p>\n<p>&nbsp;<\/p>\n","protected":false},"excerpt":{"rendered":"<p>Esta forma de violencia constituye una grav\u00edsima vulneraci\u00f3n de los derechos humanos. El Ayuntamiento de Caudete, desde la Concejal\u00eda de Igualdad y el Centro de la Mujer ofrecemos nuestro apoyo a todas las que sufren de \u00e9ste devastador problema, conmemorando el 25 de Noviembre, con diferentes actividades a lo largo del mes, cuyo objetivo es &hellip;<\/p>\n","protected":false},"author":2,"featured_media":16837,"comment_status":"closed","ping_status":"open","sticky":false,"template":"","format":"standard","meta":{"ngg_post_thumbnail":0,"footnotes":""},"categories":[522],"tags":[72,723],"class_list":["post-16831","post","type-post","status-publish","format-standard","has-post-thumbnail","hentry","category-igualdad","tag-violencia-genero","tag-yolanda-dominguez"],"yoast_head":"<!-- This site is optimized with the Yoast SEO plugin v27.5 - https:\/\/yoast.com\/product\/yoast-seo-wordpress\/ -->\n<title>El 25 de Noviembre de cada a\u00f1o se conmemora el \u201d D\u00eda Internacional de la Violencia\u00a0 de G\u00e9nero\u201d. - MI Ayuntamiento de Caudete<\/title>\n<meta name=\"description\" content=\"P\u00e1gina Oficial del Ayuntamiento de Caudete (Albacete)\" \/>\n<meta name=\"robots\" content=\"index, follow, max-snippet:-1, max-image-preview:large, max-video-preview:-1\" \/>\n<link rel=\"canonical\" href=\"https:\/\/www.caudete.org\/ayuntamiento\/el-25-de-noviembre-de-cada-ano-se-conmemora-el-dia-internacional-de-la-violencia-de-genero\/\" \/>\n<meta property=\"og:locale\" content=\"es_ES\" \/>\n<meta property=\"og:type\" content=\"article\" \/>\n<meta property=\"og:title\" content=\"El 25 de Noviembre de cada a\u00f1o se conmemora el \u201d D\u00eda Internacional de la Violencia\u00a0 de G\u00e9nero\u201d. - MI Ayuntamiento de Caudete\" \/>\n<meta property=\"og:description\" content=\"P\u00e1gina Oficial del Ayuntamiento de Caudete (Albacete)\" \/>\n<meta property=\"og:url\" content=\"https:\/\/www.caudete.org\/ayuntamiento\/el-25-de-noviembre-de-cada-ano-se-conmemora-el-dia-internacional-de-la-violencia-de-genero\/\" \/>\n<meta property=\"og:site_name\" content=\"MI Ayuntamiento de Caudete\" \/>\n<meta property=\"article:publisher\" content=\"https:\/\/www.facebook.com\/ayuntamientocaudete\/\" \/>\n<meta property=\"article:published_time\" content=\"2021-11-11T17:57:05+00:00\" \/>\n<meta property=\"article:modified_time\" content=\"2021-11-12T15:11:22+00:00\" \/>\n<meta property=\"og:image\" content=\"https:\/\/www.caudete.org\/ayuntamiento\/wp-content\/uploads\/2021\/11\/Yolanda-Dominguez-WEB-1.jpg\" \/>\n\t<meta property=\"og:image:width\" content=\"864\" \/>\n\t<meta property=\"og:image:height\" content=\"380\" \/>\n\t<meta property=\"og:image:type\" content=\"image\/jpeg\" \/>\n<meta name=\"author\" content=\"Juan\" \/>\n<meta name=\"twitter:card\" content=\"summary_large_image\" \/>\n<meta name=\"twitter:label1\" content=\"Escrito por\" \/>\n\t<meta name=\"twitter:data1\" content=\"Juan\" \/>\n\t<meta name=\"twitter:label2\" content=\"Tiempo de lectura\" \/>\n\t<meta name=\"twitter:data2\" content=\"3 minutos\" \/>\n<script type=\"application\/ld+json\" class=\"yoast-schema-graph\">{\"@context\":\"https:\\\/\\\/schema.org\",\"@graph\":[{\"@type\":\"Article\",\"@id\":\"https:\\\/\\\/www.caudete.org\\\/ayuntamiento\\\/el-25-de-noviembre-de-cada-ano-se-conmemora-el-dia-internacional-de-la-violencia-de-genero\\\/#article\",\"isPartOf\":{\"@id\":\"https:\\\/\\\/www.caudete.org\\\/ayuntamiento\\\/el-25-de-noviembre-de-cada-ano-se-conmemora-el-dia-internacional-de-la-violencia-de-genero\\\/\"},\"author\":{\"name\":\"Juan\",\"@id\":\"https:\\\/\\\/www.caudete.org\\\/ayuntamiento\\\/#\\\/schema\\\/person\\\/7656a5bb58fca95b9814e940de0fda63\"},\"headline\":\"El 25 de Noviembre de cada a\u00f1o se conmemora el \u201d D\u00eda Internacional de la Violencia\u00a0 de G\u00e9nero\u201d.\",\"datePublished\":\"2021-11-11T17:57:05+00:00\",\"dateModified\":\"2021-11-12T15:11:22+00:00\",\"mainEntityOfPage\":{\"@id\":\"https:\\\/\\\/www.caudete.org\\\/ayuntamiento\\\/el-25-de-noviembre-de-cada-ano-se-conmemora-el-dia-internacional-de-la-violencia-de-genero\\\/\"},\"wordCount\":748,\"publisher\":{\"@id\":\"https:\\\/\\\/www.caudete.org\\\/ayuntamiento\\\/#organization\"},\"image\":{\"@id\":\"https:\\\/\\\/www.caudete.org\\\/ayuntamiento\\\/el-25-de-noviembre-de-cada-ano-se-conmemora-el-dia-internacional-de-la-violencia-de-genero\\\/#primaryimage\"},\"thumbnailUrl\":\"https:\\\/\\\/www.caudete.org\\\/ayuntamiento\\\/wp-content\\\/uploads\\\/2021\\\/11\\\/Yolanda-Dominguez-WEB-1.jpg\",\"keywords\":[\"violencia g\u00e9nero\",\"Yolanda Dominguez\"],\"articleSection\":[\"Igualdad\"],\"inLanguage\":\"es\"},{\"@type\":\"WebPage\",\"@id\":\"https:\\\/\\\/www.caudete.org\\\/ayuntamiento\\\/el-25-de-noviembre-de-cada-ano-se-conmemora-el-dia-internacional-de-la-violencia-de-genero\\\/\",\"url\":\"https:\\\/\\\/www.caudete.org\\\/ayuntamiento\\\/el-25-de-noviembre-de-cada-ano-se-conmemora-el-dia-internacional-de-la-violencia-de-genero\\\/\",\"name\":\"El 25 de Noviembre de cada a\u00f1o se conmemora el \u201d D\u00eda Internacional de la Violencia\u00a0 de G\u00e9nero\u201d. - MI Ayuntamiento de Caudete\",\"isPartOf\":{\"@id\":\"https:\\\/\\\/www.caudete.org\\\/ayuntamiento\\\/#website\"},\"primaryImageOfPage\":{\"@id\":\"https:\\\/\\\/www.caudete.org\\\/ayuntamiento\\\/el-25-de-noviembre-de-cada-ano-se-conmemora-el-dia-internacional-de-la-violencia-de-genero\\\/#primaryimage\"},\"image\":{\"@id\":\"https:\\\/\\\/www.caudete.org\\\/ayuntamiento\\\/el-25-de-noviembre-de-cada-ano-se-conmemora-el-dia-internacional-de-la-violencia-de-genero\\\/#primaryimage\"},\"thumbnailUrl\":\"https:\\\/\\\/www.caudete.org\\\/ayuntamiento\\\/wp-content\\\/uploads\\\/2021\\\/11\\\/Yolanda-Dominguez-WEB-1.jpg\",\"datePublished\":\"2021-11-11T17:57:05+00:00\",\"dateModified\":\"2021-11-12T15:11:22+00:00\",\"description\":\"P\u00e1gina Oficial del Ayuntamiento de Caudete (Albacete)\",\"breadcrumb\":{\"@id\":\"https:\\\/\\\/www.caudete.org\\\/ayuntamiento\\\/el-25-de-noviembre-de-cada-ano-se-conmemora-el-dia-internacional-de-la-violencia-de-genero\\\/#breadcrumb\"},\"inLanguage\":\"es\",\"potentialAction\":[{\"@type\":\"ReadAction\",\"target\":[\"https:\\\/\\\/www.caudete.org\\\/ayuntamiento\\\/el-25-de-noviembre-de-cada-ano-se-conmemora-el-dia-internacional-de-la-violencia-de-genero\\\/\"]}]},{\"@type\":\"ImageObject\",\"inLanguage\":\"es\",\"@id\":\"https:\\\/\\\/www.caudete.org\\\/ayuntamiento\\\/el-25-de-noviembre-de-cada-ano-se-conmemora-el-dia-internacional-de-la-violencia-de-genero\\\/#primaryimage\",\"url\":\"https:\\\/\\\/www.caudete.org\\\/ayuntamiento\\\/wp-content\\\/uploads\\\/2021\\\/11\\\/Yolanda-Dominguez-WEB-1.jpg\",\"contentUrl\":\"https:\\\/\\\/www.caudete.org\\\/ayuntamiento\\\/wp-content\\\/uploads\\\/2021\\\/11\\\/Yolanda-Dominguez-WEB-1.jpg\",\"width\":864,\"height\":380},{\"@type\":\"BreadcrumbList\",\"@id\":\"https:\\\/\\\/www.caudete.org\\\/ayuntamiento\\\/el-25-de-noviembre-de-cada-ano-se-conmemora-el-dia-internacional-de-la-violencia-de-genero\\\/#breadcrumb\",\"itemListElement\":[{\"@type\":\"ListItem\",\"position\":1,\"name\":\"Inicio\",\"item\":\"https:\\\/\\\/www.caudete.org\\\/ayuntamiento\\\/\"},{\"@type\":\"ListItem\",\"position\":2,\"name\":\"El 25 de Noviembre de cada a\u00f1o se conmemora el \u201d D\u00eda Internacional de la Violencia\u00a0 de G\u00e9nero\u201d.\"}]},{\"@type\":\"WebSite\",\"@id\":\"https:\\\/\\\/www.caudete.org\\\/ayuntamiento\\\/#website\",\"url\":\"https:\\\/\\\/www.caudete.org\\\/ayuntamiento\\\/\",\"name\":\"MI Ayuntamiento de Caudete\",\"description\":\"P\u00e1gina Oficial del MI Ayuntamiento de Caudete\",\"publisher\":{\"@id\":\"https:\\\/\\\/www.caudete.org\\\/ayuntamiento\\\/#organization\"},\"potentialAction\":[{\"@type\":\"SearchAction\",\"target\":{\"@type\":\"EntryPoint\",\"urlTemplate\":\"https:\\\/\\\/www.caudete.org\\\/ayuntamiento\\\/?s={search_term_string}\"},\"query-input\":{\"@type\":\"PropertyValueSpecification\",\"valueRequired\":true,\"valueName\":\"search_term_string\"}}],\"inLanguage\":\"es\"},{\"@type\":\"Organization\",\"@id\":\"https:\\\/\\\/www.caudete.org\\\/ayuntamiento\\\/#organization\",\"name\":\"Ayuntamiento de Caudete\",\"url\":\"https:\\\/\\\/www.caudete.org\\\/ayuntamiento\\\/\",\"logo\":{\"@type\":\"ImageObject\",\"inLanguage\":\"es\",\"@id\":\"https:\\\/\\\/www.caudete.org\\\/ayuntamiento\\\/#\\\/schema\\\/logo\\\/image\\\/\",\"url\":\"https:\\\/\\\/www.caudete.org\\\/ayuntamiento\\\/wp-content\\\/uploads\\\/2020\\\/11\\\/logo_ayuntamiento_caudete.jpg\",\"contentUrl\":\"https:\\\/\\\/www.caudete.org\\\/ayuntamiento\\\/wp-content\\\/uploads\\\/2020\\\/11\\\/logo_ayuntamiento_caudete.jpg\",\"width\":600,\"height\":150,\"caption\":\"Ayuntamiento de Caudete\"},\"image\":{\"@id\":\"https:\\\/\\\/www.caudete.org\\\/ayuntamiento\\\/#\\\/schema\\\/logo\\\/image\\\/\"},\"sameAs\":[\"https:\\\/\\\/www.facebook.com\\\/ayuntamientocaudete\\\/\",\"https:\\\/\\\/www.youtube.com\\\/channel\\\/UC6VztHaooNsGpw-tNoBEFnQ\"]},{\"@type\":\"Person\",\"@id\":\"https:\\\/\\\/www.caudete.org\\\/ayuntamiento\\\/#\\\/schema\\\/person\\\/7656a5bb58fca95b9814e940de0fda63\",\"name\":\"Juan\",\"image\":{\"@type\":\"ImageObject\",\"inLanguage\":\"es\",\"@id\":\"https:\\\/\\\/secure.gravatar.com\\\/avatar\\\/dd53e51c0cd6ab23f52d4f3e4f1c59730240727763de3dbbf26750b079a2c292?s=96&d=mm&r=g\",\"url\":\"https:\\\/\\\/secure.gravatar.com\\\/avatar\\\/dd53e51c0cd6ab23f52d4f3e4f1c59730240727763de3dbbf26750b079a2c292?s=96&d=mm&r=g\",\"contentUrl\":\"https:\\\/\\\/secure.gravatar.com\\\/avatar\\\/dd53e51c0cd6ab23f52d4f3e4f1c59730240727763de3dbbf26750b079a2c292?s=96&d=mm&r=g\",\"caption\":\"Juan\"},\"url\":\"https:\\\/\\\/www.caudete.org\\\/ayuntamiento\\\/author\\\/centrodeinternet\\\/\"}]}<\/script>\n<!-- \/ Yoast SEO plugin. -->","yoast_head_json":{"title":"El 25 de Noviembre de cada a\u00f1o se conmemora el \u201d D\u00eda Internacional de la Violencia\u00a0 de G\u00e9nero\u201d. - MI Ayuntamiento de Caudete","description":"P\u00e1gina Oficial del Ayuntamiento de Caudete (Albacete)","robots":{"index":"index","follow":"follow","max-snippet":"max-snippet:-1","max-image-preview":"max-image-preview:large","max-video-preview":"max-video-preview:-1"},"canonical":"https:\/\/www.caudete.org\/ayuntamiento\/el-25-de-noviembre-de-cada-ano-se-conmemora-el-dia-internacional-de-la-violencia-de-genero\/","og_locale":"es_ES","og_type":"article","og_title":"El 25 de Noviembre de cada a\u00f1o se conmemora el \u201d D\u00eda Internacional de la Violencia\u00a0 de G\u00e9nero\u201d. - MI Ayuntamiento de Caudete","og_description":"P\u00e1gina Oficial del Ayuntamiento de Caudete (Albacete)","og_url":"https:\/\/www.caudete.org\/ayuntamiento\/el-25-de-noviembre-de-cada-ano-se-conmemora-el-dia-internacional-de-la-violencia-de-genero\/","og_site_name":"MI Ayuntamiento de Caudete","article_publisher":"https:\/\/www.facebook.com\/ayuntamientocaudete\/","article_published_time":"2021-11-11T17:57:05+00:00","article_modified_time":"2021-11-12T15:11:22+00:00","og_image":[{"width":864,"height":380,"url":"https:\/\/www.caudete.org\/ayuntamiento\/wp-content\/uploads\/2021\/11\/Yolanda-Dominguez-WEB-1.jpg","type":"image\/jpeg"}],"author":"Juan","twitter_card":"summary_large_image","twitter_misc":{"Escrito por":"Juan","Tiempo de lectura":"3 minutos"},"schema":{"@context":"https:\/\/schema.org","@graph":[{"@type":"Article","@id":"https:\/\/www.caudete.org\/ayuntamiento\/el-25-de-noviembre-de-cada-ano-se-conmemora-el-dia-internacional-de-la-violencia-de-genero\/#article","isPartOf":{"@id":"https:\/\/www.caudete.org\/ayuntamiento\/el-25-de-noviembre-de-cada-ano-se-conmemora-el-dia-internacional-de-la-violencia-de-genero\/"},"author":{"name":"Juan","@id":"https:\/\/www.caudete.org\/ayuntamiento\/#\/schema\/person\/7656a5bb58fca95b9814e940de0fda63"},"headline":"El 25 de Noviembre de cada a\u00f1o se conmemora el \u201d D\u00eda Internacional de la Violencia\u00a0 de G\u00e9nero\u201d.","datePublished":"2021-11-11T17:57:05+00:00","dateModified":"2021-11-12T15:11:22+00:00","mainEntityOfPage":{"@id":"https:\/\/www.caudete.org\/ayuntamiento\/el-25-de-noviembre-de-cada-ano-se-conmemora-el-dia-internacional-de-la-violencia-de-genero\/"},"wordCount":748,"publisher":{"@id":"https:\/\/www.caudete.org\/ayuntamiento\/#organization"},"image":{"@id":"https:\/\/www.caudete.org\/ayuntamiento\/el-25-de-noviembre-de-cada-ano-se-conmemora-el-dia-internacional-de-la-violencia-de-genero\/#primaryimage"},"thumbnailUrl":"https:\/\/www.caudete.org\/ayuntamiento\/wp-content\/uploads\/2021\/11\/Yolanda-Dominguez-WEB-1.jpg","keywords":["violencia g\u00e9nero","Yolanda Dominguez"],"articleSection":["Igualdad"],"inLanguage":"es"},{"@type":"WebPage","@id":"https:\/\/www.caudete.org\/ayuntamiento\/el-25-de-noviembre-de-cada-ano-se-conmemora-el-dia-internacional-de-la-violencia-de-genero\/","url":"https:\/\/www.caudete.org\/ayuntamiento\/el-25-de-noviembre-de-cada-ano-se-conmemora-el-dia-internacional-de-la-violencia-de-genero\/","name":"El 25 de Noviembre de cada a\u00f1o se conmemora el \u201d D\u00eda Internacional de la Violencia\u00a0 de G\u00e9nero\u201d. - MI Ayuntamiento de Caudete","isPartOf":{"@id":"https:\/\/www.caudete.org\/ayuntamiento\/#website"},"primaryImageOfPage":{"@id":"https:\/\/www.caudete.org\/ayuntamiento\/el-25-de-noviembre-de-cada-ano-se-conmemora-el-dia-internacional-de-la-violencia-de-genero\/#primaryimage"},"image":{"@id":"https:\/\/www.caudete.org\/ayuntamiento\/el-25-de-noviembre-de-cada-ano-se-conmemora-el-dia-internacional-de-la-violencia-de-genero\/#primaryimage"},"thumbnailUrl":"https:\/\/www.caudete.org\/ayuntamiento\/wp-content\/uploads\/2021\/11\/Yolanda-Dominguez-WEB-1.jpg","datePublished":"2021-11-11T17:57:05+00:00","dateModified":"2021-11-12T15:11:22+00:00","description":"P\u00e1gina Oficial del Ayuntamiento de Caudete (Albacete)","breadcrumb":{"@id":"https:\/\/www.caudete.org\/ayuntamiento\/el-25-de-noviembre-de-cada-ano-se-conmemora-el-dia-internacional-de-la-violencia-de-genero\/#breadcrumb"},"inLanguage":"es","potentialAction":[{"@type":"ReadAction","target":["https:\/\/www.caudete.org\/ayuntamiento\/el-25-de-noviembre-de-cada-ano-se-conmemora-el-dia-internacional-de-la-violencia-de-genero\/"]}]},{"@type":"ImageObject","inLanguage":"es","@id":"https:\/\/www.caudete.org\/ayuntamiento\/el-25-de-noviembre-de-cada-ano-se-conmemora-el-dia-internacional-de-la-violencia-de-genero\/#primaryimage","url":"https:\/\/www.caudete.org\/ayuntamiento\/wp-content\/uploads\/2021\/11\/Yolanda-Dominguez-WEB-1.jpg","contentUrl":"https:\/\/www.caudete.org\/ayuntamiento\/wp-content\/uploads\/2021\/11\/Yolanda-Dominguez-WEB-1.jpg","width":864,"height":380},{"@type":"BreadcrumbList","@id":"https:\/\/www.caudete.org\/ayuntamiento\/el-25-de-noviembre-de-cada-ano-se-conmemora-el-dia-internacional-de-la-violencia-de-genero\/#breadcrumb","itemListElement":[{"@type":"ListItem","position":1,"name":"Inicio","item":"https:\/\/www.caudete.org\/ayuntamiento\/"},{"@type":"ListItem","position":2,"name":"El 25 de Noviembre de cada a\u00f1o se conmemora el \u201d D\u00eda Internacional de la Violencia\u00a0 de G\u00e9nero\u201d."}]},{"@type":"WebSite","@id":"https:\/\/www.caudete.org\/ayuntamiento\/#website","url":"https:\/\/www.caudete.org\/ayuntamiento\/","name":"MI Ayuntamiento de Caudete","description":"P\u00e1gina Oficial del MI Ayuntamiento de Caudete","publisher":{"@id":"https:\/\/www.caudete.org\/ayuntamiento\/#organization"},"potentialAction":[{"@type":"SearchAction","target":{"@type":"EntryPoint","urlTemplate":"https:\/\/www.caudete.org\/ayuntamiento\/?s={search_term_string}"},"query-input":{"@type":"PropertyValueSpecification","valueRequired":true,"valueName":"search_term_string"}}],"inLanguage":"es"},{"@type":"Organization","@id":"https:\/\/www.caudete.org\/ayuntamiento\/#organization","name":"Ayuntamiento de Caudete","url":"https:\/\/www.caudete.org\/ayuntamiento\/","logo":{"@type":"ImageObject","inLanguage":"es","@id":"https:\/\/www.caudete.org\/ayuntamiento\/#\/schema\/logo\/image\/","url":"https:\/\/www.caudete.org\/ayuntamiento\/wp-content\/uploads\/2020\/11\/logo_ayuntamiento_caudete.jpg","contentUrl":"https:\/\/www.caudete.org\/ayuntamiento\/wp-content\/uploads\/2020\/11\/logo_ayuntamiento_caudete.jpg","width":600,"height":150,"caption":"Ayuntamiento de Caudete"},"image":{"@id":"https:\/\/www.caudete.org\/ayuntamiento\/#\/schema\/logo\/image\/"},"sameAs":["https:\/\/www.facebook.com\/ayuntamientocaudete\/","https:\/\/www.youtube.com\/channel\/UC6VztHaooNsGpw-tNoBEFnQ"]},{"@type":"Person","@id":"https:\/\/www.caudete.org\/ayuntamiento\/#\/schema\/person\/7656a5bb58fca95b9814e940de0fda63","name":"Juan","image":{"@type":"ImageObject","inLanguage":"es","@id":"https:\/\/secure.gravatar.com\/avatar\/dd53e51c0cd6ab23f52d4f3e4f1c59730240727763de3dbbf26750b079a2c292?s=96&d=mm&r=g","url":"https:\/\/secure.gravatar.com\/avatar\/dd53e51c0cd6ab23f52d4f3e4f1c59730240727763de3dbbf26750b079a2c292?s=96&d=mm&r=g","contentUrl":"https:\/\/secure.gravatar.com\/avatar\/dd53e51c0cd6ab23f52d4f3e4f1c59730240727763de3dbbf26750b079a2c292?s=96&d=mm&r=g","caption":"Juan"},"url":"https:\/\/www.caudete.org\/ayuntamiento\/author\/centrodeinternet\/"}]}},"_links":{"self":[{"href":"https:\/\/www.caudete.org\/ayuntamiento\/wp-json\/wp\/v2\/posts\/16831","targetHints":{"allow":["GET"]}}],"collection":[{"href":"https:\/\/www.caudete.org\/ayuntamiento\/wp-json\/wp\/v2\/posts"}],"about":[{"href":"https:\/\/www.caudete.org\/ayuntamiento\/wp-json\/wp\/v2\/types\/post"}],"author":[{"embeddable":true,"href":"https:\/\/www.caudete.org\/ayuntamiento\/wp-json\/wp\/v2\/users\/2"}],"replies":[{"embeddable":true,"href":"https:\/\/www.caudete.org\/ayuntamiento\/wp-json\/wp\/v2\/comments?post=16831"}],"version-history":[{"count":7,"href":"https:\/\/www.caudete.org\/ayuntamiento\/wp-json\/wp\/v2\/posts\/16831\/revisions"}],"predecessor-version":[{"id":16870,"href":"https:\/\/www.caudete.org\/ayuntamiento\/wp-json\/wp\/v2\/posts\/16831\/revisions\/16870"}],"wp:featuredmedia":[{"embeddable":true,"href":"https:\/\/www.caudete.org\/ayuntamiento\/wp-json\/wp\/v2\/media\/16837"}],"wp:attachment":[{"href":"https:\/\/www.caudete.org\/ayuntamiento\/wp-json\/wp\/v2\/media?parent=16831"}],"wp:term":[{"taxonomy":"category","embeddable":true,"href":"https:\/\/www.caudete.org\/ayuntamiento\/wp-json\/wp\/v2\/categories?post=16831"},{"taxonomy":"post_tag","embeddable":true,"href":"https:\/\/www.caudete.org\/ayuntamiento\/wp-json\/wp\/v2\/tags?post=16831"}],"curies":[{"name":"wp","href":"https:\/\/api.w.org\/{rel}","templated":true}]}}