{"id":16971,"date":"2021-11-18T09:47:44","date_gmt":"2021-11-18T08:47:44","guid":{"rendered":"https:\/\/www.caudete.org\/ayuntamiento\/?p=16971"},"modified":"2021-11-18T09:47:44","modified_gmt":"2021-11-18T08:47:44","slug":"caudeteneuropa-hungria-acogio-la-visita-de-nuestra-biblioteca-junto-a-6-paises-mas","status":"publish","type":"post","link":"https:\/\/www.caudete.org\/ayuntamiento\/caudeteneuropa-hungria-acogio-la-visita-de-nuestra-biblioteca-junto-a-6-paises-mas\/","title":{"rendered":"CaudetEnEUROPA: Hungr\u00eda acogi\u00f3 la visita de nuestra Biblioteca, junto a 6 pa\u00edses m\u00e1s"},"content":{"rendered":"<p style=\"text-align: justify;\">CAUDETE PARTICIPA EN EL PROYECTO CROSS \u201cCREANDO OTROS ESPACIOS DE APRENDIZAJE\u201d DENTRO DEL PROGRAMA ERASMUS+ DE LA UNION EUROPEA.<\/p>\n<p style=\"text-align: justify;\">En las pasadas fechas del 10 al 12 de noviembre 2021, en la ciudad h\u00fangara de Nyiregyh\u00e1za, tuvo lugar la 4\u00aa Reuni\u00f3n Transnacional de este proyecto que cuenta con la participaci\u00f3n de 7 pa\u00edses de la Uni\u00f3n Europea, concretamente Hungr\u00eda, Alemania, Luxemburgo, Eslovenia, Holanda, Ruman\u00eda y Espa\u00f1a.<\/p>\n<p style=\"text-align: justify;\">A dicha ciudad se desplazaron la Agente de Desarrollo Local y\u00a0 Coordinadora Erasmus+ en el Ayuntamiento de Caudete, Elia Lac\u00e1rcel y el Concejal de Cultura del M.I. Ayuntamiento de Caudete Luis Felipe Ba\u00f1\u00f3n.<\/p>\n<p><img fetchpriority=\"high\" decoding=\"async\" class=\"size-medium wp-image-16973 aligncenter\" src=\"https:\/\/www.caudete.org\/ayuntamiento\/wp-content\/uploads\/2021\/11\/IMG-20211112-WA0021-225x300.jpg\" alt=\"\" width=\"225\" height=\"300\" srcset=\"https:\/\/www.caudete.org\/ayuntamiento\/wp-content\/uploads\/2021\/11\/IMG-20211112-WA0021-225x300.jpg 225w, https:\/\/www.caudete.org\/ayuntamiento\/wp-content\/uploads\/2021\/11\/IMG-20211112-WA0021.jpg 768w\" sizes=\"(max-width: 225px) 100vw, 225px\" \/><\/p>\n<p style=\"text-align: justify;\">Nuestra delegaci\u00f3n fue recibida por el primer teniente de alcalde de la ciudad anfitriona de Nyiregyh\u00e1za, D. Menyh\u00e9rt J\u00e1szai, que agradeci\u00f3 la participaci\u00f3n y asistencia a su ciudad de los pa\u00edses integrantes, y departi\u00f3 posteriormente con nuestro Concejal de Cultura agradeciendo especialmente su asistencia y el inter\u00e9s de nuestro pueblo en el proyecto.<\/p>\n<p style=\"text-align: justify;\">Tuvo la oportunidad poner en valor el inter\u00e9s de nuestras dos ciudades en la consecuci\u00f3n de objetivos marcados para nuestras bibliotecas en entrevista televisiva en la que particip\u00f3 como representante cultural del municipio que ser\u00e1 sede del pr\u00f3ximo encuentro a realizar.<\/p>\n<p style=\"text-align: justify;\">El proyecto trabaja en torno al concepto de Tercer Lugar (Ray Oldenburg) y su aplicaci\u00f3n a entornos culturales y de educaci\u00f3n de personas adultas (haciendo de ellos espacios m\u00e1s<br \/>\natractivos para la ciudadan\u00eda, donde poder disfrutar, interactuar a nivel social y aprender de forma informal), al tiempo que aborda retos y desaf\u00edos actuales a los que se enfrentan las entidades que trabajan en estos \u00e1mbitos.<\/p>\n<p style=\"text-align: justify;\">La tem\u00e1tica del encuentro en Hungr\u00eda era la \u201cDigitalizaci\u00f3n\u201d y como afecta a la oferta de actividades y servicios en espacios como las bibliotecas p\u00fablicas, que son centro de atracci\u00f3n y referencia cultural.<\/p>\n<p style=\"text-align: justify;\">Todos sabemos que con las redes digitales sociales, libros electr\u00f3nicos y mundo digital en general los accesos a informaci\u00f3n y adquisici\u00f3n de libros, constituyen una gran facilidad para los<br \/>\nciudadanos, al no necesitar acudir a centros p\u00fablicos para la obtenci\u00f3n de libros, prensa, enciclopedias, o consultas en materias t\u00e9cnicas.<\/p>\n<p style=\"text-align: justify;\">Este nuevo mundo digital supone un reto para el papel de las bibliotecas y entidades de educaci\u00f3n de adultos en nuestra actual sociedad y debemos replantearnos c\u00f3mo deben de evolucionar e incorporarse al mismo, siendo esta una preocupaci\u00f3n compartida a nivel europeo por muchas ciudades y entidades como las que se han dado cita en Nyiregyh\u00e1za, en el marco del proyecto de asociaci\u00f3n estrat\u00e9gica en el sector de educaci\u00f3n de personas adultas financiado con fondos del programa Erasmus+ CROSS (Creating Other Study Spaces) en el que participa Caudete a trav\u00e9s de la biblioteca Municipal Ana Mar\u00eda Matute de la Concejal\u00eda de Cultura y la Agencia de Desarrollo Local, que ya trabajan en la preparaci\u00f3n del pr\u00f3ximo encuentro que tendr\u00e1 lugar en nuestro municipio en el mes de abril de 2022.<\/p>\n","protected":false},"excerpt":{"rendered":"<p>CAUDETE PARTICIPA EN EL PROYECTO CROSS \u201cCREANDO OTROS ESPACIOS DE APRENDIZAJE\u201d DENTRO DEL PROGRAMA ERASMUS+ DE LA UNION EUROPEA. En las pasadas fechas del 10 al 12 de noviembre 2021, en la ciudad h\u00fangara de Nyiregyh\u00e1za, tuvo lugar la 4\u00aa Reuni\u00f3n Transnacional de este proyecto que cuenta con la participaci\u00f3n de 7 pa\u00edses de la &hellip;<\/p>\n","protected":false},"author":3,"featured_media":16972,"comment_status":"closed","ping_status":"open","sticky":false,"template":"","format":"standard","meta":{"ngg_post_thumbnail":0,"footnotes":""},"categories":[37],"tags":[],"class_list":["post-16971","post","type-post","status-publish","format-standard","has-post-thumbnail","hentry","category-empleo-y-formacion"],"yoast_head":"<!-- This site is optimized with the Yoast SEO plugin v27.4 - https:\/\/yoast.com\/product\/yoast-seo-wordpress\/ -->\n<title>CaudetEnEUROPA: Hungr\u00eda acogi\u00f3 la visita de nuestra Biblioteca, junto a 6 pa\u00edses m\u00e1s - MI Ayuntamiento de Caudete<\/title>\n<meta name=\"description\" content=\"P\u00e1gina Oficial del Ayuntamiento de Caudete (Albacete)\" \/>\n<meta name=\"robots\" content=\"index, follow, max-snippet:-1, max-image-preview:large, max-video-preview:-1\" \/>\n<link rel=\"canonical\" href=\"https:\/\/www.caudete.org\/ayuntamiento\/caudeteneuropa-hungria-acogio-la-visita-de-nuestra-biblioteca-junto-a-6-paises-mas\/\" \/>\n<meta property=\"og:locale\" content=\"es_ES\" \/>\n<meta property=\"og:type\" content=\"article\" \/>\n<meta property=\"og:title\" content=\"CaudetEnEUROPA: Hungr\u00eda acogi\u00f3 la visita de nuestra Biblioteca, junto a 6 pa\u00edses m\u00e1s - MI Ayuntamiento de Caudete\" \/>\n<meta property=\"og:description\" content=\"P\u00e1gina Oficial del Ayuntamiento de Caudete (Albacete)\" \/>\n<meta property=\"og:url\" content=\"https:\/\/www.caudete.org\/ayuntamiento\/caudeteneuropa-hungria-acogio-la-visita-de-nuestra-biblioteca-junto-a-6-paises-mas\/\" \/>\n<meta property=\"og:site_name\" content=\"MI Ayuntamiento de Caudete\" \/>\n<meta property=\"article:publisher\" content=\"https:\/\/www.facebook.com\/ayuntamientocaudete\/\" \/>\n<meta property=\"article:published_time\" content=\"2021-11-18T08:47:44+00:00\" \/>\n<meta property=\"og:image\" content=\"https:\/\/www.caudete.org\/ayuntamiento\/wp-content\/uploads\/2021\/11\/IMG_20211111_092240-1.jpg\" \/>\n\t<meta property=\"og:image:width\" content=\"2320\" \/>\n\t<meta property=\"og:image:height\" content=\"1305\" \/>\n\t<meta property=\"og:image:type\" content=\"image\/jpeg\" \/>\n<meta name=\"author\" content=\"alcalde\" \/>\n<meta name=\"twitter:card\" content=\"summary_large_image\" \/>\n<meta name=\"twitter:label1\" content=\"Escrito por\" \/>\n\t<meta name=\"twitter:data1\" content=\"alcalde\" \/>\n\t<meta name=\"twitter:label2\" content=\"Tiempo de lectura\" \/>\n\t<meta name=\"twitter:data2\" content=\"3 minutos\" \/>\n<script type=\"application\/ld+json\" class=\"yoast-schema-graph\">{\"@context\":\"https:\\\/\\\/schema.org\",\"@graph\":[{\"@type\":\"Article\",\"@id\":\"https:\\\/\\\/www.caudete.org\\\/ayuntamiento\\\/caudeteneuropa-hungria-acogio-la-visita-de-nuestra-biblioteca-junto-a-6-paises-mas\\\/#article\",\"isPartOf\":{\"@id\":\"https:\\\/\\\/www.caudete.org\\\/ayuntamiento\\\/caudeteneuropa-hungria-acogio-la-visita-de-nuestra-biblioteca-junto-a-6-paises-mas\\\/\"},\"author\":{\"name\":\"alcalde\",\"@id\":\"https:\\\/\\\/www.caudete.org\\\/ayuntamiento\\\/#\\\/schema\\\/person\\\/cc646da9133078ee4d8dd47457947253\"},\"headline\":\"CaudetEnEUROPA: Hungr\u00eda acogi\u00f3 la visita de nuestra Biblioteca, junto a 6 pa\u00edses m\u00e1s\",\"datePublished\":\"2021-11-18T08:47:44+00:00\",\"mainEntityOfPage\":{\"@id\":\"https:\\\/\\\/www.caudete.org\\\/ayuntamiento\\\/caudeteneuropa-hungria-acogio-la-visita-de-nuestra-biblioteca-junto-a-6-paises-mas\\\/\"},\"wordCount\":529,\"publisher\":{\"@id\":\"https:\\\/\\\/www.caudete.org\\\/ayuntamiento\\\/#organization\"},\"image\":{\"@id\":\"https:\\\/\\\/www.caudete.org\\\/ayuntamiento\\\/caudeteneuropa-hungria-acogio-la-visita-de-nuestra-biblioteca-junto-a-6-paises-mas\\\/#primaryimage\"},\"thumbnailUrl\":\"https:\\\/\\\/www.caudete.org\\\/ayuntamiento\\\/wp-content\\\/uploads\\\/2021\\\/11\\\/IMG_20211111_092240-1.jpg\",\"articleSection\":[\"Empleo y Formaci\u00f3n\"],\"inLanguage\":\"es\"},{\"@type\":\"WebPage\",\"@id\":\"https:\\\/\\\/www.caudete.org\\\/ayuntamiento\\\/caudeteneuropa-hungria-acogio-la-visita-de-nuestra-biblioteca-junto-a-6-paises-mas\\\/\",\"url\":\"https:\\\/\\\/www.caudete.org\\\/ayuntamiento\\\/caudeteneuropa-hungria-acogio-la-visita-de-nuestra-biblioteca-junto-a-6-paises-mas\\\/\",\"name\":\"CaudetEnEUROPA: Hungr\u00eda acogi\u00f3 la visita de nuestra Biblioteca, junto a 6 pa\u00edses m\u00e1s - MI Ayuntamiento de Caudete\",\"isPartOf\":{\"@id\":\"https:\\\/\\\/www.caudete.org\\\/ayuntamiento\\\/#website\"},\"primaryImageOfPage\":{\"@id\":\"https:\\\/\\\/www.caudete.org\\\/ayuntamiento\\\/caudeteneuropa-hungria-acogio-la-visita-de-nuestra-biblioteca-junto-a-6-paises-mas\\\/#primaryimage\"},\"image\":{\"@id\":\"https:\\\/\\\/www.caudete.org\\\/ayuntamiento\\\/caudeteneuropa-hungria-acogio-la-visita-de-nuestra-biblioteca-junto-a-6-paises-mas\\\/#primaryimage\"},\"thumbnailUrl\":\"https:\\\/\\\/www.caudete.org\\\/ayuntamiento\\\/wp-content\\\/uploads\\\/2021\\\/11\\\/IMG_20211111_092240-1.jpg\",\"datePublished\":\"2021-11-18T08:47:44+00:00\",\"description\":\"P\u00e1gina Oficial del Ayuntamiento de Caudete (Albacete)\",\"breadcrumb\":{\"@id\":\"https:\\\/\\\/www.caudete.org\\\/ayuntamiento\\\/caudeteneuropa-hungria-acogio-la-visita-de-nuestra-biblioteca-junto-a-6-paises-mas\\\/#breadcrumb\"},\"inLanguage\":\"es\",\"potentialAction\":[{\"@type\":\"ReadAction\",\"target\":[\"https:\\\/\\\/www.caudete.org\\\/ayuntamiento\\\/caudeteneuropa-hungria-acogio-la-visita-de-nuestra-biblioteca-junto-a-6-paises-mas\\\/\"]}]},{\"@type\":\"ImageObject\",\"inLanguage\":\"es\",\"@id\":\"https:\\\/\\\/www.caudete.org\\\/ayuntamiento\\\/caudeteneuropa-hungria-acogio-la-visita-de-nuestra-biblioteca-junto-a-6-paises-mas\\\/#primaryimage\",\"url\":\"https:\\\/\\\/www.caudete.org\\\/ayuntamiento\\\/wp-content\\\/uploads\\\/2021\\\/11\\\/IMG_20211111_092240-1.jpg\",\"contentUrl\":\"https:\\\/\\\/www.caudete.org\\\/ayuntamiento\\\/wp-content\\\/uploads\\\/2021\\\/11\\\/IMG_20211111_092240-1.jpg\",\"width\":2320,\"height\":1305},{\"@type\":\"BreadcrumbList\",\"@id\":\"https:\\\/\\\/www.caudete.org\\\/ayuntamiento\\\/caudeteneuropa-hungria-acogio-la-visita-de-nuestra-biblioteca-junto-a-6-paises-mas\\\/#breadcrumb\",\"itemListElement\":[{\"@type\":\"ListItem\",\"position\":1,\"name\":\"Inicio\",\"item\":\"https:\\\/\\\/www.caudete.org\\\/ayuntamiento\\\/\"},{\"@type\":\"ListItem\",\"position\":2,\"name\":\"CaudetEnEUROPA: Hungr\u00eda acogi\u00f3 la visita de nuestra Biblioteca, junto a 6 pa\u00edses m\u00e1s\"}]},{\"@type\":\"WebSite\",\"@id\":\"https:\\\/\\\/www.caudete.org\\\/ayuntamiento\\\/#website\",\"url\":\"https:\\\/\\\/www.caudete.org\\\/ayuntamiento\\\/\",\"name\":\"MI Ayuntamiento de Caudete\",\"description\":\"P\u00e1gina Oficial del MI Ayuntamiento de Caudete\",\"publisher\":{\"@id\":\"https:\\\/\\\/www.caudete.org\\\/ayuntamiento\\\/#organization\"},\"potentialAction\":[{\"@type\":\"SearchAction\",\"target\":{\"@type\":\"EntryPoint\",\"urlTemplate\":\"https:\\\/\\\/www.caudete.org\\\/ayuntamiento\\\/?s={search_term_string}\"},\"query-input\":{\"@type\":\"PropertyValueSpecification\",\"valueRequired\":true,\"valueName\":\"search_term_string\"}}],\"inLanguage\":\"es\"},{\"@type\":\"Organization\",\"@id\":\"https:\\\/\\\/www.caudete.org\\\/ayuntamiento\\\/#organization\",\"name\":\"Ayuntamiento de Caudete\",\"url\":\"https:\\\/\\\/www.caudete.org\\\/ayuntamiento\\\/\",\"logo\":{\"@type\":\"ImageObject\",\"inLanguage\":\"es\",\"@id\":\"https:\\\/\\\/www.caudete.org\\\/ayuntamiento\\\/#\\\/schema\\\/logo\\\/image\\\/\",\"url\":\"https:\\\/\\\/www.caudete.org\\\/ayuntamiento\\\/wp-content\\\/uploads\\\/2020\\\/11\\\/logo_ayuntamiento_caudete.jpg\",\"contentUrl\":\"https:\\\/\\\/www.caudete.org\\\/ayuntamiento\\\/wp-content\\\/uploads\\\/2020\\\/11\\\/logo_ayuntamiento_caudete.jpg\",\"width\":600,\"height\":150,\"caption\":\"Ayuntamiento de Caudete\"},\"image\":{\"@id\":\"https:\\\/\\\/www.caudete.org\\\/ayuntamiento\\\/#\\\/schema\\\/logo\\\/image\\\/\"},\"sameAs\":[\"https:\\\/\\\/www.facebook.com\\\/ayuntamientocaudete\\\/\",\"https:\\\/\\\/www.youtube.com\\\/channel\\\/UC6VztHaooNsGpw-tNoBEFnQ\"]},{\"@type\":\"Person\",\"@id\":\"https:\\\/\\\/www.caudete.org\\\/ayuntamiento\\\/#\\\/schema\\\/person\\\/cc646da9133078ee4d8dd47457947253\",\"name\":\"alcalde\",\"image\":{\"@type\":\"ImageObject\",\"inLanguage\":\"es\",\"@id\":\"https:\\\/\\\/secure.gravatar.com\\\/avatar\\\/84a817ba065b29ff08d666b215a215f5c79186a645ccb25b14a663d48a130f77?s=96&d=mm&r=g\",\"url\":\"https:\\\/\\\/secure.gravatar.com\\\/avatar\\\/84a817ba065b29ff08d666b215a215f5c79186a645ccb25b14a663d48a130f77?s=96&d=mm&r=g\",\"contentUrl\":\"https:\\\/\\\/secure.gravatar.com\\\/avatar\\\/84a817ba065b29ff08d666b215a215f5c79186a645ccb25b14a663d48a130f77?s=96&d=mm&r=g\",\"caption\":\"alcalde\"},\"url\":\"https:\\\/\\\/www.caudete.org\\\/ayuntamiento\\\/author\\\/alcalde\\\/\"}]}<\/script>\n<!-- \/ Yoast SEO plugin. -->","yoast_head_json":{"title":"CaudetEnEUROPA: Hungr\u00eda acogi\u00f3 la visita de nuestra Biblioteca, junto a 6 pa\u00edses m\u00e1s - MI Ayuntamiento de Caudete","description":"P\u00e1gina Oficial del Ayuntamiento de Caudete (Albacete)","robots":{"index":"index","follow":"follow","max-snippet":"max-snippet:-1","max-image-preview":"max-image-preview:large","max-video-preview":"max-video-preview:-1"},"canonical":"https:\/\/www.caudete.org\/ayuntamiento\/caudeteneuropa-hungria-acogio-la-visita-de-nuestra-biblioteca-junto-a-6-paises-mas\/","og_locale":"es_ES","og_type":"article","og_title":"CaudetEnEUROPA: Hungr\u00eda acogi\u00f3 la visita de nuestra Biblioteca, junto a 6 pa\u00edses m\u00e1s - MI Ayuntamiento de Caudete","og_description":"P\u00e1gina Oficial del Ayuntamiento de Caudete (Albacete)","og_url":"https:\/\/www.caudete.org\/ayuntamiento\/caudeteneuropa-hungria-acogio-la-visita-de-nuestra-biblioteca-junto-a-6-paises-mas\/","og_site_name":"MI Ayuntamiento de Caudete","article_publisher":"https:\/\/www.facebook.com\/ayuntamientocaudete\/","article_published_time":"2021-11-18T08:47:44+00:00","og_image":[{"width":2320,"height":1305,"url":"https:\/\/www.caudete.org\/ayuntamiento\/wp-content\/uploads\/2021\/11\/IMG_20211111_092240-1.jpg","type":"image\/jpeg"}],"author":"alcalde","twitter_card":"summary_large_image","twitter_misc":{"Escrito por":"alcalde","Tiempo de lectura":"3 minutos"},"schema":{"@context":"https:\/\/schema.org","@graph":[{"@type":"Article","@id":"https:\/\/www.caudete.org\/ayuntamiento\/caudeteneuropa-hungria-acogio-la-visita-de-nuestra-biblioteca-junto-a-6-paises-mas\/#article","isPartOf":{"@id":"https:\/\/www.caudete.org\/ayuntamiento\/caudeteneuropa-hungria-acogio-la-visita-de-nuestra-biblioteca-junto-a-6-paises-mas\/"},"author":{"name":"alcalde","@id":"https:\/\/www.caudete.org\/ayuntamiento\/#\/schema\/person\/cc646da9133078ee4d8dd47457947253"},"headline":"CaudetEnEUROPA: Hungr\u00eda acogi\u00f3 la visita de nuestra Biblioteca, junto a 6 pa\u00edses m\u00e1s","datePublished":"2021-11-18T08:47:44+00:00","mainEntityOfPage":{"@id":"https:\/\/www.caudete.org\/ayuntamiento\/caudeteneuropa-hungria-acogio-la-visita-de-nuestra-biblioteca-junto-a-6-paises-mas\/"},"wordCount":529,"publisher":{"@id":"https:\/\/www.caudete.org\/ayuntamiento\/#organization"},"image":{"@id":"https:\/\/www.caudete.org\/ayuntamiento\/caudeteneuropa-hungria-acogio-la-visita-de-nuestra-biblioteca-junto-a-6-paises-mas\/#primaryimage"},"thumbnailUrl":"https:\/\/www.caudete.org\/ayuntamiento\/wp-content\/uploads\/2021\/11\/IMG_20211111_092240-1.jpg","articleSection":["Empleo y Formaci\u00f3n"],"inLanguage":"es"},{"@type":"WebPage","@id":"https:\/\/www.caudete.org\/ayuntamiento\/caudeteneuropa-hungria-acogio-la-visita-de-nuestra-biblioteca-junto-a-6-paises-mas\/","url":"https:\/\/www.caudete.org\/ayuntamiento\/caudeteneuropa-hungria-acogio-la-visita-de-nuestra-biblioteca-junto-a-6-paises-mas\/","name":"CaudetEnEUROPA: Hungr\u00eda acogi\u00f3 la visita de nuestra Biblioteca, junto a 6 pa\u00edses m\u00e1s - MI Ayuntamiento de Caudete","isPartOf":{"@id":"https:\/\/www.caudete.org\/ayuntamiento\/#website"},"primaryImageOfPage":{"@id":"https:\/\/www.caudete.org\/ayuntamiento\/caudeteneuropa-hungria-acogio-la-visita-de-nuestra-biblioteca-junto-a-6-paises-mas\/#primaryimage"},"image":{"@id":"https:\/\/www.caudete.org\/ayuntamiento\/caudeteneuropa-hungria-acogio-la-visita-de-nuestra-biblioteca-junto-a-6-paises-mas\/#primaryimage"},"thumbnailUrl":"https:\/\/www.caudete.org\/ayuntamiento\/wp-content\/uploads\/2021\/11\/IMG_20211111_092240-1.jpg","datePublished":"2021-11-18T08:47:44+00:00","description":"P\u00e1gina Oficial del Ayuntamiento de Caudete (Albacete)","breadcrumb":{"@id":"https:\/\/www.caudete.org\/ayuntamiento\/caudeteneuropa-hungria-acogio-la-visita-de-nuestra-biblioteca-junto-a-6-paises-mas\/#breadcrumb"},"inLanguage":"es","potentialAction":[{"@type":"ReadAction","target":["https:\/\/www.caudete.org\/ayuntamiento\/caudeteneuropa-hungria-acogio-la-visita-de-nuestra-biblioteca-junto-a-6-paises-mas\/"]}]},{"@type":"ImageObject","inLanguage":"es","@id":"https:\/\/www.caudete.org\/ayuntamiento\/caudeteneuropa-hungria-acogio-la-visita-de-nuestra-biblioteca-junto-a-6-paises-mas\/#primaryimage","url":"https:\/\/www.caudete.org\/ayuntamiento\/wp-content\/uploads\/2021\/11\/IMG_20211111_092240-1.jpg","contentUrl":"https:\/\/www.caudete.org\/ayuntamiento\/wp-content\/uploads\/2021\/11\/IMG_20211111_092240-1.jpg","width":2320,"height":1305},{"@type":"BreadcrumbList","@id":"https:\/\/www.caudete.org\/ayuntamiento\/caudeteneuropa-hungria-acogio-la-visita-de-nuestra-biblioteca-junto-a-6-paises-mas\/#breadcrumb","itemListElement":[{"@type":"ListItem","position":1,"name":"Inicio","item":"https:\/\/www.caudete.org\/ayuntamiento\/"},{"@type":"ListItem","position":2,"name":"CaudetEnEUROPA: Hungr\u00eda acogi\u00f3 la visita de nuestra Biblioteca, junto a 6 pa\u00edses m\u00e1s"}]},{"@type":"WebSite","@id":"https:\/\/www.caudete.org\/ayuntamiento\/#website","url":"https:\/\/www.caudete.org\/ayuntamiento\/","name":"MI Ayuntamiento de Caudete","description":"P\u00e1gina Oficial del MI Ayuntamiento de Caudete","publisher":{"@id":"https:\/\/www.caudete.org\/ayuntamiento\/#organization"},"potentialAction":[{"@type":"SearchAction","target":{"@type":"EntryPoint","urlTemplate":"https:\/\/www.caudete.org\/ayuntamiento\/?s={search_term_string}"},"query-input":{"@type":"PropertyValueSpecification","valueRequired":true,"valueName":"search_term_string"}}],"inLanguage":"es"},{"@type":"Organization","@id":"https:\/\/www.caudete.org\/ayuntamiento\/#organization","name":"Ayuntamiento de Caudete","url":"https:\/\/www.caudete.org\/ayuntamiento\/","logo":{"@type":"ImageObject","inLanguage":"es","@id":"https:\/\/www.caudete.org\/ayuntamiento\/#\/schema\/logo\/image\/","url":"https:\/\/www.caudete.org\/ayuntamiento\/wp-content\/uploads\/2020\/11\/logo_ayuntamiento_caudete.jpg","contentUrl":"https:\/\/www.caudete.org\/ayuntamiento\/wp-content\/uploads\/2020\/11\/logo_ayuntamiento_caudete.jpg","width":600,"height":150,"caption":"Ayuntamiento de Caudete"},"image":{"@id":"https:\/\/www.caudete.org\/ayuntamiento\/#\/schema\/logo\/image\/"},"sameAs":["https:\/\/www.facebook.com\/ayuntamientocaudete\/","https:\/\/www.youtube.com\/channel\/UC6VztHaooNsGpw-tNoBEFnQ"]},{"@type":"Person","@id":"https:\/\/www.caudete.org\/ayuntamiento\/#\/schema\/person\/cc646da9133078ee4d8dd47457947253","name":"alcalde","image":{"@type":"ImageObject","inLanguage":"es","@id":"https:\/\/secure.gravatar.com\/avatar\/84a817ba065b29ff08d666b215a215f5c79186a645ccb25b14a663d48a130f77?s=96&d=mm&r=g","url":"https:\/\/secure.gravatar.com\/avatar\/84a817ba065b29ff08d666b215a215f5c79186a645ccb25b14a663d48a130f77?s=96&d=mm&r=g","contentUrl":"https:\/\/secure.gravatar.com\/avatar\/84a817ba065b29ff08d666b215a215f5c79186a645ccb25b14a663d48a130f77?s=96&d=mm&r=g","caption":"alcalde"},"url":"https:\/\/www.caudete.org\/ayuntamiento\/author\/alcalde\/"}]}},"_links":{"self":[{"href":"https:\/\/www.caudete.org\/ayuntamiento\/wp-json\/wp\/v2\/posts\/16971","targetHints":{"allow":["GET"]}}],"collection":[{"href":"https:\/\/www.caudete.org\/ayuntamiento\/wp-json\/wp\/v2\/posts"}],"about":[{"href":"https:\/\/www.caudete.org\/ayuntamiento\/wp-json\/wp\/v2\/types\/post"}],"author":[{"embeddable":true,"href":"https:\/\/www.caudete.org\/ayuntamiento\/wp-json\/wp\/v2\/users\/3"}],"replies":[{"embeddable":true,"href":"https:\/\/www.caudete.org\/ayuntamiento\/wp-json\/wp\/v2\/comments?post=16971"}],"version-history":[{"count":1,"href":"https:\/\/www.caudete.org\/ayuntamiento\/wp-json\/wp\/v2\/posts\/16971\/revisions"}],"predecessor-version":[{"id":16974,"href":"https:\/\/www.caudete.org\/ayuntamiento\/wp-json\/wp\/v2\/posts\/16971\/revisions\/16974"}],"wp:featuredmedia":[{"embeddable":true,"href":"https:\/\/www.caudete.org\/ayuntamiento\/wp-json\/wp\/v2\/media\/16972"}],"wp:attachment":[{"href":"https:\/\/www.caudete.org\/ayuntamiento\/wp-json\/wp\/v2\/media?parent=16971"}],"wp:term":[{"taxonomy":"category","embeddable":true,"href":"https:\/\/www.caudete.org\/ayuntamiento\/wp-json\/wp\/v2\/categories?post=16971"},{"taxonomy":"post_tag","embeddable":true,"href":"https:\/\/www.caudete.org\/ayuntamiento\/wp-json\/wp\/v2\/tags?post=16971"}],"curies":[{"name":"wp","href":"https:\/\/api.w.org\/{rel}","templated":true}]}}