{"id":17079,"date":"2021-11-22T21:00:45","date_gmt":"2021-11-22T20:00:45","guid":{"rendered":"https:\/\/www.caudete.org\/ayuntamiento\/?p=17079"},"modified":"2021-11-22T19:40:50","modified_gmt":"2021-11-22T18:40:50","slug":"ampliacion-en-11-puntos-mas-de-la-red-municipal-de-videovigilancia","status":"publish","type":"post","link":"https:\/\/www.caudete.org\/ayuntamiento\/ampliacion-en-11-puntos-mas-de-la-red-municipal-de-videovigilancia\/","title":{"rendered":"Ampliaci\u00f3n en 11 puntos m\u00e1s de la Red Municipal de Videovigilancia"},"content":{"rendered":"<p style=\"text-align: justify;\">Caudete ampl\u00eda el sistema de videovigilancia del municipio con una inversi\u00f3n importante. As\u00ed lo informaban esta ma\u00f1ana en rueda de prensa el Alcalde Mois\u00e9s L\u00f3pez acompa\u00f1ado de los Concejales de Interior y Movilidad, M\u00aa del Mar Requena y Joaqu\u00edn Pag\u00e1n.<\/p>\n<p style=\"text-align: justify;\">El proyecto contempla la instalaci\u00f3n de 11 puntos nuevos con un sistema de videovigilancia en Circuito Cerrado de Tv con grabador y software de gesti\u00f3n, que vendr\u00e1 a mejorar el existente de 16 puntos implementado desde Diciembre de 2018.<\/p>\n<p style=\"text-align: justify;\">Con un coste de 56.777&#8217;42\u20ac se ha publicado la licitaci\u00f3n, en la que el plazo de presentaci\u00f3n de las ofertas finaliza el d\u00eda 30, sobre un proyecto dise\u00f1ado por el Servicio de Inform\u00e1tica Municipal junto a la Jefatura de Polic\u00eda Local, y coordinado por las Concejal\u00edas de Interior y de Movilidad.<\/p>\n<p style=\"text-align: justify;\">Dos objetivos son los que centra el proyecto:<\/p>\n<p style=\"text-align: justify;\">\u2022 Supervisi\u00f3n de espacios p\u00fablicos municipales para la notificaci\u00f3n y registro de posibles actividades delictivas que generar\u00e1n avisos en tiempo real ante ciertos eventos (detecci\u00f3n de movimiento, cortes de corriente, etc).<\/p>\n<p style=\"text-align: justify;\">\u2022 Sistema LPR que permita la detecci\u00f3n de veh\u00edculos y la generaci\u00f3n de alertas en tiempo real ante matr\u00edculas sospechosas definidas por los\u00a0 Cuerpos de Seguridad de Caudete, o cualquier otro criterio de inter\u00e9s definido por la Jefatura de Polic\u00eda.<\/p>\n<p style=\"text-align: justify;\">El pliego establece dos lotes, en los que adem\u00e1s del suministro y montaje del sistema propio, se licitan tambi\u00e9n la infraestructura de comunicaciones (fibra \u00f3ptica).<\/p>\n<p style=\"text-align: justify;\">El Alcalde manifestaba que &#8220;<em>este sistema, implantado bajo su mandato anterior, busca dar herramientas a los diferentes Cuerpos de Seguridad para una mayor gesti\u00f3n de la seguridad ciudadana, pues ya ha permitido esclarecer hechos delictivos en diversas ocasiones<\/em>&#8220;, por lo que esta es una m\u00e1s de las acciones con las que desde el Gobierno Municipal se est\u00e1 trabajando para dotar de mayor seguridad a Caudete y a sus vecinos y que de hecho remarcaba &#8220;<em>forma parte del compromiso de Gobierno adquirido con los caudetanos en 2019<\/em>&#8220;.<\/p>\n<p style=\"text-align: justify;\">Los Concejales, por su parte destacaban el control perimetral que se va a dar al municipio, pues con esta actuaci\u00f3n todos los accesos a la poblaci\u00f3n estar\u00e1n custodiados por este sistema de vigilancia que durante 24h estar\u00e1 activo, y que a tiempo real permitir\u00e1 a agentes de los diferentes Cuerpos de Seguridad controlar el tr\u00e1nsito ante situaciones delictivas o de inseguridad, as\u00ed como aquellos puntos que por cuestiones de seguridad se ha considerado establecer este sistema de control.<\/p>\n<p style=\"text-align: justify;\">La novedad para la red municipal, ser\u00e1 el sistema de lectura de matr\u00edculas que, lejos de tener fines sancionadores (no incorpora veloc\u00edmetro), servir\u00e1 para detectar al instante el paso de veh\u00edculos sospechosos, o que hayan participado en situaciones de inseguridad.<\/p>\n<p style=\"text-align: justify;\">Desde la pasada semana, la Plataforma de Contrataci\u00f3n del Estado alberga la licitaci\u00f3n del Consistorio, la cual se puede consultar accediendo en el siguiente enlace:\u00a0<a href=\"https:\/\/contrataciondelestado.es\/wps\/poc?uri=deeplink%3Adetalle_licitacion&amp;idEvl=zJir5kGb8Vsuf4aBO%2BvQlQ%3D%3D\" target=\"_blank\" rel=\"nofollow\">https:\/\/contrataciondelestado.es\/wps\/poc?uri=deeplink%3Adetalle_licitacion&amp;idEvl=zJir5kGb8Vsuf4aBO%2BvQlQ%3D%3D<\/a><\/p>\n<p>&nbsp;<\/p>\n<p>&nbsp;<\/p>\n<p>&nbsp;<\/p>\n<p>&nbsp;<\/p>\n<p>&nbsp;<\/p>\n<p>&nbsp;<\/p>\n","protected":false},"excerpt":{"rendered":"<p>Caudete ampl\u00eda el sistema de videovigilancia del municipio con una inversi\u00f3n importante. As\u00ed lo informaban esta ma\u00f1ana en rueda de prensa el Alcalde Mois\u00e9s L\u00f3pez acompa\u00f1ado de los Concejales de Interior y Movilidad, M\u00aa del Mar Requena y Joaqu\u00edn Pag\u00e1n. El proyecto contempla la instalaci\u00f3n de 11 puntos nuevos con un sistema de videovigilancia en &hellip;<\/p>\n","protected":false},"author":3,"featured_media":17080,"comment_status":"closed","ping_status":"open","sticky":false,"template":"","format":"standard","meta":{"ngg_post_thumbnail":0,"footnotes":""},"categories":[34],"tags":[],"class_list":["post-17079","post","type-post","status-publish","format-standard","has-post-thumbnail","hentry","category-interior"],"yoast_head":"<!-- This site is optimized with the Yoast SEO plugin v27.5 - https:\/\/yoast.com\/product\/yoast-seo-wordpress\/ -->\n<title>Ampliaci\u00f3n en 11 puntos m\u00e1s de la Red Municipal de Videovigilancia - MI Ayuntamiento de Caudete<\/title>\n<meta name=\"description\" content=\"P\u00e1gina Oficial del Ayuntamiento de Caudete (Albacete)\" \/>\n<meta name=\"robots\" content=\"index, follow, max-snippet:-1, max-image-preview:large, max-video-preview:-1\" \/>\n<link rel=\"canonical\" href=\"https:\/\/www.caudete.org\/ayuntamiento\/ampliacion-en-11-puntos-mas-de-la-red-municipal-de-videovigilancia\/\" \/>\n<meta property=\"og:locale\" content=\"es_ES\" \/>\n<meta property=\"og:type\" content=\"article\" \/>\n<meta property=\"og:title\" content=\"Ampliaci\u00f3n en 11 puntos m\u00e1s de la Red Municipal de Videovigilancia - MI Ayuntamiento de Caudete\" \/>\n<meta property=\"og:description\" content=\"P\u00e1gina Oficial del Ayuntamiento de Caudete (Albacete)\" \/>\n<meta property=\"og:url\" content=\"https:\/\/www.caudete.org\/ayuntamiento\/ampliacion-en-11-puntos-mas-de-la-red-municipal-de-videovigilancia\/\" \/>\n<meta property=\"og:site_name\" content=\"MI Ayuntamiento de Caudete\" \/>\n<meta property=\"article:publisher\" content=\"https:\/\/www.facebook.com\/ayuntamientocaudete\/\" \/>\n<meta property=\"article:published_time\" content=\"2021-11-22T20:00:45+00:00\" \/>\n<meta property=\"og:image\" content=\"https:\/\/www.caudete.org\/ayuntamiento\/wp-content\/uploads\/2021\/11\/videovigilancia_conceptos2.jpg\" \/>\n\t<meta property=\"og:image:width\" content=\"1200\" \/>\n\t<meta property=\"og:image:height\" content=\"780\" \/>\n\t<meta property=\"og:image:type\" content=\"image\/jpeg\" \/>\n<meta name=\"author\" content=\"alcalde\" \/>\n<meta name=\"twitter:card\" content=\"summary_large_image\" \/>\n<meta name=\"twitter:label1\" content=\"Escrito por\" \/>\n\t<meta name=\"twitter:data1\" content=\"alcalde\" \/>\n\t<meta name=\"twitter:label2\" content=\"Tiempo de lectura\" \/>\n\t<meta name=\"twitter:data2\" content=\"3 minutos\" \/>\n<script type=\"application\/ld+json\" class=\"yoast-schema-graph\">{\"@context\":\"https:\\\/\\\/schema.org\",\"@graph\":[{\"@type\":\"Article\",\"@id\":\"https:\\\/\\\/www.caudete.org\\\/ayuntamiento\\\/ampliacion-en-11-puntos-mas-de-la-red-municipal-de-videovigilancia\\\/#article\",\"isPartOf\":{\"@id\":\"https:\\\/\\\/www.caudete.org\\\/ayuntamiento\\\/ampliacion-en-11-puntos-mas-de-la-red-municipal-de-videovigilancia\\\/\"},\"author\":{\"name\":\"alcalde\",\"@id\":\"https:\\\/\\\/www.caudete.org\\\/ayuntamiento\\\/#\\\/schema\\\/person\\\/cc646da9133078ee4d8dd47457947253\"},\"headline\":\"Ampliaci\u00f3n en 11 puntos m\u00e1s de la Red Municipal de Videovigilancia\",\"datePublished\":\"2021-11-22T20:00:45+00:00\",\"mainEntityOfPage\":{\"@id\":\"https:\\\/\\\/www.caudete.org\\\/ayuntamiento\\\/ampliacion-en-11-puntos-mas-de-la-red-municipal-de-videovigilancia\\\/\"},\"wordCount\":532,\"image\":{\"@id\":\"https:\\\/\\\/www.caudete.org\\\/ayuntamiento\\\/ampliacion-en-11-puntos-mas-de-la-red-municipal-de-videovigilancia\\\/#primaryimage\"},\"thumbnailUrl\":\"https:\\\/\\\/www.caudete.org\\\/ayuntamiento\\\/wp-content\\\/uploads\\\/2021\\\/11\\\/videovigilancia_conceptos2.jpg\",\"articleSection\":[\"Interior\"],\"inLanguage\":\"es\"},{\"@type\":\"WebPage\",\"@id\":\"https:\\\/\\\/www.caudete.org\\\/ayuntamiento\\\/ampliacion-en-11-puntos-mas-de-la-red-municipal-de-videovigilancia\\\/\",\"url\":\"https:\\\/\\\/www.caudete.org\\\/ayuntamiento\\\/ampliacion-en-11-puntos-mas-de-la-red-municipal-de-videovigilancia\\\/\",\"name\":\"Ampliaci\u00f3n en 11 puntos m\u00e1s de la Red Municipal de Videovigilancia - MI Ayuntamiento de Caudete\",\"isPartOf\":{\"@id\":\"https:\\\/\\\/www.caudete.org\\\/ayuntamiento\\\/#website\"},\"primaryImageOfPage\":{\"@id\":\"https:\\\/\\\/www.caudete.org\\\/ayuntamiento\\\/ampliacion-en-11-puntos-mas-de-la-red-municipal-de-videovigilancia\\\/#primaryimage\"},\"image\":{\"@id\":\"https:\\\/\\\/www.caudete.org\\\/ayuntamiento\\\/ampliacion-en-11-puntos-mas-de-la-red-municipal-de-videovigilancia\\\/#primaryimage\"},\"thumbnailUrl\":\"https:\\\/\\\/www.caudete.org\\\/ayuntamiento\\\/wp-content\\\/uploads\\\/2021\\\/11\\\/videovigilancia_conceptos2.jpg\",\"datePublished\":\"2021-11-22T20:00:45+00:00\",\"author\":{\"@id\":\"https:\\\/\\\/www.caudete.org\\\/ayuntamiento\\\/#\\\/schema\\\/person\\\/cc646da9133078ee4d8dd47457947253\"},\"description\":\"P\u00e1gina Oficial del Ayuntamiento de Caudete (Albacete)\",\"breadcrumb\":{\"@id\":\"https:\\\/\\\/www.caudete.org\\\/ayuntamiento\\\/ampliacion-en-11-puntos-mas-de-la-red-municipal-de-videovigilancia\\\/#breadcrumb\"},\"inLanguage\":\"es\",\"potentialAction\":[{\"@type\":\"ReadAction\",\"target\":[\"https:\\\/\\\/www.caudete.org\\\/ayuntamiento\\\/ampliacion-en-11-puntos-mas-de-la-red-municipal-de-videovigilancia\\\/\"]}]},{\"@type\":\"ImageObject\",\"inLanguage\":\"es\",\"@id\":\"https:\\\/\\\/www.caudete.org\\\/ayuntamiento\\\/ampliacion-en-11-puntos-mas-de-la-red-municipal-de-videovigilancia\\\/#primaryimage\",\"url\":\"https:\\\/\\\/www.caudete.org\\\/ayuntamiento\\\/wp-content\\\/uploads\\\/2021\\\/11\\\/videovigilancia_conceptos2.jpg\",\"contentUrl\":\"https:\\\/\\\/www.caudete.org\\\/ayuntamiento\\\/wp-content\\\/uploads\\\/2021\\\/11\\\/videovigilancia_conceptos2.jpg\",\"width\":1200,\"height\":780},{\"@type\":\"BreadcrumbList\",\"@id\":\"https:\\\/\\\/www.caudete.org\\\/ayuntamiento\\\/ampliacion-en-11-puntos-mas-de-la-red-municipal-de-videovigilancia\\\/#breadcrumb\",\"itemListElement\":[{\"@type\":\"ListItem\",\"position\":1,\"name\":\"Inicio\",\"item\":\"https:\\\/\\\/www.caudete.org\\\/ayuntamiento\\\/\"},{\"@type\":\"ListItem\",\"position\":2,\"name\":\"Ampliaci\u00f3n en 11 puntos m\u00e1s de la Red Municipal de Videovigilancia\"}]},{\"@type\":\"WebSite\",\"@id\":\"https:\\\/\\\/www.caudete.org\\\/ayuntamiento\\\/#website\",\"url\":\"https:\\\/\\\/www.caudete.org\\\/ayuntamiento\\\/\",\"name\":\"MI Ayuntamiento de Caudete\",\"description\":\"P\u00e1gina Oficial del MI Ayuntamiento de Caudete\",\"potentialAction\":[{\"@type\":\"SearchAction\",\"target\":{\"@type\":\"EntryPoint\",\"urlTemplate\":\"https:\\\/\\\/www.caudete.org\\\/ayuntamiento\\\/?s={search_term_string}\"},\"query-input\":{\"@type\":\"PropertyValueSpecification\",\"valueRequired\":true,\"valueName\":\"search_term_string\"}}],\"inLanguage\":\"es\"},{\"@type\":\"Person\",\"@id\":\"https:\\\/\\\/www.caudete.org\\\/ayuntamiento\\\/#\\\/schema\\\/person\\\/cc646da9133078ee4d8dd47457947253\",\"name\":\"alcalde\",\"image\":{\"@type\":\"ImageObject\",\"inLanguage\":\"es\",\"@id\":\"https:\\\/\\\/secure.gravatar.com\\\/avatar\\\/84a817ba065b29ff08d666b215a215f5c79186a645ccb25b14a663d48a130f77?s=96&d=mm&r=g\",\"url\":\"https:\\\/\\\/secure.gravatar.com\\\/avatar\\\/84a817ba065b29ff08d666b215a215f5c79186a645ccb25b14a663d48a130f77?s=96&d=mm&r=g\",\"contentUrl\":\"https:\\\/\\\/secure.gravatar.com\\\/avatar\\\/84a817ba065b29ff08d666b215a215f5c79186a645ccb25b14a663d48a130f77?s=96&d=mm&r=g\",\"caption\":\"alcalde\"},\"url\":\"https:\\\/\\\/www.caudete.org\\\/ayuntamiento\\\/author\\\/alcalde\\\/\"}]}<\/script>\n<!-- \/ Yoast SEO plugin. -->","yoast_head_json":{"title":"Ampliaci\u00f3n en 11 puntos m\u00e1s de la Red Municipal de Videovigilancia - MI Ayuntamiento de Caudete","description":"P\u00e1gina Oficial del Ayuntamiento de Caudete (Albacete)","robots":{"index":"index","follow":"follow","max-snippet":"max-snippet:-1","max-image-preview":"max-image-preview:large","max-video-preview":"max-video-preview:-1"},"canonical":"https:\/\/www.caudete.org\/ayuntamiento\/ampliacion-en-11-puntos-mas-de-la-red-municipal-de-videovigilancia\/","og_locale":"es_ES","og_type":"article","og_title":"Ampliaci\u00f3n en 11 puntos m\u00e1s de la Red Municipal de Videovigilancia - MI Ayuntamiento de Caudete","og_description":"P\u00e1gina Oficial del Ayuntamiento de Caudete (Albacete)","og_url":"https:\/\/www.caudete.org\/ayuntamiento\/ampliacion-en-11-puntos-mas-de-la-red-municipal-de-videovigilancia\/","og_site_name":"MI Ayuntamiento de Caudete","article_publisher":"https:\/\/www.facebook.com\/ayuntamientocaudete\/","article_published_time":"2021-11-22T20:00:45+00:00","og_image":[{"width":1200,"height":780,"url":"https:\/\/www.caudete.org\/ayuntamiento\/wp-content\/uploads\/2021\/11\/videovigilancia_conceptos2.jpg","type":"image\/jpeg"}],"author":"alcalde","twitter_card":"summary_large_image","twitter_misc":{"Escrito por":"alcalde","Tiempo de lectura":"3 minutos"},"schema":{"@context":"https:\/\/schema.org","@graph":[{"@type":"Article","@id":"https:\/\/www.caudete.org\/ayuntamiento\/ampliacion-en-11-puntos-mas-de-la-red-municipal-de-videovigilancia\/#article","isPartOf":{"@id":"https:\/\/www.caudete.org\/ayuntamiento\/ampliacion-en-11-puntos-mas-de-la-red-municipal-de-videovigilancia\/"},"author":{"name":"alcalde","@id":"https:\/\/www.caudete.org\/ayuntamiento\/#\/schema\/person\/cc646da9133078ee4d8dd47457947253"},"headline":"Ampliaci\u00f3n en 11 puntos m\u00e1s de la Red Municipal de Videovigilancia","datePublished":"2021-11-22T20:00:45+00:00","mainEntityOfPage":{"@id":"https:\/\/www.caudete.org\/ayuntamiento\/ampliacion-en-11-puntos-mas-de-la-red-municipal-de-videovigilancia\/"},"wordCount":532,"image":{"@id":"https:\/\/www.caudete.org\/ayuntamiento\/ampliacion-en-11-puntos-mas-de-la-red-municipal-de-videovigilancia\/#primaryimage"},"thumbnailUrl":"https:\/\/www.caudete.org\/ayuntamiento\/wp-content\/uploads\/2021\/11\/videovigilancia_conceptos2.jpg","articleSection":["Interior"],"inLanguage":"es"},{"@type":"WebPage","@id":"https:\/\/www.caudete.org\/ayuntamiento\/ampliacion-en-11-puntos-mas-de-la-red-municipal-de-videovigilancia\/","url":"https:\/\/www.caudete.org\/ayuntamiento\/ampliacion-en-11-puntos-mas-de-la-red-municipal-de-videovigilancia\/","name":"Ampliaci\u00f3n en 11 puntos m\u00e1s de la Red Municipal de Videovigilancia - MI Ayuntamiento de Caudete","isPartOf":{"@id":"https:\/\/www.caudete.org\/ayuntamiento\/#website"},"primaryImageOfPage":{"@id":"https:\/\/www.caudete.org\/ayuntamiento\/ampliacion-en-11-puntos-mas-de-la-red-municipal-de-videovigilancia\/#primaryimage"},"image":{"@id":"https:\/\/www.caudete.org\/ayuntamiento\/ampliacion-en-11-puntos-mas-de-la-red-municipal-de-videovigilancia\/#primaryimage"},"thumbnailUrl":"https:\/\/www.caudete.org\/ayuntamiento\/wp-content\/uploads\/2021\/11\/videovigilancia_conceptos2.jpg","datePublished":"2021-11-22T20:00:45+00:00","author":{"@id":"https:\/\/www.caudete.org\/ayuntamiento\/#\/schema\/person\/cc646da9133078ee4d8dd47457947253"},"description":"P\u00e1gina Oficial del Ayuntamiento de Caudete (Albacete)","breadcrumb":{"@id":"https:\/\/www.caudete.org\/ayuntamiento\/ampliacion-en-11-puntos-mas-de-la-red-municipal-de-videovigilancia\/#breadcrumb"},"inLanguage":"es","potentialAction":[{"@type":"ReadAction","target":["https:\/\/www.caudete.org\/ayuntamiento\/ampliacion-en-11-puntos-mas-de-la-red-municipal-de-videovigilancia\/"]}]},{"@type":"ImageObject","inLanguage":"es","@id":"https:\/\/www.caudete.org\/ayuntamiento\/ampliacion-en-11-puntos-mas-de-la-red-municipal-de-videovigilancia\/#primaryimage","url":"https:\/\/www.caudete.org\/ayuntamiento\/wp-content\/uploads\/2021\/11\/videovigilancia_conceptos2.jpg","contentUrl":"https:\/\/www.caudete.org\/ayuntamiento\/wp-content\/uploads\/2021\/11\/videovigilancia_conceptos2.jpg","width":1200,"height":780},{"@type":"BreadcrumbList","@id":"https:\/\/www.caudete.org\/ayuntamiento\/ampliacion-en-11-puntos-mas-de-la-red-municipal-de-videovigilancia\/#breadcrumb","itemListElement":[{"@type":"ListItem","position":1,"name":"Inicio","item":"https:\/\/www.caudete.org\/ayuntamiento\/"},{"@type":"ListItem","position":2,"name":"Ampliaci\u00f3n en 11 puntos m\u00e1s de la Red Municipal de Videovigilancia"}]},{"@type":"WebSite","@id":"https:\/\/www.caudete.org\/ayuntamiento\/#website","url":"https:\/\/www.caudete.org\/ayuntamiento\/","name":"MI Ayuntamiento de Caudete","description":"P\u00e1gina Oficial del MI Ayuntamiento de Caudete","potentialAction":[{"@type":"SearchAction","target":{"@type":"EntryPoint","urlTemplate":"https:\/\/www.caudete.org\/ayuntamiento\/?s={search_term_string}"},"query-input":{"@type":"PropertyValueSpecification","valueRequired":true,"valueName":"search_term_string"}}],"inLanguage":"es"},{"@type":"Person","@id":"https:\/\/www.caudete.org\/ayuntamiento\/#\/schema\/person\/cc646da9133078ee4d8dd47457947253","name":"alcalde","image":{"@type":"ImageObject","inLanguage":"es","@id":"https:\/\/secure.gravatar.com\/avatar\/84a817ba065b29ff08d666b215a215f5c79186a645ccb25b14a663d48a130f77?s=96&d=mm&r=g","url":"https:\/\/secure.gravatar.com\/avatar\/84a817ba065b29ff08d666b215a215f5c79186a645ccb25b14a663d48a130f77?s=96&d=mm&r=g","contentUrl":"https:\/\/secure.gravatar.com\/avatar\/84a817ba065b29ff08d666b215a215f5c79186a645ccb25b14a663d48a130f77?s=96&d=mm&r=g","caption":"alcalde"},"url":"https:\/\/www.caudete.org\/ayuntamiento\/author\/alcalde\/"}]}},"_links":{"self":[{"href":"https:\/\/www.caudete.org\/ayuntamiento\/wp-json\/wp\/v2\/posts\/17079","targetHints":{"allow":["GET"]}}],"collection":[{"href":"https:\/\/www.caudete.org\/ayuntamiento\/wp-json\/wp\/v2\/posts"}],"about":[{"href":"https:\/\/www.caudete.org\/ayuntamiento\/wp-json\/wp\/v2\/types\/post"}],"author":[{"embeddable":true,"href":"https:\/\/www.caudete.org\/ayuntamiento\/wp-json\/wp\/v2\/users\/3"}],"replies":[{"embeddable":true,"href":"https:\/\/www.caudete.org\/ayuntamiento\/wp-json\/wp\/v2\/comments?post=17079"}],"version-history":[{"count":1,"href":"https:\/\/www.caudete.org\/ayuntamiento\/wp-json\/wp\/v2\/posts\/17079\/revisions"}],"predecessor-version":[{"id":17081,"href":"https:\/\/www.caudete.org\/ayuntamiento\/wp-json\/wp\/v2\/posts\/17079\/revisions\/17081"}],"wp:featuredmedia":[{"embeddable":true,"href":"https:\/\/www.caudete.org\/ayuntamiento\/wp-json\/wp\/v2\/media\/17080"}],"wp:attachment":[{"href":"https:\/\/www.caudete.org\/ayuntamiento\/wp-json\/wp\/v2\/media?parent=17079"}],"wp:term":[{"taxonomy":"category","embeddable":true,"href":"https:\/\/www.caudete.org\/ayuntamiento\/wp-json\/wp\/v2\/categories?post=17079"},{"taxonomy":"post_tag","embeddable":true,"href":"https:\/\/www.caudete.org\/ayuntamiento\/wp-json\/wp\/v2\/tags?post=17079"}],"curies":[{"name":"wp","href":"https:\/\/api.w.org\/{rel}","templated":true}]}}